{"id":410849,"date":"2026-03-15T08:55:29","date_gmt":"2026-03-15T11:55:29","guid":{"rendered":"https:\/\/portaltela.pt\/noticias\/2026\/03\/15\/detido-com-arma-pronta-a-disparar-num-veiculo-na-segunda-circular\/"},"modified":"2026-03-15T08:55:29","modified_gmt":"2026-03-15T11:55:29","slug":"detido-com-arma-pronta-a-disparar-num-veiculo-na-segunda-circular","status":"publish","type":"post","link":"https:\/\/portaltela.pt\/seguranca\/2026\/03\/15\/detido-com-arma-pronta-a-disparar-num-veiculo-na-segunda-circular\/","title":{"rendered":"Detido com arma pronta a disparar num ve\u00edculo na Segunda Circular"},"content":{"rendered":"<p>Na madrugada de s\u00e1bado, pelas 04h00, a PSP deteve um homem na Segunda Circular, em Lisboa, ao volante de uma viatura com uma arma de fogo pronta a disparar. A opera\u00e7\u00e3o foi realizada pela 3.\u00aa Divis\u00e3o da PSP de Lisboa.<\/p>\n<p>Durante a revista ao ve\u00edculo e ao condutor, foi encontrada uma pistola calibre 6,35 mm, com seis muni\u00e7\u00f5es no carregador, estando a arma pronta a disparar. O suspeito foi imediatamente detido.<\/p>\n<p>O homem foi constitu\u00eddo arguido pelo crime de posse de arma ilegal. Um amigo que o acompanhava, e que seguia \u00e0 pendura, foi levado para as instala\u00e7\u00f5es da PSP por se encontrar indocumentado.<\/p>\n<p>A autoridade n\u00e3o divulgou detalhes adicionais sobre motiva\u00e7\u00f5es ou antecedentes, mantendo o caso sob investiga\u00e7\u00e3o. A PSP refor\u00e7a a vigil\u00e2ncia em zonas urbanas de maior circula\u00e7\u00e3o durante a madrugada.<\/p>\n","protected":false},"excerpt":{"rendered":"<ul>\n<li>Na madrugada de s\u00e1bado, na Segunda Circular, em Lisboa, a PSP deteve um homem na posse de uma arma de fogo pronta a disparar.<\/li>\n<li>A interven\u00e7\u00e3o ocorreu por volta das 04h00, quando os agentes da 3.\u00aa Divis\u00e3o abordaram a viatura.<\/li>\n<li>Foi alvo de revista o condutor, encontrou-se uma pistola calibre 6,35 mm com seis muni\u00e7\u00f5es no carregador.<\/li>\n<li>O homem foi preso pelo crime de posse de arma ilegal.<\/li>\n<li>Um amigo que seguia no ve\u00edculo ficou indocumentado e foi detido pelas autoridades.<\/li>\n<\/ul>\n","protected":false},"author":2,"featured_media":410860,"comment_status":"closed","ping_status":"closed","sticky":false,"template":"","format":"standard","meta":{"footnotes":""},"categories":[6781,6779],"tags":[124,147,981,3418,766],"class_list":["post-410849","post","type-post","status-publish","format-standard","has-post-thumbnail","hentry","category-policia","category-seguranca","tag-arma-de-fogo","tag-crime","tag-lisboa","tag-policia-de-seguranca-publica","tag-posse-de-arma-proibida"],"yoast_head":"<!-- This site is optimized with the Yoast SEO plugin v27.2 - https:\/\/yoast.com\/product\/yoast-seo-wordpress\/ -->\n<title>Detido com arma pronta a disparar num ve\u00edculo na Segunda Circular - Portal Tela Portugal<\/title>\n<meta name=\"robots\" content=\"index, follow, max-snippet:-1, max-image-preview:large, max-video-preview:-1\" \/>\n<meta property=\"og:locale\" content=\"pt_PT\" \/>\n<meta property=\"og:type\" content=\"article\" \/>\n<meta property=\"og:title\" content=\"Detido com arma pronta a disparar num ve\u00edculo na Segunda Circular - Portal Tela Portugal\" \/>\n<meta property=\"og:description\" content=\"Na madrugada de s\u00e1bado, na Segunda Circular, em Lisboa, a PSP deteve um homem na posse de uma arma de fogo pronta a disparar. A interven\u00e7\u00e3o ocorreu por volta das 04h00, quando os agentes da 3.\u00aa Divis\u00e3o abordaram a viatura. Foi alvo de revista o condutor, encontrou-se uma pistola calibre 6,35 mm com seis muni\u00e7\u00f5es no carregador. O homem foi preso pelo crime de posse de arma ilegal. Um amigo que seguia no ve\u00edculo ficou indocumentado e foi detido pelas autoridades.\" \/>\n<meta property=\"og:url\" content=\"https:\/\/portaltela.pt\/noticias\/2026\/03\/15\/detido-com-arma-pronta-a-disparar-num-veiculo-na-segunda-circular\/\" \/>\n<meta property=\"og:site_name\" content=\"Portal Tela Portugal\" \/>\n<meta property=\"article:published_time\" content=\"2026-03-15T11:55:29+00:00\" \/>\n<meta name=\"author\" content=\"Telinha\" \/>\n<meta name=\"twitter:card\" content=\"summary_large_image\" \/>\n<meta name=\"twitter:label1\" content=\"Escrito por\" \/>\n\t<meta name=\"twitter:data1\" content=\"Telinha\" \/>\n\t<meta name=\"twitter:label2\" content=\"Tempo estimado de leitura\" \/>\n\t<meta name=\"twitter:data2\" content=\"1 minuto\" \/>\n<script type=\"application\/ld+json\" class=\"yoast-schema-graph\">{\"@context\":\"https:\/\/schema.org\",\"@graph\":[{\"@type\":\"Article\",\"@id\":\"https:\/\/portaltela.pt\/noticias\/2026\/03\/15\/detido-com-arma-pronta-a-disparar-num-veiculo-na-segunda-circular\/#article\",\"isPartOf\":{\"@id\":\"https:\/\/portaltela.pt\/noticias\/2026\/03\/15\/detido-com-arma-pronta-a-disparar-num-veiculo-na-segunda-circular\/\"},\"author\":{\"name\":\"Telinha\",\"@id\":\"https:\/\/portaltela.pt\/#\/schema\/person\/c4278d4a6028830caff9ee44b42d32ed\"},\"headline\":\"Detido com arma pronta a disparar num ve\u00edculo na Segunda Circular\",\"datePublished\":\"2026-03-15T11:55:29+00:00\",\"mainEntityOfPage\":{\"@id\":\"https:\/\/portaltela.pt\/noticias\/2026\/03\/15\/detido-com-arma-pronta-a-disparar-num-veiculo-na-segunda-circular\/\"},\"wordCount\":155,\"image\":{\"@id\":\"https:\/\/portaltela.pt\/noticias\/2026\/03\/15\/detido-com-arma-pronta-a-disparar-num-veiculo-na-segunda-circular\/#primaryimage\"},\"thumbnailUrl\":\"https:\/\/portaltela.pt\/s.01k8rhncp4jt1\/2026\/03\/img_1500x1000uu2026-03-14-15-27-54-2272310-im-639091715092987764.jpg\",\"keywords\":[\"arma de fogo\",\"crime\",\"Lisboa\",\"Pol\u00edcia de Seguran\u00e7a P\u00fablica\",\"posse de arma proibida\"],\"articleSection\":[\"Pol\u00edcia\",\"Seguran\u00e7a\"],\"inLanguage\":\"pt-PT\"},{\"@type\":\"WebPage\",\"@id\":\"https:\/\/portaltela.pt\/noticias\/2026\/03\/15\/detido-com-arma-pronta-a-disparar-num-veiculo-na-segunda-circular\/\",\"url\":\"https:\/\/portaltela.pt\/noticias\/2026\/03\/15\/detido-com-arma-pronta-a-disparar-num-veiculo-na-segunda-circular\/\",\"name\":\"Detido com arma pronta a disparar num ve\u00edculo na Segunda Circular - Portal Tela Portugal\",\"isPartOf\":{\"@id\":\"https:\/\/portaltela.pt\/#website\"},\"primaryImageOfPage\":{\"@id\":\"https:\/\/portaltela.pt\/noticias\/2026\/03\/15\/detido-com-arma-pronta-a-disparar-num-veiculo-na-segunda-circular\/#primaryimage\"},\"image\":{\"@id\":\"https:\/\/portaltela.pt\/noticias\/2026\/03\/15\/detido-com-arma-pronta-a-disparar-num-veiculo-na-segunda-circular\/#primaryimage\"},\"thumbnailUrl\":\"https:\/\/portaltela.pt\/s.01k8rhncp4jt1\/2026\/03\/img_1500x1000uu2026-03-14-15-27-54-2272310-im-639091715092987764.jpg\",\"datePublished\":\"2026-03-15T11:55:29+00:00\",\"author\":{\"@id\":\"https:\/\/portaltela.pt\/#\/schema\/person\/c4278d4a6028830caff9ee44b42d32ed\"},\"breadcrumb\":{\"@id\":\"https:\/\/portaltela.pt\/noticias\/2026\/03\/15\/detido-com-arma-pronta-a-disparar-num-veiculo-na-segunda-circular\/#breadcrumb\"},\"inLanguage\":\"pt-PT\",\"potentialAction\":[{\"@type\":\"ReadAction\",\"target\":[\"https:\/\/portaltela.pt\/noticias\/2026\/03\/15\/detido-com-arma-pronta-a-disparar-num-veiculo-na-segunda-circular\/\"]}]},{\"@type\":\"ImageObject\",\"inLanguage\":\"pt-PT\",\"@id\":\"https:\/\/portaltela.pt\/noticias\/2026\/03\/15\/detido-com-arma-pronta-a-disparar-num-veiculo-na-segunda-circular\/#primaryimage\",\"url\":\"https:\/\/portaltela.pt\/s.01k8rhncp4jt1\/2026\/03\/img_1500x1000uu2026-03-14-15-27-54-2272310-im-639091715092987764.jpg\",\"contentUrl\":\"https:\/\/portaltela.pt\/s.01k8rhncp4jt1\/2026\/03\/img_1500x1000uu2026-03-14-15-27-54-2272310-im-639091715092987764.jpg\",\"width\":796,\"height\":448,\"caption\":\"Deten\u00e7\u00e3o foi feita por agentes da 3.\u00aa Divis\u00e3o da PSP de Lisboa\"},{\"@type\":\"BreadcrumbList\",\"@id\":\"https:\/\/portaltela.pt\/noticias\/2026\/03\/15\/detido-com-arma-pronta-a-disparar-num-veiculo-na-segunda-circular\/#breadcrumb\",\"itemListElement\":[{\"@type\":\"ListItem\",\"position\":1,\"name\":\"In\u00edcio\",\"item\":\"https:\/\/portaltela.pt\/\"},{\"@type\":\"ListItem\",\"position\":2,\"name\":\"Detido com arma pronta a disparar num ve\u00edculo na Segunda Circular\"}]},{\"@type\":\"WebSite\",\"@id\":\"https:\/\/portaltela.pt\/#website\",\"url\":\"https:\/\/portaltela.pt\/\",\"name\":\"Portal Tela Portugal\",\"description\":\"\",\"potentialAction\":[{\"@type\":\"SearchAction\",\"target\":{\"@type\":\"EntryPoint\",\"urlTemplate\":\"https:\/\/portaltela.pt\/?s={search_term_string}\"},\"query-input\":{\"@type\":\"PropertyValueSpecification\",\"valueRequired\":true,\"valueName\":\"search_term_string\"}}],\"inLanguage\":\"pt-PT\"},{\"@type\":\"Person\",\"@id\":\"https:\/\/portaltela.pt\/#\/schema\/person\/c4278d4a6028830caff9ee44b42d32ed\",\"name\":\"Telinha\",\"image\":{\"@type\":\"ImageObject\",\"inLanguage\":\"pt-PT\",\"@id\":\"https:\/\/portaltela.pt\/s.01k8rhncp4jt1\/2025\/11\/talking-bot-125x125.png\",\"url\":\"https:\/\/portaltela.pt\/s.01k8rhncp4jt1\/2025\/11\/talking-bot-125x125.png\",\"contentUrl\":\"https:\/\/portaltela.pt\/s.01k8rhncp4jt1\/2025\/11\/talking-bot-125x125.png\",\"caption\":\"Telinha\"},\"sameAs\":[\"https:\/\/portaltela.pt\/\"],\"url\":\"https:\/\/portaltela.pt\/por\/367410592786\/\"}]}<\/script>\n<!-- \/ Yoast SEO plugin. -->","yoast_head_json":{"title":"Detido com arma pronta a disparar num ve\u00edculo na Segunda Circular - Portal Tela Portugal","robots":{"index":"index","follow":"follow","max-snippet":"max-snippet:-1","max-image-preview":"max-image-preview:large","max-video-preview":"max-video-preview:-1"},"og_locale":"pt_PT","og_type":"article","og_title":"Detido com arma pronta a disparar num ve\u00edculo na Segunda Circular - Portal Tela Portugal","og_description":"Na madrugada de s\u00e1bado, na Segunda Circular, em Lisboa, a PSP deteve um homem na posse de uma arma de fogo pronta a disparar. A interven\u00e7\u00e3o ocorreu por volta das 04h00, quando os agentes da 3.\u00aa Divis\u00e3o abordaram a viatura. Foi alvo de revista o condutor, encontrou-se uma pistola calibre 6,35 mm com seis muni\u00e7\u00f5es no carregador. O homem foi preso pelo crime de posse de arma ilegal. Um amigo que seguia no ve\u00edculo ficou indocumentado e foi detido pelas autoridades.","og_url":"https:\/\/portaltela.pt\/noticias\/2026\/03\/15\/detido-com-arma-pronta-a-disparar-num-veiculo-na-segunda-circular\/","og_site_name":"Portal Tela Portugal","article_published_time":"2026-03-15T11:55:29+00:00","author":"Telinha","twitter_card":"summary_large_image","twitter_misc":{"Escrito por":"Telinha","Tempo estimado de leitura":"1 minuto"},"schema":{"@context":"https:\/\/schema.org","@graph":[{"@type":"Article","@id":"https:\/\/portaltela.pt\/noticias\/2026\/03\/15\/detido-com-arma-pronta-a-disparar-num-veiculo-na-segunda-circular\/#article","isPartOf":{"@id":"https:\/\/portaltela.pt\/noticias\/2026\/03\/15\/detido-com-arma-pronta-a-disparar-num-veiculo-na-segunda-circular\/"},"author":{"name":"Telinha","@id":"https:\/\/portaltela.pt\/#\/schema\/person\/c4278d4a6028830caff9ee44b42d32ed"},"headline":"Detido com arma pronta a disparar num ve\u00edculo na Segunda Circular","datePublished":"2026-03-15T11:55:29+00:00","mainEntityOfPage":{"@id":"https:\/\/portaltela.pt\/noticias\/2026\/03\/15\/detido-com-arma-pronta-a-disparar-num-veiculo-na-segunda-circular\/"},"wordCount":155,"image":{"@id":"https:\/\/portaltela.pt\/noticias\/2026\/03\/15\/detido-com-arma-pronta-a-disparar-num-veiculo-na-segunda-circular\/#primaryimage"},"thumbnailUrl":"https:\/\/portaltela.pt\/s.01k8rhncp4jt1\/2026\/03\/img_1500x1000uu2026-03-14-15-27-54-2272310-im-639091715092987764.jpg","keywords":["arma de fogo","crime","Lisboa","Pol\u00edcia de Seguran\u00e7a P\u00fablica","posse de arma proibida"],"articleSection":["Pol\u00edcia","Seguran\u00e7a"],"inLanguage":"pt-PT"},{"@type":"WebPage","@id":"https:\/\/portaltela.pt\/noticias\/2026\/03\/15\/detido-com-arma-pronta-a-disparar-num-veiculo-na-segunda-circular\/","url":"https:\/\/portaltela.pt\/noticias\/2026\/03\/15\/detido-com-arma-pronta-a-disparar-num-veiculo-na-segunda-circular\/","name":"Detido com arma pronta a disparar num ve\u00edculo na Segunda Circular - Portal Tela Portugal","isPartOf":{"@id":"https:\/\/portaltela.pt\/#website"},"primaryImageOfPage":{"@id":"https:\/\/portaltela.pt\/noticias\/2026\/03\/15\/detido-com-arma-pronta-a-disparar-num-veiculo-na-segunda-circular\/#primaryimage"},"image":{"@id":"https:\/\/portaltela.pt\/noticias\/2026\/03\/15\/detido-com-arma-pronta-a-disparar-num-veiculo-na-segunda-circular\/#primaryimage"},"thumbnailUrl":"https:\/\/portaltela.pt\/s.01k8rhncp4jt1\/2026\/03\/img_1500x1000uu2026-03-14-15-27-54-2272310-im-639091715092987764.jpg","datePublished":"2026-03-15T11:55:29+00:00","author":{"@id":"https:\/\/portaltela.pt\/#\/schema\/person\/c4278d4a6028830caff9ee44b42d32ed"},"breadcrumb":{"@id":"https:\/\/portaltela.pt\/noticias\/2026\/03\/15\/detido-com-arma-pronta-a-disparar-num-veiculo-na-segunda-circular\/#breadcrumb"},"inLanguage":"pt-PT","potentialAction":[{"@type":"ReadAction","target":["https:\/\/portaltela.pt\/noticias\/2026\/03\/15\/detido-com-arma-pronta-a-disparar-num-veiculo-na-segunda-circular\/"]}]},{"@type":"ImageObject","inLanguage":"pt-PT","@id":"https:\/\/portaltela.pt\/noticias\/2026\/03\/15\/detido-com-arma-pronta-a-disparar-num-veiculo-na-segunda-circular\/#primaryimage","url":"https:\/\/portaltela.pt\/s.01k8rhncp4jt1\/2026\/03\/img_1500x1000uu2026-03-14-15-27-54-2272310-im-639091715092987764.jpg","contentUrl":"https:\/\/portaltela.pt\/s.01k8rhncp4jt1\/2026\/03\/img_1500x1000uu2026-03-14-15-27-54-2272310-im-639091715092987764.jpg","width":796,"height":448,"caption":"Deten\u00e7\u00e3o foi feita por agentes da 3.\u00aa Divis\u00e3o da PSP de Lisboa"},{"@type":"BreadcrumbList","@id":"https:\/\/portaltela.pt\/noticias\/2026\/03\/15\/detido-com-arma-pronta-a-disparar-num-veiculo-na-segunda-circular\/#breadcrumb","itemListElement":[{"@type":"ListItem","position":1,"name":"In\u00edcio","item":"https:\/\/portaltela.pt\/"},{"@type":"ListItem","position":2,"name":"Detido com arma pronta a disparar num ve\u00edculo na Segunda Circular"}]},{"@type":"WebSite","@id":"https:\/\/portaltela.pt\/#website","url":"https:\/\/portaltela.pt\/","name":"Portal Tela Portugal","description":"","potentialAction":[{"@type":"SearchAction","target":{"@type":"EntryPoint","urlTemplate":"https:\/\/portaltela.pt\/?s={search_term_string}"},"query-input":{"@type":"PropertyValueSpecification","valueRequired":true,"valueName":"search_term_string"}}],"inLanguage":"pt-PT"},{"@type":"Person","@id":"https:\/\/portaltela.pt\/#\/schema\/person\/c4278d4a6028830caff9ee44b42d32ed","name":"Telinha","image":{"@type":"ImageObject","inLanguage":"pt-PT","@id":"https:\/\/portaltela.pt\/s.01k8rhncp4jt1\/2025\/11\/talking-bot-125x125.png","url":"https:\/\/portaltela.pt\/s.01k8rhncp4jt1\/2025\/11\/talking-bot-125x125.png","contentUrl":"https:\/\/portaltela.pt\/s.01k8rhncp4jt1\/2025\/11\/talking-bot-125x125.png","caption":"Telinha"},"sameAs":["https:\/\/portaltela.pt\/"],"url":"https:\/\/portaltela.pt\/por\/367410592786\/"}]}},"_links":{"self":[{"href":"https:\/\/portaltela.pt\/api\/wp\/v2\/posts\/410849","targetHints":{"allow":["GET"]}}],"collection":[{"href":"https:\/\/portaltela.pt\/api\/wp\/v2\/posts"}],"about":[{"href":"https:\/\/portaltela.pt\/api\/wp\/v2\/types\/post"}],"author":[{"embeddable":true,"href":"https:\/\/portaltela.pt\/api\/wp\/v2\/users\/2"}],"replies":[{"embeddable":true,"href":"https:\/\/portaltela.pt\/api\/wp\/v2\/comments?post=410849"}],"version-history":[{"count":0,"href":"https:\/\/portaltela.pt\/api\/wp\/v2\/posts\/410849\/revisions"}],"wp:featuredmedia":[{"embeddable":true,"href":"https:\/\/portaltela.pt\/api\/wp\/v2\/media\/410860"}],"wp:attachment":[{"href":"https:\/\/portaltela.pt\/api\/wp\/v2\/media?parent=410849"}],"wp:term":[{"taxonomy":"category","embeddable":true,"href":"https:\/\/portaltela.pt\/api\/wp\/v2\/categories?post=410849"},{"taxonomy":"post_tag","embeddable":true,"href":"https:\/\/portaltela.pt\/api\/wp\/v2\/tags?post=410849"}],"curies":[{"name":"wp","href":"https:\/\/api.w.org\/{rel}","templated":true}]}}