{"id":410846,"date":"2026-03-15T08:58:00","date_gmt":"2026-03-15T11:58:00","guid":{"rendered":"https:\/\/portaltela.pt\/noticias\/2026\/03\/15\/ps-propoe-servico-de-amas-em-espacos-comunitarios\/"},"modified":"2026-03-15T08:58:00","modified_gmt":"2026-03-15T11:58:00","slug":"ps-propoe-servico-de-amas-em-espacos-comunitarios","status":"publish","type":"post","link":"https:\/\/portaltela.pt\/noticias\/2026\/03\/15\/ps-propoe-servico-de-amas-em-espacos-comunitarios\/","title":{"rendered":"PS prop\u00f5e servi\u00e7o de amas em espa\u00e7os comunit\u00e1rios"},"content":{"rendered":"<p>O PS apresentou propostas para refor\u00e7ar a rede de amas em espa\u00e7os comunit\u00e1rios, como resposta ao d\u00e9fice de vagas na creche. A medida ser\u00e1 discutida no Parlamento no dia 19, atrav\u00e9s de cinco projetos de lei e um de resolu\u00e7\u00e3o.<\/p>\n<p>A iniciativa envolve o PS, Livre, PCP, BE e PAN, com um veto do Chega a um dos textos. O objetivo \u00e9 ampliar a rede de creches familiares para al\u00e9m das entidades j\u00e1 existentes, incluindo autarquias e juntas de freguesia.<\/p>\n<p>Miguel Cabrita, deputado socialista, explicou que persistem car\u00eancias de vagas, especialmente nas \u00e1reas metropolitanas, e que a nova val\u00eancia visa criar mais op\u00e7\u00f5es de creche familiar para responder \u00e0 procura.<\/p>\n<h3>Propostas e contexto<\/h3>\n<p>As propostas visam alargar o programa Creche Feliz, que regula a frequ\u00eancia gratuita, ao setor privado. A discuss\u00e3o tamb\u00e9m aborda a cria\u00e7\u00e3o de novas modalidades de creches, ligadas a entidades locais para aumentar a oferta.<\/p>\n<p>A iniciativa procura consolidar a rede de amas como complemento \u00e0 creche tradicional, com eventuais diretrizes para vigorar no territ\u00f3rio, sem indicar prazos espec\u00edficos de implementa\u00e7\u00e3o.<\/p>\n","protected":false},"excerpt":{"rendered":"<ul>\n<li>O programa Creche Feliz, que regula a frequ\u00eancia gratuita, foi alargado ao setor privado, mas ainda h\u00e1 falta de vagas, especialmente para ber\u00e7\u00e1rio e nas \u00e1reas metropolitanas.<\/li>\n<li>O PS prop\u00f5e refor\u00e7ar a rede de amas em espa\u00e7os comunit\u00e1rios para aumentar o n\u00famero de lugares.<\/li>\n<li>A medida ser\u00e1 debatida no dia 19 no Parlamento, atrav\u00e9s de cinco projetos de lei (PS, Livre, PCP, BE e PAN) e um de resolu\u00e7\u00e3o (Chega).<\/li>\n<li>O deputado socialista Miguel Cabrita afirmou que persiste o d\u00e9fice de vagas, principalmente nas \u00e1reas metropolitanas, e defende abrir creches familiares a novas entidades como autarquias ou juntas de freguesia.<\/li>\n<li>A ideia \u00e9 criar uma nova modalidade de creches familiares para ampliar a disponibilidade de vagas.<\/li>\n<\/ul>\n","protected":false},"author":2,"featured_media":410861,"comment_status":"closed","ping_status":"closed","sticky":false,"template":"","format":"standard","meta":{"footnotes":""},"categories":[1],"tags":[6519,163,5955,2443,64,2824],"class_list":["post-410846","post","type-post","status-publish","format-standard","has-post-thumbnail","hentry","category-noticias","tag-creche-familiar","tag-educacao","tag-educacao-infantil","tag-educacao-publica","tag-familia","tag-setor-publico"],"yoast_head":"<!-- This site is optimized with the Yoast SEO plugin v27.2 - https:\/\/yoast.com\/product\/yoast-seo-wordpress\/ -->\n<title>PS prop\u00f5e servi\u00e7o de amas em espa\u00e7os comunit\u00e1rios - Portal Tela Portugal<\/title>\n<meta name=\"robots\" content=\"index, follow, max-snippet:-1, max-image-preview:large, max-video-preview:-1\" \/>\n<meta property=\"og:locale\" content=\"pt_PT\" \/>\n<meta property=\"og:type\" content=\"article\" \/>\n<meta property=\"og:title\" content=\"PS prop\u00f5e servi\u00e7o de amas em espa\u00e7os comunit\u00e1rios - Portal Tela Portugal\" \/>\n<meta property=\"og:description\" content=\"O programa Creche Feliz, que regula a frequ\u00eancia gratuita, foi alargado ao setor privado, mas ainda h\u00e1 falta de vagas, especialmente para ber\u00e7\u00e1rio e nas \u00e1reas metropolitanas. O PS prop\u00f5e refor\u00e7ar a rede de amas em espa\u00e7os comunit\u00e1rios para aumentar o n\u00famero de lugares. A medida ser\u00e1 debatida no dia 19 no Parlamento, atrav\u00e9s de cinco projetos de lei (PS, Livre, PCP, BE e PAN) e um de resolu\u00e7\u00e3o (Chega). O deputado socialista Miguel Cabrita afirmou que persiste o d\u00e9fice de vagas, principalmente nas \u00e1reas metropolitanas, e defende abrir creches familiares a novas entidades como autarquias ou juntas de freguesia. A ideia \u00e9 criar uma nova modalidade de creches familiares para ampliar a disponibilidade de vagas.\" \/>\n<meta property=\"og:url\" content=\"https:\/\/portaltela.pt\/noticias\/2026\/03\/15\/ps-propoe-servico-de-amas-em-espacos-comunitarios\/\" \/>\n<meta property=\"og:site_name\" content=\"Portal Tela Portugal\" \/>\n<meta property=\"article:published_time\" content=\"2026-03-15T11:58:00+00:00\" \/>\n<meta name=\"author\" content=\"Telinha\" \/>\n<meta name=\"twitter:card\" content=\"summary_large_image\" \/>\n<meta name=\"twitter:label1\" content=\"Escrito por\" \/>\n\t<meta name=\"twitter:data1\" content=\"Telinha\" \/>\n\t<meta name=\"twitter:label2\" content=\"Tempo estimado de leitura\" \/>\n\t<meta name=\"twitter:data2\" content=\"1 minuto\" \/>\n<script type=\"application\/ld+json\" class=\"yoast-schema-graph\">{\"@context\":\"https:\/\/schema.org\",\"@graph\":[{\"@type\":\"Article\",\"@id\":\"https:\/\/portaltela.pt\/noticias\/2026\/03\/15\/ps-propoe-servico-de-amas-em-espacos-comunitarios\/#article\",\"isPartOf\":{\"@id\":\"https:\/\/portaltela.pt\/noticias\/2026\/03\/15\/ps-propoe-servico-de-amas-em-espacos-comunitarios\/\"},\"author\":{\"name\":\"Telinha\",\"@id\":\"https:\/\/portaltela.pt\/#\/schema\/person\/c4278d4a6028830caff9ee44b42d32ed\"},\"headline\":\"PS prop\u00f5e servi\u00e7o de amas em espa\u00e7os comunit\u00e1rios\",\"datePublished\":\"2026-03-15T11:58:00+00:00\",\"mainEntityOfPage\":{\"@id\":\"https:\/\/portaltela.pt\/noticias\/2026\/03\/15\/ps-propoe-servico-de-amas-em-espacos-comunitarios\/\"},\"wordCount\":199,\"image\":{\"@id\":\"https:\/\/portaltela.pt\/noticias\/2026\/03\/15\/ps-propoe-servico-de-amas-em-espacos-comunitarios\/#primaryimage\"},\"thumbnailUrl\":\"https:\/\/portaltela.pt\/s.01k8rhncp4jt1\/2026\/03\/image-984.jpg\",\"keywords\":[\"Creche Familiar\",\"educa\u00e7\u00e3o\",\"educa\u00e7\u00e3o infantil\",\"educa\u00e7\u00e3o p\u00fablica\",\"fam\u00edlia\",\"setor p\u00fablico\"],\"articleSection\":[\"Not\u00edcias\"],\"inLanguage\":\"pt-PT\"},{\"@type\":\"WebPage\",\"@id\":\"https:\/\/portaltela.pt\/noticias\/2026\/03\/15\/ps-propoe-servico-de-amas-em-espacos-comunitarios\/\",\"url\":\"https:\/\/portaltela.pt\/noticias\/2026\/03\/15\/ps-propoe-servico-de-amas-em-espacos-comunitarios\/\",\"name\":\"PS prop\u00f5e servi\u00e7o de amas em espa\u00e7os comunit\u00e1rios - Portal Tela Portugal\",\"isPartOf\":{\"@id\":\"https:\/\/portaltela.pt\/#website\"},\"primaryImageOfPage\":{\"@id\":\"https:\/\/portaltela.pt\/noticias\/2026\/03\/15\/ps-propoe-servico-de-amas-em-espacos-comunitarios\/#primaryimage\"},\"image\":{\"@id\":\"https:\/\/portaltela.pt\/noticias\/2026\/03\/15\/ps-propoe-servico-de-amas-em-espacos-comunitarios\/#primaryimage\"},\"thumbnailUrl\":\"https:\/\/portaltela.pt\/s.01k8rhncp4jt1\/2026\/03\/image-984.jpg\",\"datePublished\":\"2026-03-15T11:58:00+00:00\",\"author\":{\"@id\":\"https:\/\/portaltela.pt\/#\/schema\/person\/c4278d4a6028830caff9ee44b42d32ed\"},\"breadcrumb\":{\"@id\":\"https:\/\/portaltela.pt\/noticias\/2026\/03\/15\/ps-propoe-servico-de-amas-em-espacos-comunitarios\/#breadcrumb\"},\"inLanguage\":\"pt-PT\",\"potentialAction\":[{\"@type\":\"ReadAction\",\"target\":[\"https:\/\/portaltela.pt\/noticias\/2026\/03\/15\/ps-propoe-servico-de-amas-em-espacos-comunitarios\/\"]}]},{\"@type\":\"ImageObject\",\"inLanguage\":\"pt-PT\",\"@id\":\"https:\/\/portaltela.pt\/noticias\/2026\/03\/15\/ps-propoe-servico-de-amas-em-espacos-comunitarios\/#primaryimage\",\"url\":\"https:\/\/portaltela.pt\/s.01k8rhncp4jt1\/2026\/03\/image-984.jpg\",\"contentUrl\":\"https:\/\/portaltela.pt\/s.01k8rhncp4jt1\/2026\/03\/image-984.jpg\",\"width\":796,\"height\":448,\"caption\":\"Programa Creche Feliz com falta de vagas, sobretudo em ber\u00e7\u00e1rios e em \u00e1reas metropolitanas\"},{\"@type\":\"BreadcrumbList\",\"@id\":\"https:\/\/portaltela.pt\/noticias\/2026\/03\/15\/ps-propoe-servico-de-amas-em-espacos-comunitarios\/#breadcrumb\",\"itemListElement\":[{\"@type\":\"ListItem\",\"position\":1,\"name\":\"In\u00edcio\",\"item\":\"https:\/\/portaltela.pt\/\"},{\"@type\":\"ListItem\",\"position\":2,\"name\":\"PS prop\u00f5e servi\u00e7o de amas em espa\u00e7os comunit\u00e1rios\"}]},{\"@type\":\"WebSite\",\"@id\":\"https:\/\/portaltela.pt\/#website\",\"url\":\"https:\/\/portaltela.pt\/\",\"name\":\"Portal Tela Portugal\",\"description\":\"\",\"potentialAction\":[{\"@type\":\"SearchAction\",\"target\":{\"@type\":\"EntryPoint\",\"urlTemplate\":\"https:\/\/portaltela.pt\/?s={search_term_string}\"},\"query-input\":{\"@type\":\"PropertyValueSpecification\",\"valueRequired\":true,\"valueName\":\"search_term_string\"}}],\"inLanguage\":\"pt-PT\"},{\"@type\":\"Person\",\"@id\":\"https:\/\/portaltela.pt\/#\/schema\/person\/c4278d4a6028830caff9ee44b42d32ed\",\"name\":\"Telinha\",\"image\":{\"@type\":\"ImageObject\",\"inLanguage\":\"pt-PT\",\"@id\":\"https:\/\/portaltela.pt\/s.01k8rhncp4jt1\/2025\/11\/talking-bot-125x125.png\",\"url\":\"https:\/\/portaltela.pt\/s.01k8rhncp4jt1\/2025\/11\/talking-bot-125x125.png\",\"contentUrl\":\"https:\/\/portaltela.pt\/s.01k8rhncp4jt1\/2025\/11\/talking-bot-125x125.png\",\"caption\":\"Telinha\"},\"sameAs\":[\"https:\/\/portaltela.pt\/\"],\"url\":\"https:\/\/portaltela.pt\/por\/367410592786\/\"}]}<\/script>\n<!-- \/ Yoast SEO plugin. -->","yoast_head_json":{"title":"PS prop\u00f5e servi\u00e7o de amas em espa\u00e7os comunit\u00e1rios - Portal Tela Portugal","robots":{"index":"index","follow":"follow","max-snippet":"max-snippet:-1","max-image-preview":"max-image-preview:large","max-video-preview":"max-video-preview:-1"},"og_locale":"pt_PT","og_type":"article","og_title":"PS prop\u00f5e servi\u00e7o de amas em espa\u00e7os comunit\u00e1rios - Portal Tela Portugal","og_description":"O programa Creche Feliz, que regula a frequ\u00eancia gratuita, foi alargado ao setor privado, mas ainda h\u00e1 falta de vagas, especialmente para ber\u00e7\u00e1rio e nas \u00e1reas metropolitanas. O PS prop\u00f5e refor\u00e7ar a rede de amas em espa\u00e7os comunit\u00e1rios para aumentar o n\u00famero de lugares. A medida ser\u00e1 debatida no dia 19 no Parlamento, atrav\u00e9s de cinco projetos de lei (PS, Livre, PCP, BE e PAN) e um de resolu\u00e7\u00e3o (Chega). O deputado socialista Miguel Cabrita afirmou que persiste o d\u00e9fice de vagas, principalmente nas \u00e1reas metropolitanas, e defende abrir creches familiares a novas entidades como autarquias ou juntas de freguesia. A ideia \u00e9 criar uma nova modalidade de creches familiares para ampliar a disponibilidade de vagas.","og_url":"https:\/\/portaltela.pt\/noticias\/2026\/03\/15\/ps-propoe-servico-de-amas-em-espacos-comunitarios\/","og_site_name":"Portal Tela Portugal","article_published_time":"2026-03-15T11:58:00+00:00","author":"Telinha","twitter_card":"summary_large_image","twitter_misc":{"Escrito por":"Telinha","Tempo estimado de leitura":"1 minuto"},"schema":{"@context":"https:\/\/schema.org","@graph":[{"@type":"Article","@id":"https:\/\/portaltela.pt\/noticias\/2026\/03\/15\/ps-propoe-servico-de-amas-em-espacos-comunitarios\/#article","isPartOf":{"@id":"https:\/\/portaltela.pt\/noticias\/2026\/03\/15\/ps-propoe-servico-de-amas-em-espacos-comunitarios\/"},"author":{"name":"Telinha","@id":"https:\/\/portaltela.pt\/#\/schema\/person\/c4278d4a6028830caff9ee44b42d32ed"},"headline":"PS prop\u00f5e servi\u00e7o de amas em espa\u00e7os comunit\u00e1rios","datePublished":"2026-03-15T11:58:00+00:00","mainEntityOfPage":{"@id":"https:\/\/portaltela.pt\/noticias\/2026\/03\/15\/ps-propoe-servico-de-amas-em-espacos-comunitarios\/"},"wordCount":199,"image":{"@id":"https:\/\/portaltela.pt\/noticias\/2026\/03\/15\/ps-propoe-servico-de-amas-em-espacos-comunitarios\/#primaryimage"},"thumbnailUrl":"https:\/\/portaltela.pt\/s.01k8rhncp4jt1\/2026\/03\/image-984.jpg","keywords":["Creche Familiar","educa\u00e7\u00e3o","educa\u00e7\u00e3o infantil","educa\u00e7\u00e3o p\u00fablica","fam\u00edlia","setor p\u00fablico"],"articleSection":["Not\u00edcias"],"inLanguage":"pt-PT"},{"@type":"WebPage","@id":"https:\/\/portaltela.pt\/noticias\/2026\/03\/15\/ps-propoe-servico-de-amas-em-espacos-comunitarios\/","url":"https:\/\/portaltela.pt\/noticias\/2026\/03\/15\/ps-propoe-servico-de-amas-em-espacos-comunitarios\/","name":"PS prop\u00f5e servi\u00e7o de amas em espa\u00e7os comunit\u00e1rios - Portal Tela Portugal","isPartOf":{"@id":"https:\/\/portaltela.pt\/#website"},"primaryImageOfPage":{"@id":"https:\/\/portaltela.pt\/noticias\/2026\/03\/15\/ps-propoe-servico-de-amas-em-espacos-comunitarios\/#primaryimage"},"image":{"@id":"https:\/\/portaltela.pt\/noticias\/2026\/03\/15\/ps-propoe-servico-de-amas-em-espacos-comunitarios\/#primaryimage"},"thumbnailUrl":"https:\/\/portaltela.pt\/s.01k8rhncp4jt1\/2026\/03\/image-984.jpg","datePublished":"2026-03-15T11:58:00+00:00","author":{"@id":"https:\/\/portaltela.pt\/#\/schema\/person\/c4278d4a6028830caff9ee44b42d32ed"},"breadcrumb":{"@id":"https:\/\/portaltela.pt\/noticias\/2026\/03\/15\/ps-propoe-servico-de-amas-em-espacos-comunitarios\/#breadcrumb"},"inLanguage":"pt-PT","potentialAction":[{"@type":"ReadAction","target":["https:\/\/portaltela.pt\/noticias\/2026\/03\/15\/ps-propoe-servico-de-amas-em-espacos-comunitarios\/"]}]},{"@type":"ImageObject","inLanguage":"pt-PT","@id":"https:\/\/portaltela.pt\/noticias\/2026\/03\/15\/ps-propoe-servico-de-amas-em-espacos-comunitarios\/#primaryimage","url":"https:\/\/portaltela.pt\/s.01k8rhncp4jt1\/2026\/03\/image-984.jpg","contentUrl":"https:\/\/portaltela.pt\/s.01k8rhncp4jt1\/2026\/03\/image-984.jpg","width":796,"height":448,"caption":"Programa Creche Feliz com falta de vagas, sobretudo em ber\u00e7\u00e1rios e em \u00e1reas metropolitanas"},{"@type":"BreadcrumbList","@id":"https:\/\/portaltela.pt\/noticias\/2026\/03\/15\/ps-propoe-servico-de-amas-em-espacos-comunitarios\/#breadcrumb","itemListElement":[{"@type":"ListItem","position":1,"name":"In\u00edcio","item":"https:\/\/portaltela.pt\/"},{"@type":"ListItem","position":2,"name":"PS prop\u00f5e servi\u00e7o de amas em espa\u00e7os comunit\u00e1rios"}]},{"@type":"WebSite","@id":"https:\/\/portaltela.pt\/#website","url":"https:\/\/portaltela.pt\/","name":"Portal Tela Portugal","description":"","potentialAction":[{"@type":"SearchAction","target":{"@type":"EntryPoint","urlTemplate":"https:\/\/portaltela.pt\/?s={search_term_string}"},"query-input":{"@type":"PropertyValueSpecification","valueRequired":true,"valueName":"search_term_string"}}],"inLanguage":"pt-PT"},{"@type":"Person","@id":"https:\/\/portaltela.pt\/#\/schema\/person\/c4278d4a6028830caff9ee44b42d32ed","name":"Telinha","image":{"@type":"ImageObject","inLanguage":"pt-PT","@id":"https:\/\/portaltela.pt\/s.01k8rhncp4jt1\/2025\/11\/talking-bot-125x125.png","url":"https:\/\/portaltela.pt\/s.01k8rhncp4jt1\/2025\/11\/talking-bot-125x125.png","contentUrl":"https:\/\/portaltela.pt\/s.01k8rhncp4jt1\/2025\/11\/talking-bot-125x125.png","caption":"Telinha"},"sameAs":["https:\/\/portaltela.pt\/"],"url":"https:\/\/portaltela.pt\/por\/367410592786\/"}]}},"_links":{"self":[{"href":"https:\/\/portaltela.pt\/api\/wp\/v2\/posts\/410846","targetHints":{"allow":["GET"]}}],"collection":[{"href":"https:\/\/portaltela.pt\/api\/wp\/v2\/posts"}],"about":[{"href":"https:\/\/portaltela.pt\/api\/wp\/v2\/types\/post"}],"author":[{"embeddable":true,"href":"https:\/\/portaltela.pt\/api\/wp\/v2\/users\/2"}],"replies":[{"embeddable":true,"href":"https:\/\/portaltela.pt\/api\/wp\/v2\/comments?post=410846"}],"version-history":[{"count":0,"href":"https:\/\/portaltela.pt\/api\/wp\/v2\/posts\/410846\/revisions"}],"wp:featuredmedia":[{"embeddable":true,"href":"https:\/\/portaltela.pt\/api\/wp\/v2\/media\/410861"}],"wp:attachment":[{"href":"https:\/\/portaltela.pt\/api\/wp\/v2\/media?parent=410846"}],"wp:term":[{"taxonomy":"category","embeddable":true,"href":"https:\/\/portaltela.pt\/api\/wp\/v2\/categories?post=410846"},{"taxonomy":"post_tag","embeddable":true,"href":"https:\/\/portaltela.pt\/api\/wp\/v2\/tags?post=410846"}],"curies":[{"name":"wp","href":"https:\/\/api.w.org\/{rel}","templated":true}]}}