{"id":410825,"date":"2026-03-15T08:22:49","date_gmt":"2026-03-15T11:22:49","guid":{"rendered":"https:\/\/portaltela.pt\/noticias\/2026\/03\/15\/fabio-blanco-estreia-se-pela-equipa-b-do-vitoria-de-guimaraes\/"},"modified":"2026-03-15T08:22:49","modified_gmt":"2026-03-15T11:22:49","slug":"fabio-blanco-estreia-se-pela-equipa-b-do-vitoria-de-guimaraes","status":"publish","type":"post","link":"https:\/\/portaltela.pt\/desporto\/futebol\/2026\/03\/15\/fabio-blanco-estreia-se-pela-equipa-b-do-vitoria-de-guimaraes\/","title":{"rendered":"Fabio Blanco estreia-se pela equipa B do Vit\u00f3ria de Guimar\u00e3es"},"content":{"rendered":"<p>Fabio Blanco estreou-se pela equipa B do V. Guimar\u00e3es no domingo, diante do Trofense, na 6.\u00aa jornada da fase de apuramento de campe\u00e3o da Liga 3. O extremo transferiu-se do Mar\u00edtimo no ver\u00e3o e surge agora na forma\u00e7\u00e3o secund\u00e1ria para manter o ritmo competitivo.<\/p>\n<p>O jogador perdeu espa\u00e7o na equipa principal, orientada por Gil Lameiras, e passou a orientar-se pela equipa B como forma de recuperar minutos. A decis\u00e3o insere-se numa organiza\u00e7\u00e3o interna para gerir o plantel e manter o dinamismo competitivo.<\/p>\n<p>No s\u00e1bado, Blanco j\u00e1 n\u00e3o entrou no banco na derrota da equipa principal diante do Famalic\u00e3o, por 2-1, num jogo da mesma competi\u00e7\u00e3o.<\/p>\n<p>A \u00faltima presen\u00e7a de Blanco pela equipa A data de 7 de fevereiro, em Arouca, numa derrota. Ao todo, o avan\u00e7ado participou em 16 partidas pela equipa principal, marcando um golo.<\/p>\n<h3>Evolu\u00e7\u00e3o recente e perspetivas<\/h3>\n<p>A estreia pela equipa B ocorreu no domingo, frente ao Trofense, mantendo o jogador ativo e dispon\u00edvel para futuras convocat\u00f3rias. A Dire\u00e7\u00e3o T\u00e9cnica pretende que o atleta recupere o ritmo de competi\u00e7\u00e3o, sem perder de vista o caminho na equipa principal.<\/p>\n","protected":false},"excerpt":{"rendered":"<ul>\n<li>Fabio Blanco estreou-se pela equipa B do Vit\u00f3ria de Guimar\u00e3es neste domingo, diante do Trofense, na 6.\u00aa jornada da fase de apuramento de campe\u00e3o da Liga 3.<\/li>\n<li>O extremo, contratado ao Mar\u00edtimo no ver\u00e3o, perdeu espa\u00e7o na equipa principal, agora comandada por Gil Lameiras, e foi recuado \u00e0 forma\u00e7\u00e3o B para manter o ritmo competitivo.<\/li>\n<li>No s\u00e1bado, Bluanco nem sequer apareceu no banco na derrota da equipa principal frente ao Famalic\u00e3o, por 2-1.<\/li>\n<li>A \u00faltima participa\u00e7\u00e3o pela equipa A ocorreu na derrota em Arouca, a 7 de fevereiro.<\/li>\n<li>Registo do jogador na equipa principal: 16 partidas disputadas, com um golo marcado.<\/li>\n<\/ul>\n","protected":false},"author":2,"featured_media":410828,"comment_status":"closed","ping_status":"closed","sticky":false,"template":"","format":"standard","meta":{"footnotes":""},"categories":[21,24],"tags":[1290,32,1145,242,50,2229],"class_list":["post-410825","post","type-post","status-publish","format-standard","has-post-thumbnail","hentry","category-desporto","category-futebol","tag-formacao","tag-futebol","tag-guimaraes","tag-jogadores","tag-mercado-da-bola","tag-vitoria-sc"],"yoast_head":"<!-- This site is optimized with the Yoast SEO plugin v27.2 - https:\/\/yoast.com\/product\/yoast-seo-wordpress\/ -->\n<title>Fabio Blanco estreia-se pela equipa B do Vit\u00f3ria de Guimar\u00e3es - Portal Tela Portugal<\/title>\n<meta name=\"robots\" content=\"index, follow, max-snippet:-1, max-image-preview:large, max-video-preview:-1\" \/>\n<meta property=\"og:locale\" content=\"pt_PT\" \/>\n<meta property=\"og:type\" content=\"article\" \/>\n<meta property=\"og:title\" content=\"Fabio Blanco estreia-se pela equipa B do Vit\u00f3ria de Guimar\u00e3es - Portal Tela Portugal\" \/>\n<meta property=\"og:description\" content=\"Fabio Blanco estreou-se pela equipa B do Vit\u00f3ria de Guimar\u00e3es neste domingo, diante do Trofense, na 6.\u00aa jornada da fase de apuramento de campe\u00e3o da Liga 3. O extremo, contratado ao Mar\u00edtimo no ver\u00e3o, perdeu espa\u00e7o na equipa principal, agora comandada por Gil Lameiras, e foi recuado \u00e0 forma\u00e7\u00e3o B para manter o ritmo competitivo. No s\u00e1bado, Bluanco nem sequer apareceu no banco na derrota da equipa principal frente ao Famalic\u00e3o, por 2-1. A \u00faltima participa\u00e7\u00e3o pela equipa A ocorreu na derrota em Arouca, a 7 de fevereiro. Registo do jogador na equipa principal: 16 partidas disputadas, com um golo marcado.\" \/>\n<meta property=\"og:url\" content=\"https:\/\/portaltela.pt\/noticias\/2026\/03\/15\/fabio-blanco-estreia-se-pela-equipa-b-do-vitoria-de-guimaraes\/\" \/>\n<meta property=\"og:site_name\" content=\"Portal Tela Portugal\" \/>\n<meta property=\"article:published_time\" content=\"2026-03-15T11:22:49+00:00\" \/>\n<meta name=\"author\" content=\"Telinha\" \/>\n<meta name=\"twitter:card\" content=\"summary_large_image\" \/>\n<meta name=\"twitter:label1\" content=\"Escrito por\" \/>\n\t<meta name=\"twitter:data1\" content=\"Telinha\" \/>\n\t<meta name=\"twitter:label2\" content=\"Tempo estimado de leitura\" \/>\n\t<meta name=\"twitter:data2\" content=\"1 minuto\" \/>\n<script type=\"application\/ld+json\" class=\"yoast-schema-graph\">{\"@context\":\"https:\/\/schema.org\",\"@graph\":[{\"@type\":\"Article\",\"@id\":\"https:\/\/portaltela.pt\/noticias\/2026\/03\/15\/fabio-blanco-estreia-se-pela-equipa-b-do-vitoria-de-guimaraes\/#article\",\"isPartOf\":{\"@id\":\"https:\/\/portaltela.pt\/noticias\/2026\/03\/15\/fabio-blanco-estreia-se-pela-equipa-b-do-vitoria-de-guimaraes\/\"},\"author\":{\"name\":\"Telinha\",\"@id\":\"https:\/\/portaltela.pt\/#\/schema\/person\/c4278d4a6028830caff9ee44b42d32ed\"},\"headline\":\"Fabio Blanco estreia-se pela equipa B do Vit\u00f3ria de Guimar\u00e3es\",\"datePublished\":\"2026-03-15T11:22:49+00:00\",\"mainEntityOfPage\":{\"@id\":\"https:\/\/portaltela.pt\/noticias\/2026\/03\/15\/fabio-blanco-estreia-se-pela-equipa-b-do-vitoria-de-guimaraes\/\"},\"wordCount\":210,\"image\":{\"@id\":\"https:\/\/portaltela.pt\/noticias\/2026\/03\/15\/fabio-blanco-estreia-se-pela-equipa-b-do-vitoria-de-guimaraes\/#primaryimage\"},\"thumbnailUrl\":\"https:\/\/portaltela.pt\/s.01k8rhncp4jt1\/2026\/03\/img_920x518uu2026-03-15-11-22-03-2427060-im-639091705344808511.jpg\",\"keywords\":[\"forma\u00e7\u00e3o\",\"futebol\",\"Guimar\u00e3es\",\"jogadores\",\"mercado da bola\",\"Vit\u00f3ria SC\"],\"articleSection\":[\"Desporto\",\"Futebol\"],\"inLanguage\":\"pt-PT\"},{\"@type\":\"WebPage\",\"@id\":\"https:\/\/portaltela.pt\/noticias\/2026\/03\/15\/fabio-blanco-estreia-se-pela-equipa-b-do-vitoria-de-guimaraes\/\",\"url\":\"https:\/\/portaltela.pt\/noticias\/2026\/03\/15\/fabio-blanco-estreia-se-pela-equipa-b-do-vitoria-de-guimaraes\/\",\"name\":\"Fabio Blanco estreia-se pela equipa B do Vit\u00f3ria de Guimar\u00e3es - Portal Tela Portugal\",\"isPartOf\":{\"@id\":\"https:\/\/portaltela.pt\/#website\"},\"primaryImageOfPage\":{\"@id\":\"https:\/\/portaltela.pt\/noticias\/2026\/03\/15\/fabio-blanco-estreia-se-pela-equipa-b-do-vitoria-de-guimaraes\/#primaryimage\"},\"image\":{\"@id\":\"https:\/\/portaltela.pt\/noticias\/2026\/03\/15\/fabio-blanco-estreia-se-pela-equipa-b-do-vitoria-de-guimaraes\/#primaryimage\"},\"thumbnailUrl\":\"https:\/\/portaltela.pt\/s.01k8rhncp4jt1\/2026\/03\/img_920x518uu2026-03-15-11-22-03-2427060-im-639091705344808511.jpg\",\"datePublished\":\"2026-03-15T11:22:49+00:00\",\"author\":{\"@id\":\"https:\/\/portaltela.pt\/#\/schema\/person\/c4278d4a6028830caff9ee44b42d32ed\"},\"breadcrumb\":{\"@id\":\"https:\/\/portaltela.pt\/noticias\/2026\/03\/15\/fabio-blanco-estreia-se-pela-equipa-b-do-vitoria-de-guimaraes\/#breadcrumb\"},\"inLanguage\":\"pt-PT\",\"potentialAction\":[{\"@type\":\"ReadAction\",\"target\":[\"https:\/\/portaltela.pt\/noticias\/2026\/03\/15\/fabio-blanco-estreia-se-pela-equipa-b-do-vitoria-de-guimaraes\/\"]}]},{\"@type\":\"ImageObject\",\"inLanguage\":\"pt-PT\",\"@id\":\"https:\/\/portaltela.pt\/noticias\/2026\/03\/15\/fabio-blanco-estreia-se-pela-equipa-b-do-vitoria-de-guimaraes\/#primaryimage\",\"url\":\"https:\/\/portaltela.pt\/s.01k8rhncp4jt1\/2026\/03\/img_920x518uu2026-03-15-11-22-03-2427060-im-639091705344808511.jpg\",\"contentUrl\":\"https:\/\/portaltela.pt\/s.01k8rhncp4jt1\/2026\/03\/img_920x518uu2026-03-15-11-22-03-2427060-im-639091705344808511.jpg\",\"width\":796,\"height\":448,\"caption\":\"Fabio Blanco, jogador do V. Guimar\u00e3es\"},{\"@type\":\"BreadcrumbList\",\"@id\":\"https:\/\/portaltela.pt\/noticias\/2026\/03\/15\/fabio-blanco-estreia-se-pela-equipa-b-do-vitoria-de-guimaraes\/#breadcrumb\",\"itemListElement\":[{\"@type\":\"ListItem\",\"position\":1,\"name\":\"In\u00edcio\",\"item\":\"https:\/\/portaltela.pt\/\"},{\"@type\":\"ListItem\",\"position\":2,\"name\":\"Fabio Blanco estreia-se pela equipa B do Vit\u00f3ria de Guimar\u00e3es\"}]},{\"@type\":\"WebSite\",\"@id\":\"https:\/\/portaltela.pt\/#website\",\"url\":\"https:\/\/portaltela.pt\/\",\"name\":\"Portal Tela Portugal\",\"description\":\"\",\"potentialAction\":[{\"@type\":\"SearchAction\",\"target\":{\"@type\":\"EntryPoint\",\"urlTemplate\":\"https:\/\/portaltela.pt\/?s={search_term_string}\"},\"query-input\":{\"@type\":\"PropertyValueSpecification\",\"valueRequired\":true,\"valueName\":\"search_term_string\"}}],\"inLanguage\":\"pt-PT\"},{\"@type\":\"Person\",\"@id\":\"https:\/\/portaltela.pt\/#\/schema\/person\/c4278d4a6028830caff9ee44b42d32ed\",\"name\":\"Telinha\",\"image\":{\"@type\":\"ImageObject\",\"inLanguage\":\"pt-PT\",\"@id\":\"https:\/\/portaltela.pt\/s.01k8rhncp4jt1\/2025\/11\/talking-bot-125x125.png\",\"url\":\"https:\/\/portaltela.pt\/s.01k8rhncp4jt1\/2025\/11\/talking-bot-125x125.png\",\"contentUrl\":\"https:\/\/portaltela.pt\/s.01k8rhncp4jt1\/2025\/11\/talking-bot-125x125.png\",\"caption\":\"Telinha\"},\"sameAs\":[\"https:\/\/portaltela.pt\/\"],\"url\":\"https:\/\/portaltela.pt\/por\/367410592786\/\"}]}<\/script>\n<!-- \/ Yoast SEO plugin. -->","yoast_head_json":{"title":"Fabio Blanco estreia-se pela equipa B do Vit\u00f3ria de Guimar\u00e3es - Portal Tela Portugal","robots":{"index":"index","follow":"follow","max-snippet":"max-snippet:-1","max-image-preview":"max-image-preview:large","max-video-preview":"max-video-preview:-1"},"og_locale":"pt_PT","og_type":"article","og_title":"Fabio Blanco estreia-se pela equipa B do Vit\u00f3ria de Guimar\u00e3es - Portal Tela Portugal","og_description":"Fabio Blanco estreou-se pela equipa B do Vit\u00f3ria de Guimar\u00e3es neste domingo, diante do Trofense, na 6.\u00aa jornada da fase de apuramento de campe\u00e3o da Liga 3. O extremo, contratado ao Mar\u00edtimo no ver\u00e3o, perdeu espa\u00e7o na equipa principal, agora comandada por Gil Lameiras, e foi recuado \u00e0 forma\u00e7\u00e3o B para manter o ritmo competitivo. No s\u00e1bado, Bluanco nem sequer apareceu no banco na derrota da equipa principal frente ao Famalic\u00e3o, por 2-1. A \u00faltima participa\u00e7\u00e3o pela equipa A ocorreu na derrota em Arouca, a 7 de fevereiro. Registo do jogador na equipa principal: 16 partidas disputadas, com um golo marcado.","og_url":"https:\/\/portaltela.pt\/noticias\/2026\/03\/15\/fabio-blanco-estreia-se-pela-equipa-b-do-vitoria-de-guimaraes\/","og_site_name":"Portal Tela Portugal","article_published_time":"2026-03-15T11:22:49+00:00","author":"Telinha","twitter_card":"summary_large_image","twitter_misc":{"Escrito por":"Telinha","Tempo estimado de leitura":"1 minuto"},"schema":{"@context":"https:\/\/schema.org","@graph":[{"@type":"Article","@id":"https:\/\/portaltela.pt\/noticias\/2026\/03\/15\/fabio-blanco-estreia-se-pela-equipa-b-do-vitoria-de-guimaraes\/#article","isPartOf":{"@id":"https:\/\/portaltela.pt\/noticias\/2026\/03\/15\/fabio-blanco-estreia-se-pela-equipa-b-do-vitoria-de-guimaraes\/"},"author":{"name":"Telinha","@id":"https:\/\/portaltela.pt\/#\/schema\/person\/c4278d4a6028830caff9ee44b42d32ed"},"headline":"Fabio Blanco estreia-se pela equipa B do Vit\u00f3ria de Guimar\u00e3es","datePublished":"2026-03-15T11:22:49+00:00","mainEntityOfPage":{"@id":"https:\/\/portaltela.pt\/noticias\/2026\/03\/15\/fabio-blanco-estreia-se-pela-equipa-b-do-vitoria-de-guimaraes\/"},"wordCount":210,"image":{"@id":"https:\/\/portaltela.pt\/noticias\/2026\/03\/15\/fabio-blanco-estreia-se-pela-equipa-b-do-vitoria-de-guimaraes\/#primaryimage"},"thumbnailUrl":"https:\/\/portaltela.pt\/s.01k8rhncp4jt1\/2026\/03\/img_920x518uu2026-03-15-11-22-03-2427060-im-639091705344808511.jpg","keywords":["forma\u00e7\u00e3o","futebol","Guimar\u00e3es","jogadores","mercado da bola","Vit\u00f3ria SC"],"articleSection":["Desporto","Futebol"],"inLanguage":"pt-PT"},{"@type":"WebPage","@id":"https:\/\/portaltela.pt\/noticias\/2026\/03\/15\/fabio-blanco-estreia-se-pela-equipa-b-do-vitoria-de-guimaraes\/","url":"https:\/\/portaltela.pt\/noticias\/2026\/03\/15\/fabio-blanco-estreia-se-pela-equipa-b-do-vitoria-de-guimaraes\/","name":"Fabio Blanco estreia-se pela equipa B do Vit\u00f3ria de Guimar\u00e3es - Portal Tela Portugal","isPartOf":{"@id":"https:\/\/portaltela.pt\/#website"},"primaryImageOfPage":{"@id":"https:\/\/portaltela.pt\/noticias\/2026\/03\/15\/fabio-blanco-estreia-se-pela-equipa-b-do-vitoria-de-guimaraes\/#primaryimage"},"image":{"@id":"https:\/\/portaltela.pt\/noticias\/2026\/03\/15\/fabio-blanco-estreia-se-pela-equipa-b-do-vitoria-de-guimaraes\/#primaryimage"},"thumbnailUrl":"https:\/\/portaltela.pt\/s.01k8rhncp4jt1\/2026\/03\/img_920x518uu2026-03-15-11-22-03-2427060-im-639091705344808511.jpg","datePublished":"2026-03-15T11:22:49+00:00","author":{"@id":"https:\/\/portaltela.pt\/#\/schema\/person\/c4278d4a6028830caff9ee44b42d32ed"},"breadcrumb":{"@id":"https:\/\/portaltela.pt\/noticias\/2026\/03\/15\/fabio-blanco-estreia-se-pela-equipa-b-do-vitoria-de-guimaraes\/#breadcrumb"},"inLanguage":"pt-PT","potentialAction":[{"@type":"ReadAction","target":["https:\/\/portaltela.pt\/noticias\/2026\/03\/15\/fabio-blanco-estreia-se-pela-equipa-b-do-vitoria-de-guimaraes\/"]}]},{"@type":"ImageObject","inLanguage":"pt-PT","@id":"https:\/\/portaltela.pt\/noticias\/2026\/03\/15\/fabio-blanco-estreia-se-pela-equipa-b-do-vitoria-de-guimaraes\/#primaryimage","url":"https:\/\/portaltela.pt\/s.01k8rhncp4jt1\/2026\/03\/img_920x518uu2026-03-15-11-22-03-2427060-im-639091705344808511.jpg","contentUrl":"https:\/\/portaltela.pt\/s.01k8rhncp4jt1\/2026\/03\/img_920x518uu2026-03-15-11-22-03-2427060-im-639091705344808511.jpg","width":796,"height":448,"caption":"Fabio Blanco, jogador do V. Guimar\u00e3es"},{"@type":"BreadcrumbList","@id":"https:\/\/portaltela.pt\/noticias\/2026\/03\/15\/fabio-blanco-estreia-se-pela-equipa-b-do-vitoria-de-guimaraes\/#breadcrumb","itemListElement":[{"@type":"ListItem","position":1,"name":"In\u00edcio","item":"https:\/\/portaltela.pt\/"},{"@type":"ListItem","position":2,"name":"Fabio Blanco estreia-se pela equipa B do Vit\u00f3ria de Guimar\u00e3es"}]},{"@type":"WebSite","@id":"https:\/\/portaltela.pt\/#website","url":"https:\/\/portaltela.pt\/","name":"Portal Tela Portugal","description":"","potentialAction":[{"@type":"SearchAction","target":{"@type":"EntryPoint","urlTemplate":"https:\/\/portaltela.pt\/?s={search_term_string}"},"query-input":{"@type":"PropertyValueSpecification","valueRequired":true,"valueName":"search_term_string"}}],"inLanguage":"pt-PT"},{"@type":"Person","@id":"https:\/\/portaltela.pt\/#\/schema\/person\/c4278d4a6028830caff9ee44b42d32ed","name":"Telinha","image":{"@type":"ImageObject","inLanguage":"pt-PT","@id":"https:\/\/portaltela.pt\/s.01k8rhncp4jt1\/2025\/11\/talking-bot-125x125.png","url":"https:\/\/portaltela.pt\/s.01k8rhncp4jt1\/2025\/11\/talking-bot-125x125.png","contentUrl":"https:\/\/portaltela.pt\/s.01k8rhncp4jt1\/2025\/11\/talking-bot-125x125.png","caption":"Telinha"},"sameAs":["https:\/\/portaltela.pt\/"],"url":"https:\/\/portaltela.pt\/por\/367410592786\/"}]}},"_links":{"self":[{"href":"https:\/\/portaltela.pt\/api\/wp\/v2\/posts\/410825","targetHints":{"allow":["GET"]}}],"collection":[{"href":"https:\/\/portaltela.pt\/api\/wp\/v2\/posts"}],"about":[{"href":"https:\/\/portaltela.pt\/api\/wp\/v2\/types\/post"}],"author":[{"embeddable":true,"href":"https:\/\/portaltela.pt\/api\/wp\/v2\/users\/2"}],"replies":[{"embeddable":true,"href":"https:\/\/portaltela.pt\/api\/wp\/v2\/comments?post=410825"}],"version-history":[{"count":0,"href":"https:\/\/portaltela.pt\/api\/wp\/v2\/posts\/410825\/revisions"}],"wp:featuredmedia":[{"embeddable":true,"href":"https:\/\/portaltela.pt\/api\/wp\/v2\/media\/410828"}],"wp:attachment":[{"href":"https:\/\/portaltela.pt\/api\/wp\/v2\/media?parent=410825"}],"wp:term":[{"taxonomy":"category","embeddable":true,"href":"https:\/\/portaltela.pt\/api\/wp\/v2\/categories?post=410825"},{"taxonomy":"post_tag","embeddable":true,"href":"https:\/\/portaltela.pt\/api\/wp\/v2\/tags?post=410825"}],"curies":[{"name":"wp","href":"https:\/\/api.w.org\/{rel}","templated":true}]}}