{"id":410813,"date":"2026-03-15T08:23:00","date_gmt":"2026-03-15T11:23:00","guid":{"rendered":"https:\/\/portaltela.pt\/noticias\/2026\/03\/15\/arte-de-encher-coracoes-busca-unir-o-pais-por-um-fio\/"},"modified":"2026-03-15T08:23:00","modified_gmt":"2026-03-15T11:23:00","slug":"arte-de-encher-coracoes-busca-unir-o-pais-por-um-fio","status":"publish","type":"post","link":"https:\/\/portaltela.pt\/noticias\/2026\/03\/15\/arte-de-encher-coracoes-busca-unir-o-pais-por-um-fio\/","title":{"rendered":"Arte de encher cora\u00e7\u00f5es busca unir o pa\u00eds por um fio"},"content":{"rendered":"<p>A filigrana nacional voltou a ganhar destaque, com o lan\u00e7amento de uma associa\u00e7\u00e3o recente dedicada \u00e0 defesa deste artesanato. O objetivo \u00e9 consolidar a pr\u00e1tica e refor\u00e7ar a sua presen\u00e7a no territ\u00f3rio nacional, n\u00e3o apenas nos polos tradicionais.<\/p>\n<p>A iniciativa re\u00fane artes\u00e3os e especialistas da filigrana que pretendem ampliar fronteiras, indo al\u00e9m de Gondomar e da P\u00f3voa de Lanhoso. O grupo quer promover o of\u00edcio junto de comunidades, institutos e eventos culturais.<\/p>\n<p>A proposta surge num contexto em que a filigrana volta a chamar a aten\u00e7\u00e3o p\u00fablica. Em tom institucional, a associa\u00e7\u00e3o procura preservar t\u00e9cnicas, identificar modelos \u00fanicos e assegurar a transmiss\u00e3o de saber-fazer entre gera\u00e7\u00f5es.<\/p>\n<h3>Expans\u00e3o da filigrana nacional<\/h3>\n<p>A refer\u00eancia recente ao artesanato ganhou refor\u00e7o simb\u00f3lico ap\u00f3s a presen\u00e7a da mulher do presidente da Rep\u00fablica durante a tomada de posse, quando exibiu cora\u00e7\u00f5es de Viana no traje. Os artes\u00e3os associam sinais desta natureza \u00e0 identidade regional e \u00e0 qualidade dos objetos.<\/p>\n","protected":false},"excerpt":{"rendered":"<ul>\n<li>Uma associa\u00e7\u00e3o rec\u00e9m-criada pretende defender a filigrana nacional e expandir fronteiras para al\u00e9m dos polos de Gondomar e da P\u00f3voa de Lanhoso.<\/li>\n<li>A filigrana voltou a ganhar destaque internacional quando Margarida Maldonado Freitas, mulher do presidente da Rep\u00fablica, trocou os bot\u00f5es do vestido na posse pelos cora\u00e7\u00f5es de Viana.<\/li>\n<li>Os artes\u00e3os distinguem cada cora\u00e7\u00e3o de Viana pelo modelo \u00fanico, tornando as pe\u00e7as irrepet\u00edveis.<\/li>\n<li>A associa\u00e7\u00e3o ambiciona levar o of\u00edcio a novas regi\u00f5es, promovendo a filigrana fora dos polos tradicionais.<\/li>\n<li>Os cora\u00e7\u00f5es de Viana s\u00e3o uma pe\u00e7a emblem\u00e1tica do patrim\u00f3nio artesanal portugu\u00eas.<\/li>\n<\/ul>\n","protected":false},"author":2,"featured_media":410822,"comment_status":"closed","ping_status":"closed","sticky":false,"template":"","format":"standard","meta":{"footnotes":""},"categories":[1],"tags":[70,4435,222,145,1243,1014],"class_list":["post-410813","post","type-post","status-publish","format-standard","has-post-thumbnail","hentry","category-noticias","tag-arte","tag-artes","tag-artesanato","tag-cultura","tag-gondomar","tag-portugal"],"yoast_head":"<!-- This site is optimized with the Yoast SEO plugin v27.2 - https:\/\/yoast.com\/product\/yoast-seo-wordpress\/ -->\n<title>Arte de encher cora\u00e7\u00f5es busca unir o pa\u00eds por um fio - Portal Tela Portugal<\/title>\n<meta name=\"robots\" content=\"index, follow, max-snippet:-1, max-image-preview:large, max-video-preview:-1\" \/>\n<meta property=\"og:locale\" content=\"pt_PT\" \/>\n<meta property=\"og:type\" content=\"article\" \/>\n<meta property=\"og:title\" content=\"Arte de encher cora\u00e7\u00f5es busca unir o pa\u00eds por um fio - Portal Tela Portugal\" \/>\n<meta property=\"og:description\" content=\"Uma associa\u00e7\u00e3o rec\u00e9m-criada pretende defender a filigrana nacional e expandir fronteiras para al\u00e9m dos polos de Gondomar e da P\u00f3voa de Lanhoso. A filigrana voltou a ganhar destaque internacional quando Margarida Maldonado Freitas, mulher do presidente da Rep\u00fablica, trocou os bot\u00f5es do vestido na posse pelos cora\u00e7\u00f5es de Viana. Os artes\u00e3os distinguem cada cora\u00e7\u00e3o de Viana pelo modelo \u00fanico, tornando as pe\u00e7as irrepet\u00edveis. A associa\u00e7\u00e3o ambiciona levar o of\u00edcio a novas regi\u00f5es, promovendo a filigrana fora dos polos tradicionais. Os cora\u00e7\u00f5es de Viana s\u00e3o uma pe\u00e7a emblem\u00e1tica do patrim\u00f3nio artesanal portugu\u00eas.\" \/>\n<meta property=\"og:url\" content=\"https:\/\/portaltela.pt\/noticias\/2026\/03\/15\/arte-de-encher-coracoes-busca-unir-o-pais-por-um-fio\/\" \/>\n<meta property=\"og:site_name\" content=\"Portal Tela Portugal\" \/>\n<meta property=\"article:published_time\" content=\"2026-03-15T11:23:00+00:00\" \/>\n<meta name=\"author\" content=\"Telinha\" \/>\n<meta name=\"twitter:card\" content=\"summary_large_image\" \/>\n<meta name=\"twitter:label1\" content=\"Escrito por\" \/>\n\t<meta name=\"twitter:data1\" content=\"Telinha\" \/>\n\t<meta name=\"twitter:label2\" content=\"Tempo estimado de leitura\" \/>\n\t<meta name=\"twitter:data2\" content=\"1 minuto\" \/>\n<script type=\"application\/ld+json\" class=\"yoast-schema-graph\">{\"@context\":\"https:\/\/schema.org\",\"@graph\":[{\"@type\":\"Article\",\"@id\":\"https:\/\/portaltela.pt\/noticias\/2026\/03\/15\/arte-de-encher-coracoes-busca-unir-o-pais-por-um-fio\/#article\",\"isPartOf\":{\"@id\":\"https:\/\/portaltela.pt\/noticias\/2026\/03\/15\/arte-de-encher-coracoes-busca-unir-o-pais-por-um-fio\/\"},\"author\":{\"name\":\"Telinha\",\"@id\":\"https:\/\/portaltela.pt\/#\/schema\/person\/c4278d4a6028830caff9ee44b42d32ed\"},\"headline\":\"Arte de encher cora\u00e7\u00f5es busca unir o pa\u00eds por um fio\",\"datePublished\":\"2026-03-15T11:23:00+00:00\",\"mainEntityOfPage\":{\"@id\":\"https:\/\/portaltela.pt\/noticias\/2026\/03\/15\/arte-de-encher-coracoes-busca-unir-o-pais-por-um-fio\/\"},\"wordCount\":189,\"image\":{\"@id\":\"https:\/\/portaltela.pt\/noticias\/2026\/03\/15\/arte-de-encher-coracoes-busca-unir-o-pais-por-um-fio\/#primaryimage\"},\"thumbnailUrl\":\"https:\/\/portaltela.pt\/s.01k8rhncp4jt1\/2026\/03\/image-979.jpg\",\"keywords\":[\"arte\",\"artes\",\"artesanato\",\"cultura\",\"Gondomar\",\"Portugal\"],\"articleSection\":[\"Not\u00edcias\"],\"inLanguage\":\"pt-PT\"},{\"@type\":\"WebPage\",\"@id\":\"https:\/\/portaltela.pt\/noticias\/2026\/03\/15\/arte-de-encher-coracoes-busca-unir-o-pais-por-um-fio\/\",\"url\":\"https:\/\/portaltela.pt\/noticias\/2026\/03\/15\/arte-de-encher-coracoes-busca-unir-o-pais-por-um-fio\/\",\"name\":\"Arte de encher cora\u00e7\u00f5es busca unir o pa\u00eds por um fio - Portal Tela Portugal\",\"isPartOf\":{\"@id\":\"https:\/\/portaltela.pt\/#website\"},\"primaryImageOfPage\":{\"@id\":\"https:\/\/portaltela.pt\/noticias\/2026\/03\/15\/arte-de-encher-coracoes-busca-unir-o-pais-por-um-fio\/#primaryimage\"},\"image\":{\"@id\":\"https:\/\/portaltela.pt\/noticias\/2026\/03\/15\/arte-de-encher-coracoes-busca-unir-o-pais-por-um-fio\/#primaryimage\"},\"thumbnailUrl\":\"https:\/\/portaltela.pt\/s.01k8rhncp4jt1\/2026\/03\/image-979.jpg\",\"datePublished\":\"2026-03-15T11:23:00+00:00\",\"author\":{\"@id\":\"https:\/\/portaltela.pt\/#\/schema\/person\/c4278d4a6028830caff9ee44b42d32ed\"},\"breadcrumb\":{\"@id\":\"https:\/\/portaltela.pt\/noticias\/2026\/03\/15\/arte-de-encher-coracoes-busca-unir-o-pais-por-um-fio\/#breadcrumb\"},\"inLanguage\":\"pt-PT\",\"potentialAction\":[{\"@type\":\"ReadAction\",\"target\":[\"https:\/\/portaltela.pt\/noticias\/2026\/03\/15\/arte-de-encher-coracoes-busca-unir-o-pais-por-um-fio\/\"]}]},{\"@type\":\"ImageObject\",\"inLanguage\":\"pt-PT\",\"@id\":\"https:\/\/portaltela.pt\/noticias\/2026\/03\/15\/arte-de-encher-coracoes-busca-unir-o-pais-por-um-fio\/#primaryimage\",\"url\":\"https:\/\/portaltela.pt\/s.01k8rhncp4jt1\/2026\/03\/image-979.jpg\",\"contentUrl\":\"https:\/\/portaltela.pt\/s.01k8rhncp4jt1\/2026\/03\/image-979.jpg\",\"width\":796,\"height\":448,\"caption\":\"Depois do \\\"enchimento\\\", \u00e9 preciso consolidar todos os elementos\"},{\"@type\":\"BreadcrumbList\",\"@id\":\"https:\/\/portaltela.pt\/noticias\/2026\/03\/15\/arte-de-encher-coracoes-busca-unir-o-pais-por-um-fio\/#breadcrumb\",\"itemListElement\":[{\"@type\":\"ListItem\",\"position\":1,\"name\":\"In\u00edcio\",\"item\":\"https:\/\/portaltela.pt\/\"},{\"@type\":\"ListItem\",\"position\":2,\"name\":\"Arte de encher cora\u00e7\u00f5es busca unir o pa\u00eds por um fio\"}]},{\"@type\":\"WebSite\",\"@id\":\"https:\/\/portaltela.pt\/#website\",\"url\":\"https:\/\/portaltela.pt\/\",\"name\":\"Portal Tela Portugal\",\"description\":\"\",\"potentialAction\":[{\"@type\":\"SearchAction\",\"target\":{\"@type\":\"EntryPoint\",\"urlTemplate\":\"https:\/\/portaltela.pt\/?s={search_term_string}\"},\"query-input\":{\"@type\":\"PropertyValueSpecification\",\"valueRequired\":true,\"valueName\":\"search_term_string\"}}],\"inLanguage\":\"pt-PT\"},{\"@type\":\"Person\",\"@id\":\"https:\/\/portaltela.pt\/#\/schema\/person\/c4278d4a6028830caff9ee44b42d32ed\",\"name\":\"Telinha\",\"image\":{\"@type\":\"ImageObject\",\"inLanguage\":\"pt-PT\",\"@id\":\"https:\/\/portaltela.pt\/s.01k8rhncp4jt1\/2025\/11\/talking-bot-125x125.png\",\"url\":\"https:\/\/portaltela.pt\/s.01k8rhncp4jt1\/2025\/11\/talking-bot-125x125.png\",\"contentUrl\":\"https:\/\/portaltela.pt\/s.01k8rhncp4jt1\/2025\/11\/talking-bot-125x125.png\",\"caption\":\"Telinha\"},\"sameAs\":[\"https:\/\/portaltela.pt\/\"],\"url\":\"https:\/\/portaltela.pt\/por\/367410592786\/\"}]}<\/script>\n<!-- \/ Yoast SEO plugin. -->","yoast_head_json":{"title":"Arte de encher cora\u00e7\u00f5es busca unir o pa\u00eds por um fio - Portal Tela Portugal","robots":{"index":"index","follow":"follow","max-snippet":"max-snippet:-1","max-image-preview":"max-image-preview:large","max-video-preview":"max-video-preview:-1"},"og_locale":"pt_PT","og_type":"article","og_title":"Arte de encher cora\u00e7\u00f5es busca unir o pa\u00eds por um fio - Portal Tela Portugal","og_description":"Uma associa\u00e7\u00e3o rec\u00e9m-criada pretende defender a filigrana nacional e expandir fronteiras para al\u00e9m dos polos de Gondomar e da P\u00f3voa de Lanhoso. A filigrana voltou a ganhar destaque internacional quando Margarida Maldonado Freitas, mulher do presidente da Rep\u00fablica, trocou os bot\u00f5es do vestido na posse pelos cora\u00e7\u00f5es de Viana. Os artes\u00e3os distinguem cada cora\u00e7\u00e3o de Viana pelo modelo \u00fanico, tornando as pe\u00e7as irrepet\u00edveis. A associa\u00e7\u00e3o ambiciona levar o of\u00edcio a novas regi\u00f5es, promovendo a filigrana fora dos polos tradicionais. Os cora\u00e7\u00f5es de Viana s\u00e3o uma pe\u00e7a emblem\u00e1tica do patrim\u00f3nio artesanal portugu\u00eas.","og_url":"https:\/\/portaltela.pt\/noticias\/2026\/03\/15\/arte-de-encher-coracoes-busca-unir-o-pais-por-um-fio\/","og_site_name":"Portal Tela Portugal","article_published_time":"2026-03-15T11:23:00+00:00","author":"Telinha","twitter_card":"summary_large_image","twitter_misc":{"Escrito por":"Telinha","Tempo estimado de leitura":"1 minuto"},"schema":{"@context":"https:\/\/schema.org","@graph":[{"@type":"Article","@id":"https:\/\/portaltela.pt\/noticias\/2026\/03\/15\/arte-de-encher-coracoes-busca-unir-o-pais-por-um-fio\/#article","isPartOf":{"@id":"https:\/\/portaltela.pt\/noticias\/2026\/03\/15\/arte-de-encher-coracoes-busca-unir-o-pais-por-um-fio\/"},"author":{"name":"Telinha","@id":"https:\/\/portaltela.pt\/#\/schema\/person\/c4278d4a6028830caff9ee44b42d32ed"},"headline":"Arte de encher cora\u00e7\u00f5es busca unir o pa\u00eds por um fio","datePublished":"2026-03-15T11:23:00+00:00","mainEntityOfPage":{"@id":"https:\/\/portaltela.pt\/noticias\/2026\/03\/15\/arte-de-encher-coracoes-busca-unir-o-pais-por-um-fio\/"},"wordCount":189,"image":{"@id":"https:\/\/portaltela.pt\/noticias\/2026\/03\/15\/arte-de-encher-coracoes-busca-unir-o-pais-por-um-fio\/#primaryimage"},"thumbnailUrl":"https:\/\/portaltela.pt\/s.01k8rhncp4jt1\/2026\/03\/image-979.jpg","keywords":["arte","artes","artesanato","cultura","Gondomar","Portugal"],"articleSection":["Not\u00edcias"],"inLanguage":"pt-PT"},{"@type":"WebPage","@id":"https:\/\/portaltela.pt\/noticias\/2026\/03\/15\/arte-de-encher-coracoes-busca-unir-o-pais-por-um-fio\/","url":"https:\/\/portaltela.pt\/noticias\/2026\/03\/15\/arte-de-encher-coracoes-busca-unir-o-pais-por-um-fio\/","name":"Arte de encher cora\u00e7\u00f5es busca unir o pa\u00eds por um fio - Portal Tela Portugal","isPartOf":{"@id":"https:\/\/portaltela.pt\/#website"},"primaryImageOfPage":{"@id":"https:\/\/portaltela.pt\/noticias\/2026\/03\/15\/arte-de-encher-coracoes-busca-unir-o-pais-por-um-fio\/#primaryimage"},"image":{"@id":"https:\/\/portaltela.pt\/noticias\/2026\/03\/15\/arte-de-encher-coracoes-busca-unir-o-pais-por-um-fio\/#primaryimage"},"thumbnailUrl":"https:\/\/portaltela.pt\/s.01k8rhncp4jt1\/2026\/03\/image-979.jpg","datePublished":"2026-03-15T11:23:00+00:00","author":{"@id":"https:\/\/portaltela.pt\/#\/schema\/person\/c4278d4a6028830caff9ee44b42d32ed"},"breadcrumb":{"@id":"https:\/\/portaltela.pt\/noticias\/2026\/03\/15\/arte-de-encher-coracoes-busca-unir-o-pais-por-um-fio\/#breadcrumb"},"inLanguage":"pt-PT","potentialAction":[{"@type":"ReadAction","target":["https:\/\/portaltela.pt\/noticias\/2026\/03\/15\/arte-de-encher-coracoes-busca-unir-o-pais-por-um-fio\/"]}]},{"@type":"ImageObject","inLanguage":"pt-PT","@id":"https:\/\/portaltela.pt\/noticias\/2026\/03\/15\/arte-de-encher-coracoes-busca-unir-o-pais-por-um-fio\/#primaryimage","url":"https:\/\/portaltela.pt\/s.01k8rhncp4jt1\/2026\/03\/image-979.jpg","contentUrl":"https:\/\/portaltela.pt\/s.01k8rhncp4jt1\/2026\/03\/image-979.jpg","width":796,"height":448,"caption":"Depois do \"enchimento\", \u00e9 preciso consolidar todos os elementos"},{"@type":"BreadcrumbList","@id":"https:\/\/portaltela.pt\/noticias\/2026\/03\/15\/arte-de-encher-coracoes-busca-unir-o-pais-por-um-fio\/#breadcrumb","itemListElement":[{"@type":"ListItem","position":1,"name":"In\u00edcio","item":"https:\/\/portaltela.pt\/"},{"@type":"ListItem","position":2,"name":"Arte de encher cora\u00e7\u00f5es busca unir o pa\u00eds por um fio"}]},{"@type":"WebSite","@id":"https:\/\/portaltela.pt\/#website","url":"https:\/\/portaltela.pt\/","name":"Portal Tela Portugal","description":"","potentialAction":[{"@type":"SearchAction","target":{"@type":"EntryPoint","urlTemplate":"https:\/\/portaltela.pt\/?s={search_term_string}"},"query-input":{"@type":"PropertyValueSpecification","valueRequired":true,"valueName":"search_term_string"}}],"inLanguage":"pt-PT"},{"@type":"Person","@id":"https:\/\/portaltela.pt\/#\/schema\/person\/c4278d4a6028830caff9ee44b42d32ed","name":"Telinha","image":{"@type":"ImageObject","inLanguage":"pt-PT","@id":"https:\/\/portaltela.pt\/s.01k8rhncp4jt1\/2025\/11\/talking-bot-125x125.png","url":"https:\/\/portaltela.pt\/s.01k8rhncp4jt1\/2025\/11\/talking-bot-125x125.png","contentUrl":"https:\/\/portaltela.pt\/s.01k8rhncp4jt1\/2025\/11\/talking-bot-125x125.png","caption":"Telinha"},"sameAs":["https:\/\/portaltela.pt\/"],"url":"https:\/\/portaltela.pt\/por\/367410592786\/"}]}},"_links":{"self":[{"href":"https:\/\/portaltela.pt\/api\/wp\/v2\/posts\/410813","targetHints":{"allow":["GET"]}}],"collection":[{"href":"https:\/\/portaltela.pt\/api\/wp\/v2\/posts"}],"about":[{"href":"https:\/\/portaltela.pt\/api\/wp\/v2\/types\/post"}],"author":[{"embeddable":true,"href":"https:\/\/portaltela.pt\/api\/wp\/v2\/users\/2"}],"replies":[{"embeddable":true,"href":"https:\/\/portaltela.pt\/api\/wp\/v2\/comments?post=410813"}],"version-history":[{"count":0,"href":"https:\/\/portaltela.pt\/api\/wp\/v2\/posts\/410813\/revisions"}],"wp:featuredmedia":[{"embeddable":true,"href":"https:\/\/portaltela.pt\/api\/wp\/v2\/media\/410822"}],"wp:attachment":[{"href":"https:\/\/portaltela.pt\/api\/wp\/v2\/media?parent=410813"}],"wp:term":[{"taxonomy":"category","embeddable":true,"href":"https:\/\/portaltela.pt\/api\/wp\/v2\/categories?post=410813"},{"taxonomy":"post_tag","embeddable":true,"href":"https:\/\/portaltela.pt\/api\/wp\/v2\/tags?post=410813"}],"curies":[{"name":"wp","href":"https:\/\/api.w.org\/{rel}","templated":true}]}}