{"id":410796,"date":"2026-03-15T08:05:00","date_gmt":"2026-03-15T11:05:00","guid":{"rendered":"https:\/\/portaltela.pt\/noticias\/2026\/03\/15\/jorge-jesus-aplaude-joao-felix-e-fala-no-regresso-de-cristiano-ronaldo\/"},"modified":"2026-03-15T08:05:00","modified_gmt":"2026-03-15T11:05:00","slug":"jorge-jesus-aplaude-joao-felix-e-fala-no-regresso-de-cristiano-ronaldo","status":"publish","type":"post","link":"https:\/\/portaltela.pt\/desporto\/futebol\/2026\/03\/15\/jorge-jesus-aplaude-joao-felix-e-fala-no-regresso-de-cristiano-ronaldo\/","title":{"rendered":"Jorge Jesus aplaude Jo\u00e3o F\u00e9lix e fala no regresso de Cristiano Ronaldo"},"content":{"rendered":"<p>Al Nassr goleou o Al Khaleej por 5-0, consolidando a lideran\u00e7a da liga saudita com 67 pontos. Jo\u00e3o F\u00e9lix acertou o segundo triplo da equipa e ofereceu uma assist\u00eancia, encerrando 15 jogos sem marcar.<\/p>\n<p>O desempenho do jogador portugu\u00eas foi elogiado pelo treinador Jorge Jesus, que destacou os n\u00fameros hist\u00f3ricos alcan\u00e7ados pelo internacional e o forte rendimento coletivo da equipa. A vit\u00f3ria aconteceu num momento em que a pausa para sele\u00e7\u00f5es se aproxima.<\/p>\n<p>Cristiano Ronaldo e Sadio Man\u00e9 saem da partida com problemas f\u00edsicos. Ronaldo mant\u00e9m-se lesionado, enquanto Man\u00e9 sentiu fadiga muscular, o que levou a que n\u00e3o jogassem. O t\u00e9cnico aponta que ambos devem recuperar durante o intervalo para as pr\u00f3ximas jornadas.<\/p>\n<h3>Recupera\u00e7\u00e3o e pr\u00f3ximos jogos<\/h3>\n<p>A pausa internacional surge em pleno ciclo decisivo, com 8 finais pela frente para manterem a ponta da classifica\u00e7\u00e3o. Quando retornarem, a equipa espera ter Ronaldo e Man\u00e9 dispon\u00edveis para os encontros seguintes, mantendo o objetivo de manter a lideran\u00e7a.<\/p>\n","protected":false},"excerpt":{"rendered":"<ul>\n<li>O Al Nassr goleou o Al Khaleej por 5-0, com Jo\u00e3o F\u00e9lix a marcar um bis e a entregar uma assist\u00eancia.<\/li>\n<li>A vit\u00f3ria consolidou a lideran\u00e7a da liga saudita, com o clube a somar 67 pontos.<\/li>\n<li>Jorge Jesus elogiou F\u00e9lix, referindo n\u00fameros hist\u00f3ricos e o forte trabalho em equipa.<\/li>\n<li>O treinador destacou a pausa para as sele\u00e7\u00f5es entre 23 de mar\u00e7o e 3 de abril, lamentando o stoppage numa boa fase.<\/li>\n<li>Cristiano Ronaldo ficou lesionado e Sadio Man\u00e9 com fadiga muscular, podendo recuperar ap\u00f3s a pausa.<\/li>\n<\/ul>\n","protected":false},"author":2,"featured_media":410798,"comment_status":"closed","ping_status":"closed","sticky":false,"template":"","format":"standard","meta":{"footnotes":""},"categories":[21,24],"tags":[1016,1947,32,3338,2188,6381],"class_list":["post-410796","post","type-post","status-publish","format-standard","has-post-thumbnail","hentry","category-desporto","category-futebol","tag-arabia-saudita","tag-cristiano-ronaldo","tag-futebol","tag-futebol-internacional","tag-joao-felix","tag-sadio-mane"],"yoast_head":"<!-- This site is optimized with the Yoast SEO plugin v27.2 - https:\/\/yoast.com\/product\/yoast-seo-wordpress\/ -->\n<title>Jorge Jesus aplaude Jo\u00e3o F\u00e9lix e fala no regresso de Cristiano Ronaldo - Portal Tela Portugal<\/title>\n<meta name=\"robots\" content=\"index, follow, max-snippet:-1, max-image-preview:large, max-video-preview:-1\" \/>\n<meta property=\"og:locale\" content=\"pt_PT\" \/>\n<meta property=\"og:type\" content=\"article\" \/>\n<meta property=\"og:title\" content=\"Jorge Jesus aplaude Jo\u00e3o F\u00e9lix e fala no regresso de Cristiano Ronaldo - Portal Tela Portugal\" \/>\n<meta property=\"og:description\" content=\"O Al Nassr goleou o Al Khaleej por 5-0, com Jo\u00e3o F\u00e9lix a marcar um bis e a entregar uma assist\u00eancia. A vit\u00f3ria consolidou a lideran\u00e7a da liga saudita, com o clube a somar 67 pontos. Jorge Jesus elogiou F\u00e9lix, referindo n\u00fameros hist\u00f3ricos e o forte trabalho em equipa. O treinador destacou a pausa para as sele\u00e7\u00f5es entre 23 de mar\u00e7o e 3 de abril, lamentando o stoppage numa boa fase. Cristiano Ronaldo ficou lesionado e Sadio Man\u00e9 com fadiga muscular, podendo recuperar ap\u00f3s a pausa.\" \/>\n<meta property=\"og:url\" content=\"https:\/\/portaltela.pt\/noticias\/2026\/03\/15\/jorge-jesus-aplaude-joao-felix-e-fala-no-regresso-de-cristiano-ronaldo\/\" \/>\n<meta property=\"og:site_name\" content=\"Portal Tela Portugal\" \/>\n<meta property=\"article:published_time\" content=\"2026-03-15T11:05:00+00:00\" \/>\n<meta name=\"author\" content=\"Telinha\" \/>\n<meta name=\"twitter:card\" content=\"summary_large_image\" \/>\n<meta name=\"twitter:label1\" content=\"Escrito por\" \/>\n\t<meta name=\"twitter:data1\" content=\"Telinha\" \/>\n\t<meta name=\"twitter:label2\" content=\"Tempo estimado de leitura\" \/>\n\t<meta name=\"twitter:data2\" content=\"1 minuto\" \/>\n<script type=\"application\/ld+json\" class=\"yoast-schema-graph\">{\"@context\":\"https:\/\/schema.org\",\"@graph\":[{\"@type\":\"Article\",\"@id\":\"https:\/\/portaltela.pt\/noticias\/2026\/03\/15\/jorge-jesus-aplaude-joao-felix-e-fala-no-regresso-de-cristiano-ronaldo\/#article\",\"isPartOf\":{\"@id\":\"https:\/\/portaltela.pt\/noticias\/2026\/03\/15\/jorge-jesus-aplaude-joao-felix-e-fala-no-regresso-de-cristiano-ronaldo\/\"},\"author\":{\"name\":\"Telinha\",\"@id\":\"https:\/\/portaltela.pt\/#\/schema\/person\/c4278d4a6028830caff9ee44b42d32ed\"},\"headline\":\"Jorge Jesus aplaude Jo\u00e3o F\u00e9lix e fala no regresso de Cristiano Ronaldo\",\"datePublished\":\"2026-03-15T11:05:00+00:00\",\"mainEntityOfPage\":{\"@id\":\"https:\/\/portaltela.pt\/noticias\/2026\/03\/15\/jorge-jesus-aplaude-joao-felix-e-fala-no-regresso-de-cristiano-ronaldo\/\"},\"wordCount\":188,\"image\":{\"@id\":\"https:\/\/portaltela.pt\/noticias\/2026\/03\/15\/jorge-jesus-aplaude-joao-felix-e-fala-no-regresso-de-cristiano-ronaldo\/#primaryimage\"},\"thumbnailUrl\":\"https:\/\/portaltela.pt\/s.01k8rhncp4jt1\/2026\/03\/img_920x518uu2026-02-24-19-55-03-2423496.jpg\",\"keywords\":[\"Ar\u00e1bia Saudita\",\"Cristiano Ronaldo\",\"futebol\",\"futebol internacional\",\"Jo\u00e3o F\u00e9lix\",\"Sadio Man\u00e9\"],\"articleSection\":[\"Desporto\",\"Futebol\"],\"inLanguage\":\"pt-PT\"},{\"@type\":\"WebPage\",\"@id\":\"https:\/\/portaltela.pt\/noticias\/2026\/03\/15\/jorge-jesus-aplaude-joao-felix-e-fala-no-regresso-de-cristiano-ronaldo\/\",\"url\":\"https:\/\/portaltela.pt\/noticias\/2026\/03\/15\/jorge-jesus-aplaude-joao-felix-e-fala-no-regresso-de-cristiano-ronaldo\/\",\"name\":\"Jorge Jesus aplaude Jo\u00e3o F\u00e9lix e fala no regresso de Cristiano Ronaldo - Portal Tela Portugal\",\"isPartOf\":{\"@id\":\"https:\/\/portaltela.pt\/#website\"},\"primaryImageOfPage\":{\"@id\":\"https:\/\/portaltela.pt\/noticias\/2026\/03\/15\/jorge-jesus-aplaude-joao-felix-e-fala-no-regresso-de-cristiano-ronaldo\/#primaryimage\"},\"image\":{\"@id\":\"https:\/\/portaltela.pt\/noticias\/2026\/03\/15\/jorge-jesus-aplaude-joao-felix-e-fala-no-regresso-de-cristiano-ronaldo\/#primaryimage\"},\"thumbnailUrl\":\"https:\/\/portaltela.pt\/s.01k8rhncp4jt1\/2026\/03\/img_920x518uu2026-02-24-19-55-03-2423496.jpg\",\"datePublished\":\"2026-03-15T11:05:00+00:00\",\"author\":{\"@id\":\"https:\/\/portaltela.pt\/#\/schema\/person\/c4278d4a6028830caff9ee44b42d32ed\"},\"breadcrumb\":{\"@id\":\"https:\/\/portaltela.pt\/noticias\/2026\/03\/15\/jorge-jesus-aplaude-joao-felix-e-fala-no-regresso-de-cristiano-ronaldo\/#breadcrumb\"},\"inLanguage\":\"pt-PT\",\"potentialAction\":[{\"@type\":\"ReadAction\",\"target\":[\"https:\/\/portaltela.pt\/noticias\/2026\/03\/15\/jorge-jesus-aplaude-joao-felix-e-fala-no-regresso-de-cristiano-ronaldo\/\"]}]},{\"@type\":\"ImageObject\",\"inLanguage\":\"pt-PT\",\"@id\":\"https:\/\/portaltela.pt\/noticias\/2026\/03\/15\/jorge-jesus-aplaude-joao-felix-e-fala-no-regresso-de-cristiano-ronaldo\/#primaryimage\",\"url\":\"https:\/\/portaltela.pt\/s.01k8rhncp4jt1\/2026\/03\/img_920x518uu2026-02-24-19-55-03-2423496.jpg\",\"contentUrl\":\"https:\/\/portaltela.pt\/s.01k8rhncp4jt1\/2026\/03\/img_920x518uu2026-02-24-19-55-03-2423496.jpg\",\"width\":796,\"height\":448,\"caption\":\"Jorge Jesus\"},{\"@type\":\"BreadcrumbList\",\"@id\":\"https:\/\/portaltela.pt\/noticias\/2026\/03\/15\/jorge-jesus-aplaude-joao-felix-e-fala-no-regresso-de-cristiano-ronaldo\/#breadcrumb\",\"itemListElement\":[{\"@type\":\"ListItem\",\"position\":1,\"name\":\"In\u00edcio\",\"item\":\"https:\/\/portaltela.pt\/\"},{\"@type\":\"ListItem\",\"position\":2,\"name\":\"Jorge Jesus aplaude Jo\u00e3o F\u00e9lix e fala no regresso de Cristiano Ronaldo\"}]},{\"@type\":\"WebSite\",\"@id\":\"https:\/\/portaltela.pt\/#website\",\"url\":\"https:\/\/portaltela.pt\/\",\"name\":\"Portal Tela Portugal\",\"description\":\"\",\"potentialAction\":[{\"@type\":\"SearchAction\",\"target\":{\"@type\":\"EntryPoint\",\"urlTemplate\":\"https:\/\/portaltela.pt\/?s={search_term_string}\"},\"query-input\":{\"@type\":\"PropertyValueSpecification\",\"valueRequired\":true,\"valueName\":\"search_term_string\"}}],\"inLanguage\":\"pt-PT\"},{\"@type\":\"Person\",\"@id\":\"https:\/\/portaltela.pt\/#\/schema\/person\/c4278d4a6028830caff9ee44b42d32ed\",\"name\":\"Telinha\",\"image\":{\"@type\":\"ImageObject\",\"inLanguage\":\"pt-PT\",\"@id\":\"https:\/\/portaltela.pt\/s.01k8rhncp4jt1\/2025\/11\/talking-bot-125x125.png\",\"url\":\"https:\/\/portaltela.pt\/s.01k8rhncp4jt1\/2025\/11\/talking-bot-125x125.png\",\"contentUrl\":\"https:\/\/portaltela.pt\/s.01k8rhncp4jt1\/2025\/11\/talking-bot-125x125.png\",\"caption\":\"Telinha\"},\"sameAs\":[\"https:\/\/portaltela.pt\/\"],\"url\":\"https:\/\/portaltela.pt\/por\/367410592786\/\"}]}<\/script>\n<!-- \/ Yoast SEO plugin. -->","yoast_head_json":{"title":"Jorge Jesus aplaude Jo\u00e3o F\u00e9lix e fala no regresso de Cristiano Ronaldo - Portal Tela Portugal","robots":{"index":"index","follow":"follow","max-snippet":"max-snippet:-1","max-image-preview":"max-image-preview:large","max-video-preview":"max-video-preview:-1"},"og_locale":"pt_PT","og_type":"article","og_title":"Jorge Jesus aplaude Jo\u00e3o F\u00e9lix e fala no regresso de Cristiano Ronaldo - Portal Tela Portugal","og_description":"O Al Nassr goleou o Al Khaleej por 5-0, com Jo\u00e3o F\u00e9lix a marcar um bis e a entregar uma assist\u00eancia. A vit\u00f3ria consolidou a lideran\u00e7a da liga saudita, com o clube a somar 67 pontos. Jorge Jesus elogiou F\u00e9lix, referindo n\u00fameros hist\u00f3ricos e o forte trabalho em equipa. O treinador destacou a pausa para as sele\u00e7\u00f5es entre 23 de mar\u00e7o e 3 de abril, lamentando o stoppage numa boa fase. Cristiano Ronaldo ficou lesionado e Sadio Man\u00e9 com fadiga muscular, podendo recuperar ap\u00f3s a pausa.","og_url":"https:\/\/portaltela.pt\/noticias\/2026\/03\/15\/jorge-jesus-aplaude-joao-felix-e-fala-no-regresso-de-cristiano-ronaldo\/","og_site_name":"Portal Tela Portugal","article_published_time":"2026-03-15T11:05:00+00:00","author":"Telinha","twitter_card":"summary_large_image","twitter_misc":{"Escrito por":"Telinha","Tempo estimado de leitura":"1 minuto"},"schema":{"@context":"https:\/\/schema.org","@graph":[{"@type":"Article","@id":"https:\/\/portaltela.pt\/noticias\/2026\/03\/15\/jorge-jesus-aplaude-joao-felix-e-fala-no-regresso-de-cristiano-ronaldo\/#article","isPartOf":{"@id":"https:\/\/portaltela.pt\/noticias\/2026\/03\/15\/jorge-jesus-aplaude-joao-felix-e-fala-no-regresso-de-cristiano-ronaldo\/"},"author":{"name":"Telinha","@id":"https:\/\/portaltela.pt\/#\/schema\/person\/c4278d4a6028830caff9ee44b42d32ed"},"headline":"Jorge Jesus aplaude Jo\u00e3o F\u00e9lix e fala no regresso de Cristiano Ronaldo","datePublished":"2026-03-15T11:05:00+00:00","mainEntityOfPage":{"@id":"https:\/\/portaltela.pt\/noticias\/2026\/03\/15\/jorge-jesus-aplaude-joao-felix-e-fala-no-regresso-de-cristiano-ronaldo\/"},"wordCount":188,"image":{"@id":"https:\/\/portaltela.pt\/noticias\/2026\/03\/15\/jorge-jesus-aplaude-joao-felix-e-fala-no-regresso-de-cristiano-ronaldo\/#primaryimage"},"thumbnailUrl":"https:\/\/portaltela.pt\/s.01k8rhncp4jt1\/2026\/03\/img_920x518uu2026-02-24-19-55-03-2423496.jpg","keywords":["Ar\u00e1bia Saudita","Cristiano Ronaldo","futebol","futebol internacional","Jo\u00e3o F\u00e9lix","Sadio Man\u00e9"],"articleSection":["Desporto","Futebol"],"inLanguage":"pt-PT"},{"@type":"WebPage","@id":"https:\/\/portaltela.pt\/noticias\/2026\/03\/15\/jorge-jesus-aplaude-joao-felix-e-fala-no-regresso-de-cristiano-ronaldo\/","url":"https:\/\/portaltela.pt\/noticias\/2026\/03\/15\/jorge-jesus-aplaude-joao-felix-e-fala-no-regresso-de-cristiano-ronaldo\/","name":"Jorge Jesus aplaude Jo\u00e3o F\u00e9lix e fala no regresso de Cristiano Ronaldo - Portal Tela Portugal","isPartOf":{"@id":"https:\/\/portaltela.pt\/#website"},"primaryImageOfPage":{"@id":"https:\/\/portaltela.pt\/noticias\/2026\/03\/15\/jorge-jesus-aplaude-joao-felix-e-fala-no-regresso-de-cristiano-ronaldo\/#primaryimage"},"image":{"@id":"https:\/\/portaltela.pt\/noticias\/2026\/03\/15\/jorge-jesus-aplaude-joao-felix-e-fala-no-regresso-de-cristiano-ronaldo\/#primaryimage"},"thumbnailUrl":"https:\/\/portaltela.pt\/s.01k8rhncp4jt1\/2026\/03\/img_920x518uu2026-02-24-19-55-03-2423496.jpg","datePublished":"2026-03-15T11:05:00+00:00","author":{"@id":"https:\/\/portaltela.pt\/#\/schema\/person\/c4278d4a6028830caff9ee44b42d32ed"},"breadcrumb":{"@id":"https:\/\/portaltela.pt\/noticias\/2026\/03\/15\/jorge-jesus-aplaude-joao-felix-e-fala-no-regresso-de-cristiano-ronaldo\/#breadcrumb"},"inLanguage":"pt-PT","potentialAction":[{"@type":"ReadAction","target":["https:\/\/portaltela.pt\/noticias\/2026\/03\/15\/jorge-jesus-aplaude-joao-felix-e-fala-no-regresso-de-cristiano-ronaldo\/"]}]},{"@type":"ImageObject","inLanguage":"pt-PT","@id":"https:\/\/portaltela.pt\/noticias\/2026\/03\/15\/jorge-jesus-aplaude-joao-felix-e-fala-no-regresso-de-cristiano-ronaldo\/#primaryimage","url":"https:\/\/portaltela.pt\/s.01k8rhncp4jt1\/2026\/03\/img_920x518uu2026-02-24-19-55-03-2423496.jpg","contentUrl":"https:\/\/portaltela.pt\/s.01k8rhncp4jt1\/2026\/03\/img_920x518uu2026-02-24-19-55-03-2423496.jpg","width":796,"height":448,"caption":"Jorge Jesus"},{"@type":"BreadcrumbList","@id":"https:\/\/portaltela.pt\/noticias\/2026\/03\/15\/jorge-jesus-aplaude-joao-felix-e-fala-no-regresso-de-cristiano-ronaldo\/#breadcrumb","itemListElement":[{"@type":"ListItem","position":1,"name":"In\u00edcio","item":"https:\/\/portaltela.pt\/"},{"@type":"ListItem","position":2,"name":"Jorge Jesus aplaude Jo\u00e3o F\u00e9lix e fala no regresso de Cristiano Ronaldo"}]},{"@type":"WebSite","@id":"https:\/\/portaltela.pt\/#website","url":"https:\/\/portaltela.pt\/","name":"Portal Tela Portugal","description":"","potentialAction":[{"@type":"SearchAction","target":{"@type":"EntryPoint","urlTemplate":"https:\/\/portaltela.pt\/?s={search_term_string}"},"query-input":{"@type":"PropertyValueSpecification","valueRequired":true,"valueName":"search_term_string"}}],"inLanguage":"pt-PT"},{"@type":"Person","@id":"https:\/\/portaltela.pt\/#\/schema\/person\/c4278d4a6028830caff9ee44b42d32ed","name":"Telinha","image":{"@type":"ImageObject","inLanguage":"pt-PT","@id":"https:\/\/portaltela.pt\/s.01k8rhncp4jt1\/2025\/11\/talking-bot-125x125.png","url":"https:\/\/portaltela.pt\/s.01k8rhncp4jt1\/2025\/11\/talking-bot-125x125.png","contentUrl":"https:\/\/portaltela.pt\/s.01k8rhncp4jt1\/2025\/11\/talking-bot-125x125.png","caption":"Telinha"},"sameAs":["https:\/\/portaltela.pt\/"],"url":"https:\/\/portaltela.pt\/por\/367410592786\/"}]}},"_links":{"self":[{"href":"https:\/\/portaltela.pt\/api\/wp\/v2\/posts\/410796","targetHints":{"allow":["GET"]}}],"collection":[{"href":"https:\/\/portaltela.pt\/api\/wp\/v2\/posts"}],"about":[{"href":"https:\/\/portaltela.pt\/api\/wp\/v2\/types\/post"}],"author":[{"embeddable":true,"href":"https:\/\/portaltela.pt\/api\/wp\/v2\/users\/2"}],"replies":[{"embeddable":true,"href":"https:\/\/portaltela.pt\/api\/wp\/v2\/comments?post=410796"}],"version-history":[{"count":0,"href":"https:\/\/portaltela.pt\/api\/wp\/v2\/posts\/410796\/revisions"}],"wp:featuredmedia":[{"embeddable":true,"href":"https:\/\/portaltela.pt\/api\/wp\/v2\/media\/410798"}],"wp:attachment":[{"href":"https:\/\/portaltela.pt\/api\/wp\/v2\/media?parent=410796"}],"wp:term":[{"taxonomy":"category","embeddable":true,"href":"https:\/\/portaltela.pt\/api\/wp\/v2\/categories?post=410796"},{"taxonomy":"post_tag","embeddable":true,"href":"https:\/\/portaltela.pt\/api\/wp\/v2\/tags?post=410796"}],"curies":[{"name":"wp","href":"https:\/\/api.w.org\/{rel}","templated":true}]}}