{"id":410795,"date":"2026-03-15T08:03:05","date_gmt":"2026-03-15T11:03:05","guid":{"rendered":"https:\/\/portaltela.pt\/noticias\/2026\/03\/15\/infraestruturas-de-portugal-resolve-a-maioria-dos-cortes-de-estradas-apos-tempestades\/"},"modified":"2026-03-15T08:03:05","modified_gmt":"2026-03-15T11:03:05","slug":"infraestruturas-de-portugal-resolve-a-maioria-dos-cortes-de-estradas-apos-tempestades","status":"publish","type":"post","link":"https:\/\/portaltela.pt\/noticias\/2026\/03\/15\/infraestruturas-de-portugal-resolve-a-maioria-dos-cortes-de-estradas-apos-tempestades\/","title":{"rendered":"Infraestruturas de Portugal resolve a maioria dos cortes de estradas ap\u00f3s tempestades"},"content":{"rendered":"<p>A Infraestruturas de Portugal (IP) j\u00e1 resolveu mais de 90% dos cortes de estradas causados pelas tempestades, num total de cerca de 300 vias cortadas. Cerca de 30 interrup\u00e7\u00f5es permanecem ativas a 30 dias do pico de impacto.<\/p>\n<p>Ao todo, a IP registou 346 cortes totais de via, restando 34 casos por resolver, o que indica 90% de melhoria. As redes rodovi\u00e1ria e ferrovi\u00e1ria sofreram mais de 4.200 ocorr\u00eancias no per\u00edodo.<\/p>\n<p>O Governo explica que foram cerca de 200 interven\u00e7\u00f5es di\u00e1rias realizadas no terreno, para desobstru\u00e7\u00e3o, repara\u00e7\u00e3o de infraestruturas, estabiliza\u00e7\u00e3o de taludes, reposi\u00e7\u00e3o de sinaliza\u00e7\u00e3o e garantia de seguran\u00e7a e circula\u00e7\u00e3o.<\/p>\n<h3>Situa\u00e7\u00e3o atual por rede<\/h3>\n<p>Para responder \u00e0s emerg\u00eancias, o Governo disse que a IP mobilizou todas as equipas e prestadores, com cerca de 2.000 operacionais, 622 viaturas, 13 limpa-neves e 31 equipamentos ferrovi\u00e1rios pesados, em articula\u00e7\u00e3o com as autarquias.<\/p>\n<p>Foi aprovada uma verba extraordin\u00e1ria de 400 milh\u00f5es de euros, destinada \u00e0 IP para acelerar as opera\u00e7\u00f5es de recupera\u00e7\u00e3o. O caso mais cr\u00edtico foi o colapso da A1, junto ao viaduto de Casais, em Coimbra, cuja circula\u00e7\u00e3o dever\u00e1 estar reposta em cerca de 15 dias, com trabalhos da Brisa e apoio de entidades t\u00e9cnicas nacionais.<\/p>\n<p>Na ferrovia, a maior parte das interrup\u00e7\u00f5es j\u00e1 foi ultrapassada. Ainda foram identificadas necessidades limitadas na Linha do Oeste, sul de Caldas da Rainha, e na Linha da Beira Baixa. A passagem na Linha do Oeste entre Caldas da Rainha Norte e Louri\u00e7al dever\u00e1 reabrir hoje.<\/p>\n<p>A linha Beira Baixa permanece interrompida entre Mouriscas A e Rod\u00e3o, devido ao deslizamento de um talude pr\u00f3ximo ao rio Tejo, que dificulta a interven\u00e7\u00e3o pela proximidade da linha.<\/p>\n","protected":false},"excerpt":{"rendered":"<ul>\n<li>A Infraestruturas de Portugal j\u00e1 resolveu mais de 90% dos cortes de estradas causados pelas tempestades, cerca de 300 dos 346 registados; restam cerca de 30 interrup\u00e7\u00f5es.<\/li>\n<li>No conjunto das redes rodovi\u00e1ria e ferrovi\u00e1ria nacionais foram registadas mais de 4.200 ocorr\u00eancias.<\/li>\n<li>A interven\u00e7\u00e3o m\u00e9dia di\u00e1ria foi de cerca de 200 a\u00e7\u00f5es no terreno para desobstru\u00e7\u00e3o, repara\u00e7\u00e3o e reposi\u00e7\u00e3o de sinaliza\u00e7\u00e3o.<\/li>\n<li>O Governo autorizou uma verba extraordin\u00e1ria de 400 milh\u00f5es de euros para a Infraestruturas de Portugal.<\/li>\n<li>Na ferrovia, quase tudo j\u00e1 est\u00e1 ultrapassado; resta a circula\u00e7\u00e3o na Linha do Oeste (norte de Caldas da Rainha at\u00e9 Louri\u00e7al) e na Beira Baixa (Mouriscas A a Rod\u00e3o).<\/li>\n<\/ul>\n","protected":false},"author":2,"featured_media":410797,"comment_status":"closed","ping_status":"closed","sticky":false,"template":"","format":"standard","meta":{"footnotes":""},"categories":[1],"tags":[3670,1672,1070,1083,2698,7231],"class_list":["post-410795","post","type-post","status-publish","format-standard","has-post-thumbnail","hentry","category-noticias","tag-beira-baixa","tag-caldas-da-rainha","tag-coimbra","tag-estradas","tag-infraestruturas-de-portugal","tag-linha-do-oeste"],"yoast_head":"<!-- This site is optimized with the Yoast SEO plugin v27.2 - https:\/\/yoast.com\/product\/yoast-seo-wordpress\/ -->\n<title>Infraestruturas de Portugal resolve a maioria dos cortes de estradas ap\u00f3s tempestades - Portal Tela Portugal<\/title>\n<meta name=\"robots\" content=\"index, follow, max-snippet:-1, max-image-preview:large, max-video-preview:-1\" \/>\n<meta property=\"og:locale\" content=\"pt_PT\" \/>\n<meta property=\"og:type\" content=\"article\" \/>\n<meta property=\"og:title\" content=\"Infraestruturas de Portugal resolve a maioria dos cortes de estradas ap\u00f3s tempestades - Portal Tela Portugal\" \/>\n<meta property=\"og:description\" content=\"A Infraestruturas de Portugal j\u00e1 resolveu mais de 90% dos cortes de estradas causados pelas tempestades, cerca de 300 dos 346 registados; restam cerca de 30 interrup\u00e7\u00f5es. No conjunto das redes rodovi\u00e1ria e ferrovi\u00e1ria nacionais foram registadas mais de 4.200 ocorr\u00eancias. A interven\u00e7\u00e3o m\u00e9dia di\u00e1ria foi de cerca de 200 a\u00e7\u00f5es no terreno para desobstru\u00e7\u00e3o, repara\u00e7\u00e3o e reposi\u00e7\u00e3o de sinaliza\u00e7\u00e3o. O Governo autorizou uma verba extraordin\u00e1ria de 400 milh\u00f5es de euros para a Infraestruturas de Portugal. Na ferrovia, quase tudo j\u00e1 est\u00e1 ultrapassado; resta a circula\u00e7\u00e3o na Linha do Oeste (norte de Caldas da Rainha at\u00e9 Louri\u00e7al) e na Beira Baixa (Mouriscas A a Rod\u00e3o).\" \/>\n<meta property=\"og:url\" content=\"https:\/\/portaltela.pt\/noticias\/2026\/03\/15\/infraestruturas-de-portugal-resolve-a-maioria-dos-cortes-de-estradas-apos-tempestades\/\" \/>\n<meta property=\"og:site_name\" content=\"Portal Tela Portugal\" \/>\n<meta property=\"article:published_time\" content=\"2026-03-15T11:03:05+00:00\" \/>\n<meta name=\"author\" content=\"Telinha\" \/>\n<meta name=\"twitter:card\" content=\"summary_large_image\" \/>\n<meta name=\"twitter:label1\" content=\"Escrito por\" \/>\n\t<meta name=\"twitter:data1\" content=\"Telinha\" \/>\n\t<meta name=\"twitter:label2\" content=\"Tempo estimado de leitura\" \/>\n\t<meta name=\"twitter:data2\" content=\"1 minuto\" \/>\n<script type=\"application\/ld+json\" class=\"yoast-schema-graph\">{\"@context\":\"https:\/\/schema.org\",\"@graph\":[{\"@type\":\"Article\",\"@id\":\"https:\/\/portaltela.pt\/noticias\/2026\/03\/15\/infraestruturas-de-portugal-resolve-a-maioria-dos-cortes-de-estradas-apos-tempestades\/#article\",\"isPartOf\":{\"@id\":\"https:\/\/portaltela.pt\/noticias\/2026\/03\/15\/infraestruturas-de-portugal-resolve-a-maioria-dos-cortes-de-estradas-apos-tempestades\/\"},\"author\":{\"name\":\"Telinha\",\"@id\":\"https:\/\/portaltela.pt\/#\/schema\/person\/c4278d4a6028830caff9ee44b42d32ed\"},\"headline\":\"Infraestruturas de Portugal resolve a maioria dos cortes de estradas ap\u00f3s tempestades\",\"datePublished\":\"2026-03-15T11:03:05+00:00\",\"mainEntityOfPage\":{\"@id\":\"https:\/\/portaltela.pt\/noticias\/2026\/03\/15\/infraestruturas-de-portugal-resolve-a-maioria-dos-cortes-de-estradas-apos-tempestades\/\"},\"wordCount\":297,\"image\":{\"@id\":\"https:\/\/portaltela.pt\/noticias\/2026\/03\/15\/infraestruturas-de-portugal-resolve-a-maioria-dos-cortes-de-estradas-apos-tempestades\/#primaryimage\"},\"thumbnailUrl\":\"https:\/\/portaltela.pt\/s.01k8rhncp4jt1\/2026\/03\/img_1280x721uu2026-03-15-11-02-40-2272469.jpg\",\"keywords\":[\"Beira Baixa\",\"Caldas da Rainha\",\"Coimbra\",\"estradas\",\"Infraestruturas de Portugal\",\"Linha do Oeste\"],\"articleSection\":[\"Not\u00edcias\"],\"inLanguage\":\"pt-PT\"},{\"@type\":\"WebPage\",\"@id\":\"https:\/\/portaltela.pt\/noticias\/2026\/03\/15\/infraestruturas-de-portugal-resolve-a-maioria-dos-cortes-de-estradas-apos-tempestades\/\",\"url\":\"https:\/\/portaltela.pt\/noticias\/2026\/03\/15\/infraestruturas-de-portugal-resolve-a-maioria-dos-cortes-de-estradas-apos-tempestades\/\",\"name\":\"Infraestruturas de Portugal resolve a maioria dos cortes de estradas ap\u00f3s tempestades - Portal Tela Portugal\",\"isPartOf\":{\"@id\":\"https:\/\/portaltela.pt\/#website\"},\"primaryImageOfPage\":{\"@id\":\"https:\/\/portaltela.pt\/noticias\/2026\/03\/15\/infraestruturas-de-portugal-resolve-a-maioria-dos-cortes-de-estradas-apos-tempestades\/#primaryimage\"},\"image\":{\"@id\":\"https:\/\/portaltela.pt\/noticias\/2026\/03\/15\/infraestruturas-de-portugal-resolve-a-maioria-dos-cortes-de-estradas-apos-tempestades\/#primaryimage\"},\"thumbnailUrl\":\"https:\/\/portaltela.pt\/s.01k8rhncp4jt1\/2026\/03\/img_1280x721uu2026-03-15-11-02-40-2272469.jpg\",\"datePublished\":\"2026-03-15T11:03:05+00:00\",\"author\":{\"@id\":\"https:\/\/portaltela.pt\/#\/schema\/person\/c4278d4a6028830caff9ee44b42d32ed\"},\"breadcrumb\":{\"@id\":\"https:\/\/portaltela.pt\/noticias\/2026\/03\/15\/infraestruturas-de-portugal-resolve-a-maioria-dos-cortes-de-estradas-apos-tempestades\/#breadcrumb\"},\"inLanguage\":\"pt-PT\",\"potentialAction\":[{\"@type\":\"ReadAction\",\"target\":[\"https:\/\/portaltela.pt\/noticias\/2026\/03\/15\/infraestruturas-de-portugal-resolve-a-maioria-dos-cortes-de-estradas-apos-tempestades\/\"]}]},{\"@type\":\"ImageObject\",\"inLanguage\":\"pt-PT\",\"@id\":\"https:\/\/portaltela.pt\/noticias\/2026\/03\/15\/infraestruturas-de-portugal-resolve-a-maioria-dos-cortes-de-estradas-apos-tempestades\/#primaryimage\",\"url\":\"https:\/\/portaltela.pt\/s.01k8rhncp4jt1\/2026\/03\/img_1280x721uu2026-03-15-11-02-40-2272469.jpg\",\"contentUrl\":\"https:\/\/portaltela.pt\/s.01k8rhncp4jt1\/2026\/03\/img_1280x721uu2026-03-15-11-02-40-2272469.jpg\",\"width\":796,\"height\":448,\"caption\":\"EN251 Mora-Vimeiro\"},{\"@type\":\"BreadcrumbList\",\"@id\":\"https:\/\/portaltela.pt\/noticias\/2026\/03\/15\/infraestruturas-de-portugal-resolve-a-maioria-dos-cortes-de-estradas-apos-tempestades\/#breadcrumb\",\"itemListElement\":[{\"@type\":\"ListItem\",\"position\":1,\"name\":\"In\u00edcio\",\"item\":\"https:\/\/portaltela.pt\/\"},{\"@type\":\"ListItem\",\"position\":2,\"name\":\"Infraestruturas de Portugal resolve a maioria dos cortes de estradas ap\u00f3s tempestades\"}]},{\"@type\":\"WebSite\",\"@id\":\"https:\/\/portaltela.pt\/#website\",\"url\":\"https:\/\/portaltela.pt\/\",\"name\":\"Portal Tela Portugal\",\"description\":\"\",\"potentialAction\":[{\"@type\":\"SearchAction\",\"target\":{\"@type\":\"EntryPoint\",\"urlTemplate\":\"https:\/\/portaltela.pt\/?s={search_term_string}\"},\"query-input\":{\"@type\":\"PropertyValueSpecification\",\"valueRequired\":true,\"valueName\":\"search_term_string\"}}],\"inLanguage\":\"pt-PT\"},{\"@type\":\"Person\",\"@id\":\"https:\/\/portaltela.pt\/#\/schema\/person\/c4278d4a6028830caff9ee44b42d32ed\",\"name\":\"Telinha\",\"image\":{\"@type\":\"ImageObject\",\"inLanguage\":\"pt-PT\",\"@id\":\"https:\/\/portaltela.pt\/s.01k8rhncp4jt1\/2025\/11\/talking-bot-125x125.png\",\"url\":\"https:\/\/portaltela.pt\/s.01k8rhncp4jt1\/2025\/11\/talking-bot-125x125.png\",\"contentUrl\":\"https:\/\/portaltela.pt\/s.01k8rhncp4jt1\/2025\/11\/talking-bot-125x125.png\",\"caption\":\"Telinha\"},\"sameAs\":[\"https:\/\/portaltela.pt\/\"],\"url\":\"https:\/\/portaltela.pt\/por\/367410592786\/\"}]}<\/script>\n<!-- \/ Yoast SEO plugin. -->","yoast_head_json":{"title":"Infraestruturas de Portugal resolve a maioria dos cortes de estradas ap\u00f3s tempestades - Portal Tela Portugal","robots":{"index":"index","follow":"follow","max-snippet":"max-snippet:-1","max-image-preview":"max-image-preview:large","max-video-preview":"max-video-preview:-1"},"og_locale":"pt_PT","og_type":"article","og_title":"Infraestruturas de Portugal resolve a maioria dos cortes de estradas ap\u00f3s tempestades - Portal Tela Portugal","og_description":"A Infraestruturas de Portugal j\u00e1 resolveu mais de 90% dos cortes de estradas causados pelas tempestades, cerca de 300 dos 346 registados; restam cerca de 30 interrup\u00e7\u00f5es. No conjunto das redes rodovi\u00e1ria e ferrovi\u00e1ria nacionais foram registadas mais de 4.200 ocorr\u00eancias. A interven\u00e7\u00e3o m\u00e9dia di\u00e1ria foi de cerca de 200 a\u00e7\u00f5es no terreno para desobstru\u00e7\u00e3o, repara\u00e7\u00e3o e reposi\u00e7\u00e3o de sinaliza\u00e7\u00e3o. O Governo autorizou uma verba extraordin\u00e1ria de 400 milh\u00f5es de euros para a Infraestruturas de Portugal. Na ferrovia, quase tudo j\u00e1 est\u00e1 ultrapassado; resta a circula\u00e7\u00e3o na Linha do Oeste (norte de Caldas da Rainha at\u00e9 Louri\u00e7al) e na Beira Baixa (Mouriscas A a Rod\u00e3o).","og_url":"https:\/\/portaltela.pt\/noticias\/2026\/03\/15\/infraestruturas-de-portugal-resolve-a-maioria-dos-cortes-de-estradas-apos-tempestades\/","og_site_name":"Portal Tela Portugal","article_published_time":"2026-03-15T11:03:05+00:00","author":"Telinha","twitter_card":"summary_large_image","twitter_misc":{"Escrito por":"Telinha","Tempo estimado de leitura":"1 minuto"},"schema":{"@context":"https:\/\/schema.org","@graph":[{"@type":"Article","@id":"https:\/\/portaltela.pt\/noticias\/2026\/03\/15\/infraestruturas-de-portugal-resolve-a-maioria-dos-cortes-de-estradas-apos-tempestades\/#article","isPartOf":{"@id":"https:\/\/portaltela.pt\/noticias\/2026\/03\/15\/infraestruturas-de-portugal-resolve-a-maioria-dos-cortes-de-estradas-apos-tempestades\/"},"author":{"name":"Telinha","@id":"https:\/\/portaltela.pt\/#\/schema\/person\/c4278d4a6028830caff9ee44b42d32ed"},"headline":"Infraestruturas de Portugal resolve a maioria dos cortes de estradas ap\u00f3s tempestades","datePublished":"2026-03-15T11:03:05+00:00","mainEntityOfPage":{"@id":"https:\/\/portaltela.pt\/noticias\/2026\/03\/15\/infraestruturas-de-portugal-resolve-a-maioria-dos-cortes-de-estradas-apos-tempestades\/"},"wordCount":297,"image":{"@id":"https:\/\/portaltela.pt\/noticias\/2026\/03\/15\/infraestruturas-de-portugal-resolve-a-maioria-dos-cortes-de-estradas-apos-tempestades\/#primaryimage"},"thumbnailUrl":"https:\/\/portaltela.pt\/s.01k8rhncp4jt1\/2026\/03\/img_1280x721uu2026-03-15-11-02-40-2272469.jpg","keywords":["Beira Baixa","Caldas da Rainha","Coimbra","estradas","Infraestruturas de Portugal","Linha do Oeste"],"articleSection":["Not\u00edcias"],"inLanguage":"pt-PT"},{"@type":"WebPage","@id":"https:\/\/portaltela.pt\/noticias\/2026\/03\/15\/infraestruturas-de-portugal-resolve-a-maioria-dos-cortes-de-estradas-apos-tempestades\/","url":"https:\/\/portaltela.pt\/noticias\/2026\/03\/15\/infraestruturas-de-portugal-resolve-a-maioria-dos-cortes-de-estradas-apos-tempestades\/","name":"Infraestruturas de Portugal resolve a maioria dos cortes de estradas ap\u00f3s tempestades - Portal Tela Portugal","isPartOf":{"@id":"https:\/\/portaltela.pt\/#website"},"primaryImageOfPage":{"@id":"https:\/\/portaltela.pt\/noticias\/2026\/03\/15\/infraestruturas-de-portugal-resolve-a-maioria-dos-cortes-de-estradas-apos-tempestades\/#primaryimage"},"image":{"@id":"https:\/\/portaltela.pt\/noticias\/2026\/03\/15\/infraestruturas-de-portugal-resolve-a-maioria-dos-cortes-de-estradas-apos-tempestades\/#primaryimage"},"thumbnailUrl":"https:\/\/portaltela.pt\/s.01k8rhncp4jt1\/2026\/03\/img_1280x721uu2026-03-15-11-02-40-2272469.jpg","datePublished":"2026-03-15T11:03:05+00:00","author":{"@id":"https:\/\/portaltela.pt\/#\/schema\/person\/c4278d4a6028830caff9ee44b42d32ed"},"breadcrumb":{"@id":"https:\/\/portaltela.pt\/noticias\/2026\/03\/15\/infraestruturas-de-portugal-resolve-a-maioria-dos-cortes-de-estradas-apos-tempestades\/#breadcrumb"},"inLanguage":"pt-PT","potentialAction":[{"@type":"ReadAction","target":["https:\/\/portaltela.pt\/noticias\/2026\/03\/15\/infraestruturas-de-portugal-resolve-a-maioria-dos-cortes-de-estradas-apos-tempestades\/"]}]},{"@type":"ImageObject","inLanguage":"pt-PT","@id":"https:\/\/portaltela.pt\/noticias\/2026\/03\/15\/infraestruturas-de-portugal-resolve-a-maioria-dos-cortes-de-estradas-apos-tempestades\/#primaryimage","url":"https:\/\/portaltela.pt\/s.01k8rhncp4jt1\/2026\/03\/img_1280x721uu2026-03-15-11-02-40-2272469.jpg","contentUrl":"https:\/\/portaltela.pt\/s.01k8rhncp4jt1\/2026\/03\/img_1280x721uu2026-03-15-11-02-40-2272469.jpg","width":796,"height":448,"caption":"EN251 Mora-Vimeiro"},{"@type":"BreadcrumbList","@id":"https:\/\/portaltela.pt\/noticias\/2026\/03\/15\/infraestruturas-de-portugal-resolve-a-maioria-dos-cortes-de-estradas-apos-tempestades\/#breadcrumb","itemListElement":[{"@type":"ListItem","position":1,"name":"In\u00edcio","item":"https:\/\/portaltela.pt\/"},{"@type":"ListItem","position":2,"name":"Infraestruturas de Portugal resolve a maioria dos cortes de estradas ap\u00f3s tempestades"}]},{"@type":"WebSite","@id":"https:\/\/portaltela.pt\/#website","url":"https:\/\/portaltela.pt\/","name":"Portal Tela Portugal","description":"","potentialAction":[{"@type":"SearchAction","target":{"@type":"EntryPoint","urlTemplate":"https:\/\/portaltela.pt\/?s={search_term_string}"},"query-input":{"@type":"PropertyValueSpecification","valueRequired":true,"valueName":"search_term_string"}}],"inLanguage":"pt-PT"},{"@type":"Person","@id":"https:\/\/portaltela.pt\/#\/schema\/person\/c4278d4a6028830caff9ee44b42d32ed","name":"Telinha","image":{"@type":"ImageObject","inLanguage":"pt-PT","@id":"https:\/\/portaltela.pt\/s.01k8rhncp4jt1\/2025\/11\/talking-bot-125x125.png","url":"https:\/\/portaltela.pt\/s.01k8rhncp4jt1\/2025\/11\/talking-bot-125x125.png","contentUrl":"https:\/\/portaltela.pt\/s.01k8rhncp4jt1\/2025\/11\/talking-bot-125x125.png","caption":"Telinha"},"sameAs":["https:\/\/portaltela.pt\/"],"url":"https:\/\/portaltela.pt\/por\/367410592786\/"}]}},"_links":{"self":[{"href":"https:\/\/portaltela.pt\/api\/wp\/v2\/posts\/410795","targetHints":{"allow":["GET"]}}],"collection":[{"href":"https:\/\/portaltela.pt\/api\/wp\/v2\/posts"}],"about":[{"href":"https:\/\/portaltela.pt\/api\/wp\/v2\/types\/post"}],"author":[{"embeddable":true,"href":"https:\/\/portaltela.pt\/api\/wp\/v2\/users\/2"}],"replies":[{"embeddable":true,"href":"https:\/\/portaltela.pt\/api\/wp\/v2\/comments?post=410795"}],"version-history":[{"count":0,"href":"https:\/\/portaltela.pt\/api\/wp\/v2\/posts\/410795\/revisions"}],"wp:featuredmedia":[{"embeddable":true,"href":"https:\/\/portaltela.pt\/api\/wp\/v2\/media\/410797"}],"wp:attachment":[{"href":"https:\/\/portaltela.pt\/api\/wp\/v2\/media?parent=410795"}],"wp:term":[{"taxonomy":"category","embeddable":true,"href":"https:\/\/portaltela.pt\/api\/wp\/v2\/categories?post=410795"},{"taxonomy":"post_tag","embeddable":true,"href":"https:\/\/portaltela.pt\/api\/wp\/v2\/tags?post=410795"}],"curies":[{"name":"wp","href":"https:\/\/api.w.org\/{rel}","templated":true}]}}