{"id":410793,"date":"2026-03-15T08:01:59","date_gmt":"2026-03-15T11:01:59","guid":{"rendered":"https:\/\/portaltela.pt\/noticias\/2026\/03\/15\/capitais-erguidas-do-zero-ao-redor-do-mundo-pouco-conhecidas\/"},"modified":"2026-03-15T08:01:59","modified_gmt":"2026-03-15T11:01:59","slug":"capitais-erguidas-do-zero-ao-redor-do-mundo-pouco-conhecidas","status":"publish","type":"post","link":"https:\/\/portaltela.pt\/noticias\/2026\/03\/15\/capitais-erguidas-do-zero-ao-redor-do-mundo-pouco-conhecidas\/","title":{"rendered":"Capitais erguidas do zero ao redor do mundo, pouco conhecidas"},"content":{"rendered":"<p>Bras\u00edlia \u00e9 talvez a capital planeada mais conhecida do mundo, erguida de raiz para servir o Brasil desde 1960. A ideia era deslocar o foco pol\u00edtico para uma posi\u00e7\u00e3o central do territ\u00f3rio, longe das cidades costeiras. Hoje, a cidade \u00e9 Patrim\u00f3nio Mundial da UNESCO e atrai quem aprecia arquitetura modernista.<\/p>\n<p>Camberra, capital da Austr\u00e1lia, nasceu de um concurso promovido pelo Minist\u00e9rio do Interior e viu a constru\u00e7\u00e3o iniciar-se em 1912. O objectivo era uma solu\u00e7\u00e3o de compromisso entre duas cidades improv\u00e1veis concorrentes, Melbourne e Sydney, criando uma rede urbana de tra\u00e7ado em grelha.<\/p>\n<p>Wellington, Nova Zel\u00e2ndia, foi escolhida pela posi\u00e7\u00e3o estrat\u00e9gica junto ao estreito de Cook. O tra\u00e7ado atual, desenhado em 1840, separa a Ilha do Norte da Ilha do Sul. Auckland continua a ser a cidade mais populosa do pa\u00eds, com cerca de 1,5 milh\u00f5es.<\/p>\n<h3>Capitals constru\u00eddas de raiz<\/h3>\n<p>Islamabad, Paquist\u00e3o, foi erguida nos anos 60 para consolidar a autoridade central junto ao quartel-general em Rawalpindi. Tornou-se capital em 1967, substituindo Karachi pela proximidade institucional.<\/p>\n<p>Naypyidaw, Myanmar, \u00e9 uma das mais recentes, iniciada em 2002 e assumindo o estatuto em 2005. Localiza-se a cerca de 320 km de Yangon, com avenidas largas e baixa densidade populacional.<\/p>\n<p>Belmopan, Belize, emergiu ap\u00f3s o furac\u00e3o de 1961 que devastou Belize City. A cidade foi constru\u00edda entre 1967 e 1970 para servir como capital administrativa, mantendo liga\u00e7\u00e3o com os rios Belize e Mopan.<\/p>\n<p>Ciudad de la Paz, Guin\u00e9 Equatorial, \u00e9 a mais recente destas capitais planificadas, inaugurada em janeiro, substituindo Malabo. Criada em 2015, a cidade visa acessibilidade e clima ameno, ainda que encare dificuldades de ocupa\u00e7\u00e3o.<\/p>\n","protected":false},"excerpt":{"rendered":"<ul>\n<li>Bras\u00edlia, Brasil \u2014 capital planeada desde 1960, conhecida pelo tra\u00e7o modernista e classificada pela UNESCO como Patrim\u00f3nio Mundial.<\/li>\n<li>Camberra, Austr\u00e1lia \u2014 capital da federa\u00e7\u00e3o desde o in\u00edcio do s\u00e9culo XX; constru\u00e7\u00e3o iniciou em 1912, com popula\u00e7\u00e3o atual de cerca de meio milh\u00e3o.<\/li>\n<li>Wellington, Nova Zel\u00e2ndia \u2014 capital escolhida pela sua localiza\u00e7\u00e3o estrat\u00e9gica; tra\u00e7ado em grelha criado em 1840; cerca de 210 mil residentes.<\/li>\n<li>Islamabad, Paquist\u00e3o \u2014 capital desde 1967, implantada para ficar mais perto de Rawalpindi; pontos de interesse incluem o Monumento do Paquist\u00e3o e a Mesquita Faisal; popula\u00e7\u00e3o acima de 1,1 milh\u00f5es.<\/li>\n<li>Naypyidaw, Myanmar \u2014 capital desde 2005, constru\u00edda a partir de 2002; cidade com avenidas largas e popula\u00e7\u00e3o reduzida, fortemente afetada pelo terramoto de 2025.<\/li>\n<\/ul>\n","protected":false},"author":2,"featured_media":410794,"comment_status":"closed","ping_status":"closed","sticky":false,"template":"","format":"standard","meta":{"footnotes":""},"categories":[1],"tags":[6524,2547,2564,5250,3743,1175],"class_list":["post-410793","post","type-post","status-publish","format-standard","has-post-thumbnail","hentry","category-noticias","tag-a-arquitetura","tag-brasil","tag-guine-equatorial","tag-myanmar","tag-paquistao","tag-patrimonio-cultural"],"yoast_head":"<!-- This site is optimized with the Yoast SEO plugin v27.2 - https:\/\/yoast.com\/product\/yoast-seo-wordpress\/ -->\n<title>Capitais erguidas do zero ao redor do mundo, pouco conhecidas - Portal Tela Portugal<\/title>\n<meta name=\"robots\" content=\"index, follow, max-snippet:-1, max-image-preview:large, max-video-preview:-1\" \/>\n<meta property=\"og:locale\" content=\"pt_PT\" \/>\n<meta property=\"og:type\" content=\"article\" \/>\n<meta property=\"og:title\" content=\"Capitais erguidas do zero ao redor do mundo, pouco conhecidas - Portal Tela Portugal\" \/>\n<meta property=\"og:description\" content=\"Bras\u00edlia, Brasil \u2014 capital planeada desde 1960, conhecida pelo tra\u00e7o modernista e classificada pela UNESCO como Patrim\u00f3nio Mundial. Camberra, Austr\u00e1lia \u2014 capital da federa\u00e7\u00e3o desde o in\u00edcio do s\u00e9culo XX; constru\u00e7\u00e3o iniciou em 1912, com popula\u00e7\u00e3o atual de cerca de meio milh\u00e3o. Wellington, Nova Zel\u00e2ndia \u2014 capital escolhida pela sua localiza\u00e7\u00e3o estrat\u00e9gica; tra\u00e7ado em grelha criado em 1840; cerca de 210 mil residentes. Islamabad, Paquist\u00e3o \u2014 capital desde 1967, implantada para ficar mais perto de Rawalpindi; pontos de interesse incluem o Monumento do Paquist\u00e3o e a Mesquita Faisal; popula\u00e7\u00e3o acima de 1,1 milh\u00f5es. Naypyidaw, Myanmar \u2014 capital desde 2005, constru\u00edda a partir de 2002; cidade com avenidas largas e popula\u00e7\u00e3o reduzida, fortemente afetada pelo terramoto de 2025.\" \/>\n<meta property=\"og:url\" content=\"https:\/\/portaltela.pt\/noticias\/2026\/03\/15\/capitais-erguidas-do-zero-ao-redor-do-mundo-pouco-conhecidas\/\" \/>\n<meta property=\"og:site_name\" content=\"Portal Tela Portugal\" \/>\n<meta property=\"article:published_time\" content=\"2026-03-15T11:01:59+00:00\" \/>\n<meta name=\"author\" content=\"Telinha\" \/>\n<meta name=\"twitter:card\" content=\"summary_large_image\" \/>\n<meta name=\"twitter:label1\" content=\"Escrito por\" \/>\n\t<meta name=\"twitter:data1\" content=\"Telinha\" \/>\n\t<meta name=\"twitter:label2\" content=\"Tempo estimado de leitura\" \/>\n\t<meta name=\"twitter:data2\" content=\"1 minuto\" \/>\n<script type=\"application\/ld+json\" class=\"yoast-schema-graph\">{\"@context\":\"https:\/\/schema.org\",\"@graph\":[{\"@type\":\"Article\",\"@id\":\"https:\/\/portaltela.pt\/noticias\/2026\/03\/15\/capitais-erguidas-do-zero-ao-redor-do-mundo-pouco-conhecidas\/#article\",\"isPartOf\":{\"@id\":\"https:\/\/portaltela.pt\/noticias\/2026\/03\/15\/capitais-erguidas-do-zero-ao-redor-do-mundo-pouco-conhecidas\/\"},\"author\":{\"name\":\"Telinha\",\"@id\":\"https:\/\/portaltela.pt\/#\/schema\/person\/c4278d4a6028830caff9ee44b42d32ed\"},\"headline\":\"Capitais erguidas do zero ao redor do mundo, pouco conhecidas\",\"datePublished\":\"2026-03-15T11:01:59+00:00\",\"mainEntityOfPage\":{\"@id\":\"https:\/\/portaltela.pt\/noticias\/2026\/03\/15\/capitais-erguidas-do-zero-ao-redor-do-mundo-pouco-conhecidas\/\"},\"wordCount\":281,\"image\":{\"@id\":\"https:\/\/portaltela.pt\/noticias\/2026\/03\/15\/capitais-erguidas-do-zero-ao-redor-do-mundo-pouco-conhecidas\/#primaryimage\"},\"thumbnailUrl\":\"https:\/\/portaltela.pt\/s.01k8rhncp4jt1\/2026\/03\/1536x864_cmsv2_ab8af9cd-b95a-59e1-a9ff-dd7c3c2008da-9683855.jpg\",\"keywords\":[\"a arquitetura\",\"Brasil\",\"Guin\u00e9 Equatorial\",\"Myanmar\",\"Paquist\u00e3o\",\"Patrim\u00f3nio Cultural\"],\"articleSection\":[\"Not\u00edcias\"],\"inLanguage\":\"pt-PT\"},{\"@type\":\"WebPage\",\"@id\":\"https:\/\/portaltela.pt\/noticias\/2026\/03\/15\/capitais-erguidas-do-zero-ao-redor-do-mundo-pouco-conhecidas\/\",\"url\":\"https:\/\/portaltela.pt\/noticias\/2026\/03\/15\/capitais-erguidas-do-zero-ao-redor-do-mundo-pouco-conhecidas\/\",\"name\":\"Capitais erguidas do zero ao redor do mundo, pouco conhecidas - Portal Tela Portugal\",\"isPartOf\":{\"@id\":\"https:\/\/portaltela.pt\/#website\"},\"primaryImageOfPage\":{\"@id\":\"https:\/\/portaltela.pt\/noticias\/2026\/03\/15\/capitais-erguidas-do-zero-ao-redor-do-mundo-pouco-conhecidas\/#primaryimage\"},\"image\":{\"@id\":\"https:\/\/portaltela.pt\/noticias\/2026\/03\/15\/capitais-erguidas-do-zero-ao-redor-do-mundo-pouco-conhecidas\/#primaryimage\"},\"thumbnailUrl\":\"https:\/\/portaltela.pt\/s.01k8rhncp4jt1\/2026\/03\/1536x864_cmsv2_ab8af9cd-b95a-59e1-a9ff-dd7c3c2008da-9683855.jpg\",\"datePublished\":\"2026-03-15T11:01:59+00:00\",\"author\":{\"@id\":\"https:\/\/portaltela.pt\/#\/schema\/person\/c4278d4a6028830caff9ee44b42d32ed\"},\"breadcrumb\":{\"@id\":\"https:\/\/portaltela.pt\/noticias\/2026\/03\/15\/capitais-erguidas-do-zero-ao-redor-do-mundo-pouco-conhecidas\/#breadcrumb\"},\"inLanguage\":\"pt-PT\",\"potentialAction\":[{\"@type\":\"ReadAction\",\"target\":[\"https:\/\/portaltela.pt\/noticias\/2026\/03\/15\/capitais-erguidas-do-zero-ao-redor-do-mundo-pouco-conhecidas\/\"]}]},{\"@type\":\"ImageObject\",\"inLanguage\":\"pt-PT\",\"@id\":\"https:\/\/portaltela.pt\/noticias\/2026\/03\/15\/capitais-erguidas-do-zero-ao-redor-do-mundo-pouco-conhecidas\/#primaryimage\",\"url\":\"https:\/\/portaltela.pt\/s.01k8rhncp4jt1\/2026\/03\/1536x864_cmsv2_ab8af9cd-b95a-59e1-a9ff-dd7c3c2008da-9683855.jpg\",\"contentUrl\":\"https:\/\/portaltela.pt\/s.01k8rhncp4jt1\/2026\/03\/1536x864_cmsv2_ab8af9cd-b95a-59e1-a9ff-dd7c3c2008da-9683855.jpg\",\"width\":1536,\"height\":864,\"caption\":\"Pal\u00e1cio da Justi\u00e7a em Bras\u00edlia\"},{\"@type\":\"BreadcrumbList\",\"@id\":\"https:\/\/portaltela.pt\/noticias\/2026\/03\/15\/capitais-erguidas-do-zero-ao-redor-do-mundo-pouco-conhecidas\/#breadcrumb\",\"itemListElement\":[{\"@type\":\"ListItem\",\"position\":1,\"name\":\"In\u00edcio\",\"item\":\"https:\/\/portaltela.pt\/\"},{\"@type\":\"ListItem\",\"position\":2,\"name\":\"Capitais erguidas do zero ao redor do mundo, pouco conhecidas\"}]},{\"@type\":\"WebSite\",\"@id\":\"https:\/\/portaltela.pt\/#website\",\"url\":\"https:\/\/portaltela.pt\/\",\"name\":\"Portal Tela Portugal\",\"description\":\"\",\"potentialAction\":[{\"@type\":\"SearchAction\",\"target\":{\"@type\":\"EntryPoint\",\"urlTemplate\":\"https:\/\/portaltela.pt\/?s={search_term_string}\"},\"query-input\":{\"@type\":\"PropertyValueSpecification\",\"valueRequired\":true,\"valueName\":\"search_term_string\"}}],\"inLanguage\":\"pt-PT\"},{\"@type\":\"Person\",\"@id\":\"https:\/\/portaltela.pt\/#\/schema\/person\/c4278d4a6028830caff9ee44b42d32ed\",\"name\":\"Telinha\",\"image\":{\"@type\":\"ImageObject\",\"inLanguage\":\"pt-PT\",\"@id\":\"https:\/\/portaltela.pt\/s.01k8rhncp4jt1\/2025\/11\/talking-bot-125x125.png\",\"url\":\"https:\/\/portaltela.pt\/s.01k8rhncp4jt1\/2025\/11\/talking-bot-125x125.png\",\"contentUrl\":\"https:\/\/portaltela.pt\/s.01k8rhncp4jt1\/2025\/11\/talking-bot-125x125.png\",\"caption\":\"Telinha\"},\"sameAs\":[\"https:\/\/portaltela.pt\/\"],\"url\":\"https:\/\/portaltela.pt\/por\/367410592786\/\"}]}<\/script>\n<!-- \/ Yoast SEO plugin. -->","yoast_head_json":{"title":"Capitais erguidas do zero ao redor do mundo, pouco conhecidas - Portal Tela Portugal","robots":{"index":"index","follow":"follow","max-snippet":"max-snippet:-1","max-image-preview":"max-image-preview:large","max-video-preview":"max-video-preview:-1"},"og_locale":"pt_PT","og_type":"article","og_title":"Capitais erguidas do zero ao redor do mundo, pouco conhecidas - Portal Tela Portugal","og_description":"Bras\u00edlia, Brasil \u2014 capital planeada desde 1960, conhecida pelo tra\u00e7o modernista e classificada pela UNESCO como Patrim\u00f3nio Mundial. Camberra, Austr\u00e1lia \u2014 capital da federa\u00e7\u00e3o desde o in\u00edcio do s\u00e9culo XX; constru\u00e7\u00e3o iniciou em 1912, com popula\u00e7\u00e3o atual de cerca de meio milh\u00e3o. Wellington, Nova Zel\u00e2ndia \u2014 capital escolhida pela sua localiza\u00e7\u00e3o estrat\u00e9gica; tra\u00e7ado em grelha criado em 1840; cerca de 210 mil residentes. Islamabad, Paquist\u00e3o \u2014 capital desde 1967, implantada para ficar mais perto de Rawalpindi; pontos de interesse incluem o Monumento do Paquist\u00e3o e a Mesquita Faisal; popula\u00e7\u00e3o acima de 1,1 milh\u00f5es. Naypyidaw, Myanmar \u2014 capital desde 2005, constru\u00edda a partir de 2002; cidade com avenidas largas e popula\u00e7\u00e3o reduzida, fortemente afetada pelo terramoto de 2025.","og_url":"https:\/\/portaltela.pt\/noticias\/2026\/03\/15\/capitais-erguidas-do-zero-ao-redor-do-mundo-pouco-conhecidas\/","og_site_name":"Portal Tela Portugal","article_published_time":"2026-03-15T11:01:59+00:00","author":"Telinha","twitter_card":"summary_large_image","twitter_misc":{"Escrito por":"Telinha","Tempo estimado de leitura":"1 minuto"},"schema":{"@context":"https:\/\/schema.org","@graph":[{"@type":"Article","@id":"https:\/\/portaltela.pt\/noticias\/2026\/03\/15\/capitais-erguidas-do-zero-ao-redor-do-mundo-pouco-conhecidas\/#article","isPartOf":{"@id":"https:\/\/portaltela.pt\/noticias\/2026\/03\/15\/capitais-erguidas-do-zero-ao-redor-do-mundo-pouco-conhecidas\/"},"author":{"name":"Telinha","@id":"https:\/\/portaltela.pt\/#\/schema\/person\/c4278d4a6028830caff9ee44b42d32ed"},"headline":"Capitais erguidas do zero ao redor do mundo, pouco conhecidas","datePublished":"2026-03-15T11:01:59+00:00","mainEntityOfPage":{"@id":"https:\/\/portaltela.pt\/noticias\/2026\/03\/15\/capitais-erguidas-do-zero-ao-redor-do-mundo-pouco-conhecidas\/"},"wordCount":281,"image":{"@id":"https:\/\/portaltela.pt\/noticias\/2026\/03\/15\/capitais-erguidas-do-zero-ao-redor-do-mundo-pouco-conhecidas\/#primaryimage"},"thumbnailUrl":"https:\/\/portaltela.pt\/s.01k8rhncp4jt1\/2026\/03\/1536x864_cmsv2_ab8af9cd-b95a-59e1-a9ff-dd7c3c2008da-9683855.jpg","keywords":["a arquitetura","Brasil","Guin\u00e9 Equatorial","Myanmar","Paquist\u00e3o","Patrim\u00f3nio Cultural"],"articleSection":["Not\u00edcias"],"inLanguage":"pt-PT"},{"@type":"WebPage","@id":"https:\/\/portaltela.pt\/noticias\/2026\/03\/15\/capitais-erguidas-do-zero-ao-redor-do-mundo-pouco-conhecidas\/","url":"https:\/\/portaltela.pt\/noticias\/2026\/03\/15\/capitais-erguidas-do-zero-ao-redor-do-mundo-pouco-conhecidas\/","name":"Capitais erguidas do zero ao redor do mundo, pouco conhecidas - Portal Tela Portugal","isPartOf":{"@id":"https:\/\/portaltela.pt\/#website"},"primaryImageOfPage":{"@id":"https:\/\/portaltela.pt\/noticias\/2026\/03\/15\/capitais-erguidas-do-zero-ao-redor-do-mundo-pouco-conhecidas\/#primaryimage"},"image":{"@id":"https:\/\/portaltela.pt\/noticias\/2026\/03\/15\/capitais-erguidas-do-zero-ao-redor-do-mundo-pouco-conhecidas\/#primaryimage"},"thumbnailUrl":"https:\/\/portaltela.pt\/s.01k8rhncp4jt1\/2026\/03\/1536x864_cmsv2_ab8af9cd-b95a-59e1-a9ff-dd7c3c2008da-9683855.jpg","datePublished":"2026-03-15T11:01:59+00:00","author":{"@id":"https:\/\/portaltela.pt\/#\/schema\/person\/c4278d4a6028830caff9ee44b42d32ed"},"breadcrumb":{"@id":"https:\/\/portaltela.pt\/noticias\/2026\/03\/15\/capitais-erguidas-do-zero-ao-redor-do-mundo-pouco-conhecidas\/#breadcrumb"},"inLanguage":"pt-PT","potentialAction":[{"@type":"ReadAction","target":["https:\/\/portaltela.pt\/noticias\/2026\/03\/15\/capitais-erguidas-do-zero-ao-redor-do-mundo-pouco-conhecidas\/"]}]},{"@type":"ImageObject","inLanguage":"pt-PT","@id":"https:\/\/portaltela.pt\/noticias\/2026\/03\/15\/capitais-erguidas-do-zero-ao-redor-do-mundo-pouco-conhecidas\/#primaryimage","url":"https:\/\/portaltela.pt\/s.01k8rhncp4jt1\/2026\/03\/1536x864_cmsv2_ab8af9cd-b95a-59e1-a9ff-dd7c3c2008da-9683855.jpg","contentUrl":"https:\/\/portaltela.pt\/s.01k8rhncp4jt1\/2026\/03\/1536x864_cmsv2_ab8af9cd-b95a-59e1-a9ff-dd7c3c2008da-9683855.jpg","width":1536,"height":864,"caption":"Pal\u00e1cio da Justi\u00e7a em Bras\u00edlia"},{"@type":"BreadcrumbList","@id":"https:\/\/portaltela.pt\/noticias\/2026\/03\/15\/capitais-erguidas-do-zero-ao-redor-do-mundo-pouco-conhecidas\/#breadcrumb","itemListElement":[{"@type":"ListItem","position":1,"name":"In\u00edcio","item":"https:\/\/portaltela.pt\/"},{"@type":"ListItem","position":2,"name":"Capitais erguidas do zero ao redor do mundo, pouco conhecidas"}]},{"@type":"WebSite","@id":"https:\/\/portaltela.pt\/#website","url":"https:\/\/portaltela.pt\/","name":"Portal Tela Portugal","description":"","potentialAction":[{"@type":"SearchAction","target":{"@type":"EntryPoint","urlTemplate":"https:\/\/portaltela.pt\/?s={search_term_string}"},"query-input":{"@type":"PropertyValueSpecification","valueRequired":true,"valueName":"search_term_string"}}],"inLanguage":"pt-PT"},{"@type":"Person","@id":"https:\/\/portaltela.pt\/#\/schema\/person\/c4278d4a6028830caff9ee44b42d32ed","name":"Telinha","image":{"@type":"ImageObject","inLanguage":"pt-PT","@id":"https:\/\/portaltela.pt\/s.01k8rhncp4jt1\/2025\/11\/talking-bot-125x125.png","url":"https:\/\/portaltela.pt\/s.01k8rhncp4jt1\/2025\/11\/talking-bot-125x125.png","contentUrl":"https:\/\/portaltela.pt\/s.01k8rhncp4jt1\/2025\/11\/talking-bot-125x125.png","caption":"Telinha"},"sameAs":["https:\/\/portaltela.pt\/"],"url":"https:\/\/portaltela.pt\/por\/367410592786\/"}]}},"_links":{"self":[{"href":"https:\/\/portaltela.pt\/api\/wp\/v2\/posts\/410793","targetHints":{"allow":["GET"]}}],"collection":[{"href":"https:\/\/portaltela.pt\/api\/wp\/v2\/posts"}],"about":[{"href":"https:\/\/portaltela.pt\/api\/wp\/v2\/types\/post"}],"author":[{"embeddable":true,"href":"https:\/\/portaltela.pt\/api\/wp\/v2\/users\/2"}],"replies":[{"embeddable":true,"href":"https:\/\/portaltela.pt\/api\/wp\/v2\/comments?post=410793"}],"version-history":[{"count":0,"href":"https:\/\/portaltela.pt\/api\/wp\/v2\/posts\/410793\/revisions"}],"wp:featuredmedia":[{"embeddable":true,"href":"https:\/\/portaltela.pt\/api\/wp\/v2\/media\/410794"}],"wp:attachment":[{"href":"https:\/\/portaltela.pt\/api\/wp\/v2\/media?parent=410793"}],"wp:term":[{"taxonomy":"category","embeddable":true,"href":"https:\/\/portaltela.pt\/api\/wp\/v2\/categories?post=410793"},{"taxonomy":"post_tag","embeddable":true,"href":"https:\/\/portaltela.pt\/api\/wp\/v2\/tags?post=410793"}],"curies":[{"name":"wp","href":"https:\/\/api.w.org\/{rel}","templated":true}]}}