{"id":410777,"date":"2026-03-15T07:21:00","date_gmt":"2026-03-15T10:21:00","guid":{"rendered":"https:\/\/portaltela.pt\/noticias\/2026\/03\/15\/manha-no-parlamento-com-alunos-surpreende-pela-linguagem-utilizada\/"},"modified":"2026-03-15T07:21:00","modified_gmt":"2026-03-15T10:21:00","slug":"manha-no-parlamento-com-alunos-surpreende-pela-linguagem-utilizada","status":"publish","type":"post","link":"https:\/\/portaltela.pt\/noticias\/politica\/2026\/03\/15\/manha-no-parlamento-com-alunos-surpreende-pela-linguagem-utilizada\/","title":{"rendered":"Manh\u00e3 no Parlamento com alunos surpreende pela linguagem utilizada"},"content":{"rendered":"<p>Na manh\u00e3 de hoje, estudantes assistem ao plen\u00e1rio da Assembleia da Rep\u00fablica, em sil\u00eancio, enquanto o Parlamento discute uma proposta de lei do Governo que altera o C\u00f3digo de Processo Penal.<\/p>\n<p>O debate envolve deputados de v\u00e1rias bancadas, com o foco na interven\u00e7\u00e3o sobre o texto em an\u00e1lise. A sess\u00e3o decorre no hemiciclo, em Lisboa, diante da curiosidade dos alunos pela din\u00e2mica pol\u00edtica.<\/p>\n<p>Ao entrar no plen\u00e1rio, o deputado Andr\u00e9 Ventura, do Chega, provocou a aten\u00e7\u00e3o dos jovens, que observam com surpresa a rea\u00e7\u00e3o de outros intervenientes, incluindo a deputada socialista Isabel Moreira, que respondeu de forma contundente.<\/p>\n<p>Os estudantes mostram surpresa com o que veem no combate pol\u00edtico, trotando entre sussurros e risos, sem esconder espanto face \u00e0 linguagem utilizada durante as interven\u00e7\u00f5es.<\/p>\n<p>Segundo relatos, para muitos deles \u00e9 a primeira vez que se sentam na casa da democracia, acompanhando de perto o funcionamento do Parlamento e o tom do debate em torno de temas sens\u00edveis.<\/p>\n<p>A presen\u00e7a dos alunos, que aguardam o desenrolar da sess\u00e3o, refor\u00e7a a imagem de uma Assembleia da Rep\u00fablica onde se discutem altera\u00e7\u00f5es legais com impacto direto no quotidiano dos cidad\u00e3os, incluindo o sistema judicial.<\/p>\n","protected":false},"excerpt":{"rendered":"<ul>\n<li>Estudantes assistem pela primeira vez ao plen\u00e1rio da Assembleia da Rep\u00fablica e ficam espantados com o tom do debate.<\/li>\n<li>O Parlamento discute uma proposta de lei do Governo que altera o C\u00f3digo de Processo Penal.<\/li>\n<li>\u00c0 entrada do deputado do Chega, os alunos trocam olhares entre surpresa e sil\u00eancio, sem entender o comportamento no debate.<\/li>\n<li>O deputado do Chega ri durante a interven\u00e7\u00e3o da deputada socialista Isabel Moreira, enquanto outros deputados gesticulam.<\/li>\n<li>Os estudantes concluem que o confronto pol\u00edtico parece marcado por agressividade e falta de decoro.<\/li>\n<\/ul>\n","protected":false},"author":2,"featured_media":410782,"comment_status":"closed","ping_status":"closed","sticky":false,"template":"","format":"standard","meta":{"footnotes":""},"categories":[1,5],"tags":[4211,4230,6337,34,2832],"class_list":["post-410777","post","type-post","status-publish","format-standard","has-post-thumbnail","hentry","category-noticias","category-politica","tag-assembleia-nacional","tag-codigo-penal","tag-direito","tag-governo","tag-politica"],"yoast_head":"<!-- This site is optimized with the Yoast SEO plugin v27.2 - https:\/\/yoast.com\/product\/yoast-seo-wordpress\/ -->\n<title>Manh\u00e3 no Parlamento com alunos surpreende pela linguagem utilizada - Portal Tela Portugal<\/title>\n<meta name=\"robots\" content=\"index, follow, max-snippet:-1, max-image-preview:large, max-video-preview:-1\" \/>\n<meta property=\"og:locale\" content=\"pt_PT\" \/>\n<meta property=\"og:type\" content=\"article\" \/>\n<meta property=\"og:title\" content=\"Manh\u00e3 no Parlamento com alunos surpreende pela linguagem utilizada - Portal Tela Portugal\" \/>\n<meta property=\"og:description\" content=\"Estudantes assistem pela primeira vez ao plen\u00e1rio da Assembleia da Rep\u00fablica e ficam espantados com o tom do debate. O Parlamento discute uma proposta de lei do Governo que altera o C\u00f3digo de Processo Penal. \u00c0 entrada do deputado do Chega, os alunos trocam olhares entre surpresa e sil\u00eancio, sem entender o comportamento no debate. O deputado do Chega ri durante a interven\u00e7\u00e3o da deputada socialista Isabel Moreira, enquanto outros deputados gesticulam. Os estudantes concluem que o confronto pol\u00edtico parece marcado por agressividade e falta de decoro.\" \/>\n<meta property=\"og:url\" content=\"https:\/\/portaltela.pt\/noticias\/2026\/03\/15\/manha-no-parlamento-com-alunos-surpreende-pela-linguagem-utilizada\/\" \/>\n<meta property=\"og:site_name\" content=\"Portal Tela Portugal\" \/>\n<meta property=\"article:published_time\" content=\"2026-03-15T10:21:00+00:00\" \/>\n<meta name=\"author\" content=\"Telinha\" \/>\n<meta name=\"twitter:card\" content=\"summary_large_image\" \/>\n<meta name=\"twitter:label1\" content=\"Escrito por\" \/>\n\t<meta name=\"twitter:data1\" content=\"Telinha\" \/>\n\t<meta name=\"twitter:label2\" content=\"Tempo estimado de leitura\" \/>\n\t<meta name=\"twitter:data2\" content=\"1 minuto\" \/>\n<script type=\"application\/ld+json\" class=\"yoast-schema-graph\">{\"@context\":\"https:\/\/schema.org\",\"@graph\":[{\"@type\":\"Article\",\"@id\":\"https:\/\/portaltela.pt\/noticias\/2026\/03\/15\/manha-no-parlamento-com-alunos-surpreende-pela-linguagem-utilizada\/#article\",\"isPartOf\":{\"@id\":\"https:\/\/portaltela.pt\/noticias\/2026\/03\/15\/manha-no-parlamento-com-alunos-surpreende-pela-linguagem-utilizada\/\"},\"author\":{\"name\":\"Telinha\",\"@id\":\"https:\/\/portaltela.pt\/#\/schema\/person\/c4278d4a6028830caff9ee44b42d32ed\"},\"headline\":\"Manh\u00e3 no Parlamento com alunos surpreende pela linguagem utilizada\",\"datePublished\":\"2026-03-15T10:21:00+00:00\",\"mainEntityOfPage\":{\"@id\":\"https:\/\/portaltela.pt\/noticias\/2026\/03\/15\/manha-no-parlamento-com-alunos-surpreende-pela-linguagem-utilizada\/\"},\"wordCount\":220,\"image\":{\"@id\":\"https:\/\/portaltela.pt\/noticias\/2026\/03\/15\/manha-no-parlamento-com-alunos-surpreende-pela-linguagem-utilizada\/#primaryimage\"},\"thumbnailUrl\":\"https:\/\/portaltela.pt\/s.01k8rhncp4jt1\/2026\/03\/image-62.webp\",\"keywords\":[\"Assembleia Nacional\",\"C\u00f3digo Penal\",\"direito\",\"governo\",\"pol\u00edtica\"],\"articleSection\":[\"Not\u00edcias\",\"Pol\u00edtica\"],\"inLanguage\":\"pt-PT\"},{\"@type\":\"WebPage\",\"@id\":\"https:\/\/portaltela.pt\/noticias\/2026\/03\/15\/manha-no-parlamento-com-alunos-surpreende-pela-linguagem-utilizada\/\",\"url\":\"https:\/\/portaltela.pt\/noticias\/2026\/03\/15\/manha-no-parlamento-com-alunos-surpreende-pela-linguagem-utilizada\/\",\"name\":\"Manh\u00e3 no Parlamento com alunos surpreende pela linguagem utilizada - Portal Tela Portugal\",\"isPartOf\":{\"@id\":\"https:\/\/portaltela.pt\/#website\"},\"primaryImageOfPage\":{\"@id\":\"https:\/\/portaltela.pt\/noticias\/2026\/03\/15\/manha-no-parlamento-com-alunos-surpreende-pela-linguagem-utilizada\/#primaryimage\"},\"image\":{\"@id\":\"https:\/\/portaltela.pt\/noticias\/2026\/03\/15\/manha-no-parlamento-com-alunos-surpreende-pela-linguagem-utilizada\/#primaryimage\"},\"thumbnailUrl\":\"https:\/\/portaltela.pt\/s.01k8rhncp4jt1\/2026\/03\/image-62.webp\",\"datePublished\":\"2026-03-15T10:21:00+00:00\",\"author\":{\"@id\":\"https:\/\/portaltela.pt\/#\/schema\/person\/c4278d4a6028830caff9ee44b42d32ed\"},\"breadcrumb\":{\"@id\":\"https:\/\/portaltela.pt\/noticias\/2026\/03\/15\/manha-no-parlamento-com-alunos-surpreende-pela-linguagem-utilizada\/#breadcrumb\"},\"inLanguage\":\"pt-PT\",\"potentialAction\":[{\"@type\":\"ReadAction\",\"target\":[\"https:\/\/portaltela.pt\/noticias\/2026\/03\/15\/manha-no-parlamento-com-alunos-surpreende-pela-linguagem-utilizada\/\"]}]},{\"@type\":\"ImageObject\",\"inLanguage\":\"pt-PT\",\"@id\":\"https:\/\/portaltela.pt\/noticias\/2026\/03\/15\/manha-no-parlamento-com-alunos-surpreende-pela-linguagem-utilizada\/#primaryimage\",\"url\":\"https:\/\/portaltela.pt\/s.01k8rhncp4jt1\/2026\/03\/image-62.webp\",\"contentUrl\":\"https:\/\/portaltela.pt\/s.01k8rhncp4jt1\/2026\/03\/image-62.webp\",\"width\":1200,\"height\":800,\"caption\":\"Cl\u00e1udia Barra, 17 anos, estuda em \u00c9vora. Um dia mais tarde, quer ser deputada da Assembleia da Rep\u00fablica\"},{\"@type\":\"BreadcrumbList\",\"@id\":\"https:\/\/portaltela.pt\/noticias\/2026\/03\/15\/manha-no-parlamento-com-alunos-surpreende-pela-linguagem-utilizada\/#breadcrumb\",\"itemListElement\":[{\"@type\":\"ListItem\",\"position\":1,\"name\":\"In\u00edcio\",\"item\":\"https:\/\/portaltela.pt\/\"},{\"@type\":\"ListItem\",\"position\":2,\"name\":\"Manh\u00e3 no Parlamento com alunos surpreende pela linguagem utilizada\"}]},{\"@type\":\"WebSite\",\"@id\":\"https:\/\/portaltela.pt\/#website\",\"url\":\"https:\/\/portaltela.pt\/\",\"name\":\"Portal Tela Portugal\",\"description\":\"\",\"potentialAction\":[{\"@type\":\"SearchAction\",\"target\":{\"@type\":\"EntryPoint\",\"urlTemplate\":\"https:\/\/portaltela.pt\/?s={search_term_string}\"},\"query-input\":{\"@type\":\"PropertyValueSpecification\",\"valueRequired\":true,\"valueName\":\"search_term_string\"}}],\"inLanguage\":\"pt-PT\"},{\"@type\":\"Person\",\"@id\":\"https:\/\/portaltela.pt\/#\/schema\/person\/c4278d4a6028830caff9ee44b42d32ed\",\"name\":\"Telinha\",\"image\":{\"@type\":\"ImageObject\",\"inLanguage\":\"pt-PT\",\"@id\":\"https:\/\/portaltela.pt\/s.01k8rhncp4jt1\/2025\/11\/talking-bot-125x125.png\",\"url\":\"https:\/\/portaltela.pt\/s.01k8rhncp4jt1\/2025\/11\/talking-bot-125x125.png\",\"contentUrl\":\"https:\/\/portaltela.pt\/s.01k8rhncp4jt1\/2025\/11\/talking-bot-125x125.png\",\"caption\":\"Telinha\"},\"sameAs\":[\"https:\/\/portaltela.pt\/\"],\"url\":\"https:\/\/portaltela.pt\/por\/367410592786\/\"}]}<\/script>\n<!-- \/ Yoast SEO plugin. -->","yoast_head_json":{"title":"Manh\u00e3 no Parlamento com alunos surpreende pela linguagem utilizada - Portal Tela Portugal","robots":{"index":"index","follow":"follow","max-snippet":"max-snippet:-1","max-image-preview":"max-image-preview:large","max-video-preview":"max-video-preview:-1"},"og_locale":"pt_PT","og_type":"article","og_title":"Manh\u00e3 no Parlamento com alunos surpreende pela linguagem utilizada - Portal Tela Portugal","og_description":"Estudantes assistem pela primeira vez ao plen\u00e1rio da Assembleia da Rep\u00fablica e ficam espantados com o tom do debate. O Parlamento discute uma proposta de lei do Governo que altera o C\u00f3digo de Processo Penal. \u00c0 entrada do deputado do Chega, os alunos trocam olhares entre surpresa e sil\u00eancio, sem entender o comportamento no debate. O deputado do Chega ri durante a interven\u00e7\u00e3o da deputada socialista Isabel Moreira, enquanto outros deputados gesticulam. Os estudantes concluem que o confronto pol\u00edtico parece marcado por agressividade e falta de decoro.","og_url":"https:\/\/portaltela.pt\/noticias\/2026\/03\/15\/manha-no-parlamento-com-alunos-surpreende-pela-linguagem-utilizada\/","og_site_name":"Portal Tela Portugal","article_published_time":"2026-03-15T10:21:00+00:00","author":"Telinha","twitter_card":"summary_large_image","twitter_misc":{"Escrito por":"Telinha","Tempo estimado de leitura":"1 minuto"},"schema":{"@context":"https:\/\/schema.org","@graph":[{"@type":"Article","@id":"https:\/\/portaltela.pt\/noticias\/2026\/03\/15\/manha-no-parlamento-com-alunos-surpreende-pela-linguagem-utilizada\/#article","isPartOf":{"@id":"https:\/\/portaltela.pt\/noticias\/2026\/03\/15\/manha-no-parlamento-com-alunos-surpreende-pela-linguagem-utilizada\/"},"author":{"name":"Telinha","@id":"https:\/\/portaltela.pt\/#\/schema\/person\/c4278d4a6028830caff9ee44b42d32ed"},"headline":"Manh\u00e3 no Parlamento com alunos surpreende pela linguagem utilizada","datePublished":"2026-03-15T10:21:00+00:00","mainEntityOfPage":{"@id":"https:\/\/portaltela.pt\/noticias\/2026\/03\/15\/manha-no-parlamento-com-alunos-surpreende-pela-linguagem-utilizada\/"},"wordCount":220,"image":{"@id":"https:\/\/portaltela.pt\/noticias\/2026\/03\/15\/manha-no-parlamento-com-alunos-surpreende-pela-linguagem-utilizada\/#primaryimage"},"thumbnailUrl":"https:\/\/portaltela.pt\/s.01k8rhncp4jt1\/2026\/03\/image-62.webp","keywords":["Assembleia Nacional","C\u00f3digo Penal","direito","governo","pol\u00edtica"],"articleSection":["Not\u00edcias","Pol\u00edtica"],"inLanguage":"pt-PT"},{"@type":"WebPage","@id":"https:\/\/portaltela.pt\/noticias\/2026\/03\/15\/manha-no-parlamento-com-alunos-surpreende-pela-linguagem-utilizada\/","url":"https:\/\/portaltela.pt\/noticias\/2026\/03\/15\/manha-no-parlamento-com-alunos-surpreende-pela-linguagem-utilizada\/","name":"Manh\u00e3 no Parlamento com alunos surpreende pela linguagem utilizada - Portal Tela Portugal","isPartOf":{"@id":"https:\/\/portaltela.pt\/#website"},"primaryImageOfPage":{"@id":"https:\/\/portaltela.pt\/noticias\/2026\/03\/15\/manha-no-parlamento-com-alunos-surpreende-pela-linguagem-utilizada\/#primaryimage"},"image":{"@id":"https:\/\/portaltela.pt\/noticias\/2026\/03\/15\/manha-no-parlamento-com-alunos-surpreende-pela-linguagem-utilizada\/#primaryimage"},"thumbnailUrl":"https:\/\/portaltela.pt\/s.01k8rhncp4jt1\/2026\/03\/image-62.webp","datePublished":"2026-03-15T10:21:00+00:00","author":{"@id":"https:\/\/portaltela.pt\/#\/schema\/person\/c4278d4a6028830caff9ee44b42d32ed"},"breadcrumb":{"@id":"https:\/\/portaltela.pt\/noticias\/2026\/03\/15\/manha-no-parlamento-com-alunos-surpreende-pela-linguagem-utilizada\/#breadcrumb"},"inLanguage":"pt-PT","potentialAction":[{"@type":"ReadAction","target":["https:\/\/portaltela.pt\/noticias\/2026\/03\/15\/manha-no-parlamento-com-alunos-surpreende-pela-linguagem-utilizada\/"]}]},{"@type":"ImageObject","inLanguage":"pt-PT","@id":"https:\/\/portaltela.pt\/noticias\/2026\/03\/15\/manha-no-parlamento-com-alunos-surpreende-pela-linguagem-utilizada\/#primaryimage","url":"https:\/\/portaltela.pt\/s.01k8rhncp4jt1\/2026\/03\/image-62.webp","contentUrl":"https:\/\/portaltela.pt\/s.01k8rhncp4jt1\/2026\/03\/image-62.webp","width":1200,"height":800,"caption":"Cl\u00e1udia Barra, 17 anos, estuda em \u00c9vora. Um dia mais tarde, quer ser deputada da Assembleia da Rep\u00fablica"},{"@type":"BreadcrumbList","@id":"https:\/\/portaltela.pt\/noticias\/2026\/03\/15\/manha-no-parlamento-com-alunos-surpreende-pela-linguagem-utilizada\/#breadcrumb","itemListElement":[{"@type":"ListItem","position":1,"name":"In\u00edcio","item":"https:\/\/portaltela.pt\/"},{"@type":"ListItem","position":2,"name":"Manh\u00e3 no Parlamento com alunos surpreende pela linguagem utilizada"}]},{"@type":"WebSite","@id":"https:\/\/portaltela.pt\/#website","url":"https:\/\/portaltela.pt\/","name":"Portal Tela Portugal","description":"","potentialAction":[{"@type":"SearchAction","target":{"@type":"EntryPoint","urlTemplate":"https:\/\/portaltela.pt\/?s={search_term_string}"},"query-input":{"@type":"PropertyValueSpecification","valueRequired":true,"valueName":"search_term_string"}}],"inLanguage":"pt-PT"},{"@type":"Person","@id":"https:\/\/portaltela.pt\/#\/schema\/person\/c4278d4a6028830caff9ee44b42d32ed","name":"Telinha","image":{"@type":"ImageObject","inLanguage":"pt-PT","@id":"https:\/\/portaltela.pt\/s.01k8rhncp4jt1\/2025\/11\/talking-bot-125x125.png","url":"https:\/\/portaltela.pt\/s.01k8rhncp4jt1\/2025\/11\/talking-bot-125x125.png","contentUrl":"https:\/\/portaltela.pt\/s.01k8rhncp4jt1\/2025\/11\/talking-bot-125x125.png","caption":"Telinha"},"sameAs":["https:\/\/portaltela.pt\/"],"url":"https:\/\/portaltela.pt\/por\/367410592786\/"}]}},"_links":{"self":[{"href":"https:\/\/portaltela.pt\/api\/wp\/v2\/posts\/410777","targetHints":{"allow":["GET"]}}],"collection":[{"href":"https:\/\/portaltela.pt\/api\/wp\/v2\/posts"}],"about":[{"href":"https:\/\/portaltela.pt\/api\/wp\/v2\/types\/post"}],"author":[{"embeddable":true,"href":"https:\/\/portaltela.pt\/api\/wp\/v2\/users\/2"}],"replies":[{"embeddable":true,"href":"https:\/\/portaltela.pt\/api\/wp\/v2\/comments?post=410777"}],"version-history":[{"count":0,"href":"https:\/\/portaltela.pt\/api\/wp\/v2\/posts\/410777\/revisions"}],"wp:featuredmedia":[{"embeddable":true,"href":"https:\/\/portaltela.pt\/api\/wp\/v2\/media\/410782"}],"wp:attachment":[{"href":"https:\/\/portaltela.pt\/api\/wp\/v2\/media?parent=410777"}],"wp:term":[{"taxonomy":"category","embeddable":true,"href":"https:\/\/portaltela.pt\/api\/wp\/v2\/categories?post=410777"},{"taxonomy":"post_tag","embeddable":true,"href":"https:\/\/portaltela.pt\/api\/wp\/v2\/tags?post=410777"}],"curies":[{"name":"wp","href":"https:\/\/api.w.org\/{rel}","templated":true}]}}