{"id":410761,"date":"2026-03-15T07:00:39","date_gmt":"2026-03-15T10:00:39","guid":{"rendered":"https:\/\/portaltela.pt\/noticias\/2026\/03\/15\/custos-de-atestar-carro-sobem-gasoleo-1475-e-gasolina-9\/"},"modified":"2026-03-15T07:00:39","modified_gmt":"2026-03-15T10:00:39","slug":"custos-de-atestar-carro-sobem-gasoleo-1475-e-gasolina-9","status":"publish","type":"post","link":"https:\/\/portaltela.pt\/noticias\/economia\/2026\/03\/15\/custos-de-atestar-carro-sobem-gasoleo-1475-e-gasolina-9\/","title":{"rendered":"Custos de atestar carro sobem: gas\u00f3leo +14,75\u20ac e gasolina +9\u20ac"},"content":{"rendered":"<p>O custo para encher um dep\u00f3sito de 50 litros aumentou face \u00e0s duas \u00faltimas semanas. Desta vez, a subida \u00e9 atribu\u00edda \u00e0 crise energ\u00e9tica internacional e entra em vigor a partir de segunda-feira.<\/p>\n<p>Segundo o setor, o gas\u00f3leo simples dever\u00e1 subir cerca de 10,5 c\u00eantimos por litro e a gasolina simples 95 cerca de 11 c\u00eantimos. O valor final s\u00f3 fica definido ao final do dia, podendo ainda sofrer altera\u00e7\u00f5es.<\/p>\n<p>Para um carro a gas\u00f3leo, o custo total de abastecimento dever\u00e1 aumentar cerca de 14,75 euros. No caso da gasolina, o acr\u00e9scimo estimado \u00e9 de aproximadamente 9 euros.<\/p>\n<h3>Causa e contexto<\/h3>\n<p>As varia\u00e7\u00f5es refletem impactos de fatores internacionais sobre o pre\u00e7o de refer\u00eancia dos combust\u00edveis, incluindo custos de produ\u00e7\u00e3o e de distribui\u00e7\u00e3o. Os montantes finais dependem da m\u00e9dia di\u00e1ria utilizada pelos postos.<\/p>\n<p>A Queixa dos consumidores aponta para um agravamento progressivo, com novos ajustes ainda por confirmar para o dia seguinte. Fontes do setor indicam que os pre\u00e7os podem oscilar at\u00e9 ao fecho do dia.<\/p>\n<p>Fonte: Neg\u00f3cios.<\/p>\n","protected":false},"excerpt":{"rendered":"<ul>\n<li>Atestar um dep\u00f3sito de 50 litros ficar\u00e1 aproximadamente 14,75 euros mais caro no gas\u00f3leo e 9 euros na gasolina.<\/li>\n<li>A subida soma-se aos aumentos j\u00e1 registados no in\u00edcio da semana.<\/li>\n<li>A partir de segunda-feira, os postos v\u00e3o refletir os efeitos da crise energ\u00e9tica internacional.<\/li>\n<li>O gas\u00f3leo simples deve subir cerca de 10,5 c\u00eantimos por litro; a gasolina simples 95, cerca de 11 c\u00eantimos.<\/li>\n<li>A m\u00e9dia final pode ainda sofrer altera\u00e7\u00f5es ao longo do dia.<\/li>\n<\/ul>\n","protected":false},"author":2,"featured_media":410764,"comment_status":"closed","ping_status":"closed","sticky":false,"template":"","format":"standard","meta":{"footnotes":""},"categories":[2,6735],"tags":[6115,4729,28,174,1689,1690],"class_list":["post-410761","post","type-post","status-publish","format-standard","has-post-thumbnail","hentry","category-economia","category-negocios","tag-_economia","tag-abastecimento-de-energia","tag-economia","tag-energia","tag-gasoleo-colorido","tag-gasoleo-rodoviario"],"yoast_head":"<!-- This site is optimized with the Yoast SEO plugin v27.2 - https:\/\/yoast.com\/product\/yoast-seo-wordpress\/ -->\n<title>Custos de atestar carro sobem: gas\u00f3leo +14,75\u20ac e gasolina +9\u20ac - Portal Tela Portugal<\/title>\n<meta name=\"robots\" content=\"index, follow, max-snippet:-1, max-image-preview:large, max-video-preview:-1\" \/>\n<meta property=\"og:locale\" content=\"pt_PT\" \/>\n<meta property=\"og:type\" content=\"article\" \/>\n<meta property=\"og:title\" content=\"Custos de atestar carro sobem: gas\u00f3leo +14,75\u20ac e gasolina +9\u20ac - Portal Tela Portugal\" \/>\n<meta property=\"og:description\" content=\"Atestar um dep\u00f3sito de 50 litros ficar\u00e1 aproximadamente 14,75 euros mais caro no gas\u00f3leo e 9 euros na gasolina. A subida soma-se aos aumentos j\u00e1 registados no in\u00edcio da semana. A partir de segunda-feira, os postos v\u00e3o refletir os efeitos da crise energ\u00e9tica internacional. O gas\u00f3leo simples deve subir cerca de 10,5 c\u00eantimos por litro; a gasolina simples 95, cerca de 11 c\u00eantimos. A m\u00e9dia final pode ainda sofrer altera\u00e7\u00f5es ao longo do dia.\" \/>\n<meta property=\"og:url\" content=\"https:\/\/portaltela.pt\/noticias\/2026\/03\/15\/custos-de-atestar-carro-sobem-gasoleo-1475-e-gasolina-9\/\" \/>\n<meta property=\"og:site_name\" content=\"Portal Tela Portugal\" \/>\n<meta property=\"article:published_time\" content=\"2026-03-15T10:00:39+00:00\" \/>\n<meta name=\"author\" content=\"Telinha\" \/>\n<meta name=\"twitter:card\" content=\"summary_large_image\" \/>\n<meta name=\"twitter:label1\" content=\"Escrito por\" \/>\n\t<meta name=\"twitter:data1\" content=\"Telinha\" \/>\n\t<meta name=\"twitter:label2\" content=\"Tempo estimado de leitura\" \/>\n\t<meta name=\"twitter:data2\" content=\"1 minuto\" \/>\n<script type=\"application\/ld+json\" class=\"yoast-schema-graph\">{\"@context\":\"https:\/\/schema.org\",\"@graph\":[{\"@type\":\"Article\",\"@id\":\"https:\/\/portaltela.pt\/noticias\/2026\/03\/15\/custos-de-atestar-carro-sobem-gasoleo-1475-e-gasolina-9\/#article\",\"isPartOf\":{\"@id\":\"https:\/\/portaltela.pt\/noticias\/2026\/03\/15\/custos-de-atestar-carro-sobem-gasoleo-1475-e-gasolina-9\/\"},\"author\":{\"name\":\"Telinha\",\"@id\":\"https:\/\/portaltela.pt\/#\/schema\/person\/c4278d4a6028830caff9ee44b42d32ed\"},\"headline\":\"Custos de atestar carro sobem: gas\u00f3leo +14,75\u20ac e gasolina +9\u20ac\",\"datePublished\":\"2026-03-15T10:00:39+00:00\",\"mainEntityOfPage\":{\"@id\":\"https:\/\/portaltela.pt\/noticias\/2026\/03\/15\/custos-de-atestar-carro-sobem-gasoleo-1475-e-gasolina-9\/\"},\"wordCount\":186,\"image\":{\"@id\":\"https:\/\/portaltela.pt\/noticias\/2026\/03\/15\/custos-de-atestar-carro-sobem-gasoleo-1475-e-gasolina-9\/#primaryimage\"},\"thumbnailUrl\":\"https:\/\/portaltela.pt\/s.01k8rhncp4jt1\/2026\/03\/img_920x518uu2026-03-10-12-06-32-2425978-im-639087412081707606.jpg\",\"keywords\":[\"_economia\",\"abastecimento de energia\",\"economia\",\"energia\",\"gas\u00f3leo colorido\",\"Gas\u00f3leo rodovi\u00e1rio\"],\"articleSection\":[\"Economia\",\"Neg\u00f3cios\"],\"inLanguage\":\"pt-PT\"},{\"@type\":\"WebPage\",\"@id\":\"https:\/\/portaltela.pt\/noticias\/2026\/03\/15\/custos-de-atestar-carro-sobem-gasoleo-1475-e-gasolina-9\/\",\"url\":\"https:\/\/portaltela.pt\/noticias\/2026\/03\/15\/custos-de-atestar-carro-sobem-gasoleo-1475-e-gasolina-9\/\",\"name\":\"Custos de atestar carro sobem: gas\u00f3leo +14,75\u20ac e gasolina +9\u20ac - Portal Tela Portugal\",\"isPartOf\":{\"@id\":\"https:\/\/portaltela.pt\/#website\"},\"primaryImageOfPage\":{\"@id\":\"https:\/\/portaltela.pt\/noticias\/2026\/03\/15\/custos-de-atestar-carro-sobem-gasoleo-1475-e-gasolina-9\/#primaryimage\"},\"image\":{\"@id\":\"https:\/\/portaltela.pt\/noticias\/2026\/03\/15\/custos-de-atestar-carro-sobem-gasoleo-1475-e-gasolina-9\/#primaryimage\"},\"thumbnailUrl\":\"https:\/\/portaltela.pt\/s.01k8rhncp4jt1\/2026\/03\/img_920x518uu2026-03-10-12-06-32-2425978-im-639087412081707606.jpg\",\"datePublished\":\"2026-03-15T10:00:39+00:00\",\"author\":{\"@id\":\"https:\/\/portaltela.pt\/#\/schema\/person\/c4278d4a6028830caff9ee44b42d32ed\"},\"breadcrumb\":{\"@id\":\"https:\/\/portaltela.pt\/noticias\/2026\/03\/15\/custos-de-atestar-carro-sobem-gasoleo-1475-e-gasolina-9\/#breadcrumb\"},\"inLanguage\":\"pt-PT\",\"potentialAction\":[{\"@type\":\"ReadAction\",\"target\":[\"https:\/\/portaltela.pt\/noticias\/2026\/03\/15\/custos-de-atestar-carro-sobem-gasoleo-1475-e-gasolina-9\/\"]}]},{\"@type\":\"ImageObject\",\"inLanguage\":\"pt-PT\",\"@id\":\"https:\/\/portaltela.pt\/noticias\/2026\/03\/15\/custos-de-atestar-carro-sobem-gasoleo-1475-e-gasolina-9\/#primaryimage\",\"url\":\"https:\/\/portaltela.pt\/s.01k8rhncp4jt1\/2026\/03\/img_920x518uu2026-03-10-12-06-32-2425978-im-639087412081707606.jpg\",\"contentUrl\":\"https:\/\/portaltela.pt\/s.01k8rhncp4jt1\/2026\/03\/img_920x518uu2026-03-10-12-06-32-2425978-im-639087412081707606.jpg\",\"width\":796,\"height\":448,\"caption\":\"Bomba de combust\u00edvel\"},{\"@type\":\"BreadcrumbList\",\"@id\":\"https:\/\/portaltela.pt\/noticias\/2026\/03\/15\/custos-de-atestar-carro-sobem-gasoleo-1475-e-gasolina-9\/#breadcrumb\",\"itemListElement\":[{\"@type\":\"ListItem\",\"position\":1,\"name\":\"In\u00edcio\",\"item\":\"https:\/\/portaltela.pt\/\"},{\"@type\":\"ListItem\",\"position\":2,\"name\":\"Custos de atestar carro sobem: gas\u00f3leo +14,75\u20ac e gasolina +9\u20ac\"}]},{\"@type\":\"WebSite\",\"@id\":\"https:\/\/portaltela.pt\/#website\",\"url\":\"https:\/\/portaltela.pt\/\",\"name\":\"Portal Tela Portugal\",\"description\":\"\",\"potentialAction\":[{\"@type\":\"SearchAction\",\"target\":{\"@type\":\"EntryPoint\",\"urlTemplate\":\"https:\/\/portaltela.pt\/?s={search_term_string}\"},\"query-input\":{\"@type\":\"PropertyValueSpecification\",\"valueRequired\":true,\"valueName\":\"search_term_string\"}}],\"inLanguage\":\"pt-PT\"},{\"@type\":\"Person\",\"@id\":\"https:\/\/portaltela.pt\/#\/schema\/person\/c4278d4a6028830caff9ee44b42d32ed\",\"name\":\"Telinha\",\"image\":{\"@type\":\"ImageObject\",\"inLanguage\":\"pt-PT\",\"@id\":\"https:\/\/portaltela.pt\/s.01k8rhncp4jt1\/2025\/11\/talking-bot-125x125.png\",\"url\":\"https:\/\/portaltela.pt\/s.01k8rhncp4jt1\/2025\/11\/talking-bot-125x125.png\",\"contentUrl\":\"https:\/\/portaltela.pt\/s.01k8rhncp4jt1\/2025\/11\/talking-bot-125x125.png\",\"caption\":\"Telinha\"},\"sameAs\":[\"https:\/\/portaltela.pt\/\"],\"url\":\"https:\/\/portaltela.pt\/por\/367410592786\/\"}]}<\/script>\n<!-- \/ Yoast SEO plugin. -->","yoast_head_json":{"title":"Custos de atestar carro sobem: gas\u00f3leo +14,75\u20ac e gasolina +9\u20ac - Portal Tela Portugal","robots":{"index":"index","follow":"follow","max-snippet":"max-snippet:-1","max-image-preview":"max-image-preview:large","max-video-preview":"max-video-preview:-1"},"og_locale":"pt_PT","og_type":"article","og_title":"Custos de atestar carro sobem: gas\u00f3leo +14,75\u20ac e gasolina +9\u20ac - Portal Tela Portugal","og_description":"Atestar um dep\u00f3sito de 50 litros ficar\u00e1 aproximadamente 14,75 euros mais caro no gas\u00f3leo e 9 euros na gasolina. A subida soma-se aos aumentos j\u00e1 registados no in\u00edcio da semana. A partir de segunda-feira, os postos v\u00e3o refletir os efeitos da crise energ\u00e9tica internacional. O gas\u00f3leo simples deve subir cerca de 10,5 c\u00eantimos por litro; a gasolina simples 95, cerca de 11 c\u00eantimos. A m\u00e9dia final pode ainda sofrer altera\u00e7\u00f5es ao longo do dia.","og_url":"https:\/\/portaltela.pt\/noticias\/2026\/03\/15\/custos-de-atestar-carro-sobem-gasoleo-1475-e-gasolina-9\/","og_site_name":"Portal Tela Portugal","article_published_time":"2026-03-15T10:00:39+00:00","author":"Telinha","twitter_card":"summary_large_image","twitter_misc":{"Escrito por":"Telinha","Tempo estimado de leitura":"1 minuto"},"schema":{"@context":"https:\/\/schema.org","@graph":[{"@type":"Article","@id":"https:\/\/portaltela.pt\/noticias\/2026\/03\/15\/custos-de-atestar-carro-sobem-gasoleo-1475-e-gasolina-9\/#article","isPartOf":{"@id":"https:\/\/portaltela.pt\/noticias\/2026\/03\/15\/custos-de-atestar-carro-sobem-gasoleo-1475-e-gasolina-9\/"},"author":{"name":"Telinha","@id":"https:\/\/portaltela.pt\/#\/schema\/person\/c4278d4a6028830caff9ee44b42d32ed"},"headline":"Custos de atestar carro sobem: gas\u00f3leo +14,75\u20ac e gasolina +9\u20ac","datePublished":"2026-03-15T10:00:39+00:00","mainEntityOfPage":{"@id":"https:\/\/portaltela.pt\/noticias\/2026\/03\/15\/custos-de-atestar-carro-sobem-gasoleo-1475-e-gasolina-9\/"},"wordCount":186,"image":{"@id":"https:\/\/portaltela.pt\/noticias\/2026\/03\/15\/custos-de-atestar-carro-sobem-gasoleo-1475-e-gasolina-9\/#primaryimage"},"thumbnailUrl":"https:\/\/portaltela.pt\/s.01k8rhncp4jt1\/2026\/03\/img_920x518uu2026-03-10-12-06-32-2425978-im-639087412081707606.jpg","keywords":["_economia","abastecimento de energia","economia","energia","gas\u00f3leo colorido","Gas\u00f3leo rodovi\u00e1rio"],"articleSection":["Economia","Neg\u00f3cios"],"inLanguage":"pt-PT"},{"@type":"WebPage","@id":"https:\/\/portaltela.pt\/noticias\/2026\/03\/15\/custos-de-atestar-carro-sobem-gasoleo-1475-e-gasolina-9\/","url":"https:\/\/portaltela.pt\/noticias\/2026\/03\/15\/custos-de-atestar-carro-sobem-gasoleo-1475-e-gasolina-9\/","name":"Custos de atestar carro sobem: gas\u00f3leo +14,75\u20ac e gasolina +9\u20ac - Portal Tela Portugal","isPartOf":{"@id":"https:\/\/portaltela.pt\/#website"},"primaryImageOfPage":{"@id":"https:\/\/portaltela.pt\/noticias\/2026\/03\/15\/custos-de-atestar-carro-sobem-gasoleo-1475-e-gasolina-9\/#primaryimage"},"image":{"@id":"https:\/\/portaltela.pt\/noticias\/2026\/03\/15\/custos-de-atestar-carro-sobem-gasoleo-1475-e-gasolina-9\/#primaryimage"},"thumbnailUrl":"https:\/\/portaltela.pt\/s.01k8rhncp4jt1\/2026\/03\/img_920x518uu2026-03-10-12-06-32-2425978-im-639087412081707606.jpg","datePublished":"2026-03-15T10:00:39+00:00","author":{"@id":"https:\/\/portaltela.pt\/#\/schema\/person\/c4278d4a6028830caff9ee44b42d32ed"},"breadcrumb":{"@id":"https:\/\/portaltela.pt\/noticias\/2026\/03\/15\/custos-de-atestar-carro-sobem-gasoleo-1475-e-gasolina-9\/#breadcrumb"},"inLanguage":"pt-PT","potentialAction":[{"@type":"ReadAction","target":["https:\/\/portaltela.pt\/noticias\/2026\/03\/15\/custos-de-atestar-carro-sobem-gasoleo-1475-e-gasolina-9\/"]}]},{"@type":"ImageObject","inLanguage":"pt-PT","@id":"https:\/\/portaltela.pt\/noticias\/2026\/03\/15\/custos-de-atestar-carro-sobem-gasoleo-1475-e-gasolina-9\/#primaryimage","url":"https:\/\/portaltela.pt\/s.01k8rhncp4jt1\/2026\/03\/img_920x518uu2026-03-10-12-06-32-2425978-im-639087412081707606.jpg","contentUrl":"https:\/\/portaltela.pt\/s.01k8rhncp4jt1\/2026\/03\/img_920x518uu2026-03-10-12-06-32-2425978-im-639087412081707606.jpg","width":796,"height":448,"caption":"Bomba de combust\u00edvel"},{"@type":"BreadcrumbList","@id":"https:\/\/portaltela.pt\/noticias\/2026\/03\/15\/custos-de-atestar-carro-sobem-gasoleo-1475-e-gasolina-9\/#breadcrumb","itemListElement":[{"@type":"ListItem","position":1,"name":"In\u00edcio","item":"https:\/\/portaltela.pt\/"},{"@type":"ListItem","position":2,"name":"Custos de atestar carro sobem: gas\u00f3leo +14,75\u20ac e gasolina +9\u20ac"}]},{"@type":"WebSite","@id":"https:\/\/portaltela.pt\/#website","url":"https:\/\/portaltela.pt\/","name":"Portal Tela Portugal","description":"","potentialAction":[{"@type":"SearchAction","target":{"@type":"EntryPoint","urlTemplate":"https:\/\/portaltela.pt\/?s={search_term_string}"},"query-input":{"@type":"PropertyValueSpecification","valueRequired":true,"valueName":"search_term_string"}}],"inLanguage":"pt-PT"},{"@type":"Person","@id":"https:\/\/portaltela.pt\/#\/schema\/person\/c4278d4a6028830caff9ee44b42d32ed","name":"Telinha","image":{"@type":"ImageObject","inLanguage":"pt-PT","@id":"https:\/\/portaltela.pt\/s.01k8rhncp4jt1\/2025\/11\/talking-bot-125x125.png","url":"https:\/\/portaltela.pt\/s.01k8rhncp4jt1\/2025\/11\/talking-bot-125x125.png","contentUrl":"https:\/\/portaltela.pt\/s.01k8rhncp4jt1\/2025\/11\/talking-bot-125x125.png","caption":"Telinha"},"sameAs":["https:\/\/portaltela.pt\/"],"url":"https:\/\/portaltela.pt\/por\/367410592786\/"}]}},"_links":{"self":[{"href":"https:\/\/portaltela.pt\/api\/wp\/v2\/posts\/410761","targetHints":{"allow":["GET"]}}],"collection":[{"href":"https:\/\/portaltela.pt\/api\/wp\/v2\/posts"}],"about":[{"href":"https:\/\/portaltela.pt\/api\/wp\/v2\/types\/post"}],"author":[{"embeddable":true,"href":"https:\/\/portaltela.pt\/api\/wp\/v2\/users\/2"}],"replies":[{"embeddable":true,"href":"https:\/\/portaltela.pt\/api\/wp\/v2\/comments?post=410761"}],"version-history":[{"count":0,"href":"https:\/\/portaltela.pt\/api\/wp\/v2\/posts\/410761\/revisions"}],"wp:featuredmedia":[{"embeddable":true,"href":"https:\/\/portaltela.pt\/api\/wp\/v2\/media\/410764"}],"wp:attachment":[{"href":"https:\/\/portaltela.pt\/api\/wp\/v2\/media?parent=410761"}],"wp:term":[{"taxonomy":"category","embeddable":true,"href":"https:\/\/portaltela.pt\/api\/wp\/v2\/categories?post=410761"},{"taxonomy":"post_tag","embeddable":true,"href":"https:\/\/portaltela.pt\/api\/wp\/v2\/tags?post=410761"}],"curies":[{"name":"wp","href":"https:\/\/api.w.org\/{rel}","templated":true}]}}