{"id":410749,"date":"2026-03-15T07:02:04","date_gmt":"2026-03-15T10:02:04","guid":{"rendered":"https:\/\/portaltela.pt\/noticias\/2026\/03\/15\/irao-reage-a-ameaca-dos-eua-com-novos-ataques-a-paises-do-golfo\/"},"modified":"2026-03-15T07:02:04","modified_gmt":"2026-03-15T10:02:04","slug":"irao-reage-a-ameaca-dos-eua-com-novos-ataques-a-paises-do-golfo","status":"publish","type":"post","link":"https:\/\/portaltela.pt\/noticias\/2026\/03\/15\/irao-reage-a-ameaca-dos-eua-com-novos-ataques-a-paises-do-golfo\/","title":{"rendered":"Ir\u00e3o reage \u00e0 amea\u00e7a dos EUA com novos ataques a pa\u00edses do Golfo"},"content":{"rendered":"<p>O Ir\u00e3o amea\u00e7ou alargar a sua campanha e pediu a evacua\u00e7\u00e3o de tr\u00eas grandes portos nos Emirados \u00c1rabes Unidos, numa escalada de ret\u00f3rica que seguiu ataques e contramedidas entre Teer\u00e3o e o bloco Ocidente. Os pa\u00edses do Golfo responderam com avisos p\u00fablicos de intercepta\u00e7\u00e3o de proj\u00e9teis que se aproximavam. A escalada intensificou-se num momento em que o petr\u00f3leo permanece sens\u00edvel ao desequil\u00edbrio regional.<\/p>\n<p>No s\u00e1bado, o Ir\u00e3o acusou os EUA de utilizar portos e docas dos Emirados para lan\u00e7ar ataques contra a ilha de Kharg, onde fica o principal terminal de exporta\u00e7\u00e3o iraniano. Washington negou envolvimento direto e n\u00e3o disponibilizou provas. Os EUA n\u00e3o confirmaram nem negaram a\u00e7\u00f5es militares contra o Ir\u00e3o nesta fase.<\/p>\n<p>O Bahrein, a Ar\u00e1bia Saudita e os Emirados anunciaram intercepta\u00e7\u00f5es a alvos atingidos a partir do Ir\u00e3o, com fumo vis\u00edvel em v\u00e1rias \u00e1reas. A Ar\u00e1bia Saudita afirmou ter destru\u00eddo 10 drones sobre Riade e a regi\u00e3o oriental. O Bahrein indicou ter interceptado 125 m\u00edsseis e 203 drones desde o in\u00edcio do conflito.<\/p>\n<p>Os acontecimentos levaram ao cancelamento de corridas de F\u00f3rmula 1 previstas para abril no Bahrein e na Ar\u00e1bia Saudita, segundo o organismo que regula o desporto motorizado. Fontes oficiais n\u00e3o detalharam locais de danos ou v\u00edtimas adicionais.<\/p>\n<p>A escalada tamb\u00e9m afetou mercados, com o pre\u00e7o do petr\u00f3leo a oscilar em resposta ao temor de interrup\u00e7\u00f5es de abastecimento no Estreito de Ormuz. Organiza\u00e7\u00f5es internacionais pedem conten\u00e7\u00e3o e observ\u00e2ncia do direito internacional para evitar um embate mais amplo.<\/p>\n<p>Apesar dos ataques, muitos pa\u00edses do Golfo que acolhem bases dos EUA negam ter autorizado opera\u00e7\u00f5es contra o Ir\u00e3o. O contencioso entre Teer\u00e3o e Washington continua a dominar a regi\u00e3o, com relatos conflitantes sobre a extens\u00e3o das hostilidades e a coopera\u00e7\u00e3o regional.<\/p>\n","protected":false},"excerpt":{"rendered":"<ul>\n<li>O Ir\u00e3o pediu a evacua\u00e7\u00e3o de tr\u00eas portos nos Emirados \u00c1rabes Unidos e amea\u00e7ou alargar a sua campanha, depois de o Bahrein, Ar\u00e1bia Saudita e Emirados anunciarem que iam interceptar proj\u00e9teis que se aproximavam.<\/li>\n<li>A Ar\u00e1bia Saudita disse ter interceptado e destru\u00eddo dez drones que sobrevoavam Riade e a regi\u00e3o oriental do reino.<\/li>\n<li>O Bahrein afirmou ter intercetado cento e vinte e cinco m\u00edsseis e duzentos e tr\u00eas drones desde o in\u00edcio dos ataques.<\/li>\n<li>As corridas de F\u00f3rmula 1 marcadas para abril no Bahrein e na Ar\u00e1bia Saudita foram canceladas devido ao conflito.<\/li>\n<li>Um drone iraniano intercetado deixou destro\u00e7os que atingiram uma instala\u00e7\u00e3o petrol\u00edfera em Fujairah, nos Emirados \u00c1rabes Unidos, gerando fogo e fumo; os detalhes sobre o local n\u00e3o foram especificados.<\/li>\n<\/ul>\n","protected":false},"author":2,"featured_media":410754,"comment_status":"closed","ping_status":"closed","sticky":false,"template":"","format":"standard","meta":{"footnotes":""},"categories":[6790,1],"tags":[1016,6492,2198,2370,3153,5698],"class_list":["post-410749","post","type-post","status-publish","format-standard","has-post-thumbnail","hentry","category-conflitos","category-noticias","tag-arabia-saudita","tag-bahrein","tag-conflitos-internacionais","tag-emirados-arabes-unidos","tag-ira","tag-politica-internacional"],"yoast_head":"<!-- This site is optimized with the Yoast SEO plugin v27.2 - https:\/\/yoast.com\/product\/yoast-seo-wordpress\/ -->\n<title>Ir\u00e3o reage \u00e0 amea\u00e7a dos EUA com novos ataques a pa\u00edses do Golfo - Portal Tela Portugal<\/title>\n<meta name=\"robots\" content=\"index, follow, max-snippet:-1, max-image-preview:large, max-video-preview:-1\" \/>\n<meta property=\"og:locale\" content=\"pt_PT\" \/>\n<meta property=\"og:type\" content=\"article\" \/>\n<meta property=\"og:title\" content=\"Ir\u00e3o reage \u00e0 amea\u00e7a dos EUA com novos ataques a pa\u00edses do Golfo - Portal Tela Portugal\" \/>\n<meta property=\"og:description\" content=\"O Ir\u00e3o pediu a evacua\u00e7\u00e3o de tr\u00eas portos nos Emirados \u00c1rabes Unidos e amea\u00e7ou alargar a sua campanha, depois de o Bahrein, Ar\u00e1bia Saudita e Emirados anunciarem que iam interceptar proj\u00e9teis que se aproximavam. A Ar\u00e1bia Saudita disse ter interceptado e destru\u00eddo dez drones que sobrevoavam Riade e a regi\u00e3o oriental do reino. O Bahrein afirmou ter intercetado cento e vinte e cinco m\u00edsseis e duzentos e tr\u00eas drones desde o in\u00edcio dos ataques. As corridas de F\u00f3rmula 1 marcadas para abril no Bahrein e na Ar\u00e1bia Saudita foram canceladas devido ao conflito. Um drone iraniano intercetado deixou destro\u00e7os que atingiram uma instala\u00e7\u00e3o petrol\u00edfera em Fujairah, nos Emirados \u00c1rabes Unidos, gerando fogo e fumo; os detalhes sobre o local n\u00e3o foram especificados.\" \/>\n<meta property=\"og:url\" content=\"https:\/\/portaltela.pt\/noticias\/2026\/03\/15\/irao-reage-a-ameaca-dos-eua-com-novos-ataques-a-paises-do-golfo\/\" \/>\n<meta property=\"og:site_name\" content=\"Portal Tela Portugal\" \/>\n<meta property=\"article:published_time\" content=\"2026-03-15T10:02:04+00:00\" \/>\n<meta name=\"author\" content=\"Telinha\" \/>\n<meta name=\"twitter:card\" content=\"summary_large_image\" \/>\n<meta name=\"twitter:label1\" content=\"Escrito por\" \/>\n\t<meta name=\"twitter:data1\" content=\"Telinha\" \/>\n\t<meta name=\"twitter:label2\" content=\"Tempo estimado de leitura\" \/>\n\t<meta name=\"twitter:data2\" content=\"2 minutos\" \/>\n<script type=\"application\/ld+json\" class=\"yoast-schema-graph\">{\"@context\":\"https:\/\/schema.org\",\"@graph\":[{\"@type\":\"Article\",\"@id\":\"https:\/\/portaltela.pt\/noticias\/2026\/03\/15\/irao-reage-a-ameaca-dos-eua-com-novos-ataques-a-paises-do-golfo\/#article\",\"isPartOf\":{\"@id\":\"https:\/\/portaltela.pt\/noticias\/2026\/03\/15\/irao-reage-a-ameaca-dos-eua-com-novos-ataques-a-paises-do-golfo\/\"},\"author\":{\"name\":\"Telinha\",\"@id\":\"https:\/\/portaltela.pt\/#\/schema\/person\/c4278d4a6028830caff9ee44b42d32ed\"},\"headline\":\"Ir\u00e3o reage \u00e0 amea\u00e7a dos EUA com novos ataques a pa\u00edses do Golfo\",\"datePublished\":\"2026-03-15T10:02:04+00:00\",\"mainEntityOfPage\":{\"@id\":\"https:\/\/portaltela.pt\/noticias\/2026\/03\/15\/irao-reage-a-ameaca-dos-eua-com-novos-ataques-a-paises-do-golfo\/\"},\"wordCount\":344,\"image\":{\"@id\":\"https:\/\/portaltela.pt\/noticias\/2026\/03\/15\/irao-reage-a-ameaca-dos-eua-com-novos-ataques-a-paises-do-golfo\/#primaryimage\"},\"thumbnailUrl\":\"https:\/\/portaltela.pt\/s.01k8rhncp4jt1\/2026\/03\/1536x864_cmsv2_c3a81bcc-553f-51ac-ba47-e0062aea2f3c-9686146.jpg\",\"keywords\":[\"Ar\u00e1bia Saudita\",\"Bahrein\",\"conflitos internacionais\",\"Emirados \u00c1rabes Unidos\",\"Ir\u00e3\",\"pol\u00edtica internacional\"],\"articleSection\":[\"Conflitos\",\"Not\u00edcias\"],\"inLanguage\":\"pt-PT\"},{\"@type\":\"WebPage\",\"@id\":\"https:\/\/portaltela.pt\/noticias\/2026\/03\/15\/irao-reage-a-ameaca-dos-eua-com-novos-ataques-a-paises-do-golfo\/\",\"url\":\"https:\/\/portaltela.pt\/noticias\/2026\/03\/15\/irao-reage-a-ameaca-dos-eua-com-novos-ataques-a-paises-do-golfo\/\",\"name\":\"Ir\u00e3o reage \u00e0 amea\u00e7a dos EUA com novos ataques a pa\u00edses do Golfo - Portal Tela Portugal\",\"isPartOf\":{\"@id\":\"https:\/\/portaltela.pt\/#website\"},\"primaryImageOfPage\":{\"@id\":\"https:\/\/portaltela.pt\/noticias\/2026\/03\/15\/irao-reage-a-ameaca-dos-eua-com-novos-ataques-a-paises-do-golfo\/#primaryimage\"},\"image\":{\"@id\":\"https:\/\/portaltela.pt\/noticias\/2026\/03\/15\/irao-reage-a-ameaca-dos-eua-com-novos-ataques-a-paises-do-golfo\/#primaryimage\"},\"thumbnailUrl\":\"https:\/\/portaltela.pt\/s.01k8rhncp4jt1\/2026\/03\/1536x864_cmsv2_c3a81bcc-553f-51ac-ba47-e0062aea2f3c-9686146.jpg\",\"datePublished\":\"2026-03-15T10:02:04+00:00\",\"author\":{\"@id\":\"https:\/\/portaltela.pt\/#\/schema\/person\/c4278d4a6028830caff9ee44b42d32ed\"},\"breadcrumb\":{\"@id\":\"https:\/\/portaltela.pt\/noticias\/2026\/03\/15\/irao-reage-a-ameaca-dos-eua-com-novos-ataques-a-paises-do-golfo\/#breadcrumb\"},\"inLanguage\":\"pt-PT\",\"potentialAction\":[{\"@type\":\"ReadAction\",\"target\":[\"https:\/\/portaltela.pt\/noticias\/2026\/03\/15\/irao-reage-a-ameaca-dos-eua-com-novos-ataques-a-paises-do-golfo\/\"]}]},{\"@type\":\"ImageObject\",\"inLanguage\":\"pt-PT\",\"@id\":\"https:\/\/portaltela.pt\/noticias\/2026\/03\/15\/irao-reage-a-ameaca-dos-eua-com-novos-ataques-a-paises-do-golfo\/#primaryimage\",\"url\":\"https:\/\/portaltela.pt\/s.01k8rhncp4jt1\/2026\/03\/1536x864_cmsv2_c3a81bcc-553f-51ac-ba47-e0062aea2f3c-9686146.jpg\",\"contentUrl\":\"https:\/\/portaltela.pt\/s.01k8rhncp4jt1\/2026\/03\/1536x864_cmsv2_c3a81bcc-553f-51ac-ba47-e0062aea2f3c-9686146.jpg\",\"width\":796,\"height\":448,\"caption\":\"Inc\u00eandio e nuvens de fumo saem de uma instala\u00e7\u00e3o petrol\u00edfera em Fujairah, Emirados \u00c1rabes Unidos, s\u00e1bado, 14 de mar\u00e7o de 2026.\"},{\"@type\":\"BreadcrumbList\",\"@id\":\"https:\/\/portaltela.pt\/noticias\/2026\/03\/15\/irao-reage-a-ameaca-dos-eua-com-novos-ataques-a-paises-do-golfo\/#breadcrumb\",\"itemListElement\":[{\"@type\":\"ListItem\",\"position\":1,\"name\":\"In\u00edcio\",\"item\":\"https:\/\/portaltela.pt\/\"},{\"@type\":\"ListItem\",\"position\":2,\"name\":\"Ir\u00e3o reage \u00e0 amea\u00e7a dos EUA com novos ataques a pa\u00edses do Golfo\"}]},{\"@type\":\"WebSite\",\"@id\":\"https:\/\/portaltela.pt\/#website\",\"url\":\"https:\/\/portaltela.pt\/\",\"name\":\"Portal Tela Portugal\",\"description\":\"\",\"potentialAction\":[{\"@type\":\"SearchAction\",\"target\":{\"@type\":\"EntryPoint\",\"urlTemplate\":\"https:\/\/portaltela.pt\/?s={search_term_string}\"},\"query-input\":{\"@type\":\"PropertyValueSpecification\",\"valueRequired\":true,\"valueName\":\"search_term_string\"}}],\"inLanguage\":\"pt-PT\"},{\"@type\":\"Person\",\"@id\":\"https:\/\/portaltela.pt\/#\/schema\/person\/c4278d4a6028830caff9ee44b42d32ed\",\"name\":\"Telinha\",\"image\":{\"@type\":\"ImageObject\",\"inLanguage\":\"pt-PT\",\"@id\":\"https:\/\/portaltela.pt\/s.01k8rhncp4jt1\/2025\/11\/talking-bot-125x125.png\",\"url\":\"https:\/\/portaltela.pt\/s.01k8rhncp4jt1\/2025\/11\/talking-bot-125x125.png\",\"contentUrl\":\"https:\/\/portaltela.pt\/s.01k8rhncp4jt1\/2025\/11\/talking-bot-125x125.png\",\"caption\":\"Telinha\"},\"sameAs\":[\"https:\/\/portaltela.pt\/\"],\"url\":\"https:\/\/portaltela.pt\/por\/367410592786\/\"}]}<\/script>\n<!-- \/ Yoast SEO plugin. -->","yoast_head_json":{"title":"Ir\u00e3o reage \u00e0 amea\u00e7a dos EUA com novos ataques a pa\u00edses do Golfo - Portal Tela Portugal","robots":{"index":"index","follow":"follow","max-snippet":"max-snippet:-1","max-image-preview":"max-image-preview:large","max-video-preview":"max-video-preview:-1"},"og_locale":"pt_PT","og_type":"article","og_title":"Ir\u00e3o reage \u00e0 amea\u00e7a dos EUA com novos ataques a pa\u00edses do Golfo - Portal Tela Portugal","og_description":"O Ir\u00e3o pediu a evacua\u00e7\u00e3o de tr\u00eas portos nos Emirados \u00c1rabes Unidos e amea\u00e7ou alargar a sua campanha, depois de o Bahrein, Ar\u00e1bia Saudita e Emirados anunciarem que iam interceptar proj\u00e9teis que se aproximavam. A Ar\u00e1bia Saudita disse ter interceptado e destru\u00eddo dez drones que sobrevoavam Riade e a regi\u00e3o oriental do reino. O Bahrein afirmou ter intercetado cento e vinte e cinco m\u00edsseis e duzentos e tr\u00eas drones desde o in\u00edcio dos ataques. As corridas de F\u00f3rmula 1 marcadas para abril no Bahrein e na Ar\u00e1bia Saudita foram canceladas devido ao conflito. Um drone iraniano intercetado deixou destro\u00e7os que atingiram uma instala\u00e7\u00e3o petrol\u00edfera em Fujairah, nos Emirados \u00c1rabes Unidos, gerando fogo e fumo; os detalhes sobre o local n\u00e3o foram especificados.","og_url":"https:\/\/portaltela.pt\/noticias\/2026\/03\/15\/irao-reage-a-ameaca-dos-eua-com-novos-ataques-a-paises-do-golfo\/","og_site_name":"Portal Tela Portugal","article_published_time":"2026-03-15T10:02:04+00:00","author":"Telinha","twitter_card":"summary_large_image","twitter_misc":{"Escrito por":"Telinha","Tempo estimado de leitura":"2 minutos"},"schema":{"@context":"https:\/\/schema.org","@graph":[{"@type":"Article","@id":"https:\/\/portaltela.pt\/noticias\/2026\/03\/15\/irao-reage-a-ameaca-dos-eua-com-novos-ataques-a-paises-do-golfo\/#article","isPartOf":{"@id":"https:\/\/portaltela.pt\/noticias\/2026\/03\/15\/irao-reage-a-ameaca-dos-eua-com-novos-ataques-a-paises-do-golfo\/"},"author":{"name":"Telinha","@id":"https:\/\/portaltela.pt\/#\/schema\/person\/c4278d4a6028830caff9ee44b42d32ed"},"headline":"Ir\u00e3o reage \u00e0 amea\u00e7a dos EUA com novos ataques a pa\u00edses do Golfo","datePublished":"2026-03-15T10:02:04+00:00","mainEntityOfPage":{"@id":"https:\/\/portaltela.pt\/noticias\/2026\/03\/15\/irao-reage-a-ameaca-dos-eua-com-novos-ataques-a-paises-do-golfo\/"},"wordCount":344,"image":{"@id":"https:\/\/portaltela.pt\/noticias\/2026\/03\/15\/irao-reage-a-ameaca-dos-eua-com-novos-ataques-a-paises-do-golfo\/#primaryimage"},"thumbnailUrl":"https:\/\/portaltela.pt\/s.01k8rhncp4jt1\/2026\/03\/1536x864_cmsv2_c3a81bcc-553f-51ac-ba47-e0062aea2f3c-9686146.jpg","keywords":["Ar\u00e1bia Saudita","Bahrein","conflitos internacionais","Emirados \u00c1rabes Unidos","Ir\u00e3","pol\u00edtica internacional"],"articleSection":["Conflitos","Not\u00edcias"],"inLanguage":"pt-PT"},{"@type":"WebPage","@id":"https:\/\/portaltela.pt\/noticias\/2026\/03\/15\/irao-reage-a-ameaca-dos-eua-com-novos-ataques-a-paises-do-golfo\/","url":"https:\/\/portaltela.pt\/noticias\/2026\/03\/15\/irao-reage-a-ameaca-dos-eua-com-novos-ataques-a-paises-do-golfo\/","name":"Ir\u00e3o reage \u00e0 amea\u00e7a dos EUA com novos ataques a pa\u00edses do Golfo - Portal Tela Portugal","isPartOf":{"@id":"https:\/\/portaltela.pt\/#website"},"primaryImageOfPage":{"@id":"https:\/\/portaltela.pt\/noticias\/2026\/03\/15\/irao-reage-a-ameaca-dos-eua-com-novos-ataques-a-paises-do-golfo\/#primaryimage"},"image":{"@id":"https:\/\/portaltela.pt\/noticias\/2026\/03\/15\/irao-reage-a-ameaca-dos-eua-com-novos-ataques-a-paises-do-golfo\/#primaryimage"},"thumbnailUrl":"https:\/\/portaltela.pt\/s.01k8rhncp4jt1\/2026\/03\/1536x864_cmsv2_c3a81bcc-553f-51ac-ba47-e0062aea2f3c-9686146.jpg","datePublished":"2026-03-15T10:02:04+00:00","author":{"@id":"https:\/\/portaltela.pt\/#\/schema\/person\/c4278d4a6028830caff9ee44b42d32ed"},"breadcrumb":{"@id":"https:\/\/portaltela.pt\/noticias\/2026\/03\/15\/irao-reage-a-ameaca-dos-eua-com-novos-ataques-a-paises-do-golfo\/#breadcrumb"},"inLanguage":"pt-PT","potentialAction":[{"@type":"ReadAction","target":["https:\/\/portaltela.pt\/noticias\/2026\/03\/15\/irao-reage-a-ameaca-dos-eua-com-novos-ataques-a-paises-do-golfo\/"]}]},{"@type":"ImageObject","inLanguage":"pt-PT","@id":"https:\/\/portaltela.pt\/noticias\/2026\/03\/15\/irao-reage-a-ameaca-dos-eua-com-novos-ataques-a-paises-do-golfo\/#primaryimage","url":"https:\/\/portaltela.pt\/s.01k8rhncp4jt1\/2026\/03\/1536x864_cmsv2_c3a81bcc-553f-51ac-ba47-e0062aea2f3c-9686146.jpg","contentUrl":"https:\/\/portaltela.pt\/s.01k8rhncp4jt1\/2026\/03\/1536x864_cmsv2_c3a81bcc-553f-51ac-ba47-e0062aea2f3c-9686146.jpg","width":796,"height":448,"caption":"Inc\u00eandio e nuvens de fumo saem de uma instala\u00e7\u00e3o petrol\u00edfera em Fujairah, Emirados \u00c1rabes Unidos, s\u00e1bado, 14 de mar\u00e7o de 2026."},{"@type":"BreadcrumbList","@id":"https:\/\/portaltela.pt\/noticias\/2026\/03\/15\/irao-reage-a-ameaca-dos-eua-com-novos-ataques-a-paises-do-golfo\/#breadcrumb","itemListElement":[{"@type":"ListItem","position":1,"name":"In\u00edcio","item":"https:\/\/portaltela.pt\/"},{"@type":"ListItem","position":2,"name":"Ir\u00e3o reage \u00e0 amea\u00e7a dos EUA com novos ataques a pa\u00edses do Golfo"}]},{"@type":"WebSite","@id":"https:\/\/portaltela.pt\/#website","url":"https:\/\/portaltela.pt\/","name":"Portal Tela Portugal","description":"","potentialAction":[{"@type":"SearchAction","target":{"@type":"EntryPoint","urlTemplate":"https:\/\/portaltela.pt\/?s={search_term_string}"},"query-input":{"@type":"PropertyValueSpecification","valueRequired":true,"valueName":"search_term_string"}}],"inLanguage":"pt-PT"},{"@type":"Person","@id":"https:\/\/portaltela.pt\/#\/schema\/person\/c4278d4a6028830caff9ee44b42d32ed","name":"Telinha","image":{"@type":"ImageObject","inLanguage":"pt-PT","@id":"https:\/\/portaltela.pt\/s.01k8rhncp4jt1\/2025\/11\/talking-bot-125x125.png","url":"https:\/\/portaltela.pt\/s.01k8rhncp4jt1\/2025\/11\/talking-bot-125x125.png","contentUrl":"https:\/\/portaltela.pt\/s.01k8rhncp4jt1\/2025\/11\/talking-bot-125x125.png","caption":"Telinha"},"sameAs":["https:\/\/portaltela.pt\/"],"url":"https:\/\/portaltela.pt\/por\/367410592786\/"}]}},"_links":{"self":[{"href":"https:\/\/portaltela.pt\/api\/wp\/v2\/posts\/410749","targetHints":{"allow":["GET"]}}],"collection":[{"href":"https:\/\/portaltela.pt\/api\/wp\/v2\/posts"}],"about":[{"href":"https:\/\/portaltela.pt\/api\/wp\/v2\/types\/post"}],"author":[{"embeddable":true,"href":"https:\/\/portaltela.pt\/api\/wp\/v2\/users\/2"}],"replies":[{"embeddable":true,"href":"https:\/\/portaltela.pt\/api\/wp\/v2\/comments?post=410749"}],"version-history":[{"count":0,"href":"https:\/\/portaltela.pt\/api\/wp\/v2\/posts\/410749\/revisions"}],"wp:featuredmedia":[{"embeddable":true,"href":"https:\/\/portaltela.pt\/api\/wp\/v2\/media\/410754"}],"wp:attachment":[{"href":"https:\/\/portaltela.pt\/api\/wp\/v2\/media?parent=410749"}],"wp:term":[{"taxonomy":"category","embeddable":true,"href":"https:\/\/portaltela.pt\/api\/wp\/v2\/categories?post=410749"},{"taxonomy":"post_tag","embeddable":true,"href":"https:\/\/portaltela.pt\/api\/wp\/v2\/tags?post=410749"}],"curies":[{"name":"wp","href":"https:\/\/api.w.org\/{rel}","templated":true}]}}