{"id":410702,"date":"2026-03-15T05:44:00","date_gmt":"2026-03-15T08:44:00","guid":{"rendered":"https:\/\/portaltela.pt\/noticias\/2026\/03\/15\/gp-de-portugal-de-motogp-adiado-devido-a-guerra-no-irao\/"},"modified":"2026-03-15T05:44:00","modified_gmt":"2026-03-15T08:44:00","slug":"gp-de-portugal-de-motogp-adiado-devido-a-guerra-no-irao","status":"publish","type":"post","link":"https:\/\/portaltela.pt\/desporto\/futebol\/2026\/03\/15\/gp-de-portugal-de-motogp-adiado-devido-a-guerra-no-irao\/","title":{"rendered":"GP de Portugal de MotoGP adiado devido \u00e0 guerra no Ir\u00e3o"},"content":{"rendered":"<p>O Grande Pr\u00e9mio de Portugal de MotoGP, previsto para 15 de Novembro em Portim\u00e3o, foi adiado para 22 de Novembro. A mudan\u00e7a visa acomodar uma nova data para o GP do Qatar, tamb\u00e9m adiado devido \u00e0 guerra no Ir\u00e3o.<\/p>\n<p>O GP do Qatar, inicialmente marcado para 10-12 de Abril, passa a realizar-se de 6 a 8 de Novembro. Como consequ\u00eancia, os Grandes Pr\u00e9mios de Portugal e de Val\u00eancia sofrem um adiamento de uma semana.<\/p>\n<p>A MotoGP indicou que a decis\u00e3o foi tomada com cuidado e em coordena\u00e7\u00e3o com parceiros, priorizando a seguran\u00e7a de pilotos, equipas, comiss\u00e1rios e f\u00e3s. A organiza\u00e7\u00e3o agradeceu a flexibilidade dos circuitos de Portim\u00e3o e Val\u00eancia.<\/p>\n<h3>Calend\u00e1rio alterado<\/h3>\n<p>O GP de Portugal passa a ocorrer de 20 a 22 de Novembro. O GP de Val\u00eancia fica agendado para 27 a 29 de Novembro, encerrando o campeonato.<\/p>\n<p>A Federa\u00e7\u00e3o Internacional de Motociclismo (FIM) aprovou a mudan\u00e7a. A FIM destacou a salvaguarda de todos os envolvidos e a import\u00e2ncia de manter padr\u00f5es elevados de competi\u00e7\u00e3o.<\/p>\n<p>Jorge Viegas, presidente da FIM, mostrou-se confiante de que o ajuste permite disputar o Qatar em condi\u00e7\u00f5es seguras. Carmelo Ezpeleta, diretor-geral da MotoGP, elogiou a coopera\u00e7\u00e3o entre os circuitos.<\/p>\n","protected":false},"excerpt":{"rendered":"<ul>\n<li>O Grande Pr\u00e9mio de Portugal de MotoGP foi adiado de 15 de novembro para 20 a 22 de novembro, para acomodar uma nova data para o GP do Qatar.<\/li>\n<li>O GP do Qatar foi remarcado para 6 a 8 de novembro, adiando as duas \u00faltimas provas do Mundial, Portugal e Val\u00eancia, uma semana.<\/li>\n<li>Assim, o GP de Portugal decorre de 20 a 22 de novembro e o de Val\u00eancia fica de 27 a 29 de novembro, encerrando o campeonato.<\/li>\n<li>A decis\u00e3o foi anunciada pela MotoGP, com apoio da Federa\u00e7\u00e3o Internacional de Motociclismo, destacando a prioridade da seguran\u00e7a e do bem-estar de pilotos, equipas, comiss\u00e1rios e f\u00e3s.<\/li>\n<\/ul>\n","protected":false},"author":2,"featured_media":410709,"comment_status":"closed","ping_status":"closed","sticky":false,"template":"","format":"standard","meta":{"footnotes":""},"categories":[21,24],"tags":[152,2681,1764,1014,5209,2672],"class_list":["post-410702","post","type-post","status-publish","format-standard","has-post-thumbnail","hentry","category-desporto","category-futebol","tag-desporto","tag-desporto-internacional","tag-portimao","tag-portugal","tag-qatar","tag-valencia"],"yoast_head":"<!-- This site is optimized with the Yoast SEO plugin v27.2 - https:\/\/yoast.com\/product\/yoast-seo-wordpress\/ -->\n<title>GP de Portugal de MotoGP adiado devido \u00e0 guerra no Ir\u00e3o - Portal Tela Portugal<\/title>\n<meta name=\"robots\" content=\"index, follow, max-snippet:-1, max-image-preview:large, max-video-preview:-1\" \/>\n<meta property=\"og:locale\" content=\"pt_PT\" \/>\n<meta property=\"og:type\" content=\"article\" \/>\n<meta property=\"og:title\" content=\"GP de Portugal de MotoGP adiado devido \u00e0 guerra no Ir\u00e3o - Portal Tela Portugal\" \/>\n<meta property=\"og:description\" content=\"O Grande Pr\u00e9mio de Portugal de MotoGP foi adiado de 15 de novembro para 20 a 22 de novembro, para acomodar uma nova data para o GP do Qatar. O GP do Qatar foi remarcado para 6 a 8 de novembro, adiando as duas \u00faltimas provas do Mundial, Portugal e Val\u00eancia, uma semana. Assim, o GP de Portugal decorre de 20 a 22 de novembro e o de Val\u00eancia fica de 27 a 29 de novembro, encerrando o campeonato. A decis\u00e3o foi anunciada pela MotoGP, com apoio da Federa\u00e7\u00e3o Internacional de Motociclismo, destacando a prioridade da seguran\u00e7a e do bem-estar de pilotos, equipas, comiss\u00e1rios e f\u00e3s.\" \/>\n<meta property=\"og:url\" content=\"https:\/\/portaltela.pt\/noticias\/2026\/03\/15\/gp-de-portugal-de-motogp-adiado-devido-a-guerra-no-irao\/\" \/>\n<meta property=\"og:site_name\" content=\"Portal Tela Portugal\" \/>\n<meta property=\"article:published_time\" content=\"2026-03-15T08:44:00+00:00\" \/>\n<meta name=\"author\" content=\"Telinha\" \/>\n<meta name=\"twitter:card\" content=\"summary_large_image\" \/>\n<meta name=\"twitter:label1\" content=\"Escrito por\" \/>\n\t<meta name=\"twitter:data1\" content=\"Telinha\" \/>\n\t<meta name=\"twitter:label2\" content=\"Tempo estimado de leitura\" \/>\n\t<meta name=\"twitter:data2\" content=\"1 minuto\" \/>\n<script type=\"application\/ld+json\" class=\"yoast-schema-graph\">{\"@context\":\"https:\/\/schema.org\",\"@graph\":[{\"@type\":\"Article\",\"@id\":\"https:\/\/portaltela.pt\/noticias\/2026\/03\/15\/gp-de-portugal-de-motogp-adiado-devido-a-guerra-no-irao\/#article\",\"isPartOf\":{\"@id\":\"https:\/\/portaltela.pt\/noticias\/2026\/03\/15\/gp-de-portugal-de-motogp-adiado-devido-a-guerra-no-irao\/\"},\"author\":{\"name\":\"Telinha\",\"@id\":\"https:\/\/portaltela.pt\/#\/schema\/person\/c4278d4a6028830caff9ee44b42d32ed\"},\"headline\":\"GP de Portugal de MotoGP adiado devido \u00e0 guerra no Ir\u00e3o\",\"datePublished\":\"2026-03-15T08:44:00+00:00\",\"mainEntityOfPage\":{\"@id\":\"https:\/\/portaltela.pt\/noticias\/2026\/03\/15\/gp-de-portugal-de-motogp-adiado-devido-a-guerra-no-irao\/\"},\"wordCount\":222,\"image\":{\"@id\":\"https:\/\/portaltela.pt\/noticias\/2026\/03\/15\/gp-de-portugal-de-motogp-adiado-devido-a-guerra-no-irao\/#primaryimage\"},\"thumbnailUrl\":\"https:\/\/portaltela.pt\/s.01k8rhncp4jt1\/2026\/03\/2074312.jpg\",\"keywords\":[\"desporto\",\"desporto internacional\",\"Portim\u00e3o\",\"Portugal\",\"Qatar\",\"Valencia\"],\"articleSection\":[\"Desporto\",\"Futebol\"],\"inLanguage\":\"pt-PT\"},{\"@type\":\"WebPage\",\"@id\":\"https:\/\/portaltela.pt\/noticias\/2026\/03\/15\/gp-de-portugal-de-motogp-adiado-devido-a-guerra-no-irao\/\",\"url\":\"https:\/\/portaltela.pt\/noticias\/2026\/03\/15\/gp-de-portugal-de-motogp-adiado-devido-a-guerra-no-irao\/\",\"name\":\"GP de Portugal de MotoGP adiado devido \u00e0 guerra no Ir\u00e3o - Portal Tela Portugal\",\"isPartOf\":{\"@id\":\"https:\/\/portaltela.pt\/#website\"},\"primaryImageOfPage\":{\"@id\":\"https:\/\/portaltela.pt\/noticias\/2026\/03\/15\/gp-de-portugal-de-motogp-adiado-devido-a-guerra-no-irao\/#primaryimage\"},\"image\":{\"@id\":\"https:\/\/portaltela.pt\/noticias\/2026\/03\/15\/gp-de-portugal-de-motogp-adiado-devido-a-guerra-no-irao\/#primaryimage\"},\"thumbnailUrl\":\"https:\/\/portaltela.pt\/s.01k8rhncp4jt1\/2026\/03\/2074312.jpg\",\"datePublished\":\"2026-03-15T08:44:00+00:00\",\"author\":{\"@id\":\"https:\/\/portaltela.pt\/#\/schema\/person\/c4278d4a6028830caff9ee44b42d32ed\"},\"breadcrumb\":{\"@id\":\"https:\/\/portaltela.pt\/noticias\/2026\/03\/15\/gp-de-portugal-de-motogp-adiado-devido-a-guerra-no-irao\/#breadcrumb\"},\"inLanguage\":\"pt-PT\",\"potentialAction\":[{\"@type\":\"ReadAction\",\"target\":[\"https:\/\/portaltela.pt\/noticias\/2026\/03\/15\/gp-de-portugal-de-motogp-adiado-devido-a-guerra-no-irao\/\"]}]},{\"@type\":\"ImageObject\",\"inLanguage\":\"pt-PT\",\"@id\":\"https:\/\/portaltela.pt\/noticias\/2026\/03\/15\/gp-de-portugal-de-motogp-adiado-devido-a-guerra-no-irao\/#primaryimage\",\"url\":\"https:\/\/portaltela.pt\/s.01k8rhncp4jt1\/2026\/03\/2074312.jpg\",\"contentUrl\":\"https:\/\/portaltela.pt\/s.01k8rhncp4jt1\/2026\/03\/2074312.jpg\",\"width\":796,\"height\":448,\"caption\":\"Prova do MotoGP em Portugal adiada\"},{\"@type\":\"BreadcrumbList\",\"@id\":\"https:\/\/portaltela.pt\/noticias\/2026\/03\/15\/gp-de-portugal-de-motogp-adiado-devido-a-guerra-no-irao\/#breadcrumb\",\"itemListElement\":[{\"@type\":\"ListItem\",\"position\":1,\"name\":\"In\u00edcio\",\"item\":\"https:\/\/portaltela.pt\/\"},{\"@type\":\"ListItem\",\"position\":2,\"name\":\"GP de Portugal de MotoGP adiado devido \u00e0 guerra no Ir\u00e3o\"}]},{\"@type\":\"WebSite\",\"@id\":\"https:\/\/portaltela.pt\/#website\",\"url\":\"https:\/\/portaltela.pt\/\",\"name\":\"Portal Tela Portugal\",\"description\":\"\",\"potentialAction\":[{\"@type\":\"SearchAction\",\"target\":{\"@type\":\"EntryPoint\",\"urlTemplate\":\"https:\/\/portaltela.pt\/?s={search_term_string}\"},\"query-input\":{\"@type\":\"PropertyValueSpecification\",\"valueRequired\":true,\"valueName\":\"search_term_string\"}}],\"inLanguage\":\"pt-PT\"},{\"@type\":\"Person\",\"@id\":\"https:\/\/portaltela.pt\/#\/schema\/person\/c4278d4a6028830caff9ee44b42d32ed\",\"name\":\"Telinha\",\"image\":{\"@type\":\"ImageObject\",\"inLanguage\":\"pt-PT\",\"@id\":\"https:\/\/portaltela.pt\/s.01k8rhncp4jt1\/2025\/11\/talking-bot-125x125.png\",\"url\":\"https:\/\/portaltela.pt\/s.01k8rhncp4jt1\/2025\/11\/talking-bot-125x125.png\",\"contentUrl\":\"https:\/\/portaltela.pt\/s.01k8rhncp4jt1\/2025\/11\/talking-bot-125x125.png\",\"caption\":\"Telinha\"},\"sameAs\":[\"https:\/\/portaltela.pt\/\"],\"url\":\"https:\/\/portaltela.pt\/por\/367410592786\/\"}]}<\/script>\n<!-- \/ Yoast SEO plugin. -->","yoast_head_json":{"title":"GP de Portugal de MotoGP adiado devido \u00e0 guerra no Ir\u00e3o - Portal Tela Portugal","robots":{"index":"index","follow":"follow","max-snippet":"max-snippet:-1","max-image-preview":"max-image-preview:large","max-video-preview":"max-video-preview:-1"},"og_locale":"pt_PT","og_type":"article","og_title":"GP de Portugal de MotoGP adiado devido \u00e0 guerra no Ir\u00e3o - Portal Tela Portugal","og_description":"O Grande Pr\u00e9mio de Portugal de MotoGP foi adiado de 15 de novembro para 20 a 22 de novembro, para acomodar uma nova data para o GP do Qatar. O GP do Qatar foi remarcado para 6 a 8 de novembro, adiando as duas \u00faltimas provas do Mundial, Portugal e Val\u00eancia, uma semana. Assim, o GP de Portugal decorre de 20 a 22 de novembro e o de Val\u00eancia fica de 27 a 29 de novembro, encerrando o campeonato. A decis\u00e3o foi anunciada pela MotoGP, com apoio da Federa\u00e7\u00e3o Internacional de Motociclismo, destacando a prioridade da seguran\u00e7a e do bem-estar de pilotos, equipas, comiss\u00e1rios e f\u00e3s.","og_url":"https:\/\/portaltela.pt\/noticias\/2026\/03\/15\/gp-de-portugal-de-motogp-adiado-devido-a-guerra-no-irao\/","og_site_name":"Portal Tela Portugal","article_published_time":"2026-03-15T08:44:00+00:00","author":"Telinha","twitter_card":"summary_large_image","twitter_misc":{"Escrito por":"Telinha","Tempo estimado de leitura":"1 minuto"},"schema":{"@context":"https:\/\/schema.org","@graph":[{"@type":"Article","@id":"https:\/\/portaltela.pt\/noticias\/2026\/03\/15\/gp-de-portugal-de-motogp-adiado-devido-a-guerra-no-irao\/#article","isPartOf":{"@id":"https:\/\/portaltela.pt\/noticias\/2026\/03\/15\/gp-de-portugal-de-motogp-adiado-devido-a-guerra-no-irao\/"},"author":{"name":"Telinha","@id":"https:\/\/portaltela.pt\/#\/schema\/person\/c4278d4a6028830caff9ee44b42d32ed"},"headline":"GP de Portugal de MotoGP adiado devido \u00e0 guerra no Ir\u00e3o","datePublished":"2026-03-15T08:44:00+00:00","mainEntityOfPage":{"@id":"https:\/\/portaltela.pt\/noticias\/2026\/03\/15\/gp-de-portugal-de-motogp-adiado-devido-a-guerra-no-irao\/"},"wordCount":222,"image":{"@id":"https:\/\/portaltela.pt\/noticias\/2026\/03\/15\/gp-de-portugal-de-motogp-adiado-devido-a-guerra-no-irao\/#primaryimage"},"thumbnailUrl":"https:\/\/portaltela.pt\/s.01k8rhncp4jt1\/2026\/03\/2074312.jpg","keywords":["desporto","desporto internacional","Portim\u00e3o","Portugal","Qatar","Valencia"],"articleSection":["Desporto","Futebol"],"inLanguage":"pt-PT"},{"@type":"WebPage","@id":"https:\/\/portaltela.pt\/noticias\/2026\/03\/15\/gp-de-portugal-de-motogp-adiado-devido-a-guerra-no-irao\/","url":"https:\/\/portaltela.pt\/noticias\/2026\/03\/15\/gp-de-portugal-de-motogp-adiado-devido-a-guerra-no-irao\/","name":"GP de Portugal de MotoGP adiado devido \u00e0 guerra no Ir\u00e3o - Portal Tela Portugal","isPartOf":{"@id":"https:\/\/portaltela.pt\/#website"},"primaryImageOfPage":{"@id":"https:\/\/portaltela.pt\/noticias\/2026\/03\/15\/gp-de-portugal-de-motogp-adiado-devido-a-guerra-no-irao\/#primaryimage"},"image":{"@id":"https:\/\/portaltela.pt\/noticias\/2026\/03\/15\/gp-de-portugal-de-motogp-adiado-devido-a-guerra-no-irao\/#primaryimage"},"thumbnailUrl":"https:\/\/portaltela.pt\/s.01k8rhncp4jt1\/2026\/03\/2074312.jpg","datePublished":"2026-03-15T08:44:00+00:00","author":{"@id":"https:\/\/portaltela.pt\/#\/schema\/person\/c4278d4a6028830caff9ee44b42d32ed"},"breadcrumb":{"@id":"https:\/\/portaltela.pt\/noticias\/2026\/03\/15\/gp-de-portugal-de-motogp-adiado-devido-a-guerra-no-irao\/#breadcrumb"},"inLanguage":"pt-PT","potentialAction":[{"@type":"ReadAction","target":["https:\/\/portaltela.pt\/noticias\/2026\/03\/15\/gp-de-portugal-de-motogp-adiado-devido-a-guerra-no-irao\/"]}]},{"@type":"ImageObject","inLanguage":"pt-PT","@id":"https:\/\/portaltela.pt\/noticias\/2026\/03\/15\/gp-de-portugal-de-motogp-adiado-devido-a-guerra-no-irao\/#primaryimage","url":"https:\/\/portaltela.pt\/s.01k8rhncp4jt1\/2026\/03\/2074312.jpg","contentUrl":"https:\/\/portaltela.pt\/s.01k8rhncp4jt1\/2026\/03\/2074312.jpg","width":796,"height":448,"caption":"Prova do MotoGP em Portugal adiada"},{"@type":"BreadcrumbList","@id":"https:\/\/portaltela.pt\/noticias\/2026\/03\/15\/gp-de-portugal-de-motogp-adiado-devido-a-guerra-no-irao\/#breadcrumb","itemListElement":[{"@type":"ListItem","position":1,"name":"In\u00edcio","item":"https:\/\/portaltela.pt\/"},{"@type":"ListItem","position":2,"name":"GP de Portugal de MotoGP adiado devido \u00e0 guerra no Ir\u00e3o"}]},{"@type":"WebSite","@id":"https:\/\/portaltela.pt\/#website","url":"https:\/\/portaltela.pt\/","name":"Portal Tela Portugal","description":"","potentialAction":[{"@type":"SearchAction","target":{"@type":"EntryPoint","urlTemplate":"https:\/\/portaltela.pt\/?s={search_term_string}"},"query-input":{"@type":"PropertyValueSpecification","valueRequired":true,"valueName":"search_term_string"}}],"inLanguage":"pt-PT"},{"@type":"Person","@id":"https:\/\/portaltela.pt\/#\/schema\/person\/c4278d4a6028830caff9ee44b42d32ed","name":"Telinha","image":{"@type":"ImageObject","inLanguage":"pt-PT","@id":"https:\/\/portaltela.pt\/s.01k8rhncp4jt1\/2025\/11\/talking-bot-125x125.png","url":"https:\/\/portaltela.pt\/s.01k8rhncp4jt1\/2025\/11\/talking-bot-125x125.png","contentUrl":"https:\/\/portaltela.pt\/s.01k8rhncp4jt1\/2025\/11\/talking-bot-125x125.png","caption":"Telinha"},"sameAs":["https:\/\/portaltela.pt\/"],"url":"https:\/\/portaltela.pt\/por\/367410592786\/"}]}},"_links":{"self":[{"href":"https:\/\/portaltela.pt\/api\/wp\/v2\/posts\/410702","targetHints":{"allow":["GET"]}}],"collection":[{"href":"https:\/\/portaltela.pt\/api\/wp\/v2\/posts"}],"about":[{"href":"https:\/\/portaltela.pt\/api\/wp\/v2\/types\/post"}],"author":[{"embeddable":true,"href":"https:\/\/portaltela.pt\/api\/wp\/v2\/users\/2"}],"replies":[{"embeddable":true,"href":"https:\/\/portaltela.pt\/api\/wp\/v2\/comments?post=410702"}],"version-history":[{"count":0,"href":"https:\/\/portaltela.pt\/api\/wp\/v2\/posts\/410702\/revisions"}],"wp:featuredmedia":[{"embeddable":true,"href":"https:\/\/portaltela.pt\/api\/wp\/v2\/media\/410709"}],"wp:attachment":[{"href":"https:\/\/portaltela.pt\/api\/wp\/v2\/media?parent=410702"}],"wp:term":[{"taxonomy":"category","embeddable":true,"href":"https:\/\/portaltela.pt\/api\/wp\/v2\/categories?post=410702"},{"taxonomy":"post_tag","embeddable":true,"href":"https:\/\/portaltela.pt\/api\/wp\/v2\/tags?post=410702"}],"curies":[{"name":"wp","href":"https:\/\/api.w.org\/{rel}","templated":true}]}}