{"id":410675,"date":"2026-03-15T05:26:31","date_gmt":"2026-03-15T08:26:31","guid":{"rendered":"https:\/\/portaltela.pt\/noticias\/2026\/03\/15\/incendio-em-garagem-em-setubal-desalojou-30-pessoas\/"},"modified":"2026-03-15T05:26:31","modified_gmt":"2026-03-15T08:26:31","slug":"incendio-em-garagem-em-setubal-desalojou-30-pessoas","status":"publish","type":"post","link":"https:\/\/portaltela.pt\/noticias\/2026\/03\/15\/incendio-em-garagem-em-setubal-desalojou-30-pessoas\/","title":{"rendered":"Inc\u00eandio em garagem em Set\u00fabal desalojou 30 pessoas"},"content":{"rendered":"<p>Um inc\u00eandio numa garagem destaca-se em Set\u00fabal, ao destruir uma viatura e provocar uma evacua\u00e7\u00e3o de 30 moradores de um pr\u00e9dio de habita\u00e7\u00e3o. A intensa nuvem de fumo causou danos significativos nos esgotos, na rede de \u00e1gua e na instala\u00e7\u00e3o el\u00e9trica do edif\u00edcio. O incidente ocorreu de manh\u00e3, gerando mobiliza\u00e7\u00e3o de servi\u00e7os de emerg\u00eancia.<\/p>\n<p>Segundo informa\u00e7\u00f5es confirmadas pela autarquia local, o fogo levou \u00e0 retirada de residentes para evitar riscos de intoxica\u00e7\u00e3o e fuga de g\u00e1s. Os desalojados foram realojados em instala\u00e7\u00f5es alternativas disponibilizadas pela comunidade, sem registar feridos at\u00e9 ao momento.<\/p>\n<h3>Desalojados e danos a infraestruturas<\/h3>\n<p>As autoridades trabalham para apurar as causas do inc\u00eandio, bem como o estado das infraestruturas afetadas pelo fumo intenso. Est\u00e3o em curso verifica\u00e7\u00f5es aos sistemas de \u00e1gua, esgotos e eletricidade, para restabelecer as condi\u00e7\u00f5es no pr\u00e9dio o mais rapidamente poss\u00edvel.<\/p>\n","protected":false},"excerpt":{"rendered":"<ul>\n<li>Um inc\u00eandio numa garagem em Set\u00fabal destruiu uma viatura.<\/li>\n<li>A intensa nuvem de fumo afetou o sistema de esgotos do pr\u00e9dio.<\/li>\n<li>O fumo provocou danos nos sistemas de \u00e1gua e de energia el\u00e9trica do im\u00f3vel.<\/li>\n<li>Cerca de trinta moradores ficaram desalojados devido ao inc\u00eandio.<\/li>\n<li>As causas do fogo n\u00e3o s\u00e3o detalhadas no conte\u00fado apresentado.<\/li>\n<\/ul>\n","protected":false},"author":2,"featured_media":410682,"comment_status":"closed","ping_status":"closed","sticky":false,"template":"","format":"standard","meta":{"footnotes":""},"categories":[1],"tags":[1090,3004,3732,150,1438,994],"class_list":["post-410675","post","type-post","status-publish","format-standard","has-post-thumbnail","hentry","category-noticias","tag-agua","tag-desalojados","tag-eletricidade","tag-habitacao","tag-incendio","tag-setubal"],"yoast_head":"<!-- This site is optimized with the Yoast SEO plugin v27.2 - https:\/\/yoast.com\/product\/yoast-seo-wordpress\/ -->\n<title>Inc\u00eandio em garagem em Set\u00fabal desalojou 30 pessoas - Portal Tela Portugal<\/title>\n<meta name=\"robots\" content=\"index, follow, max-snippet:-1, max-image-preview:large, max-video-preview:-1\" \/>\n<meta property=\"og:locale\" content=\"pt_PT\" \/>\n<meta property=\"og:type\" content=\"article\" \/>\n<meta property=\"og:title\" content=\"Inc\u00eandio em garagem em Set\u00fabal desalojou 30 pessoas - Portal Tela Portugal\" \/>\n<meta property=\"og:description\" content=\"Um inc\u00eandio numa garagem em Set\u00fabal destruiu uma viatura. A intensa nuvem de fumo afetou o sistema de esgotos do pr\u00e9dio. O fumo provocou danos nos sistemas de \u00e1gua e de energia el\u00e9trica do im\u00f3vel. Cerca de trinta moradores ficaram desalojados devido ao inc\u00eandio. As causas do fogo n\u00e3o s\u00e3o detalhadas no conte\u00fado apresentado.\" \/>\n<meta property=\"og:url\" content=\"https:\/\/portaltela.pt\/noticias\/2026\/03\/15\/incendio-em-garagem-em-setubal-desalojou-30-pessoas\/\" \/>\n<meta property=\"og:site_name\" content=\"Portal Tela Portugal\" \/>\n<meta property=\"article:published_time\" content=\"2026-03-15T08:26:31+00:00\" \/>\n<meta name=\"author\" content=\"Telinha\" \/>\n<meta name=\"twitter:card\" content=\"summary_large_image\" \/>\n<meta name=\"twitter:label1\" content=\"Escrito por\" \/>\n\t<meta name=\"twitter:data1\" content=\"Telinha\" \/>\n\t<meta name=\"twitter:label2\" content=\"Tempo estimado de leitura\" \/>\n\t<meta name=\"twitter:data2\" content=\"1 minuto\" \/>\n<script type=\"application\/ld+json\" class=\"yoast-schema-graph\">{\"@context\":\"https:\/\/schema.org\",\"@graph\":[{\"@type\":\"Article\",\"@id\":\"https:\/\/portaltela.pt\/noticias\/2026\/03\/15\/incendio-em-garagem-em-setubal-desalojou-30-pessoas\/#article\",\"isPartOf\":{\"@id\":\"https:\/\/portaltela.pt\/noticias\/2026\/03\/15\/incendio-em-garagem-em-setubal-desalojou-30-pessoas\/\"},\"author\":{\"name\":\"Telinha\",\"@id\":\"https:\/\/portaltela.pt\/#\/schema\/person\/c4278d4a6028830caff9ee44b42d32ed\"},\"headline\":\"Inc\u00eandio em garagem em Set\u00fabal desalojou 30 pessoas\",\"datePublished\":\"2026-03-15T08:26:31+00:00\",\"mainEntityOfPage\":{\"@id\":\"https:\/\/portaltela.pt\/noticias\/2026\/03\/15\/incendio-em-garagem-em-setubal-desalojou-30-pessoas\/\"},\"wordCount\":165,\"image\":{\"@id\":\"https:\/\/portaltela.pt\/noticias\/2026\/03\/15\/incendio-em-garagem-em-setubal-desalojou-30-pessoas\/#primaryimage\"},\"thumbnailUrl\":\"https:\/\/portaltela.pt\/s.01k8rhncp4jt1\/2026\/03\/img_1280x722uu2026-03-15-08-26-09-2272459.jpg\",\"keywords\":[\"\u00e1gua\",\"desalojados\",\"eletricidade\",\"habita\u00e7\u00e3o\",\"inc\u00eandio\",\"Set\u00fabal\"],\"articleSection\":[\"Not\u00edcias\"],\"inLanguage\":\"pt-PT\"},{\"@type\":\"WebPage\",\"@id\":\"https:\/\/portaltela.pt\/noticias\/2026\/03\/15\/incendio-em-garagem-em-setubal-desalojou-30-pessoas\/\",\"url\":\"https:\/\/portaltela.pt\/noticias\/2026\/03\/15\/incendio-em-garagem-em-setubal-desalojou-30-pessoas\/\",\"name\":\"Inc\u00eandio em garagem em Set\u00fabal desalojou 30 pessoas - Portal Tela Portugal\",\"isPartOf\":{\"@id\":\"https:\/\/portaltela.pt\/#website\"},\"primaryImageOfPage\":{\"@id\":\"https:\/\/portaltela.pt\/noticias\/2026\/03\/15\/incendio-em-garagem-em-setubal-desalojou-30-pessoas\/#primaryimage\"},\"image\":{\"@id\":\"https:\/\/portaltela.pt\/noticias\/2026\/03\/15\/incendio-em-garagem-em-setubal-desalojou-30-pessoas\/#primaryimage\"},\"thumbnailUrl\":\"https:\/\/portaltela.pt\/s.01k8rhncp4jt1\/2026\/03\/img_1280x722uu2026-03-15-08-26-09-2272459.jpg\",\"datePublished\":\"2026-03-15T08:26:31+00:00\",\"author\":{\"@id\":\"https:\/\/portaltela.pt\/#\/schema\/person\/c4278d4a6028830caff9ee44b42d32ed\"},\"breadcrumb\":{\"@id\":\"https:\/\/portaltela.pt\/noticias\/2026\/03\/15\/incendio-em-garagem-em-setubal-desalojou-30-pessoas\/#breadcrumb\"},\"inLanguage\":\"pt-PT\",\"potentialAction\":[{\"@type\":\"ReadAction\",\"target\":[\"https:\/\/portaltela.pt\/noticias\/2026\/03\/15\/incendio-em-garagem-em-setubal-desalojou-30-pessoas\/\"]}]},{\"@type\":\"ImageObject\",\"inLanguage\":\"pt-PT\",\"@id\":\"https:\/\/portaltela.pt\/noticias\/2026\/03\/15\/incendio-em-garagem-em-setubal-desalojou-30-pessoas\/#primaryimage\",\"url\":\"https:\/\/portaltela.pt\/s.01k8rhncp4jt1\/2026\/03\/img_1280x722uu2026-03-15-08-26-09-2272459.jpg\",\"contentUrl\":\"https:\/\/portaltela.pt\/s.01k8rhncp4jt1\/2026\/03\/img_1280x722uu2026-03-15-08-26-09-2272459.jpg\",\"width\":796,\"height\":448,\"caption\":\"Photo\"},{\"@type\":\"BreadcrumbList\",\"@id\":\"https:\/\/portaltela.pt\/noticias\/2026\/03\/15\/incendio-em-garagem-em-setubal-desalojou-30-pessoas\/#breadcrumb\",\"itemListElement\":[{\"@type\":\"ListItem\",\"position\":1,\"name\":\"In\u00edcio\",\"item\":\"https:\/\/portaltela.pt\/\"},{\"@type\":\"ListItem\",\"position\":2,\"name\":\"Inc\u00eandio em garagem em Set\u00fabal desalojou 30 pessoas\"}]},{\"@type\":\"WebSite\",\"@id\":\"https:\/\/portaltela.pt\/#website\",\"url\":\"https:\/\/portaltela.pt\/\",\"name\":\"Portal Tela Portugal\",\"description\":\"\",\"potentialAction\":[{\"@type\":\"SearchAction\",\"target\":{\"@type\":\"EntryPoint\",\"urlTemplate\":\"https:\/\/portaltela.pt\/?s={search_term_string}\"},\"query-input\":{\"@type\":\"PropertyValueSpecification\",\"valueRequired\":true,\"valueName\":\"search_term_string\"}}],\"inLanguage\":\"pt-PT\"},{\"@type\":\"Person\",\"@id\":\"https:\/\/portaltela.pt\/#\/schema\/person\/c4278d4a6028830caff9ee44b42d32ed\",\"name\":\"Telinha\",\"image\":{\"@type\":\"ImageObject\",\"inLanguage\":\"pt-PT\",\"@id\":\"https:\/\/portaltela.pt\/s.01k8rhncp4jt1\/2025\/11\/talking-bot-125x125.png\",\"url\":\"https:\/\/portaltela.pt\/s.01k8rhncp4jt1\/2025\/11\/talking-bot-125x125.png\",\"contentUrl\":\"https:\/\/portaltela.pt\/s.01k8rhncp4jt1\/2025\/11\/talking-bot-125x125.png\",\"caption\":\"Telinha\"},\"sameAs\":[\"https:\/\/portaltela.pt\/\"],\"url\":\"https:\/\/portaltela.pt\/por\/367410592786\/\"}]}<\/script>\n<!-- \/ Yoast SEO plugin. -->","yoast_head_json":{"title":"Inc\u00eandio em garagem em Set\u00fabal desalojou 30 pessoas - Portal Tela Portugal","robots":{"index":"index","follow":"follow","max-snippet":"max-snippet:-1","max-image-preview":"max-image-preview:large","max-video-preview":"max-video-preview:-1"},"og_locale":"pt_PT","og_type":"article","og_title":"Inc\u00eandio em garagem em Set\u00fabal desalojou 30 pessoas - Portal Tela Portugal","og_description":"Um inc\u00eandio numa garagem em Set\u00fabal destruiu uma viatura. A intensa nuvem de fumo afetou o sistema de esgotos do pr\u00e9dio. O fumo provocou danos nos sistemas de \u00e1gua e de energia el\u00e9trica do im\u00f3vel. Cerca de trinta moradores ficaram desalojados devido ao inc\u00eandio. As causas do fogo n\u00e3o s\u00e3o detalhadas no conte\u00fado apresentado.","og_url":"https:\/\/portaltela.pt\/noticias\/2026\/03\/15\/incendio-em-garagem-em-setubal-desalojou-30-pessoas\/","og_site_name":"Portal Tela Portugal","article_published_time":"2026-03-15T08:26:31+00:00","author":"Telinha","twitter_card":"summary_large_image","twitter_misc":{"Escrito por":"Telinha","Tempo estimado de leitura":"1 minuto"},"schema":{"@context":"https:\/\/schema.org","@graph":[{"@type":"Article","@id":"https:\/\/portaltela.pt\/noticias\/2026\/03\/15\/incendio-em-garagem-em-setubal-desalojou-30-pessoas\/#article","isPartOf":{"@id":"https:\/\/portaltela.pt\/noticias\/2026\/03\/15\/incendio-em-garagem-em-setubal-desalojou-30-pessoas\/"},"author":{"name":"Telinha","@id":"https:\/\/portaltela.pt\/#\/schema\/person\/c4278d4a6028830caff9ee44b42d32ed"},"headline":"Inc\u00eandio em garagem em Set\u00fabal desalojou 30 pessoas","datePublished":"2026-03-15T08:26:31+00:00","mainEntityOfPage":{"@id":"https:\/\/portaltela.pt\/noticias\/2026\/03\/15\/incendio-em-garagem-em-setubal-desalojou-30-pessoas\/"},"wordCount":165,"image":{"@id":"https:\/\/portaltela.pt\/noticias\/2026\/03\/15\/incendio-em-garagem-em-setubal-desalojou-30-pessoas\/#primaryimage"},"thumbnailUrl":"https:\/\/portaltela.pt\/s.01k8rhncp4jt1\/2026\/03\/img_1280x722uu2026-03-15-08-26-09-2272459.jpg","keywords":["\u00e1gua","desalojados","eletricidade","habita\u00e7\u00e3o","inc\u00eandio","Set\u00fabal"],"articleSection":["Not\u00edcias"],"inLanguage":"pt-PT"},{"@type":"WebPage","@id":"https:\/\/portaltela.pt\/noticias\/2026\/03\/15\/incendio-em-garagem-em-setubal-desalojou-30-pessoas\/","url":"https:\/\/portaltela.pt\/noticias\/2026\/03\/15\/incendio-em-garagem-em-setubal-desalojou-30-pessoas\/","name":"Inc\u00eandio em garagem em Set\u00fabal desalojou 30 pessoas - Portal Tela Portugal","isPartOf":{"@id":"https:\/\/portaltela.pt\/#website"},"primaryImageOfPage":{"@id":"https:\/\/portaltela.pt\/noticias\/2026\/03\/15\/incendio-em-garagem-em-setubal-desalojou-30-pessoas\/#primaryimage"},"image":{"@id":"https:\/\/portaltela.pt\/noticias\/2026\/03\/15\/incendio-em-garagem-em-setubal-desalojou-30-pessoas\/#primaryimage"},"thumbnailUrl":"https:\/\/portaltela.pt\/s.01k8rhncp4jt1\/2026\/03\/img_1280x722uu2026-03-15-08-26-09-2272459.jpg","datePublished":"2026-03-15T08:26:31+00:00","author":{"@id":"https:\/\/portaltela.pt\/#\/schema\/person\/c4278d4a6028830caff9ee44b42d32ed"},"breadcrumb":{"@id":"https:\/\/portaltela.pt\/noticias\/2026\/03\/15\/incendio-em-garagem-em-setubal-desalojou-30-pessoas\/#breadcrumb"},"inLanguage":"pt-PT","potentialAction":[{"@type":"ReadAction","target":["https:\/\/portaltela.pt\/noticias\/2026\/03\/15\/incendio-em-garagem-em-setubal-desalojou-30-pessoas\/"]}]},{"@type":"ImageObject","inLanguage":"pt-PT","@id":"https:\/\/portaltela.pt\/noticias\/2026\/03\/15\/incendio-em-garagem-em-setubal-desalojou-30-pessoas\/#primaryimage","url":"https:\/\/portaltela.pt\/s.01k8rhncp4jt1\/2026\/03\/img_1280x722uu2026-03-15-08-26-09-2272459.jpg","contentUrl":"https:\/\/portaltela.pt\/s.01k8rhncp4jt1\/2026\/03\/img_1280x722uu2026-03-15-08-26-09-2272459.jpg","width":796,"height":448,"caption":"Photo"},{"@type":"BreadcrumbList","@id":"https:\/\/portaltela.pt\/noticias\/2026\/03\/15\/incendio-em-garagem-em-setubal-desalojou-30-pessoas\/#breadcrumb","itemListElement":[{"@type":"ListItem","position":1,"name":"In\u00edcio","item":"https:\/\/portaltela.pt\/"},{"@type":"ListItem","position":2,"name":"Inc\u00eandio em garagem em Set\u00fabal desalojou 30 pessoas"}]},{"@type":"WebSite","@id":"https:\/\/portaltela.pt\/#website","url":"https:\/\/portaltela.pt\/","name":"Portal Tela Portugal","description":"","potentialAction":[{"@type":"SearchAction","target":{"@type":"EntryPoint","urlTemplate":"https:\/\/portaltela.pt\/?s={search_term_string}"},"query-input":{"@type":"PropertyValueSpecification","valueRequired":true,"valueName":"search_term_string"}}],"inLanguage":"pt-PT"},{"@type":"Person","@id":"https:\/\/portaltela.pt\/#\/schema\/person\/c4278d4a6028830caff9ee44b42d32ed","name":"Telinha","image":{"@type":"ImageObject","inLanguage":"pt-PT","@id":"https:\/\/portaltela.pt\/s.01k8rhncp4jt1\/2025\/11\/talking-bot-125x125.png","url":"https:\/\/portaltela.pt\/s.01k8rhncp4jt1\/2025\/11\/talking-bot-125x125.png","contentUrl":"https:\/\/portaltela.pt\/s.01k8rhncp4jt1\/2025\/11\/talking-bot-125x125.png","caption":"Telinha"},"sameAs":["https:\/\/portaltela.pt\/"],"url":"https:\/\/portaltela.pt\/por\/367410592786\/"}]}},"_links":{"self":[{"href":"https:\/\/portaltela.pt\/api\/wp\/v2\/posts\/410675","targetHints":{"allow":["GET"]}}],"collection":[{"href":"https:\/\/portaltela.pt\/api\/wp\/v2\/posts"}],"about":[{"href":"https:\/\/portaltela.pt\/api\/wp\/v2\/types\/post"}],"author":[{"embeddable":true,"href":"https:\/\/portaltela.pt\/api\/wp\/v2\/users\/2"}],"replies":[{"embeddable":true,"href":"https:\/\/portaltela.pt\/api\/wp\/v2\/comments?post=410675"}],"version-history":[{"count":0,"href":"https:\/\/portaltela.pt\/api\/wp\/v2\/posts\/410675\/revisions"}],"wp:featuredmedia":[{"embeddable":true,"href":"https:\/\/portaltela.pt\/api\/wp\/v2\/media\/410682"}],"wp:attachment":[{"href":"https:\/\/portaltela.pt\/api\/wp\/v2\/media?parent=410675"}],"wp:term":[{"taxonomy":"category","embeddable":true,"href":"https:\/\/portaltela.pt\/api\/wp\/v2\/categories?post=410675"},{"taxonomy":"post_tag","embeddable":true,"href":"https:\/\/portaltela.pt\/api\/wp\/v2\/tags?post=410675"}],"curies":[{"name":"wp","href":"https:\/\/api.w.org\/{rel}","templated":true}]}}