{"id":410674,"date":"2026-03-15T05:22:00","date_gmt":"2026-03-15T08:22:00","guid":{"rendered":"https:\/\/portaltela.pt\/noticias\/2026\/03\/15\/policia-fratura-no-nariz-apos-abalroamento-com-suspeitos-na-ponte-25-de-abril\/"},"modified":"2026-03-15T05:22:00","modified_gmt":"2026-03-15T08:22:00","slug":"policia-fratura-no-nariz-apos-abalroamento-com-suspeitos-na-ponte-25-de-abril","status":"publish","type":"post","link":"https:\/\/portaltela.pt\/policia\/2026\/03\/15\/policia-fratura-no-nariz-apos-abalroamento-com-suspeitos-na-ponte-25-de-abril\/","title":{"rendered":"Pol\u00edcia fratura no nariz ap\u00f3s abalroamento com suspeitos na Ponte 25 de Abril"},"content":{"rendered":"<p>Um agente da PSP ficou com uma fratura no nariz depois de ser abalroado por suspeitos que fugiam numa opera\u00e7\u00e3o na Ponte 25 de Abril, em Lisboa. O incidente ocorreu durante a tentativa de deten\u00e7\u00e3o dos suspeitos.<\/p>\n<p>Segundo a for\u00e7a, os indiv\u00edduos em fuga embateram na viatura do pol\u00edcia, provocando o acidente. N\u00e3o houve men\u00e7\u00e3o de ferimentos adicionais entre os agentes ou terceiros.<\/p>\n<p>O agente foi transportado de urg\u00eancia para o Hospital S\u00e3o Francisco Xavier, em Lisboa, onde recebe tratamento. O estado de sa\u00fade n\u00e3o foi divulgado de forma oficial.<\/p>\n<p>A PSP abriu uma investiga\u00e7\u00e3o para apurar as circunst\u00e2ncias do abalroamento e identificar os suspeitos. N\u00e3o houve informa\u00e7\u00f5es sobre pris\u00f5es ou pris\u00f5es preliminares relacionadas com o caso.<\/p>\n","protected":false},"excerpt":{"rendered":"<ul>\n<li>Um agente da pol\u00edcia sofreu fratura no nariz ap\u00f3s ser abalroado por suspeitos em fuga na Ponte 25 de Abril.<\/li>\n<li>O agente foi transportado para o Hospital S\u00e3o Francisco Xavier, em Lisboa.<\/li>\n<li>O incidente ocorreu durante a fuga dos suspeitos na ponte.<\/li>\n<li>Ainda n\u00e3o foram divulgados detalhes adicionais sobre as circunst\u00e2ncias do abalroamento.<\/li>\n<li>N\u00e3o foram reportados outros feridos at\u00e9 ao momento.<\/li>\n<\/ul>\n","protected":false},"author":2,"featured_media":410681,"comment_status":"closed","ping_status":"closed","sticky":false,"template":"","format":"standard","meta":{"footnotes":""},"categories":[6781],"tags":[5999,5487,2876,215,981,3418],"class_list":["post-410674","post","type-post","status-publish","format-standard","has-post-thumbnail","hentry","category-policia","tag-25-de-abril","tag-acidente","tag-detencoes","tag-investigacao","tag-lisboa","tag-policia-de-seguranca-publica"],"yoast_head":"<!-- This site is optimized with the Yoast SEO plugin v27.2 - https:\/\/yoast.com\/product\/yoast-seo-wordpress\/ -->\n<title>Pol\u00edcia fratura no nariz ap\u00f3s abalroamento com suspeitos na Ponte 25 de Abril - Portal Tela Portugal<\/title>\n<meta name=\"robots\" content=\"index, follow, max-snippet:-1, max-image-preview:large, max-video-preview:-1\" \/>\n<meta property=\"og:locale\" content=\"pt_PT\" \/>\n<meta property=\"og:type\" content=\"article\" \/>\n<meta property=\"og:title\" content=\"Pol\u00edcia fratura no nariz ap\u00f3s abalroamento com suspeitos na Ponte 25 de Abril - Portal Tela Portugal\" \/>\n<meta property=\"og:description\" content=\"Um agente da pol\u00edcia sofreu fratura no nariz ap\u00f3s ser abalroado por suspeitos em fuga na Ponte 25 de Abril. O agente foi transportado para o Hospital S\u00e3o Francisco Xavier, em Lisboa. O incidente ocorreu durante a fuga dos suspeitos na ponte. Ainda n\u00e3o foram divulgados detalhes adicionais sobre as circunst\u00e2ncias do abalroamento. N\u00e3o foram reportados outros feridos at\u00e9 ao momento.\" \/>\n<meta property=\"og:url\" content=\"https:\/\/portaltela.pt\/noticias\/2026\/03\/15\/policia-fratura-no-nariz-apos-abalroamento-com-suspeitos-na-ponte-25-de-abril\/\" \/>\n<meta property=\"og:site_name\" content=\"Portal Tela Portugal\" \/>\n<meta property=\"article:published_time\" content=\"2026-03-15T08:22:00+00:00\" \/>\n<meta name=\"author\" content=\"Telinha\" \/>\n<meta name=\"twitter:card\" content=\"summary_large_image\" \/>\n<meta name=\"twitter:label1\" content=\"Escrito por\" \/>\n\t<meta name=\"twitter:data1\" content=\"Telinha\" \/>\n\t<meta name=\"twitter:label2\" content=\"Tempo estimado de leitura\" \/>\n\t<meta name=\"twitter:data2\" content=\"1 minuto\" \/>\n<script type=\"application\/ld+json\" class=\"yoast-schema-graph\">{\"@context\":\"https:\/\/schema.org\",\"@graph\":[{\"@type\":\"Article\",\"@id\":\"https:\/\/portaltela.pt\/noticias\/2026\/03\/15\/policia-fratura-no-nariz-apos-abalroamento-com-suspeitos-na-ponte-25-de-abril\/#article\",\"isPartOf\":{\"@id\":\"https:\/\/portaltela.pt\/noticias\/2026\/03\/15\/policia-fratura-no-nariz-apos-abalroamento-com-suspeitos-na-ponte-25-de-abril\/\"},\"author\":{\"name\":\"Telinha\",\"@id\":\"https:\/\/portaltela.pt\/#\/schema\/person\/c4278d4a6028830caff9ee44b42d32ed\"},\"headline\":\"Pol\u00edcia fratura no nariz ap\u00f3s abalroamento com suspeitos na Ponte 25 de Abril\",\"datePublished\":\"2026-03-15T08:22:00+00:00\",\"mainEntityOfPage\":{\"@id\":\"https:\/\/portaltela.pt\/noticias\/2026\/03\/15\/policia-fratura-no-nariz-apos-abalroamento-com-suspeitos-na-ponte-25-de-abril\/\"},\"wordCount\":147,\"image\":{\"@id\":\"https:\/\/portaltela.pt\/noticias\/2026\/03\/15\/policia-fratura-no-nariz-apos-abalroamento-com-suspeitos-na-ponte-25-de-abril\/#primaryimage\"},\"thumbnailUrl\":\"https:\/\/portaltela.pt\/s.01k8rhncp4jt1\/2026\/03\/img_1280x722uu2026-03-15-08-22-10-2272456.jpg\",\"keywords\":[\"25 de Abril\",\"acidente\",\"deten\u00e7\u00f5es\",\"investiga\u00e7\u00e3o\",\"Lisboa\",\"Pol\u00edcia de Seguran\u00e7a P\u00fablica\"],\"articleSection\":[\"Pol\u00edcia\"],\"inLanguage\":\"pt-PT\"},{\"@type\":\"WebPage\",\"@id\":\"https:\/\/portaltela.pt\/noticias\/2026\/03\/15\/policia-fratura-no-nariz-apos-abalroamento-com-suspeitos-na-ponte-25-de-abril\/\",\"url\":\"https:\/\/portaltela.pt\/noticias\/2026\/03\/15\/policia-fratura-no-nariz-apos-abalroamento-com-suspeitos-na-ponte-25-de-abril\/\",\"name\":\"Pol\u00edcia fratura no nariz ap\u00f3s abalroamento com suspeitos na Ponte 25 de Abril - Portal Tela Portugal\",\"isPartOf\":{\"@id\":\"https:\/\/portaltela.pt\/#website\"},\"primaryImageOfPage\":{\"@id\":\"https:\/\/portaltela.pt\/noticias\/2026\/03\/15\/policia-fratura-no-nariz-apos-abalroamento-com-suspeitos-na-ponte-25-de-abril\/#primaryimage\"},\"image\":{\"@id\":\"https:\/\/portaltela.pt\/noticias\/2026\/03\/15\/policia-fratura-no-nariz-apos-abalroamento-com-suspeitos-na-ponte-25-de-abril\/#primaryimage\"},\"thumbnailUrl\":\"https:\/\/portaltela.pt\/s.01k8rhncp4jt1\/2026\/03\/img_1280x722uu2026-03-15-08-22-10-2272456.jpg\",\"datePublished\":\"2026-03-15T08:22:00+00:00\",\"author\":{\"@id\":\"https:\/\/portaltela.pt\/#\/schema\/person\/c4278d4a6028830caff9ee44b42d32ed\"},\"breadcrumb\":{\"@id\":\"https:\/\/portaltela.pt\/noticias\/2026\/03\/15\/policia-fratura-no-nariz-apos-abalroamento-com-suspeitos-na-ponte-25-de-abril\/#breadcrumb\"},\"inLanguage\":\"pt-PT\",\"potentialAction\":[{\"@type\":\"ReadAction\",\"target\":[\"https:\/\/portaltela.pt\/noticias\/2026\/03\/15\/policia-fratura-no-nariz-apos-abalroamento-com-suspeitos-na-ponte-25-de-abril\/\"]}]},{\"@type\":\"ImageObject\",\"inLanguage\":\"pt-PT\",\"@id\":\"https:\/\/portaltela.pt\/noticias\/2026\/03\/15\/policia-fratura-no-nariz-apos-abalroamento-com-suspeitos-na-ponte-25-de-abril\/#primaryimage\",\"url\":\"https:\/\/portaltela.pt\/s.01k8rhncp4jt1\/2026\/03\/img_1280x722uu2026-03-15-08-22-10-2272456.jpg\",\"contentUrl\":\"https:\/\/portaltela.pt\/s.01k8rhncp4jt1\/2026\/03\/img_1280x722uu2026-03-15-08-22-10-2272456.jpg\",\"width\":796,\"height\":448,\"caption\":\"Photo\"},{\"@type\":\"BreadcrumbList\",\"@id\":\"https:\/\/portaltela.pt\/noticias\/2026\/03\/15\/policia-fratura-no-nariz-apos-abalroamento-com-suspeitos-na-ponte-25-de-abril\/#breadcrumb\",\"itemListElement\":[{\"@type\":\"ListItem\",\"position\":1,\"name\":\"In\u00edcio\",\"item\":\"https:\/\/portaltela.pt\/\"},{\"@type\":\"ListItem\",\"position\":2,\"name\":\"Pol\u00edcia fratura no nariz ap\u00f3s abalroamento com suspeitos na Ponte 25 de Abril\"}]},{\"@type\":\"WebSite\",\"@id\":\"https:\/\/portaltela.pt\/#website\",\"url\":\"https:\/\/portaltela.pt\/\",\"name\":\"Portal Tela Portugal\",\"description\":\"\",\"potentialAction\":[{\"@type\":\"SearchAction\",\"target\":{\"@type\":\"EntryPoint\",\"urlTemplate\":\"https:\/\/portaltela.pt\/?s={search_term_string}\"},\"query-input\":{\"@type\":\"PropertyValueSpecification\",\"valueRequired\":true,\"valueName\":\"search_term_string\"}}],\"inLanguage\":\"pt-PT\"},{\"@type\":\"Person\",\"@id\":\"https:\/\/portaltela.pt\/#\/schema\/person\/c4278d4a6028830caff9ee44b42d32ed\",\"name\":\"Telinha\",\"image\":{\"@type\":\"ImageObject\",\"inLanguage\":\"pt-PT\",\"@id\":\"https:\/\/portaltela.pt\/s.01k8rhncp4jt1\/2025\/11\/talking-bot-125x125.png\",\"url\":\"https:\/\/portaltela.pt\/s.01k8rhncp4jt1\/2025\/11\/talking-bot-125x125.png\",\"contentUrl\":\"https:\/\/portaltela.pt\/s.01k8rhncp4jt1\/2025\/11\/talking-bot-125x125.png\",\"caption\":\"Telinha\"},\"sameAs\":[\"https:\/\/portaltela.pt\/\"],\"url\":\"https:\/\/portaltela.pt\/por\/367410592786\/\"}]}<\/script>\n<!-- \/ Yoast SEO plugin. -->","yoast_head_json":{"title":"Pol\u00edcia fratura no nariz ap\u00f3s abalroamento com suspeitos na Ponte 25 de Abril - Portal Tela Portugal","robots":{"index":"index","follow":"follow","max-snippet":"max-snippet:-1","max-image-preview":"max-image-preview:large","max-video-preview":"max-video-preview:-1"},"og_locale":"pt_PT","og_type":"article","og_title":"Pol\u00edcia fratura no nariz ap\u00f3s abalroamento com suspeitos na Ponte 25 de Abril - Portal Tela Portugal","og_description":"Um agente da pol\u00edcia sofreu fratura no nariz ap\u00f3s ser abalroado por suspeitos em fuga na Ponte 25 de Abril. O agente foi transportado para o Hospital S\u00e3o Francisco Xavier, em Lisboa. O incidente ocorreu durante a fuga dos suspeitos na ponte. Ainda n\u00e3o foram divulgados detalhes adicionais sobre as circunst\u00e2ncias do abalroamento. N\u00e3o foram reportados outros feridos at\u00e9 ao momento.","og_url":"https:\/\/portaltela.pt\/noticias\/2026\/03\/15\/policia-fratura-no-nariz-apos-abalroamento-com-suspeitos-na-ponte-25-de-abril\/","og_site_name":"Portal Tela Portugal","article_published_time":"2026-03-15T08:22:00+00:00","author":"Telinha","twitter_card":"summary_large_image","twitter_misc":{"Escrito por":"Telinha","Tempo estimado de leitura":"1 minuto"},"schema":{"@context":"https:\/\/schema.org","@graph":[{"@type":"Article","@id":"https:\/\/portaltela.pt\/noticias\/2026\/03\/15\/policia-fratura-no-nariz-apos-abalroamento-com-suspeitos-na-ponte-25-de-abril\/#article","isPartOf":{"@id":"https:\/\/portaltela.pt\/noticias\/2026\/03\/15\/policia-fratura-no-nariz-apos-abalroamento-com-suspeitos-na-ponte-25-de-abril\/"},"author":{"name":"Telinha","@id":"https:\/\/portaltela.pt\/#\/schema\/person\/c4278d4a6028830caff9ee44b42d32ed"},"headline":"Pol\u00edcia fratura no nariz ap\u00f3s abalroamento com suspeitos na Ponte 25 de Abril","datePublished":"2026-03-15T08:22:00+00:00","mainEntityOfPage":{"@id":"https:\/\/portaltela.pt\/noticias\/2026\/03\/15\/policia-fratura-no-nariz-apos-abalroamento-com-suspeitos-na-ponte-25-de-abril\/"},"wordCount":147,"image":{"@id":"https:\/\/portaltela.pt\/noticias\/2026\/03\/15\/policia-fratura-no-nariz-apos-abalroamento-com-suspeitos-na-ponte-25-de-abril\/#primaryimage"},"thumbnailUrl":"https:\/\/portaltela.pt\/s.01k8rhncp4jt1\/2026\/03\/img_1280x722uu2026-03-15-08-22-10-2272456.jpg","keywords":["25 de Abril","acidente","deten\u00e7\u00f5es","investiga\u00e7\u00e3o","Lisboa","Pol\u00edcia de Seguran\u00e7a P\u00fablica"],"articleSection":["Pol\u00edcia"],"inLanguage":"pt-PT"},{"@type":"WebPage","@id":"https:\/\/portaltela.pt\/noticias\/2026\/03\/15\/policia-fratura-no-nariz-apos-abalroamento-com-suspeitos-na-ponte-25-de-abril\/","url":"https:\/\/portaltela.pt\/noticias\/2026\/03\/15\/policia-fratura-no-nariz-apos-abalroamento-com-suspeitos-na-ponte-25-de-abril\/","name":"Pol\u00edcia fratura no nariz ap\u00f3s abalroamento com suspeitos na Ponte 25 de Abril - Portal Tela Portugal","isPartOf":{"@id":"https:\/\/portaltela.pt\/#website"},"primaryImageOfPage":{"@id":"https:\/\/portaltela.pt\/noticias\/2026\/03\/15\/policia-fratura-no-nariz-apos-abalroamento-com-suspeitos-na-ponte-25-de-abril\/#primaryimage"},"image":{"@id":"https:\/\/portaltela.pt\/noticias\/2026\/03\/15\/policia-fratura-no-nariz-apos-abalroamento-com-suspeitos-na-ponte-25-de-abril\/#primaryimage"},"thumbnailUrl":"https:\/\/portaltela.pt\/s.01k8rhncp4jt1\/2026\/03\/img_1280x722uu2026-03-15-08-22-10-2272456.jpg","datePublished":"2026-03-15T08:22:00+00:00","author":{"@id":"https:\/\/portaltela.pt\/#\/schema\/person\/c4278d4a6028830caff9ee44b42d32ed"},"breadcrumb":{"@id":"https:\/\/portaltela.pt\/noticias\/2026\/03\/15\/policia-fratura-no-nariz-apos-abalroamento-com-suspeitos-na-ponte-25-de-abril\/#breadcrumb"},"inLanguage":"pt-PT","potentialAction":[{"@type":"ReadAction","target":["https:\/\/portaltela.pt\/noticias\/2026\/03\/15\/policia-fratura-no-nariz-apos-abalroamento-com-suspeitos-na-ponte-25-de-abril\/"]}]},{"@type":"ImageObject","inLanguage":"pt-PT","@id":"https:\/\/portaltela.pt\/noticias\/2026\/03\/15\/policia-fratura-no-nariz-apos-abalroamento-com-suspeitos-na-ponte-25-de-abril\/#primaryimage","url":"https:\/\/portaltela.pt\/s.01k8rhncp4jt1\/2026\/03\/img_1280x722uu2026-03-15-08-22-10-2272456.jpg","contentUrl":"https:\/\/portaltela.pt\/s.01k8rhncp4jt1\/2026\/03\/img_1280x722uu2026-03-15-08-22-10-2272456.jpg","width":796,"height":448,"caption":"Photo"},{"@type":"BreadcrumbList","@id":"https:\/\/portaltela.pt\/noticias\/2026\/03\/15\/policia-fratura-no-nariz-apos-abalroamento-com-suspeitos-na-ponte-25-de-abril\/#breadcrumb","itemListElement":[{"@type":"ListItem","position":1,"name":"In\u00edcio","item":"https:\/\/portaltela.pt\/"},{"@type":"ListItem","position":2,"name":"Pol\u00edcia fratura no nariz ap\u00f3s abalroamento com suspeitos na Ponte 25 de Abril"}]},{"@type":"WebSite","@id":"https:\/\/portaltela.pt\/#website","url":"https:\/\/portaltela.pt\/","name":"Portal Tela Portugal","description":"","potentialAction":[{"@type":"SearchAction","target":{"@type":"EntryPoint","urlTemplate":"https:\/\/portaltela.pt\/?s={search_term_string}"},"query-input":{"@type":"PropertyValueSpecification","valueRequired":true,"valueName":"search_term_string"}}],"inLanguage":"pt-PT"},{"@type":"Person","@id":"https:\/\/portaltela.pt\/#\/schema\/person\/c4278d4a6028830caff9ee44b42d32ed","name":"Telinha","image":{"@type":"ImageObject","inLanguage":"pt-PT","@id":"https:\/\/portaltela.pt\/s.01k8rhncp4jt1\/2025\/11\/talking-bot-125x125.png","url":"https:\/\/portaltela.pt\/s.01k8rhncp4jt1\/2025\/11\/talking-bot-125x125.png","contentUrl":"https:\/\/portaltela.pt\/s.01k8rhncp4jt1\/2025\/11\/talking-bot-125x125.png","caption":"Telinha"},"sameAs":["https:\/\/portaltela.pt\/"],"url":"https:\/\/portaltela.pt\/por\/367410592786\/"}]}},"_links":{"self":[{"href":"https:\/\/portaltela.pt\/api\/wp\/v2\/posts\/410674","targetHints":{"allow":["GET"]}}],"collection":[{"href":"https:\/\/portaltela.pt\/api\/wp\/v2\/posts"}],"about":[{"href":"https:\/\/portaltela.pt\/api\/wp\/v2\/types\/post"}],"author":[{"embeddable":true,"href":"https:\/\/portaltela.pt\/api\/wp\/v2\/users\/2"}],"replies":[{"embeddable":true,"href":"https:\/\/portaltela.pt\/api\/wp\/v2\/comments?post=410674"}],"version-history":[{"count":0,"href":"https:\/\/portaltela.pt\/api\/wp\/v2\/posts\/410674\/revisions"}],"wp:featuredmedia":[{"embeddable":true,"href":"https:\/\/portaltela.pt\/api\/wp\/v2\/media\/410681"}],"wp:attachment":[{"href":"https:\/\/portaltela.pt\/api\/wp\/v2\/media?parent=410674"}],"wp:term":[{"taxonomy":"category","embeddable":true,"href":"https:\/\/portaltela.pt\/api\/wp\/v2\/categories?post=410674"},{"taxonomy":"post_tag","embeddable":true,"href":"https:\/\/portaltela.pt\/api\/wp\/v2\/tags?post=410674"}],"curies":[{"name":"wp","href":"https:\/\/api.w.org\/{rel}","templated":true}]}}