{"id":410672,"date":"2026-03-15T05:25:00","date_gmt":"2026-03-15T08:25:00","guid":{"rendered":"https:\/\/portaltela.pt\/noticias\/2026\/03\/15\/filho-da-mealhada-pode-ganhar-um-oscar-esta-noite\/"},"modified":"2026-03-15T05:25:00","modified_gmt":"2026-03-15T08:25:00","slug":"filho-da-mealhada-pode-ganhar-um-oscar-esta-noite","status":"publish","type":"post","link":"https:\/\/portaltela.pt\/noticias\/2026\/03\/15\/filho-da-mealhada-pode-ganhar-um-oscar-esta-noite\/","title":{"rendered":"Filho da Mealhada pode ganhar um Oscar esta noite"},"content":{"rendered":"<p>Nelson Ferreira, lusodescendente, est\u00e1 nomeado na categoria de melhor som pelo filme de terror Frankenstein, de Guillermo del Toro. A nomea\u00e7\u00e3o envolve a equipa de som do filme.<\/p>\n<p>Os pais de Nelson partiram da Mealhada, no distrito de Aveiro, na d\u00e9cada de 1960, rumo ao Canad\u00e1. O nascimento ocorreu em Toronto, onde cresceu em Strathroy, at\u00e9 chegar a Hollywood nesta noite de Oscar.<\/p>\n<p>Esta noite, o artista de origem portuguesa apresenta-se no Dolby Theatre, em Los Angeles, com a nomea\u00e7\u00e3o para melhor som. A distin\u00e7\u00e3o reconhece o trabalho t\u00e9cnico da equipa de \u00e1udio na cria\u00e7\u00e3o da atmosfera do filme.<\/p>\n","protected":false},"excerpt":{"rendered":"<ul>\n<li>Nelson Ferreira, lusodescendente, nasceu em Toronto e cresceu em Strathroy, e est\u00e1 nomeado para o \u00d3scar de melhor som.<\/li>\n<li>Faz parte da equipa do filme de terror Frankenstein, dirigido por Guillermo del Toro.<\/li>\n<li>Os pais partiram da Mealhada, no distrito de Aveiro, nos anos sessenta, rumo ao Canad\u00e1.<\/li>\n<li>A cerim\u00f3nia \u00e9 hoje, no Dolby Theatre, em Hollywood.<\/li>\n<li>A nomea\u00e7\u00e3o envolve a pel\u00edcula Frankenstein na categoria de melhor som.<\/li>\n<\/ul>\n","protected":false},"author":2,"featured_media":410680,"comment_status":"closed","ping_status":"closed","sticky":false,"template":"","format":"standard","meta":{"footnotes":""},"categories":[1],"tags":[3834,4523,6014,3430,1014,2405],"class_list":["post-410672","post","type-post","status-publish","format-standard","has-post-thumbnail","hentry","category-noticias","tag-frankenstein","tag-nomeacoes","tag-noticias-internacionais","tag-oscares","tag-portugal","tag-som"],"yoast_head":"<!-- This site is optimized with the Yoast SEO plugin v27.2 - https:\/\/yoast.com\/product\/yoast-seo-wordpress\/ -->\n<title>Filho da Mealhada pode ganhar um Oscar esta noite - Portal Tela Portugal<\/title>\n<meta name=\"robots\" content=\"index, follow, max-snippet:-1, max-image-preview:large, max-video-preview:-1\" \/>\n<meta property=\"og:locale\" content=\"pt_PT\" \/>\n<meta property=\"og:type\" content=\"article\" \/>\n<meta property=\"og:title\" content=\"Filho da Mealhada pode ganhar um Oscar esta noite - Portal Tela Portugal\" \/>\n<meta property=\"og:description\" content=\"Nelson Ferreira, lusodescendente, nasceu em Toronto e cresceu em Strathroy, e est\u00e1 nomeado para o \u00d3scar de melhor som. Faz parte da equipa do filme de terror Frankenstein, dirigido por Guillermo del Toro. Os pais partiram da Mealhada, no distrito de Aveiro, nos anos sessenta, rumo ao Canad\u00e1. A cerim\u00f3nia \u00e9 hoje, no Dolby Theatre, em Hollywood. A nomea\u00e7\u00e3o envolve a pel\u00edcula Frankenstein na categoria de melhor som.\" \/>\n<meta property=\"og:url\" content=\"https:\/\/portaltela.pt\/noticias\/2026\/03\/15\/filho-da-mealhada-pode-ganhar-um-oscar-esta-noite\/\" \/>\n<meta property=\"og:site_name\" content=\"Portal Tela Portugal\" \/>\n<meta property=\"article:published_time\" content=\"2026-03-15T08:25:00+00:00\" \/>\n<meta name=\"author\" content=\"Telinha\" \/>\n<meta name=\"twitter:card\" content=\"summary_large_image\" \/>\n<meta name=\"twitter:label1\" content=\"Escrito por\" \/>\n\t<meta name=\"twitter:data1\" content=\"Telinha\" \/>\n\t<meta name=\"twitter:label2\" content=\"Tempo estimado de leitura\" \/>\n\t<meta name=\"twitter:data2\" content=\"1 minuto\" \/>\n<script type=\"application\/ld+json\" class=\"yoast-schema-graph\">{\"@context\":\"https:\/\/schema.org\",\"@graph\":[{\"@type\":\"Article\",\"@id\":\"https:\/\/portaltela.pt\/noticias\/2026\/03\/15\/filho-da-mealhada-pode-ganhar-um-oscar-esta-noite\/#article\",\"isPartOf\":{\"@id\":\"https:\/\/portaltela.pt\/noticias\/2026\/03\/15\/filho-da-mealhada-pode-ganhar-um-oscar-esta-noite\/\"},\"author\":{\"name\":\"Telinha\",\"@id\":\"https:\/\/portaltela.pt\/#\/schema\/person\/c4278d4a6028830caff9ee44b42d32ed\"},\"headline\":\"Filho da Mealhada pode ganhar um Oscar esta noite\",\"datePublished\":\"2026-03-15T08:25:00+00:00\",\"mainEntityOfPage\":{\"@id\":\"https:\/\/portaltela.pt\/noticias\/2026\/03\/15\/filho-da-mealhada-pode-ganhar-um-oscar-esta-noite\/\"},\"wordCount\":113,\"image\":{\"@id\":\"https:\/\/portaltela.pt\/noticias\/2026\/03\/15\/filho-da-mealhada-pode-ganhar-um-oscar-esta-noite\/#primaryimage\"},\"thumbnailUrl\":\"https:\/\/portaltela.pt\/s.01k8rhncp4jt1\/2026\/03\/image-974.jpg\",\"keywords\":[\"Frankenstein\",\"nomea\u00e7\u00f5es\",\"not\u00edcias internacionais\",\"\u00d3scares\",\"Portugal\",\"Som\"],\"articleSection\":[\"Not\u00edcias\"],\"inLanguage\":\"pt-PT\"},{\"@type\":\"WebPage\",\"@id\":\"https:\/\/portaltela.pt\/noticias\/2026\/03\/15\/filho-da-mealhada-pode-ganhar-um-oscar-esta-noite\/\",\"url\":\"https:\/\/portaltela.pt\/noticias\/2026\/03\/15\/filho-da-mealhada-pode-ganhar-um-oscar-esta-noite\/\",\"name\":\"Filho da Mealhada pode ganhar um Oscar esta noite - Portal Tela Portugal\",\"isPartOf\":{\"@id\":\"https:\/\/portaltela.pt\/#website\"},\"primaryImageOfPage\":{\"@id\":\"https:\/\/portaltela.pt\/noticias\/2026\/03\/15\/filho-da-mealhada-pode-ganhar-um-oscar-esta-noite\/#primaryimage\"},\"image\":{\"@id\":\"https:\/\/portaltela.pt\/noticias\/2026\/03\/15\/filho-da-mealhada-pode-ganhar-um-oscar-esta-noite\/#primaryimage\"},\"thumbnailUrl\":\"https:\/\/portaltela.pt\/s.01k8rhncp4jt1\/2026\/03\/image-974.jpg\",\"datePublished\":\"2026-03-15T08:25:00+00:00\",\"author\":{\"@id\":\"https:\/\/portaltela.pt\/#\/schema\/person\/c4278d4a6028830caff9ee44b42d32ed\"},\"breadcrumb\":{\"@id\":\"https:\/\/portaltela.pt\/noticias\/2026\/03\/15\/filho-da-mealhada-pode-ganhar-um-oscar-esta-noite\/#breadcrumb\"},\"inLanguage\":\"pt-PT\",\"potentialAction\":[{\"@type\":\"ReadAction\",\"target\":[\"https:\/\/portaltela.pt\/noticias\/2026\/03\/15\/filho-da-mealhada-pode-ganhar-um-oscar-esta-noite\/\"]}]},{\"@type\":\"ImageObject\",\"inLanguage\":\"pt-PT\",\"@id\":\"https:\/\/portaltela.pt\/noticias\/2026\/03\/15\/filho-da-mealhada-pode-ganhar-um-oscar-esta-noite\/#primaryimage\",\"url\":\"https:\/\/portaltela.pt\/s.01k8rhncp4jt1\/2026\/03\/image-974.jpg\",\"contentUrl\":\"https:\/\/portaltela.pt\/s.01k8rhncp4jt1\/2026\/03\/image-974.jpg\",\"width\":796,\"height\":448,\"caption\":\"Nelson Ferreira, de 60 anos, nasceu em Toronto\"},{\"@type\":\"BreadcrumbList\",\"@id\":\"https:\/\/portaltela.pt\/noticias\/2026\/03\/15\/filho-da-mealhada-pode-ganhar-um-oscar-esta-noite\/#breadcrumb\",\"itemListElement\":[{\"@type\":\"ListItem\",\"position\":1,\"name\":\"In\u00edcio\",\"item\":\"https:\/\/portaltela.pt\/\"},{\"@type\":\"ListItem\",\"position\":2,\"name\":\"Filho da Mealhada pode ganhar um Oscar esta noite\"}]},{\"@type\":\"WebSite\",\"@id\":\"https:\/\/portaltela.pt\/#website\",\"url\":\"https:\/\/portaltela.pt\/\",\"name\":\"Portal Tela Portugal\",\"description\":\"\",\"potentialAction\":[{\"@type\":\"SearchAction\",\"target\":{\"@type\":\"EntryPoint\",\"urlTemplate\":\"https:\/\/portaltela.pt\/?s={search_term_string}\"},\"query-input\":{\"@type\":\"PropertyValueSpecification\",\"valueRequired\":true,\"valueName\":\"search_term_string\"}}],\"inLanguage\":\"pt-PT\"},{\"@type\":\"Person\",\"@id\":\"https:\/\/portaltela.pt\/#\/schema\/person\/c4278d4a6028830caff9ee44b42d32ed\",\"name\":\"Telinha\",\"image\":{\"@type\":\"ImageObject\",\"inLanguage\":\"pt-PT\",\"@id\":\"https:\/\/portaltela.pt\/s.01k8rhncp4jt1\/2025\/11\/talking-bot-125x125.png\",\"url\":\"https:\/\/portaltela.pt\/s.01k8rhncp4jt1\/2025\/11\/talking-bot-125x125.png\",\"contentUrl\":\"https:\/\/portaltela.pt\/s.01k8rhncp4jt1\/2025\/11\/talking-bot-125x125.png\",\"caption\":\"Telinha\"},\"sameAs\":[\"https:\/\/portaltela.pt\/\"],\"url\":\"https:\/\/portaltela.pt\/por\/367410592786\/\"}]}<\/script>\n<!-- \/ Yoast SEO plugin. -->","yoast_head_json":{"title":"Filho da Mealhada pode ganhar um Oscar esta noite - Portal Tela Portugal","robots":{"index":"index","follow":"follow","max-snippet":"max-snippet:-1","max-image-preview":"max-image-preview:large","max-video-preview":"max-video-preview:-1"},"og_locale":"pt_PT","og_type":"article","og_title":"Filho da Mealhada pode ganhar um Oscar esta noite - Portal Tela Portugal","og_description":"Nelson Ferreira, lusodescendente, nasceu em Toronto e cresceu em Strathroy, e est\u00e1 nomeado para o \u00d3scar de melhor som. Faz parte da equipa do filme de terror Frankenstein, dirigido por Guillermo del Toro. Os pais partiram da Mealhada, no distrito de Aveiro, nos anos sessenta, rumo ao Canad\u00e1. A cerim\u00f3nia \u00e9 hoje, no Dolby Theatre, em Hollywood. A nomea\u00e7\u00e3o envolve a pel\u00edcula Frankenstein na categoria de melhor som.","og_url":"https:\/\/portaltela.pt\/noticias\/2026\/03\/15\/filho-da-mealhada-pode-ganhar-um-oscar-esta-noite\/","og_site_name":"Portal Tela Portugal","article_published_time":"2026-03-15T08:25:00+00:00","author":"Telinha","twitter_card":"summary_large_image","twitter_misc":{"Escrito por":"Telinha","Tempo estimado de leitura":"1 minuto"},"schema":{"@context":"https:\/\/schema.org","@graph":[{"@type":"Article","@id":"https:\/\/portaltela.pt\/noticias\/2026\/03\/15\/filho-da-mealhada-pode-ganhar-um-oscar-esta-noite\/#article","isPartOf":{"@id":"https:\/\/portaltela.pt\/noticias\/2026\/03\/15\/filho-da-mealhada-pode-ganhar-um-oscar-esta-noite\/"},"author":{"name":"Telinha","@id":"https:\/\/portaltela.pt\/#\/schema\/person\/c4278d4a6028830caff9ee44b42d32ed"},"headline":"Filho da Mealhada pode ganhar um Oscar esta noite","datePublished":"2026-03-15T08:25:00+00:00","mainEntityOfPage":{"@id":"https:\/\/portaltela.pt\/noticias\/2026\/03\/15\/filho-da-mealhada-pode-ganhar-um-oscar-esta-noite\/"},"wordCount":113,"image":{"@id":"https:\/\/portaltela.pt\/noticias\/2026\/03\/15\/filho-da-mealhada-pode-ganhar-um-oscar-esta-noite\/#primaryimage"},"thumbnailUrl":"https:\/\/portaltela.pt\/s.01k8rhncp4jt1\/2026\/03\/image-974.jpg","keywords":["Frankenstein","nomea\u00e7\u00f5es","not\u00edcias internacionais","\u00d3scares","Portugal","Som"],"articleSection":["Not\u00edcias"],"inLanguage":"pt-PT"},{"@type":"WebPage","@id":"https:\/\/portaltela.pt\/noticias\/2026\/03\/15\/filho-da-mealhada-pode-ganhar-um-oscar-esta-noite\/","url":"https:\/\/portaltela.pt\/noticias\/2026\/03\/15\/filho-da-mealhada-pode-ganhar-um-oscar-esta-noite\/","name":"Filho da Mealhada pode ganhar um Oscar esta noite - Portal Tela Portugal","isPartOf":{"@id":"https:\/\/portaltela.pt\/#website"},"primaryImageOfPage":{"@id":"https:\/\/portaltela.pt\/noticias\/2026\/03\/15\/filho-da-mealhada-pode-ganhar-um-oscar-esta-noite\/#primaryimage"},"image":{"@id":"https:\/\/portaltela.pt\/noticias\/2026\/03\/15\/filho-da-mealhada-pode-ganhar-um-oscar-esta-noite\/#primaryimage"},"thumbnailUrl":"https:\/\/portaltela.pt\/s.01k8rhncp4jt1\/2026\/03\/image-974.jpg","datePublished":"2026-03-15T08:25:00+00:00","author":{"@id":"https:\/\/portaltela.pt\/#\/schema\/person\/c4278d4a6028830caff9ee44b42d32ed"},"breadcrumb":{"@id":"https:\/\/portaltela.pt\/noticias\/2026\/03\/15\/filho-da-mealhada-pode-ganhar-um-oscar-esta-noite\/#breadcrumb"},"inLanguage":"pt-PT","potentialAction":[{"@type":"ReadAction","target":["https:\/\/portaltela.pt\/noticias\/2026\/03\/15\/filho-da-mealhada-pode-ganhar-um-oscar-esta-noite\/"]}]},{"@type":"ImageObject","inLanguage":"pt-PT","@id":"https:\/\/portaltela.pt\/noticias\/2026\/03\/15\/filho-da-mealhada-pode-ganhar-um-oscar-esta-noite\/#primaryimage","url":"https:\/\/portaltela.pt\/s.01k8rhncp4jt1\/2026\/03\/image-974.jpg","contentUrl":"https:\/\/portaltela.pt\/s.01k8rhncp4jt1\/2026\/03\/image-974.jpg","width":796,"height":448,"caption":"Nelson Ferreira, de 60 anos, nasceu em Toronto"},{"@type":"BreadcrumbList","@id":"https:\/\/portaltela.pt\/noticias\/2026\/03\/15\/filho-da-mealhada-pode-ganhar-um-oscar-esta-noite\/#breadcrumb","itemListElement":[{"@type":"ListItem","position":1,"name":"In\u00edcio","item":"https:\/\/portaltela.pt\/"},{"@type":"ListItem","position":2,"name":"Filho da Mealhada pode ganhar um Oscar esta noite"}]},{"@type":"WebSite","@id":"https:\/\/portaltela.pt\/#website","url":"https:\/\/portaltela.pt\/","name":"Portal Tela Portugal","description":"","potentialAction":[{"@type":"SearchAction","target":{"@type":"EntryPoint","urlTemplate":"https:\/\/portaltela.pt\/?s={search_term_string}"},"query-input":{"@type":"PropertyValueSpecification","valueRequired":true,"valueName":"search_term_string"}}],"inLanguage":"pt-PT"},{"@type":"Person","@id":"https:\/\/portaltela.pt\/#\/schema\/person\/c4278d4a6028830caff9ee44b42d32ed","name":"Telinha","image":{"@type":"ImageObject","inLanguage":"pt-PT","@id":"https:\/\/portaltela.pt\/s.01k8rhncp4jt1\/2025\/11\/talking-bot-125x125.png","url":"https:\/\/portaltela.pt\/s.01k8rhncp4jt1\/2025\/11\/talking-bot-125x125.png","contentUrl":"https:\/\/portaltela.pt\/s.01k8rhncp4jt1\/2025\/11\/talking-bot-125x125.png","caption":"Telinha"},"sameAs":["https:\/\/portaltela.pt\/"],"url":"https:\/\/portaltela.pt\/por\/367410592786\/"}]}},"_links":{"self":[{"href":"https:\/\/portaltela.pt\/api\/wp\/v2\/posts\/410672","targetHints":{"allow":["GET"]}}],"collection":[{"href":"https:\/\/portaltela.pt\/api\/wp\/v2\/posts"}],"about":[{"href":"https:\/\/portaltela.pt\/api\/wp\/v2\/types\/post"}],"author":[{"embeddable":true,"href":"https:\/\/portaltela.pt\/api\/wp\/v2\/users\/2"}],"replies":[{"embeddable":true,"href":"https:\/\/portaltela.pt\/api\/wp\/v2\/comments?post=410672"}],"version-history":[{"count":0,"href":"https:\/\/portaltela.pt\/api\/wp\/v2\/posts\/410672\/revisions"}],"wp:featuredmedia":[{"embeddable":true,"href":"https:\/\/portaltela.pt\/api\/wp\/v2\/media\/410680"}],"wp:attachment":[{"href":"https:\/\/portaltela.pt\/api\/wp\/v2\/media?parent=410672"}],"wp:term":[{"taxonomy":"category","embeddable":true,"href":"https:\/\/portaltela.pt\/api\/wp\/v2\/categories?post=410672"},{"taxonomy":"post_tag","embeddable":true,"href":"https:\/\/portaltela.pt\/api\/wp\/v2\/tags?post=410672"}],"curies":[{"name":"wp","href":"https:\/\/api.w.org\/{rel}","templated":true}]}}