{"id":410652,"date":"2026-03-15T04:31:00","date_gmt":"2026-03-15T07:31:00","guid":{"rendered":"https:\/\/portaltela.pt\/noticias\/2026\/03\/15\/pedido-de-desculpas-indesculpavel-provoca-controversia\/"},"modified":"2026-03-15T04:31:00","modified_gmt":"2026-03-15T07:31:00","slug":"pedido-de-desculpas-indesculpavel-provoca-controversia","status":"publish","type":"post","link":"https:\/\/portaltela.pt\/noticias\/politica\/2026\/03\/15\/pedido-de-desculpas-indesculpavel-provoca-controversia\/","title":{"rendered":"Pedido de desculpas indesculp\u00e1vel provoca controv\u00e9rsia"},"content":{"rendered":"<p>O conte\u00fado refere-se a um texto com o t\u00edtulo Um indesculp\u00e1vel pedido de desculpas, publicado no P\u00daBLICO. Nele se discute a comunica\u00e7\u00e3o em momentos pessoais atrav\u00e9s de um texto escrito por interposta pessoa, segundo a an\u00e1lise apresentada.<\/p>\n<p>A pe\u00e7a aponta que o ato de pedir desculpas, quando elaborado por terceiros, pode perder a sua autenticidade, segundo a leitura feita pelo ve\u00edculo. A abordagem \u00e9 apresentada como reflex\u00e3o editorial.<\/p>\n<p>Ainda no mesmo recurso, o P\u00daBLICO descreve o papel da plataforma na vida democr\u00e1tica e c\u00edvica, destacando a rela\u00e7\u00e3o com os leitores. O texto vincula a continuidade da leitura \u00e0 assinatura do jornal.<\/p>\n<h3>Assinaturas<\/h3>\n<p>O artigo refor\u00e7a o convite \u00e0 assinatura para manter a liga\u00e7\u00e3o com a audi\u00eancia, avisando que o acesso completo depende de subscri\u00e7\u00e3o. O contacto para assinaturas \u00e9 disponibilizado pela equipa do jornal.<\/p>\n","protected":false},"excerpt":{"rendered":"<ul>\n<li>O texto defende que pedir desculpa por escrito, atrav\u00e9s de interposta pessoa, esvazia o ato de arrependimento.<\/li>\n<li>O autor oferece um servi\u00e7o ao leitor.<\/li>\n<li>Destaca que a contribui\u00e7\u00e3o do P\u00daBLICO para a vida democr\u00e1tica est\u00e1 na rela\u00e7\u00e3o com os seus leitores.<\/li>\n<li>O artigo convida o leitor a assinar o P\u00daBLICO para continuar a ler.<\/li>\n<li>Indica os contactos para assinatura: 808 200 095 e o email assinaturas.online@publico.pt.<\/li>\n<\/ul>\n","protected":false},"author":2,"featured_media":410658,"comment_status":"closed","ping_status":"closed","sticky":false,"template":"","format":"standard","meta":{"footnotes":""},"categories":[1,5],"tags":[4272,2607,2795,506,5563,3181],"class_list":["post-410652","post","type-post","status-publish","format-standard","has-post-thumbnail","hentry","category-noticias","category-politica","tag-assinaturas","tag-comunicacao","tag-democracia","tag-imprensa","tag-informacao-publica","tag-publicacoes"],"yoast_head":"<!-- This site is optimized with the Yoast SEO plugin v27.2 - https:\/\/yoast.com\/product\/yoast-seo-wordpress\/ -->\n<title>Pedido de desculpas indesculp\u00e1vel provoca controv\u00e9rsia - Portal Tela Portugal<\/title>\n<meta name=\"robots\" content=\"index, follow, max-snippet:-1, max-image-preview:large, max-video-preview:-1\" \/>\n<meta property=\"og:locale\" content=\"pt_PT\" \/>\n<meta property=\"og:type\" content=\"article\" \/>\n<meta property=\"og:title\" content=\"Pedido de desculpas indesculp\u00e1vel provoca controv\u00e9rsia - Portal Tela Portugal\" \/>\n<meta property=\"og:description\" content=\"O texto defende que pedir desculpa por escrito, atrav\u00e9s de interposta pessoa, esvazia o ato de arrependimento. O autor oferece um servi\u00e7o ao leitor. Destaca que a contribui\u00e7\u00e3o do P\u00daBLICO para a vida democr\u00e1tica est\u00e1 na rela\u00e7\u00e3o com os seus leitores. O artigo convida o leitor a assinar o P\u00daBLICO para continuar a ler. Indica os contactos para assinatura: 808 200 095 e o email assinaturas.online@publico.pt.\" \/>\n<meta property=\"og:url\" content=\"https:\/\/portaltela.pt\/noticias\/2026\/03\/15\/pedido-de-desculpas-indesculpavel-provoca-controversia\/\" \/>\n<meta property=\"og:site_name\" content=\"Portal Tela Portugal\" \/>\n<meta property=\"article:published_time\" content=\"2026-03-15T07:31:00+00:00\" \/>\n<meta name=\"author\" content=\"Telinha\" \/>\n<meta name=\"twitter:card\" content=\"summary_large_image\" \/>\n<meta name=\"twitter:label1\" content=\"Escrito por\" \/>\n\t<meta name=\"twitter:data1\" content=\"Telinha\" \/>\n\t<meta name=\"twitter:label2\" content=\"Tempo estimado de leitura\" \/>\n\t<meta name=\"twitter:data2\" content=\"1 minuto\" \/>\n<script type=\"application\/ld+json\" class=\"yoast-schema-graph\">{\"@context\":\"https:\/\/schema.org\",\"@graph\":[{\"@type\":\"Article\",\"@id\":\"https:\/\/portaltela.pt\/noticias\/2026\/03\/15\/pedido-de-desculpas-indesculpavel-provoca-controversia\/#article\",\"isPartOf\":{\"@id\":\"https:\/\/portaltela.pt\/noticias\/2026\/03\/15\/pedido-de-desculpas-indesculpavel-provoca-controversia\/\"},\"author\":{\"name\":\"Telinha\",\"@id\":\"https:\/\/portaltela.pt\/#\/schema\/person\/c4278d4a6028830caff9ee44b42d32ed\"},\"headline\":\"Pedido de desculpas indesculp\u00e1vel provoca controv\u00e9rsia\",\"datePublished\":\"2026-03-15T07:31:00+00:00\",\"mainEntityOfPage\":{\"@id\":\"https:\/\/portaltela.pt\/noticias\/2026\/03\/15\/pedido-de-desculpas-indesculpavel-provoca-controversia\/\"},\"wordCount\":156,\"image\":{\"@id\":\"https:\/\/portaltela.pt\/noticias\/2026\/03\/15\/pedido-de-desculpas-indesculpavel-provoca-controversia\/#primaryimage\"},\"thumbnailUrl\":\"https:\/\/portaltela.pt\/s.01k8rhncp4jt1\/2026\/03\/1875475.jpg\",\"keywords\":[\"assinaturas\",\"comunica\u00e7\u00e3o\",\"democracia\",\"imprensa\",\"informa\u00e7\u00e3o p\u00fablica\",\"publica\u00e7\u00f5es\"],\"articleSection\":[\"Not\u00edcias\",\"Pol\u00edtica\"],\"inLanguage\":\"pt-PT\"},{\"@type\":\"WebPage\",\"@id\":\"https:\/\/portaltela.pt\/noticias\/2026\/03\/15\/pedido-de-desculpas-indesculpavel-provoca-controversia\/\",\"url\":\"https:\/\/portaltela.pt\/noticias\/2026\/03\/15\/pedido-de-desculpas-indesculpavel-provoca-controversia\/\",\"name\":\"Pedido de desculpas indesculp\u00e1vel provoca controv\u00e9rsia - Portal Tela Portugal\",\"isPartOf\":{\"@id\":\"https:\/\/portaltela.pt\/#website\"},\"primaryImageOfPage\":{\"@id\":\"https:\/\/portaltela.pt\/noticias\/2026\/03\/15\/pedido-de-desculpas-indesculpavel-provoca-controversia\/#primaryimage\"},\"image\":{\"@id\":\"https:\/\/portaltela.pt\/noticias\/2026\/03\/15\/pedido-de-desculpas-indesculpavel-provoca-controversia\/#primaryimage\"},\"thumbnailUrl\":\"https:\/\/portaltela.pt\/s.01k8rhncp4jt1\/2026\/03\/1875475.jpg\",\"datePublished\":\"2026-03-15T07:31:00+00:00\",\"author\":{\"@id\":\"https:\/\/portaltela.pt\/#\/schema\/person\/c4278d4a6028830caff9ee44b42d32ed\"},\"breadcrumb\":{\"@id\":\"https:\/\/portaltela.pt\/noticias\/2026\/03\/15\/pedido-de-desculpas-indesculpavel-provoca-controversia\/#breadcrumb\"},\"inLanguage\":\"pt-PT\",\"potentialAction\":[{\"@type\":\"ReadAction\",\"target\":[\"https:\/\/portaltela.pt\/noticias\/2026\/03\/15\/pedido-de-desculpas-indesculpavel-provoca-controversia\/\"]}]},{\"@type\":\"ImageObject\",\"inLanguage\":\"pt-PT\",\"@id\":\"https:\/\/portaltela.pt\/noticias\/2026\/03\/15\/pedido-de-desculpas-indesculpavel-provoca-controversia\/#primaryimage\",\"url\":\"https:\/\/portaltela.pt\/s.01k8rhncp4jt1\/2026\/03\/1875475.jpg\",\"contentUrl\":\"https:\/\/portaltela.pt\/s.01k8rhncp4jt1\/2026\/03\/1875475.jpg\",\"width\":796,\"height\":448,\"caption\":\"Photo\"},{\"@type\":\"BreadcrumbList\",\"@id\":\"https:\/\/portaltela.pt\/noticias\/2026\/03\/15\/pedido-de-desculpas-indesculpavel-provoca-controversia\/#breadcrumb\",\"itemListElement\":[{\"@type\":\"ListItem\",\"position\":1,\"name\":\"In\u00edcio\",\"item\":\"https:\/\/portaltela.pt\/\"},{\"@type\":\"ListItem\",\"position\":2,\"name\":\"Pedido de desculpas indesculp\u00e1vel provoca controv\u00e9rsia\"}]},{\"@type\":\"WebSite\",\"@id\":\"https:\/\/portaltela.pt\/#website\",\"url\":\"https:\/\/portaltela.pt\/\",\"name\":\"Portal Tela Portugal\",\"description\":\"\",\"potentialAction\":[{\"@type\":\"SearchAction\",\"target\":{\"@type\":\"EntryPoint\",\"urlTemplate\":\"https:\/\/portaltela.pt\/?s={search_term_string}\"},\"query-input\":{\"@type\":\"PropertyValueSpecification\",\"valueRequired\":true,\"valueName\":\"search_term_string\"}}],\"inLanguage\":\"pt-PT\"},{\"@type\":\"Person\",\"@id\":\"https:\/\/portaltela.pt\/#\/schema\/person\/c4278d4a6028830caff9ee44b42d32ed\",\"name\":\"Telinha\",\"image\":{\"@type\":\"ImageObject\",\"inLanguage\":\"pt-PT\",\"@id\":\"https:\/\/portaltela.pt\/s.01k8rhncp4jt1\/2025\/11\/talking-bot-125x125.png\",\"url\":\"https:\/\/portaltela.pt\/s.01k8rhncp4jt1\/2025\/11\/talking-bot-125x125.png\",\"contentUrl\":\"https:\/\/portaltela.pt\/s.01k8rhncp4jt1\/2025\/11\/talking-bot-125x125.png\",\"caption\":\"Telinha\"},\"sameAs\":[\"https:\/\/portaltela.pt\/\"],\"url\":\"https:\/\/portaltela.pt\/por\/367410592786\/\"}]}<\/script>\n<!-- \/ Yoast SEO plugin. -->","yoast_head_json":{"title":"Pedido de desculpas indesculp\u00e1vel provoca controv\u00e9rsia - Portal Tela Portugal","robots":{"index":"index","follow":"follow","max-snippet":"max-snippet:-1","max-image-preview":"max-image-preview:large","max-video-preview":"max-video-preview:-1"},"og_locale":"pt_PT","og_type":"article","og_title":"Pedido de desculpas indesculp\u00e1vel provoca controv\u00e9rsia - Portal Tela Portugal","og_description":"O texto defende que pedir desculpa por escrito, atrav\u00e9s de interposta pessoa, esvazia o ato de arrependimento. O autor oferece um servi\u00e7o ao leitor. Destaca que a contribui\u00e7\u00e3o do P\u00daBLICO para a vida democr\u00e1tica est\u00e1 na rela\u00e7\u00e3o com os seus leitores. O artigo convida o leitor a assinar o P\u00daBLICO para continuar a ler. Indica os contactos para assinatura: 808 200 095 e o email assinaturas.online@publico.pt.","og_url":"https:\/\/portaltela.pt\/noticias\/2026\/03\/15\/pedido-de-desculpas-indesculpavel-provoca-controversia\/","og_site_name":"Portal Tela Portugal","article_published_time":"2026-03-15T07:31:00+00:00","author":"Telinha","twitter_card":"summary_large_image","twitter_misc":{"Escrito por":"Telinha","Tempo estimado de leitura":"1 minuto"},"schema":{"@context":"https:\/\/schema.org","@graph":[{"@type":"Article","@id":"https:\/\/portaltela.pt\/noticias\/2026\/03\/15\/pedido-de-desculpas-indesculpavel-provoca-controversia\/#article","isPartOf":{"@id":"https:\/\/portaltela.pt\/noticias\/2026\/03\/15\/pedido-de-desculpas-indesculpavel-provoca-controversia\/"},"author":{"name":"Telinha","@id":"https:\/\/portaltela.pt\/#\/schema\/person\/c4278d4a6028830caff9ee44b42d32ed"},"headline":"Pedido de desculpas indesculp\u00e1vel provoca controv\u00e9rsia","datePublished":"2026-03-15T07:31:00+00:00","mainEntityOfPage":{"@id":"https:\/\/portaltela.pt\/noticias\/2026\/03\/15\/pedido-de-desculpas-indesculpavel-provoca-controversia\/"},"wordCount":156,"image":{"@id":"https:\/\/portaltela.pt\/noticias\/2026\/03\/15\/pedido-de-desculpas-indesculpavel-provoca-controversia\/#primaryimage"},"thumbnailUrl":"https:\/\/portaltela.pt\/s.01k8rhncp4jt1\/2026\/03\/1875475.jpg","keywords":["assinaturas","comunica\u00e7\u00e3o","democracia","imprensa","informa\u00e7\u00e3o p\u00fablica","publica\u00e7\u00f5es"],"articleSection":["Not\u00edcias","Pol\u00edtica"],"inLanguage":"pt-PT"},{"@type":"WebPage","@id":"https:\/\/portaltela.pt\/noticias\/2026\/03\/15\/pedido-de-desculpas-indesculpavel-provoca-controversia\/","url":"https:\/\/portaltela.pt\/noticias\/2026\/03\/15\/pedido-de-desculpas-indesculpavel-provoca-controversia\/","name":"Pedido de desculpas indesculp\u00e1vel provoca controv\u00e9rsia - Portal Tela Portugal","isPartOf":{"@id":"https:\/\/portaltela.pt\/#website"},"primaryImageOfPage":{"@id":"https:\/\/portaltela.pt\/noticias\/2026\/03\/15\/pedido-de-desculpas-indesculpavel-provoca-controversia\/#primaryimage"},"image":{"@id":"https:\/\/portaltela.pt\/noticias\/2026\/03\/15\/pedido-de-desculpas-indesculpavel-provoca-controversia\/#primaryimage"},"thumbnailUrl":"https:\/\/portaltela.pt\/s.01k8rhncp4jt1\/2026\/03\/1875475.jpg","datePublished":"2026-03-15T07:31:00+00:00","author":{"@id":"https:\/\/portaltela.pt\/#\/schema\/person\/c4278d4a6028830caff9ee44b42d32ed"},"breadcrumb":{"@id":"https:\/\/portaltela.pt\/noticias\/2026\/03\/15\/pedido-de-desculpas-indesculpavel-provoca-controversia\/#breadcrumb"},"inLanguage":"pt-PT","potentialAction":[{"@type":"ReadAction","target":["https:\/\/portaltela.pt\/noticias\/2026\/03\/15\/pedido-de-desculpas-indesculpavel-provoca-controversia\/"]}]},{"@type":"ImageObject","inLanguage":"pt-PT","@id":"https:\/\/portaltela.pt\/noticias\/2026\/03\/15\/pedido-de-desculpas-indesculpavel-provoca-controversia\/#primaryimage","url":"https:\/\/portaltela.pt\/s.01k8rhncp4jt1\/2026\/03\/1875475.jpg","contentUrl":"https:\/\/portaltela.pt\/s.01k8rhncp4jt1\/2026\/03\/1875475.jpg","width":796,"height":448,"caption":"Photo"},{"@type":"BreadcrumbList","@id":"https:\/\/portaltela.pt\/noticias\/2026\/03\/15\/pedido-de-desculpas-indesculpavel-provoca-controversia\/#breadcrumb","itemListElement":[{"@type":"ListItem","position":1,"name":"In\u00edcio","item":"https:\/\/portaltela.pt\/"},{"@type":"ListItem","position":2,"name":"Pedido de desculpas indesculp\u00e1vel provoca controv\u00e9rsia"}]},{"@type":"WebSite","@id":"https:\/\/portaltela.pt\/#website","url":"https:\/\/portaltela.pt\/","name":"Portal Tela Portugal","description":"","potentialAction":[{"@type":"SearchAction","target":{"@type":"EntryPoint","urlTemplate":"https:\/\/portaltela.pt\/?s={search_term_string}"},"query-input":{"@type":"PropertyValueSpecification","valueRequired":true,"valueName":"search_term_string"}}],"inLanguage":"pt-PT"},{"@type":"Person","@id":"https:\/\/portaltela.pt\/#\/schema\/person\/c4278d4a6028830caff9ee44b42d32ed","name":"Telinha","image":{"@type":"ImageObject","inLanguage":"pt-PT","@id":"https:\/\/portaltela.pt\/s.01k8rhncp4jt1\/2025\/11\/talking-bot-125x125.png","url":"https:\/\/portaltela.pt\/s.01k8rhncp4jt1\/2025\/11\/talking-bot-125x125.png","contentUrl":"https:\/\/portaltela.pt\/s.01k8rhncp4jt1\/2025\/11\/talking-bot-125x125.png","caption":"Telinha"},"sameAs":["https:\/\/portaltela.pt\/"],"url":"https:\/\/portaltela.pt\/por\/367410592786\/"}]}},"_links":{"self":[{"href":"https:\/\/portaltela.pt\/api\/wp\/v2\/posts\/410652","targetHints":{"allow":["GET"]}}],"collection":[{"href":"https:\/\/portaltela.pt\/api\/wp\/v2\/posts"}],"about":[{"href":"https:\/\/portaltela.pt\/api\/wp\/v2\/types\/post"}],"author":[{"embeddable":true,"href":"https:\/\/portaltela.pt\/api\/wp\/v2\/users\/2"}],"replies":[{"embeddable":true,"href":"https:\/\/portaltela.pt\/api\/wp\/v2\/comments?post=410652"}],"version-history":[{"count":0,"href":"https:\/\/portaltela.pt\/api\/wp\/v2\/posts\/410652\/revisions"}],"wp:featuredmedia":[{"embeddable":true,"href":"https:\/\/portaltela.pt\/api\/wp\/v2\/media\/410658"}],"wp:attachment":[{"href":"https:\/\/portaltela.pt\/api\/wp\/v2\/media?parent=410652"}],"wp:term":[{"taxonomy":"category","embeddable":true,"href":"https:\/\/portaltela.pt\/api\/wp\/v2\/categories?post=410652"},{"taxonomy":"post_tag","embeddable":true,"href":"https:\/\/portaltela.pt\/api\/wp\/v2\/tags?post=410652"}],"curies":[{"name":"wp","href":"https:\/\/api.w.org\/{rel}","templated":true}]}}