{"id":410634,"date":"2026-03-15T04:31:00","date_gmt":"2026-03-15T07:31:00","guid":{"rendered":"https:\/\/portaltela.pt\/noticias\/2026\/03\/15\/seis-anos-apos-o-inicio-da-pandemia-urge-reconhecer-a-covid-longa-em-portugal\/"},"modified":"2026-03-15T04:31:00","modified_gmt":"2026-03-15T07:31:00","slug":"seis-anos-apos-o-inicio-da-pandemia-urge-reconhecer-a-covid-longa-em-portugal","status":"publish","type":"post","link":"https:\/\/portaltela.pt\/saude\/2026\/03\/15\/seis-anos-apos-o-inicio-da-pandemia-urge-reconhecer-a-covid-longa-em-portugal\/","title":{"rendered":"Seis anos ap\u00f3s o in\u00edcio da pandemia, urge reconhecer a covid longa em Portugal"},"content":{"rendered":"<p>Seis anos ap\u00f3s o in\u00edcio da pandemia em Portugal, especialistas alertam para a necessidade urgente de reconhecer clinicamente a covid longa no pa\u00eds. O tema ganha relev\u00e2ncia \u00e0 medida que o SARS-CoV-2 convive com outras doen\u00e7as respirat\u00f3rias, mas com efeitos prolongados em alguns pacientes.<\/p>\n<p>Existem atualmente diversos sintomas descritos como pertencentes \u00e0 covid longa, afetando v\u00e1rios \u00f3rg\u00e3os e sistemas. Entre eles aparecem fadiga, falta de ar e altera\u00e7\u00f5es cognitivas ou do sono, que persistem semanas ou meses ap\u00f3s a infe\u00e7\u00e3o inicial.<\/p>\n<h3>Contexto<\/h3>\n<p>Em Portugal, os primeiros casos de covid-19 foram confirmados a 2 de Mar\u00e7o de 2020. Seis anos depois, o v\u00edrus faz parte do conjunto de agentes que circulam regularmente na popula\u00e7\u00e3o, o que coloca a necessidade de reconhecimento institucional e cl\u00ednico da covid longa no centro da agenda de sa\u00fade p\u00fablica.<\/p>\n<p>Especialistas e autoridades de sa\u00fade defendem abordagens estruturais para identificar, acompanhar e apoiar profissionais e doentes com sintomas prolongados. A posi\u00e7\u00e3o visa facilitar diagn\u00f3stico, tratamento e acompanhamento multidisciplinar.<\/p>\n","protected":false},"excerpt":{"rendered":"<ul>\n<li>Seis anos ap\u00f3s o surgimento oficial da covid-19 em Portugal (2 de mar\u00e7o de 2020), h\u00e1 apelos para reconhecer a covid longa.<\/li>\n<li>Existem v\u00e1rios sintomas descritos da covid longa, que podem envolver diversos \u00f3rg\u00e3os e sistemas, como fadiga, falta de ar e altera\u00e7\u00f5es cognitivas ou do sono.<\/li>\n<li>Especialistas pedem o reconhecimento cl\u00ednico e institucional da covid longa em Portugal, com car\u00e1ter urgente.<\/li>\n<li>O SARS-CoV-2 continua a fazer parte do conjunto de v\u00edrus que circulam regularmente no pa\u00eds.<\/li>\n<li>O apelo \u00e9 apresentar a covid longa como prioridade de sa\u00fade p\u00fablica, sem avalia\u00e7\u00f5es adicionais.<\/li>\n<\/ul>\n","protected":false},"author":2,"featured_media":410643,"comment_status":"closed","ping_status":"closed","sticky":false,"template":"","format":"standard","meta":{"footnotes":""},"categories":[1,6745],"tags":[61,6483,4684,3013,271],"class_list":["post-410634","post","type-post","status-publish","format-standard","has-post-thumbnail","hentry","category-noticias","category-saude","tag-doencas","tag-doencas-infecciosas-e-parasitarias","tag-epidemiologia","tag-infecoes","tag-saude-publica"],"yoast_head":"<!-- This site is optimized with the Yoast SEO plugin v27.2 - https:\/\/yoast.com\/product\/yoast-seo-wordpress\/ -->\n<title>Seis anos ap\u00f3s o in\u00edcio da pandemia, urge reconhecer a covid longa em Portugal - Portal Tela Portugal<\/title>\n<meta name=\"robots\" content=\"index, follow, max-snippet:-1, max-image-preview:large, max-video-preview:-1\" \/>\n<meta property=\"og:locale\" content=\"pt_PT\" \/>\n<meta property=\"og:type\" content=\"article\" \/>\n<meta property=\"og:title\" content=\"Seis anos ap\u00f3s o in\u00edcio da pandemia, urge reconhecer a covid longa em Portugal - Portal Tela Portugal\" \/>\n<meta property=\"og:description\" content=\"Seis anos ap\u00f3s o surgimento oficial da covid-19 em Portugal (2 de mar\u00e7o de 2020), h\u00e1 apelos para reconhecer a covid longa. Existem v\u00e1rios sintomas descritos da covid longa, que podem envolver diversos \u00f3rg\u00e3os e sistemas, como fadiga, falta de ar e altera\u00e7\u00f5es cognitivas ou do sono. Especialistas pedem o reconhecimento cl\u00ednico e institucional da covid longa em Portugal, com car\u00e1ter urgente. O SARS-CoV-2 continua a fazer parte do conjunto de v\u00edrus que circulam regularmente no pa\u00eds. O apelo \u00e9 apresentar a covid longa como prioridade de sa\u00fade p\u00fablica, sem avalia\u00e7\u00f5es adicionais.\" \/>\n<meta property=\"og:url\" content=\"https:\/\/portaltela.pt\/noticias\/2026\/03\/15\/seis-anos-apos-o-inicio-da-pandemia-urge-reconhecer-a-covid-longa-em-portugal\/\" \/>\n<meta property=\"og:site_name\" content=\"Portal Tela Portugal\" \/>\n<meta property=\"article:published_time\" content=\"2026-03-15T07:31:00+00:00\" \/>\n<meta name=\"author\" content=\"Telinha\" \/>\n<meta name=\"twitter:card\" content=\"summary_large_image\" \/>\n<meta name=\"twitter:label1\" content=\"Escrito por\" \/>\n\t<meta name=\"twitter:data1\" content=\"Telinha\" \/>\n\t<meta name=\"twitter:label2\" content=\"Tempo estimado de leitura\" \/>\n\t<meta name=\"twitter:data2\" content=\"1 minuto\" \/>\n<script type=\"application\/ld+json\" class=\"yoast-schema-graph\">{\"@context\":\"https:\/\/schema.org\",\"@graph\":[{\"@type\":\"Article\",\"@id\":\"https:\/\/portaltela.pt\/noticias\/2026\/03\/15\/seis-anos-apos-o-inicio-da-pandemia-urge-reconhecer-a-covid-longa-em-portugal\/#article\",\"isPartOf\":{\"@id\":\"https:\/\/portaltela.pt\/noticias\/2026\/03\/15\/seis-anos-apos-o-inicio-da-pandemia-urge-reconhecer-a-covid-longa-em-portugal\/\"},\"author\":{\"name\":\"Telinha\",\"@id\":\"https:\/\/portaltela.pt\/#\/schema\/person\/c4278d4a6028830caff9ee44b42d32ed\"},\"headline\":\"Seis anos ap\u00f3s o in\u00edcio da pandemia, urge reconhecer a covid longa em Portugal\",\"datePublished\":\"2026-03-15T07:31:00+00:00\",\"mainEntityOfPage\":{\"@id\":\"https:\/\/portaltela.pt\/noticias\/2026\/03\/15\/seis-anos-apos-o-inicio-da-pandemia-urge-reconhecer-a-covid-longa-em-portugal\/\"},\"wordCount\":193,\"image\":{\"@id\":\"https:\/\/portaltela.pt\/noticias\/2026\/03\/15\/seis-anos-apos-o-inicio-da-pandemia-urge-reconhecer-a-covid-longa-em-portugal\/#primaryimage\"},\"thumbnailUrl\":\"https:\/\/portaltela.pt\/s.01k8rhncp4jt1\/2026\/03\/2074111.jpg\",\"keywords\":[\"doen\u00e7as\",\"Doen\u00e7as infecciosas e parasit\u00e1rias\",\"epidemiologia\",\"infe\u00e7\u00f5es\",\"sa\u00fade p\u00fablica\"],\"articleSection\":[\"Not\u00edcias\",\"Sa\u00fade\"],\"inLanguage\":\"pt-PT\"},{\"@type\":\"WebPage\",\"@id\":\"https:\/\/portaltela.pt\/noticias\/2026\/03\/15\/seis-anos-apos-o-inicio-da-pandemia-urge-reconhecer-a-covid-longa-em-portugal\/\",\"url\":\"https:\/\/portaltela.pt\/noticias\/2026\/03\/15\/seis-anos-apos-o-inicio-da-pandemia-urge-reconhecer-a-covid-longa-em-portugal\/\",\"name\":\"Seis anos ap\u00f3s o in\u00edcio da pandemia, urge reconhecer a covid longa em Portugal - Portal Tela Portugal\",\"isPartOf\":{\"@id\":\"https:\/\/portaltela.pt\/#website\"},\"primaryImageOfPage\":{\"@id\":\"https:\/\/portaltela.pt\/noticias\/2026\/03\/15\/seis-anos-apos-o-inicio-da-pandemia-urge-reconhecer-a-covid-longa-em-portugal\/#primaryimage\"},\"image\":{\"@id\":\"https:\/\/portaltela.pt\/noticias\/2026\/03\/15\/seis-anos-apos-o-inicio-da-pandemia-urge-reconhecer-a-covid-longa-em-portugal\/#primaryimage\"},\"thumbnailUrl\":\"https:\/\/portaltela.pt\/s.01k8rhncp4jt1\/2026\/03\/2074111.jpg\",\"datePublished\":\"2026-03-15T07:31:00+00:00\",\"author\":{\"@id\":\"https:\/\/portaltela.pt\/#\/schema\/person\/c4278d4a6028830caff9ee44b42d32ed\"},\"breadcrumb\":{\"@id\":\"https:\/\/portaltela.pt\/noticias\/2026\/03\/15\/seis-anos-apos-o-inicio-da-pandemia-urge-reconhecer-a-covid-longa-em-portugal\/#breadcrumb\"},\"inLanguage\":\"pt-PT\",\"potentialAction\":[{\"@type\":\"ReadAction\",\"target\":[\"https:\/\/portaltela.pt\/noticias\/2026\/03\/15\/seis-anos-apos-o-inicio-da-pandemia-urge-reconhecer-a-covid-longa-em-portugal\/\"]}]},{\"@type\":\"ImageObject\",\"inLanguage\":\"pt-PT\",\"@id\":\"https:\/\/portaltela.pt\/noticias\/2026\/03\/15\/seis-anos-apos-o-inicio-da-pandemia-urge-reconhecer-a-covid-longa-em-portugal\/#primaryimage\",\"url\":\"https:\/\/portaltela.pt\/s.01k8rhncp4jt1\/2026\/03\/2074111.jpg\",\"contentUrl\":\"https:\/\/portaltela.pt\/s.01k8rhncp4jt1\/2026\/03\/2074111.jpg\",\"width\":796,\"height\":448,\"caption\":\"A OMS estima que 65 milh\u00f5es de pessoas em todo o mundo possam sofrer de \u201ccovid longa\u201d\"},{\"@type\":\"BreadcrumbList\",\"@id\":\"https:\/\/portaltela.pt\/noticias\/2026\/03\/15\/seis-anos-apos-o-inicio-da-pandemia-urge-reconhecer-a-covid-longa-em-portugal\/#breadcrumb\",\"itemListElement\":[{\"@type\":\"ListItem\",\"position\":1,\"name\":\"In\u00edcio\",\"item\":\"https:\/\/portaltela.pt\/\"},{\"@type\":\"ListItem\",\"position\":2,\"name\":\"Seis anos ap\u00f3s o in\u00edcio da pandemia, urge reconhecer a covid longa em Portugal\"}]},{\"@type\":\"WebSite\",\"@id\":\"https:\/\/portaltela.pt\/#website\",\"url\":\"https:\/\/portaltela.pt\/\",\"name\":\"Portal Tela Portugal\",\"description\":\"\",\"potentialAction\":[{\"@type\":\"SearchAction\",\"target\":{\"@type\":\"EntryPoint\",\"urlTemplate\":\"https:\/\/portaltela.pt\/?s={search_term_string}\"},\"query-input\":{\"@type\":\"PropertyValueSpecification\",\"valueRequired\":true,\"valueName\":\"search_term_string\"}}],\"inLanguage\":\"pt-PT\"},{\"@type\":\"Person\",\"@id\":\"https:\/\/portaltela.pt\/#\/schema\/person\/c4278d4a6028830caff9ee44b42d32ed\",\"name\":\"Telinha\",\"image\":{\"@type\":\"ImageObject\",\"inLanguage\":\"pt-PT\",\"@id\":\"https:\/\/portaltela.pt\/s.01k8rhncp4jt1\/2025\/11\/talking-bot-125x125.png\",\"url\":\"https:\/\/portaltela.pt\/s.01k8rhncp4jt1\/2025\/11\/talking-bot-125x125.png\",\"contentUrl\":\"https:\/\/portaltela.pt\/s.01k8rhncp4jt1\/2025\/11\/talking-bot-125x125.png\",\"caption\":\"Telinha\"},\"sameAs\":[\"https:\/\/portaltela.pt\/\"],\"url\":\"https:\/\/portaltela.pt\/por\/367410592786\/\"}]}<\/script>\n<!-- \/ Yoast SEO plugin. -->","yoast_head_json":{"title":"Seis anos ap\u00f3s o in\u00edcio da pandemia, urge reconhecer a covid longa em Portugal - Portal Tela Portugal","robots":{"index":"index","follow":"follow","max-snippet":"max-snippet:-1","max-image-preview":"max-image-preview:large","max-video-preview":"max-video-preview:-1"},"og_locale":"pt_PT","og_type":"article","og_title":"Seis anos ap\u00f3s o in\u00edcio da pandemia, urge reconhecer a covid longa em Portugal - Portal Tela Portugal","og_description":"Seis anos ap\u00f3s o surgimento oficial da covid-19 em Portugal (2 de mar\u00e7o de 2020), h\u00e1 apelos para reconhecer a covid longa. Existem v\u00e1rios sintomas descritos da covid longa, que podem envolver diversos \u00f3rg\u00e3os e sistemas, como fadiga, falta de ar e altera\u00e7\u00f5es cognitivas ou do sono. Especialistas pedem o reconhecimento cl\u00ednico e institucional da covid longa em Portugal, com car\u00e1ter urgente. O SARS-CoV-2 continua a fazer parte do conjunto de v\u00edrus que circulam regularmente no pa\u00eds. O apelo \u00e9 apresentar a covid longa como prioridade de sa\u00fade p\u00fablica, sem avalia\u00e7\u00f5es adicionais.","og_url":"https:\/\/portaltela.pt\/noticias\/2026\/03\/15\/seis-anos-apos-o-inicio-da-pandemia-urge-reconhecer-a-covid-longa-em-portugal\/","og_site_name":"Portal Tela Portugal","article_published_time":"2026-03-15T07:31:00+00:00","author":"Telinha","twitter_card":"summary_large_image","twitter_misc":{"Escrito por":"Telinha","Tempo estimado de leitura":"1 minuto"},"schema":{"@context":"https:\/\/schema.org","@graph":[{"@type":"Article","@id":"https:\/\/portaltela.pt\/noticias\/2026\/03\/15\/seis-anos-apos-o-inicio-da-pandemia-urge-reconhecer-a-covid-longa-em-portugal\/#article","isPartOf":{"@id":"https:\/\/portaltela.pt\/noticias\/2026\/03\/15\/seis-anos-apos-o-inicio-da-pandemia-urge-reconhecer-a-covid-longa-em-portugal\/"},"author":{"name":"Telinha","@id":"https:\/\/portaltela.pt\/#\/schema\/person\/c4278d4a6028830caff9ee44b42d32ed"},"headline":"Seis anos ap\u00f3s o in\u00edcio da pandemia, urge reconhecer a covid longa em Portugal","datePublished":"2026-03-15T07:31:00+00:00","mainEntityOfPage":{"@id":"https:\/\/portaltela.pt\/noticias\/2026\/03\/15\/seis-anos-apos-o-inicio-da-pandemia-urge-reconhecer-a-covid-longa-em-portugal\/"},"wordCount":193,"image":{"@id":"https:\/\/portaltela.pt\/noticias\/2026\/03\/15\/seis-anos-apos-o-inicio-da-pandemia-urge-reconhecer-a-covid-longa-em-portugal\/#primaryimage"},"thumbnailUrl":"https:\/\/portaltela.pt\/s.01k8rhncp4jt1\/2026\/03\/2074111.jpg","keywords":["doen\u00e7as","Doen\u00e7as infecciosas e parasit\u00e1rias","epidemiologia","infe\u00e7\u00f5es","sa\u00fade p\u00fablica"],"articleSection":["Not\u00edcias","Sa\u00fade"],"inLanguage":"pt-PT"},{"@type":"WebPage","@id":"https:\/\/portaltela.pt\/noticias\/2026\/03\/15\/seis-anos-apos-o-inicio-da-pandemia-urge-reconhecer-a-covid-longa-em-portugal\/","url":"https:\/\/portaltela.pt\/noticias\/2026\/03\/15\/seis-anos-apos-o-inicio-da-pandemia-urge-reconhecer-a-covid-longa-em-portugal\/","name":"Seis anos ap\u00f3s o in\u00edcio da pandemia, urge reconhecer a covid longa em Portugal - Portal Tela Portugal","isPartOf":{"@id":"https:\/\/portaltela.pt\/#website"},"primaryImageOfPage":{"@id":"https:\/\/portaltela.pt\/noticias\/2026\/03\/15\/seis-anos-apos-o-inicio-da-pandemia-urge-reconhecer-a-covid-longa-em-portugal\/#primaryimage"},"image":{"@id":"https:\/\/portaltela.pt\/noticias\/2026\/03\/15\/seis-anos-apos-o-inicio-da-pandemia-urge-reconhecer-a-covid-longa-em-portugal\/#primaryimage"},"thumbnailUrl":"https:\/\/portaltela.pt\/s.01k8rhncp4jt1\/2026\/03\/2074111.jpg","datePublished":"2026-03-15T07:31:00+00:00","author":{"@id":"https:\/\/portaltela.pt\/#\/schema\/person\/c4278d4a6028830caff9ee44b42d32ed"},"breadcrumb":{"@id":"https:\/\/portaltela.pt\/noticias\/2026\/03\/15\/seis-anos-apos-o-inicio-da-pandemia-urge-reconhecer-a-covid-longa-em-portugal\/#breadcrumb"},"inLanguage":"pt-PT","potentialAction":[{"@type":"ReadAction","target":["https:\/\/portaltela.pt\/noticias\/2026\/03\/15\/seis-anos-apos-o-inicio-da-pandemia-urge-reconhecer-a-covid-longa-em-portugal\/"]}]},{"@type":"ImageObject","inLanguage":"pt-PT","@id":"https:\/\/portaltela.pt\/noticias\/2026\/03\/15\/seis-anos-apos-o-inicio-da-pandemia-urge-reconhecer-a-covid-longa-em-portugal\/#primaryimage","url":"https:\/\/portaltela.pt\/s.01k8rhncp4jt1\/2026\/03\/2074111.jpg","contentUrl":"https:\/\/portaltela.pt\/s.01k8rhncp4jt1\/2026\/03\/2074111.jpg","width":796,"height":448,"caption":"A OMS estima que 65 milh\u00f5es de pessoas em todo o mundo possam sofrer de \u201ccovid longa\u201d"},{"@type":"BreadcrumbList","@id":"https:\/\/portaltela.pt\/noticias\/2026\/03\/15\/seis-anos-apos-o-inicio-da-pandemia-urge-reconhecer-a-covid-longa-em-portugal\/#breadcrumb","itemListElement":[{"@type":"ListItem","position":1,"name":"In\u00edcio","item":"https:\/\/portaltela.pt\/"},{"@type":"ListItem","position":2,"name":"Seis anos ap\u00f3s o in\u00edcio da pandemia, urge reconhecer a covid longa em Portugal"}]},{"@type":"WebSite","@id":"https:\/\/portaltela.pt\/#website","url":"https:\/\/portaltela.pt\/","name":"Portal Tela Portugal","description":"","potentialAction":[{"@type":"SearchAction","target":{"@type":"EntryPoint","urlTemplate":"https:\/\/portaltela.pt\/?s={search_term_string}"},"query-input":{"@type":"PropertyValueSpecification","valueRequired":true,"valueName":"search_term_string"}}],"inLanguage":"pt-PT"},{"@type":"Person","@id":"https:\/\/portaltela.pt\/#\/schema\/person\/c4278d4a6028830caff9ee44b42d32ed","name":"Telinha","image":{"@type":"ImageObject","inLanguage":"pt-PT","@id":"https:\/\/portaltela.pt\/s.01k8rhncp4jt1\/2025\/11\/talking-bot-125x125.png","url":"https:\/\/portaltela.pt\/s.01k8rhncp4jt1\/2025\/11\/talking-bot-125x125.png","contentUrl":"https:\/\/portaltela.pt\/s.01k8rhncp4jt1\/2025\/11\/talking-bot-125x125.png","caption":"Telinha"},"sameAs":["https:\/\/portaltela.pt\/"],"url":"https:\/\/portaltela.pt\/por\/367410592786\/"}]}},"_links":{"self":[{"href":"https:\/\/portaltela.pt\/api\/wp\/v2\/posts\/410634","targetHints":{"allow":["GET"]}}],"collection":[{"href":"https:\/\/portaltela.pt\/api\/wp\/v2\/posts"}],"about":[{"href":"https:\/\/portaltela.pt\/api\/wp\/v2\/types\/post"}],"author":[{"embeddable":true,"href":"https:\/\/portaltela.pt\/api\/wp\/v2\/users\/2"}],"replies":[{"embeddable":true,"href":"https:\/\/portaltela.pt\/api\/wp\/v2\/comments?post=410634"}],"version-history":[{"count":0,"href":"https:\/\/portaltela.pt\/api\/wp\/v2\/posts\/410634\/revisions"}],"wp:featuredmedia":[{"embeddable":true,"href":"https:\/\/portaltela.pt\/api\/wp\/v2\/media\/410643"}],"wp:attachment":[{"href":"https:\/\/portaltela.pt\/api\/wp\/v2\/media?parent=410634"}],"wp:term":[{"taxonomy":"category","embeddable":true,"href":"https:\/\/portaltela.pt\/api\/wp\/v2\/categories?post=410634"},{"taxonomy":"post_tag","embeddable":true,"href":"https:\/\/portaltela.pt\/api\/wp\/v2\/tags?post=410634"}],"curies":[{"name":"wp","href":"https:\/\/api.w.org\/{rel}","templated":true}]}}