{"id":410629,"date":"2026-03-15T04:06:00","date_gmt":"2026-03-15T07:06:00","guid":{"rendered":"https:\/\/portaltela.pt\/noticias\/2026\/03\/15\/morre-yanar-mohammed-1960-2026-morte-ja-esperada\/"},"modified":"2026-03-15T04:06:00","modified_gmt":"2026-03-15T07:06:00","slug":"morre-yanar-mohammed-1960-2026-morte-ja-esperada","status":"publish","type":"post","link":"https:\/\/portaltela.pt\/noticias\/2026\/03\/15\/morre-yanar-mohammed-1960-2026-morte-ja-esperada\/","title":{"rendered":"Morre Yanar Mohammed (1960-2026), morte j\u00e1 esperada"},"content":{"rendered":"<p>Yanar Mohammed, destacada defensora dos direitos das mulheres no Iraque, morreu em Bagdade ap\u00f3s ter sido atingida por um tiro \u00e0 porta de casa. A morte ocorreu na manh\u00e3 do dia 2, na zona norte da capital. A agress\u00e3o envolveu o uso de uma motocicleta que se aproximou do im\u00f3vel, segundo relatos preliminares.<\/p>\n<p>A parlamentaridade da causa p\u00fablica de Mohammed \u00e9 reconhecida internacionalmente; ao longo dos anos ela enfrentou repetidas amea\u00e7as de morte devido ao trabalho em defesa de igualdade de g\u00e9nero e direitos civis. O ataque deixou a comunidade local em choque e a comunidade internacional a acompanhar o desenrolar das investiga\u00e7\u00f5es.<\/p>\n<p>Mohammed foi transportada ainda com vida para um hospital pr\u00f3ximo, onde acabou por falecer devido aos ferimentos. As autoridades n\u00e3o confirmaram de imediato as motiva\u00e7\u00f5es do crime, mantendo a investiga\u00e7\u00e3o em curso para apurar responsabilidades e poss\u00edveis v\u00ednculos com amea\u00e7as previamente sinalizadas contra a ativista.<\/p>\n<h3>Contexto<\/h3>\n<p>Yanar Mohammed era uma das vozes mais vis\u00edveis na luta pelos direitos das mulheres no Iraque. A sua atua\u00e7\u00e3o incluiu den\u00fancias p\u00fablicas, defesa de pol\u00edticas de igualdade e apoio a mulheres v\u00edtimas de viol\u00eancia, num contexto de instabilidade regional e de riscos acrescidos para ativistas.<\/p>\n<h3>Rea\u00e7\u00f5es e pr\u00f3ximos passos<\/h3>\n<p>Organiza\u00e7\u00f5es de direitos humanos e representantes de grupos civis condenaram o ataque e exigem transpar\u00eancia nas pericias. Autoridades locais anunciaram que as investiga\u00e7\u00f5es est\u00e3o a decorrer para identificar os autores e motiva\u00e7\u00e3o do crime, sem levantar conclus\u00f5es prematuras.<\/p>\n","protected":false},"excerpt":{"rendered":"<ul>\n<li>Yanar Mohammed, uma das vozes principais pela defesa dos direitos das mulheres no Iraque, foi morta a tiro.<\/li>\n<li>O ataque ocorreu na porta de casa, na zona norte de Bagdad, na manh\u00e3 do dia 2.<\/li>\n<li>A atacante chegou de motocicleta antes de disparar.<\/li>\n<li>Foi transportada com vida para um hospital pr\u00f3ximo, onde acabou por falecer.<\/li>\n<li>A jornalista j\u00e1 tinha recebido diversas amea\u00e7as de morte ao longo do tempo.<\/li>\n<\/ul>\n","protected":false},"author":2,"featured_media":410641,"comment_status":"closed","ping_status":"closed","sticky":false,"template":"","format":"standard","meta":{"footnotes":""},"categories":[1],"tags":[5842,147,7011,2633,6634,2701],"class_list":["post-410629","post","type-post","status-publish","format-standard","has-post-thumbnail","hentry","category-noticias","tag-assassinatos","tag-crime","tag-direitos-das-mulheres","tag-direitos-humanos","tag-iraque","tag-mulheres"],"yoast_head":"<!-- This site is optimized with the Yoast SEO plugin v27.2 - https:\/\/yoast.com\/product\/yoast-seo-wordpress\/ -->\n<title>Morre Yanar Mohammed (1960-2026), morte j\u00e1 esperada - Portal Tela Portugal<\/title>\n<meta name=\"robots\" content=\"index, follow, max-snippet:-1, max-image-preview:large, max-video-preview:-1\" \/>\n<meta property=\"og:locale\" content=\"pt_PT\" \/>\n<meta property=\"og:type\" content=\"article\" \/>\n<meta property=\"og:title\" content=\"Morre Yanar Mohammed (1960-2026), morte j\u00e1 esperada - Portal Tela Portugal\" \/>\n<meta property=\"og:description\" content=\"Yanar Mohammed, uma das vozes principais pela defesa dos direitos das mulheres no Iraque, foi morta a tiro. O ataque ocorreu na porta de casa, na zona norte de Bagdad, na manh\u00e3 do dia 2. A atacante chegou de motocicleta antes de disparar. Foi transportada com vida para um hospital pr\u00f3ximo, onde acabou por falecer. A jornalista j\u00e1 tinha recebido diversas amea\u00e7as de morte ao longo do tempo.\" \/>\n<meta property=\"og:url\" content=\"https:\/\/portaltela.pt\/noticias\/2026\/03\/15\/morre-yanar-mohammed-1960-2026-morte-ja-esperada\/\" \/>\n<meta property=\"og:site_name\" content=\"Portal Tela Portugal\" \/>\n<meta property=\"article:published_time\" content=\"2026-03-15T07:06:00+00:00\" \/>\n<meta name=\"author\" content=\"Telinha\" \/>\n<meta name=\"twitter:card\" content=\"summary_large_image\" \/>\n<meta name=\"twitter:label1\" content=\"Escrito por\" \/>\n\t<meta name=\"twitter:data1\" content=\"Telinha\" \/>\n\t<meta name=\"twitter:label2\" content=\"Tempo estimado de leitura\" \/>\n\t<meta name=\"twitter:data2\" content=\"1 minuto\" \/>\n<script type=\"application\/ld+json\" class=\"yoast-schema-graph\">{\"@context\":\"https:\/\/schema.org\",\"@graph\":[{\"@type\":\"Article\",\"@id\":\"https:\/\/portaltela.pt\/noticias\/2026\/03\/15\/morre-yanar-mohammed-1960-2026-morte-ja-esperada\/#article\",\"isPartOf\":{\"@id\":\"https:\/\/portaltela.pt\/noticias\/2026\/03\/15\/morre-yanar-mohammed-1960-2026-morte-ja-esperada\/\"},\"author\":{\"name\":\"Telinha\",\"@id\":\"https:\/\/portaltela.pt\/#\/schema\/person\/c4278d4a6028830caff9ee44b42d32ed\"},\"headline\":\"Morre Yanar Mohammed (1960-2026), morte j\u00e1 esperada\",\"datePublished\":\"2026-03-15T07:06:00+00:00\",\"mainEntityOfPage\":{\"@id\":\"https:\/\/portaltela.pt\/noticias\/2026\/03\/15\/morre-yanar-mohammed-1960-2026-morte-ja-esperada\/\"},\"wordCount\":269,\"image\":{\"@id\":\"https:\/\/portaltela.pt\/noticias\/2026\/03\/15\/morre-yanar-mohammed-1960-2026-morte-ja-esperada\/#primaryimage\"},\"thumbnailUrl\":\"https:\/\/portaltela.pt\/s.01k8rhncp4jt1\/2026\/03\/2073943.jpg\",\"keywords\":[\"assassinatos\",\"crime\",\"direitos das mulheres\",\"direitos humanos\",\"Iraque\",\"Mulheres\"],\"articleSection\":[\"Not\u00edcias\"],\"inLanguage\":\"pt-PT\"},{\"@type\":\"WebPage\",\"@id\":\"https:\/\/portaltela.pt\/noticias\/2026\/03\/15\/morre-yanar-mohammed-1960-2026-morte-ja-esperada\/\",\"url\":\"https:\/\/portaltela.pt\/noticias\/2026\/03\/15\/morre-yanar-mohammed-1960-2026-morte-ja-esperada\/\",\"name\":\"Morre Yanar Mohammed (1960-2026), morte j\u00e1 esperada - Portal Tela Portugal\",\"isPartOf\":{\"@id\":\"https:\/\/portaltela.pt\/#website\"},\"primaryImageOfPage\":{\"@id\":\"https:\/\/portaltela.pt\/noticias\/2026\/03\/15\/morre-yanar-mohammed-1960-2026-morte-ja-esperada\/#primaryimage\"},\"image\":{\"@id\":\"https:\/\/portaltela.pt\/noticias\/2026\/03\/15\/morre-yanar-mohammed-1960-2026-morte-ja-esperada\/#primaryimage\"},\"thumbnailUrl\":\"https:\/\/portaltela.pt\/s.01k8rhncp4jt1\/2026\/03\/2073943.jpg\",\"datePublished\":\"2026-03-15T07:06:00+00:00\",\"author\":{\"@id\":\"https:\/\/portaltela.pt\/#\/schema\/person\/c4278d4a6028830caff9ee44b42d32ed\"},\"breadcrumb\":{\"@id\":\"https:\/\/portaltela.pt\/noticias\/2026\/03\/15\/morre-yanar-mohammed-1960-2026-morte-ja-esperada\/#breadcrumb\"},\"inLanguage\":\"pt-PT\",\"potentialAction\":[{\"@type\":\"ReadAction\",\"target\":[\"https:\/\/portaltela.pt\/noticias\/2026\/03\/15\/morre-yanar-mohammed-1960-2026-morte-ja-esperada\/\"]}]},{\"@type\":\"ImageObject\",\"inLanguage\":\"pt-PT\",\"@id\":\"https:\/\/portaltela.pt\/noticias\/2026\/03\/15\/morre-yanar-mohammed-1960-2026-morte-ja-esperada\/#primaryimage\",\"url\":\"https:\/\/portaltela.pt\/s.01k8rhncp4jt1\/2026\/03\/2073943.jpg\",\"contentUrl\":\"https:\/\/portaltela.pt\/s.01k8rhncp4jt1\/2026\/03\/2073943.jpg\",\"width\":796,\"height\":448,\"caption\":\"Em 1995, Yanar Mohammed exilou-se com a fam\u00edlia no Canad\u00e1 e, tr\u00eas anos depois, fundou uma associa\u00e7\u00e3o denominada Defesa dos Direitos das Mulheres Iraquianas\"},{\"@type\":\"BreadcrumbList\",\"@id\":\"https:\/\/portaltela.pt\/noticias\/2026\/03\/15\/morre-yanar-mohammed-1960-2026-morte-ja-esperada\/#breadcrumb\",\"itemListElement\":[{\"@type\":\"ListItem\",\"position\":1,\"name\":\"In\u00edcio\",\"item\":\"https:\/\/portaltela.pt\/\"},{\"@type\":\"ListItem\",\"position\":2,\"name\":\"Morre Yanar Mohammed (1960-2026), morte j\u00e1 esperada\"}]},{\"@type\":\"WebSite\",\"@id\":\"https:\/\/portaltela.pt\/#website\",\"url\":\"https:\/\/portaltela.pt\/\",\"name\":\"Portal Tela Portugal\",\"description\":\"\",\"potentialAction\":[{\"@type\":\"SearchAction\",\"target\":{\"@type\":\"EntryPoint\",\"urlTemplate\":\"https:\/\/portaltela.pt\/?s={search_term_string}\"},\"query-input\":{\"@type\":\"PropertyValueSpecification\",\"valueRequired\":true,\"valueName\":\"search_term_string\"}}],\"inLanguage\":\"pt-PT\"},{\"@type\":\"Person\",\"@id\":\"https:\/\/portaltela.pt\/#\/schema\/person\/c4278d4a6028830caff9ee44b42d32ed\",\"name\":\"Telinha\",\"image\":{\"@type\":\"ImageObject\",\"inLanguage\":\"pt-PT\",\"@id\":\"https:\/\/portaltela.pt\/s.01k8rhncp4jt1\/2025\/11\/talking-bot-125x125.png\",\"url\":\"https:\/\/portaltela.pt\/s.01k8rhncp4jt1\/2025\/11\/talking-bot-125x125.png\",\"contentUrl\":\"https:\/\/portaltela.pt\/s.01k8rhncp4jt1\/2025\/11\/talking-bot-125x125.png\",\"caption\":\"Telinha\"},\"sameAs\":[\"https:\/\/portaltela.pt\/\"],\"url\":\"https:\/\/portaltela.pt\/por\/367410592786\/\"}]}<\/script>\n<!-- \/ Yoast SEO plugin. -->","yoast_head_json":{"title":"Morre Yanar Mohammed (1960-2026), morte j\u00e1 esperada - Portal Tela Portugal","robots":{"index":"index","follow":"follow","max-snippet":"max-snippet:-1","max-image-preview":"max-image-preview:large","max-video-preview":"max-video-preview:-1"},"og_locale":"pt_PT","og_type":"article","og_title":"Morre Yanar Mohammed (1960-2026), morte j\u00e1 esperada - Portal Tela Portugal","og_description":"Yanar Mohammed, uma das vozes principais pela defesa dos direitos das mulheres no Iraque, foi morta a tiro. O ataque ocorreu na porta de casa, na zona norte de Bagdad, na manh\u00e3 do dia 2. A atacante chegou de motocicleta antes de disparar. Foi transportada com vida para um hospital pr\u00f3ximo, onde acabou por falecer. A jornalista j\u00e1 tinha recebido diversas amea\u00e7as de morte ao longo do tempo.","og_url":"https:\/\/portaltela.pt\/noticias\/2026\/03\/15\/morre-yanar-mohammed-1960-2026-morte-ja-esperada\/","og_site_name":"Portal Tela Portugal","article_published_time":"2026-03-15T07:06:00+00:00","author":"Telinha","twitter_card":"summary_large_image","twitter_misc":{"Escrito por":"Telinha","Tempo estimado de leitura":"1 minuto"},"schema":{"@context":"https:\/\/schema.org","@graph":[{"@type":"Article","@id":"https:\/\/portaltela.pt\/noticias\/2026\/03\/15\/morre-yanar-mohammed-1960-2026-morte-ja-esperada\/#article","isPartOf":{"@id":"https:\/\/portaltela.pt\/noticias\/2026\/03\/15\/morre-yanar-mohammed-1960-2026-morte-ja-esperada\/"},"author":{"name":"Telinha","@id":"https:\/\/portaltela.pt\/#\/schema\/person\/c4278d4a6028830caff9ee44b42d32ed"},"headline":"Morre Yanar Mohammed (1960-2026), morte j\u00e1 esperada","datePublished":"2026-03-15T07:06:00+00:00","mainEntityOfPage":{"@id":"https:\/\/portaltela.pt\/noticias\/2026\/03\/15\/morre-yanar-mohammed-1960-2026-morte-ja-esperada\/"},"wordCount":269,"image":{"@id":"https:\/\/portaltela.pt\/noticias\/2026\/03\/15\/morre-yanar-mohammed-1960-2026-morte-ja-esperada\/#primaryimage"},"thumbnailUrl":"https:\/\/portaltela.pt\/s.01k8rhncp4jt1\/2026\/03\/2073943.jpg","keywords":["assassinatos","crime","direitos das mulheres","direitos humanos","Iraque","Mulheres"],"articleSection":["Not\u00edcias"],"inLanguage":"pt-PT"},{"@type":"WebPage","@id":"https:\/\/portaltela.pt\/noticias\/2026\/03\/15\/morre-yanar-mohammed-1960-2026-morte-ja-esperada\/","url":"https:\/\/portaltela.pt\/noticias\/2026\/03\/15\/morre-yanar-mohammed-1960-2026-morte-ja-esperada\/","name":"Morre Yanar Mohammed (1960-2026), morte j\u00e1 esperada - Portal Tela Portugal","isPartOf":{"@id":"https:\/\/portaltela.pt\/#website"},"primaryImageOfPage":{"@id":"https:\/\/portaltela.pt\/noticias\/2026\/03\/15\/morre-yanar-mohammed-1960-2026-morte-ja-esperada\/#primaryimage"},"image":{"@id":"https:\/\/portaltela.pt\/noticias\/2026\/03\/15\/morre-yanar-mohammed-1960-2026-morte-ja-esperada\/#primaryimage"},"thumbnailUrl":"https:\/\/portaltela.pt\/s.01k8rhncp4jt1\/2026\/03\/2073943.jpg","datePublished":"2026-03-15T07:06:00+00:00","author":{"@id":"https:\/\/portaltela.pt\/#\/schema\/person\/c4278d4a6028830caff9ee44b42d32ed"},"breadcrumb":{"@id":"https:\/\/portaltela.pt\/noticias\/2026\/03\/15\/morre-yanar-mohammed-1960-2026-morte-ja-esperada\/#breadcrumb"},"inLanguage":"pt-PT","potentialAction":[{"@type":"ReadAction","target":["https:\/\/portaltela.pt\/noticias\/2026\/03\/15\/morre-yanar-mohammed-1960-2026-morte-ja-esperada\/"]}]},{"@type":"ImageObject","inLanguage":"pt-PT","@id":"https:\/\/portaltela.pt\/noticias\/2026\/03\/15\/morre-yanar-mohammed-1960-2026-morte-ja-esperada\/#primaryimage","url":"https:\/\/portaltela.pt\/s.01k8rhncp4jt1\/2026\/03\/2073943.jpg","contentUrl":"https:\/\/portaltela.pt\/s.01k8rhncp4jt1\/2026\/03\/2073943.jpg","width":796,"height":448,"caption":"Em 1995, Yanar Mohammed exilou-se com a fam\u00edlia no Canad\u00e1 e, tr\u00eas anos depois, fundou uma associa\u00e7\u00e3o denominada Defesa dos Direitos das Mulheres Iraquianas"},{"@type":"BreadcrumbList","@id":"https:\/\/portaltela.pt\/noticias\/2026\/03\/15\/morre-yanar-mohammed-1960-2026-morte-ja-esperada\/#breadcrumb","itemListElement":[{"@type":"ListItem","position":1,"name":"In\u00edcio","item":"https:\/\/portaltela.pt\/"},{"@type":"ListItem","position":2,"name":"Morre Yanar Mohammed (1960-2026), morte j\u00e1 esperada"}]},{"@type":"WebSite","@id":"https:\/\/portaltela.pt\/#website","url":"https:\/\/portaltela.pt\/","name":"Portal Tela Portugal","description":"","potentialAction":[{"@type":"SearchAction","target":{"@type":"EntryPoint","urlTemplate":"https:\/\/portaltela.pt\/?s={search_term_string}"},"query-input":{"@type":"PropertyValueSpecification","valueRequired":true,"valueName":"search_term_string"}}],"inLanguage":"pt-PT"},{"@type":"Person","@id":"https:\/\/portaltela.pt\/#\/schema\/person\/c4278d4a6028830caff9ee44b42d32ed","name":"Telinha","image":{"@type":"ImageObject","inLanguage":"pt-PT","@id":"https:\/\/portaltela.pt\/s.01k8rhncp4jt1\/2025\/11\/talking-bot-125x125.png","url":"https:\/\/portaltela.pt\/s.01k8rhncp4jt1\/2025\/11\/talking-bot-125x125.png","contentUrl":"https:\/\/portaltela.pt\/s.01k8rhncp4jt1\/2025\/11\/talking-bot-125x125.png","caption":"Telinha"},"sameAs":["https:\/\/portaltela.pt\/"],"url":"https:\/\/portaltela.pt\/por\/367410592786\/"}]}},"_links":{"self":[{"href":"https:\/\/portaltela.pt\/api\/wp\/v2\/posts\/410629","targetHints":{"allow":["GET"]}}],"collection":[{"href":"https:\/\/portaltela.pt\/api\/wp\/v2\/posts"}],"about":[{"href":"https:\/\/portaltela.pt\/api\/wp\/v2\/types\/post"}],"author":[{"embeddable":true,"href":"https:\/\/portaltela.pt\/api\/wp\/v2\/users\/2"}],"replies":[{"embeddable":true,"href":"https:\/\/portaltela.pt\/api\/wp\/v2\/comments?post=410629"}],"version-history":[{"count":0,"href":"https:\/\/portaltela.pt\/api\/wp\/v2\/posts\/410629\/revisions"}],"wp:featuredmedia":[{"embeddable":true,"href":"https:\/\/portaltela.pt\/api\/wp\/v2\/media\/410641"}],"wp:attachment":[{"href":"https:\/\/portaltela.pt\/api\/wp\/v2\/media?parent=410629"}],"wp:term":[{"taxonomy":"category","embeddable":true,"href":"https:\/\/portaltela.pt\/api\/wp\/v2\/categories?post=410629"},{"taxonomy":"post_tag","embeddable":true,"href":"https:\/\/portaltela.pt\/api\/wp\/v2\/tags?post=410629"}],"curies":[{"name":"wp","href":"https:\/\/api.w.org\/{rel}","templated":true}]}}