{"id":410626,"date":"2026-03-15T04:03:00","date_gmt":"2026-03-15T07:03:00","guid":{"rendered":"https:\/\/portaltela.pt\/noticias\/2026\/03\/15\/biografar-camilo-a-verdade-e-a-veneta\/"},"modified":"2026-03-15T04:03:00","modified_gmt":"2026-03-15T07:03:00","slug":"biografar-camilo-a-verdade-e-a-veneta","status":"publish","type":"post","link":"https:\/\/portaltela.pt\/noticias\/2026\/03\/15\/biografar-camilo-a-verdade-e-a-veneta\/","title":{"rendered":"Biografar Camilo: a verdade e a veneta"},"content":{"rendered":"<p>Pouco comum no panorama biogr\u00e1fico portugu\u00eas, Camilo Castelo Branco \u00e9 alvo de uma biografia publicada ainda durante a sua vida. Aos 36 anos, quando j\u00e1 atravessava o esc\u00e2ndalo envolvendo Ana Pl\u00e1cido, ficou pela primeira vez sob esse tipo de registo p\u00fablico.<\/p>\n<p>O autor teve a vida marcada por contornos pol\u00e9micos, incluindo o per\u00edodo em que esteve detido na Cadeia da Rela\u00e7\u00e3o por alegado adult\u00e9rio. A narrativa biogr\u00e1fica, contudo, n\u00e3o se limitou ao epis\u00f3dio, procurando tamb\u00e9m tra\u00e7ar pormenores da sua carreira liter\u00e1ria nascente.<\/p>\n<p>O caso acontece numa altura em que o c\u00edrculo liter\u00e1rio e o p\u00fablico come\u00e7am a conhecer de forma mais direta a figura de Camilo. A biografia em vida, ainda pouco comum para escritores portugueses, suscita debates sobre o papel da posteridade e o momento adequado para moldar a imagem p\u00fablica.<\/p>\n<h3>Contexto hist\u00f3rico<\/h3>\n<p>A passagem destaca a singularidade de Camilo no panorama das biografias em Portugal. O enquadramento envolve o esc\u00e2ndalo com Ana Pl\u00e1cido e o per\u00edodo de pris\u00e3o, elementos que marcaram a percep\u00e7\u00e3o p\u00fablica do escritor na altura.<\/p>\n<p>O texto analisa, ainda, como tais eventos influenciaram a rece\u00e7\u00e3o cr\u00edtica da obra de Camilo Castelo Branco. A rela\u00e7\u00e3o entre vida pessoal e produ\u00e7\u00e3o liter\u00e1ria \u00e9 explorada sob a lente de um retrato ainda em constru\u00e7\u00e3o.<\/p>\n","protected":false},"excerpt":{"rendered":"<ul>\n<li>Camilo Castelo Branco \u00e9 conhecido por ter sido biografado em vida, algo raro no panorama biogr\u00e1fico em Portugal.<\/li>\n<li>Aos 36 anos, j\u00e1 era alvo de biografias, mesmo antes de terminar a sua obra mais famosa.<\/li>\n<li>o epis\u00f3dio ocorre durante o per\u00edodo do esc\u00e2ndalo Ana Pl\u00e1cido.<\/li>\n<li>na altura, Camilo encontrava-se na Cadeia da Rela\u00e7\u00e3o, acusado de adult\u00e9rio.<\/li>\n<li>a situa\u00e7\u00e3o \u00e9 descrita como uma anomalia, j\u00e1 que a posteridade come\u00e7ava para ele ainda muito jovem.<\/li>\n<\/ul>\n","protected":false},"author":2,"featured_media":410636,"comment_status":"closed","ping_status":"closed","sticky":false,"template":"","format":"standard","meta":{"footnotes":""},"categories":[1],"tags":[5175,6654,299,106,1014,1196],"class_list":["post-410626","post","type-post","status-publish","format-standard","has-post-thumbnail","hentry","category-noticias","tag-biografias-historicas","tag-escritores","tag-historia","tag-literatura","tag-portugal","tag-vida-privada"],"yoast_head":"<!-- This site is optimized with the Yoast SEO plugin v27.2 - https:\/\/yoast.com\/product\/yoast-seo-wordpress\/ -->\n<title>Biografar Camilo: a verdade e a veneta - Portal Tela Portugal<\/title>\n<meta name=\"robots\" content=\"index, follow, max-snippet:-1, max-image-preview:large, max-video-preview:-1\" \/>\n<meta property=\"og:locale\" content=\"pt_PT\" \/>\n<meta property=\"og:type\" content=\"article\" \/>\n<meta property=\"og:title\" content=\"Biografar Camilo: a verdade e a veneta - Portal Tela Portugal\" \/>\n<meta property=\"og:description\" content=\"Camilo Castelo Branco \u00e9 conhecido por ter sido biografado em vida, algo raro no panorama biogr\u00e1fico em Portugal. Aos 36 anos, j\u00e1 era alvo de biografias, mesmo antes de terminar a sua obra mais famosa. o epis\u00f3dio ocorre durante o per\u00edodo do esc\u00e2ndalo Ana Pl\u00e1cido. na altura, Camilo encontrava-se na Cadeia da Rela\u00e7\u00e3o, acusado de adult\u00e9rio. a situa\u00e7\u00e3o \u00e9 descrita como uma anomalia, j\u00e1 que a posteridade come\u00e7ava para ele ainda muito jovem.\" \/>\n<meta property=\"og:url\" content=\"https:\/\/portaltela.pt\/noticias\/2026\/03\/15\/biografar-camilo-a-verdade-e-a-veneta\/\" \/>\n<meta property=\"og:site_name\" content=\"Portal Tela Portugal\" \/>\n<meta property=\"article:published_time\" content=\"2026-03-15T07:03:00+00:00\" \/>\n<meta name=\"author\" content=\"Telinha\" \/>\n<meta name=\"twitter:card\" content=\"summary_large_image\" \/>\n<meta name=\"twitter:label1\" content=\"Escrito por\" \/>\n\t<meta name=\"twitter:data1\" content=\"Telinha\" \/>\n\t<meta name=\"twitter:label2\" content=\"Tempo estimado de leitura\" \/>\n\t<meta name=\"twitter:data2\" content=\"1 minuto\" \/>\n<script type=\"application\/ld+json\" class=\"yoast-schema-graph\">{\"@context\":\"https:\/\/schema.org\",\"@graph\":[{\"@type\":\"Article\",\"@id\":\"https:\/\/portaltela.pt\/noticias\/2026\/03\/15\/biografar-camilo-a-verdade-e-a-veneta\/#article\",\"isPartOf\":{\"@id\":\"https:\/\/portaltela.pt\/noticias\/2026\/03\/15\/biografar-camilo-a-verdade-e-a-veneta\/\"},\"author\":{\"name\":\"Telinha\",\"@id\":\"https:\/\/portaltela.pt\/#\/schema\/person\/c4278d4a6028830caff9ee44b42d32ed\"},\"headline\":\"Biografar Camilo: a verdade e a veneta\",\"datePublished\":\"2026-03-15T07:03:00+00:00\",\"mainEntityOfPage\":{\"@id\":\"https:\/\/portaltela.pt\/noticias\/2026\/03\/15\/biografar-camilo-a-verdade-e-a-veneta\/\"},\"wordCount\":243,\"image\":{\"@id\":\"https:\/\/portaltela.pt\/noticias\/2026\/03\/15\/biografar-camilo-a-verdade-e-a-veneta\/#primaryimage\"},\"thumbnailUrl\":\"https:\/\/portaltela.pt\/s.01k8rhncp4jt1\/2026\/03\/2074197.jpg\",\"keywords\":[\"biografias hist\u00f3ricas\",\"escritores\",\"hist\u00f3ria\",\"literatura\",\"Portugal\",\"Vida Privada\"],\"articleSection\":[\"Not\u00edcias\"],\"inLanguage\":\"pt-PT\"},{\"@type\":\"WebPage\",\"@id\":\"https:\/\/portaltela.pt\/noticias\/2026\/03\/15\/biografar-camilo-a-verdade-e-a-veneta\/\",\"url\":\"https:\/\/portaltela.pt\/noticias\/2026\/03\/15\/biografar-camilo-a-verdade-e-a-veneta\/\",\"name\":\"Biografar Camilo: a verdade e a veneta - Portal Tela Portugal\",\"isPartOf\":{\"@id\":\"https:\/\/portaltela.pt\/#website\"},\"primaryImageOfPage\":{\"@id\":\"https:\/\/portaltela.pt\/noticias\/2026\/03\/15\/biografar-camilo-a-verdade-e-a-veneta\/#primaryimage\"},\"image\":{\"@id\":\"https:\/\/portaltela.pt\/noticias\/2026\/03\/15\/biografar-camilo-a-verdade-e-a-veneta\/#primaryimage\"},\"thumbnailUrl\":\"https:\/\/portaltela.pt\/s.01k8rhncp4jt1\/2026\/03\/2074197.jpg\",\"datePublished\":\"2026-03-15T07:03:00+00:00\",\"author\":{\"@id\":\"https:\/\/portaltela.pt\/#\/schema\/person\/c4278d4a6028830caff9ee44b42d32ed\"},\"breadcrumb\":{\"@id\":\"https:\/\/portaltela.pt\/noticias\/2026\/03\/15\/biografar-camilo-a-verdade-e-a-veneta\/#breadcrumb\"},\"inLanguage\":\"pt-PT\",\"potentialAction\":[{\"@type\":\"ReadAction\",\"target\":[\"https:\/\/portaltela.pt\/noticias\/2026\/03\/15\/biografar-camilo-a-verdade-e-a-veneta\/\"]}]},{\"@type\":\"ImageObject\",\"inLanguage\":\"pt-PT\",\"@id\":\"https:\/\/portaltela.pt\/noticias\/2026\/03\/15\/biografar-camilo-a-verdade-e-a-veneta\/#primaryimage\",\"url\":\"https:\/\/portaltela.pt\/s.01k8rhncp4jt1\/2026\/03\/2074197.jpg\",\"contentUrl\":\"https:\/\/portaltela.pt\/s.01k8rhncp4jt1\/2026\/03\/2074197.jpg\",\"width\":796,\"height\":448,\"caption\":\"Camilo Castelo Branco e Ana Pl\u00e1cido\"},{\"@type\":\"BreadcrumbList\",\"@id\":\"https:\/\/portaltela.pt\/noticias\/2026\/03\/15\/biografar-camilo-a-verdade-e-a-veneta\/#breadcrumb\",\"itemListElement\":[{\"@type\":\"ListItem\",\"position\":1,\"name\":\"In\u00edcio\",\"item\":\"https:\/\/portaltela.pt\/\"},{\"@type\":\"ListItem\",\"position\":2,\"name\":\"Biografar Camilo: a verdade e a veneta\"}]},{\"@type\":\"WebSite\",\"@id\":\"https:\/\/portaltela.pt\/#website\",\"url\":\"https:\/\/portaltela.pt\/\",\"name\":\"Portal Tela Portugal\",\"description\":\"\",\"potentialAction\":[{\"@type\":\"SearchAction\",\"target\":{\"@type\":\"EntryPoint\",\"urlTemplate\":\"https:\/\/portaltela.pt\/?s={search_term_string}\"},\"query-input\":{\"@type\":\"PropertyValueSpecification\",\"valueRequired\":true,\"valueName\":\"search_term_string\"}}],\"inLanguage\":\"pt-PT\"},{\"@type\":\"Person\",\"@id\":\"https:\/\/portaltela.pt\/#\/schema\/person\/c4278d4a6028830caff9ee44b42d32ed\",\"name\":\"Telinha\",\"image\":{\"@type\":\"ImageObject\",\"inLanguage\":\"pt-PT\",\"@id\":\"https:\/\/portaltela.pt\/s.01k8rhncp4jt1\/2025\/11\/talking-bot-125x125.png\",\"url\":\"https:\/\/portaltela.pt\/s.01k8rhncp4jt1\/2025\/11\/talking-bot-125x125.png\",\"contentUrl\":\"https:\/\/portaltela.pt\/s.01k8rhncp4jt1\/2025\/11\/talking-bot-125x125.png\",\"caption\":\"Telinha\"},\"sameAs\":[\"https:\/\/portaltela.pt\/\"],\"url\":\"https:\/\/portaltela.pt\/por\/367410592786\/\"}]}<\/script>\n<!-- \/ Yoast SEO plugin. -->","yoast_head_json":{"title":"Biografar Camilo: a verdade e a veneta - Portal Tela Portugal","robots":{"index":"index","follow":"follow","max-snippet":"max-snippet:-1","max-image-preview":"max-image-preview:large","max-video-preview":"max-video-preview:-1"},"og_locale":"pt_PT","og_type":"article","og_title":"Biografar Camilo: a verdade e a veneta - Portal Tela Portugal","og_description":"Camilo Castelo Branco \u00e9 conhecido por ter sido biografado em vida, algo raro no panorama biogr\u00e1fico em Portugal. Aos 36 anos, j\u00e1 era alvo de biografias, mesmo antes de terminar a sua obra mais famosa. o epis\u00f3dio ocorre durante o per\u00edodo do esc\u00e2ndalo Ana Pl\u00e1cido. na altura, Camilo encontrava-se na Cadeia da Rela\u00e7\u00e3o, acusado de adult\u00e9rio. a situa\u00e7\u00e3o \u00e9 descrita como uma anomalia, j\u00e1 que a posteridade come\u00e7ava para ele ainda muito jovem.","og_url":"https:\/\/portaltela.pt\/noticias\/2026\/03\/15\/biografar-camilo-a-verdade-e-a-veneta\/","og_site_name":"Portal Tela Portugal","article_published_time":"2026-03-15T07:03:00+00:00","author":"Telinha","twitter_card":"summary_large_image","twitter_misc":{"Escrito por":"Telinha","Tempo estimado de leitura":"1 minuto"},"schema":{"@context":"https:\/\/schema.org","@graph":[{"@type":"Article","@id":"https:\/\/portaltela.pt\/noticias\/2026\/03\/15\/biografar-camilo-a-verdade-e-a-veneta\/#article","isPartOf":{"@id":"https:\/\/portaltela.pt\/noticias\/2026\/03\/15\/biografar-camilo-a-verdade-e-a-veneta\/"},"author":{"name":"Telinha","@id":"https:\/\/portaltela.pt\/#\/schema\/person\/c4278d4a6028830caff9ee44b42d32ed"},"headline":"Biografar Camilo: a verdade e a veneta","datePublished":"2026-03-15T07:03:00+00:00","mainEntityOfPage":{"@id":"https:\/\/portaltela.pt\/noticias\/2026\/03\/15\/biografar-camilo-a-verdade-e-a-veneta\/"},"wordCount":243,"image":{"@id":"https:\/\/portaltela.pt\/noticias\/2026\/03\/15\/biografar-camilo-a-verdade-e-a-veneta\/#primaryimage"},"thumbnailUrl":"https:\/\/portaltela.pt\/s.01k8rhncp4jt1\/2026\/03\/2074197.jpg","keywords":["biografias hist\u00f3ricas","escritores","hist\u00f3ria","literatura","Portugal","Vida Privada"],"articleSection":["Not\u00edcias"],"inLanguage":"pt-PT"},{"@type":"WebPage","@id":"https:\/\/portaltela.pt\/noticias\/2026\/03\/15\/biografar-camilo-a-verdade-e-a-veneta\/","url":"https:\/\/portaltela.pt\/noticias\/2026\/03\/15\/biografar-camilo-a-verdade-e-a-veneta\/","name":"Biografar Camilo: a verdade e a veneta - Portal Tela Portugal","isPartOf":{"@id":"https:\/\/portaltela.pt\/#website"},"primaryImageOfPage":{"@id":"https:\/\/portaltela.pt\/noticias\/2026\/03\/15\/biografar-camilo-a-verdade-e-a-veneta\/#primaryimage"},"image":{"@id":"https:\/\/portaltela.pt\/noticias\/2026\/03\/15\/biografar-camilo-a-verdade-e-a-veneta\/#primaryimage"},"thumbnailUrl":"https:\/\/portaltela.pt\/s.01k8rhncp4jt1\/2026\/03\/2074197.jpg","datePublished":"2026-03-15T07:03:00+00:00","author":{"@id":"https:\/\/portaltela.pt\/#\/schema\/person\/c4278d4a6028830caff9ee44b42d32ed"},"breadcrumb":{"@id":"https:\/\/portaltela.pt\/noticias\/2026\/03\/15\/biografar-camilo-a-verdade-e-a-veneta\/#breadcrumb"},"inLanguage":"pt-PT","potentialAction":[{"@type":"ReadAction","target":["https:\/\/portaltela.pt\/noticias\/2026\/03\/15\/biografar-camilo-a-verdade-e-a-veneta\/"]}]},{"@type":"ImageObject","inLanguage":"pt-PT","@id":"https:\/\/portaltela.pt\/noticias\/2026\/03\/15\/biografar-camilo-a-verdade-e-a-veneta\/#primaryimage","url":"https:\/\/portaltela.pt\/s.01k8rhncp4jt1\/2026\/03\/2074197.jpg","contentUrl":"https:\/\/portaltela.pt\/s.01k8rhncp4jt1\/2026\/03\/2074197.jpg","width":796,"height":448,"caption":"Camilo Castelo Branco e Ana Pl\u00e1cido"},{"@type":"BreadcrumbList","@id":"https:\/\/portaltela.pt\/noticias\/2026\/03\/15\/biografar-camilo-a-verdade-e-a-veneta\/#breadcrumb","itemListElement":[{"@type":"ListItem","position":1,"name":"In\u00edcio","item":"https:\/\/portaltela.pt\/"},{"@type":"ListItem","position":2,"name":"Biografar Camilo: a verdade e a veneta"}]},{"@type":"WebSite","@id":"https:\/\/portaltela.pt\/#website","url":"https:\/\/portaltela.pt\/","name":"Portal Tela Portugal","description":"","potentialAction":[{"@type":"SearchAction","target":{"@type":"EntryPoint","urlTemplate":"https:\/\/portaltela.pt\/?s={search_term_string}"},"query-input":{"@type":"PropertyValueSpecification","valueRequired":true,"valueName":"search_term_string"}}],"inLanguage":"pt-PT"},{"@type":"Person","@id":"https:\/\/portaltela.pt\/#\/schema\/person\/c4278d4a6028830caff9ee44b42d32ed","name":"Telinha","image":{"@type":"ImageObject","inLanguage":"pt-PT","@id":"https:\/\/portaltela.pt\/s.01k8rhncp4jt1\/2025\/11\/talking-bot-125x125.png","url":"https:\/\/portaltela.pt\/s.01k8rhncp4jt1\/2025\/11\/talking-bot-125x125.png","contentUrl":"https:\/\/portaltela.pt\/s.01k8rhncp4jt1\/2025\/11\/talking-bot-125x125.png","caption":"Telinha"},"sameAs":["https:\/\/portaltela.pt\/"],"url":"https:\/\/portaltela.pt\/por\/367410592786\/"}]}},"_links":{"self":[{"href":"https:\/\/portaltela.pt\/api\/wp\/v2\/posts\/410626","targetHints":{"allow":["GET"]}}],"collection":[{"href":"https:\/\/portaltela.pt\/api\/wp\/v2\/posts"}],"about":[{"href":"https:\/\/portaltela.pt\/api\/wp\/v2\/types\/post"}],"author":[{"embeddable":true,"href":"https:\/\/portaltela.pt\/api\/wp\/v2\/users\/2"}],"replies":[{"embeddable":true,"href":"https:\/\/portaltela.pt\/api\/wp\/v2\/comments?post=410626"}],"version-history":[{"count":0,"href":"https:\/\/portaltela.pt\/api\/wp\/v2\/posts\/410626\/revisions"}],"wp:featuredmedia":[{"embeddable":true,"href":"https:\/\/portaltela.pt\/api\/wp\/v2\/media\/410636"}],"wp:attachment":[{"href":"https:\/\/portaltela.pt\/api\/wp\/v2\/media?parent=410626"}],"wp:term":[{"taxonomy":"category","embeddable":true,"href":"https:\/\/portaltela.pt\/api\/wp\/v2\/categories?post=410626"},{"taxonomy":"post_tag","embeddable":true,"href":"https:\/\/portaltela.pt\/api\/wp\/v2\/tags?post=410626"}],"curies":[{"name":"wp","href":"https:\/\/api.w.org\/{rel}","templated":true}]}}