{"id":410609,"date":"2026-03-15T04:09:00","date_gmt":"2026-03-15T07:09:00","guid":{"rendered":"https:\/\/portaltela.pt\/noticias\/2026\/03\/15\/lopes-cabral-ficou-na-bancada\/"},"modified":"2026-03-15T04:09:00","modified_gmt":"2026-03-15T07:09:00","slug":"lopes-cabral-ficou-na-bancada","status":"publish","type":"post","link":"https:\/\/portaltela.pt\/desporto\/futebol\/2026\/03\/15\/lopes-cabral-ficou-na-bancada\/","title":{"rendered":"Lopes Cabral ficou na bancada"},"content":{"rendered":"<p>Lopes Cabral voltou a ficar fora da ficha de jogo, desta vez em Arouca, mesmo integrando a comitiva do Benfica. O defesa vinha sendo observado pela equipa t\u00e9cnica, mas n\u00e3o foi chamado para entrar em campo.<\/p>\n<p>Tal como aconteceu no Drag\u00e3o, no empate 2-2 com o FC Porto, o jogador assistiu \u00e0 partida sentado na bancada. A situa\u00e7\u00e3o mant\u00e9m-se id\u00eantica ao que aconteceu anteriormente em outra jornada.<\/p>\n<p>Lopes Cabral n\u00e3o atua desde a derrota por 2-1 em Madrid, numa noite em que ficou marcada por ter pedido a camisola a Vin\u00edcius Jr. A partir da\u00ed, apenas esteve no banco de suplentes no triunfo por 2-1 frente ao Gil Vicente.<\/p>\n<h3>Contexto recente<\/h3>\n<p>No campeonato, o central tem apenas estado no banco em algumas jornadas. O Benfica n\u00e3o confirmou publicamente o motivo da presen\u00e7a constante na bancada. O jogador continua a fazer parte do plantel, sem indica\u00e7\u00e3o de les\u00e3o confirmada.<\/p>\n<h3>Perspetivas<\/h3>\n<p>A equipa n\u00e3o anunciou mudan\u00e7as imediatas na constitui\u00e7\u00e3o da defesa. A aus\u00eancia recorrente de Cabral tem mantido op\u00e7\u00f5es alternativas na linha de fundo para o t\u00e9cnico, sem indicar uma resolu\u00e7\u00e3o iminente para a situa\u00e7\u00e3o.<\/p>\n","protected":false},"excerpt":{"rendered":"<ul>\n<li>Lopes Cabral integrou a comitiva do Benfica, mas ficou fora da ficha de jogo frente ao Arouca, tal como j\u00e1 tinha acontecido no Drag\u00e3o diante do FC Porto.<\/li>\n<li>O ala voltou a ficar na bancada durante o encontro, assistindo \u00e0 partida.<\/li>\n<li>O jogador n\u00e3o atua desde a derrota de 2-1 em Madrid, quando pediu a camisola a Vin\u00edcius Jr.<\/li>\n<li>Desde esse jogo, apenas esteve no banco no triunfo por 2-1 frente ao Gil Vicente.<\/li>\n<\/ul>\n","protected":false},"author":2,"featured_media":410611,"comment_status":"closed","ping_status":"closed","sticky":false,"template":"","format":"standard","meta":{"footnotes":""},"categories":[21,24],"tags":[900,1946,6574,32,242,2401],"class_list":["post-410609","post","type-post","status-publish","format-standard","has-post-thumbnail","hentry","category-desporto","category-futebol","tag-arouca","tag-benfica","tag-defesa","tag-futebol","tag-jogadores","tag-lopes-cabral"],"yoast_head":"<!-- This site is optimized with the Yoast SEO plugin v27.2 - https:\/\/yoast.com\/product\/yoast-seo-wordpress\/ -->\n<title>Lopes Cabral ficou na bancada - Portal Tela Portugal<\/title>\n<meta name=\"robots\" content=\"index, follow, max-snippet:-1, max-image-preview:large, max-video-preview:-1\" \/>\n<meta property=\"og:locale\" content=\"pt_PT\" \/>\n<meta property=\"og:type\" content=\"article\" \/>\n<meta property=\"og:title\" content=\"Lopes Cabral ficou na bancada - Portal Tela Portugal\" \/>\n<meta property=\"og:description\" content=\"Lopes Cabral integrou a comitiva do Benfica, mas ficou fora da ficha de jogo frente ao Arouca, tal como j\u00e1 tinha acontecido no Drag\u00e3o diante do FC Porto. O ala voltou a ficar na bancada durante o encontro, assistindo \u00e0 partida. O jogador n\u00e3o atua desde a derrota de 2-1 em Madrid, quando pediu a camisola a Vin\u00edcius Jr. Desde esse jogo, apenas esteve no banco no triunfo por 2-1 frente ao Gil Vicente.\" \/>\n<meta property=\"og:url\" content=\"https:\/\/portaltela.pt\/noticias\/2026\/03\/15\/lopes-cabral-ficou-na-bancada\/\" \/>\n<meta property=\"og:site_name\" content=\"Portal Tela Portugal\" \/>\n<meta property=\"article:published_time\" content=\"2026-03-15T07:09:00+00:00\" \/>\n<meta name=\"author\" content=\"Telinha\" \/>\n<meta name=\"twitter:card\" content=\"summary_large_image\" \/>\n<meta name=\"twitter:label1\" content=\"Escrito por\" \/>\n\t<meta name=\"twitter:data1\" content=\"Telinha\" \/>\n\t<meta name=\"twitter:label2\" content=\"Tempo estimado de leitura\" \/>\n\t<meta name=\"twitter:data2\" content=\"1 minuto\" \/>\n<script type=\"application\/ld+json\" class=\"yoast-schema-graph\">{\"@context\":\"https:\/\/schema.org\",\"@graph\":[{\"@type\":\"Article\",\"@id\":\"https:\/\/portaltela.pt\/noticias\/2026\/03\/15\/lopes-cabral-ficou-na-bancada\/#article\",\"isPartOf\":{\"@id\":\"https:\/\/portaltela.pt\/noticias\/2026\/03\/15\/lopes-cabral-ficou-na-bancada\/\"},\"author\":{\"name\":\"Telinha\",\"@id\":\"https:\/\/portaltela.pt\/#\/schema\/person\/c4278d4a6028830caff9ee44b42d32ed\"},\"headline\":\"Lopes Cabral ficou na bancada\",\"datePublished\":\"2026-03-15T07:09:00+00:00\",\"mainEntityOfPage\":{\"@id\":\"https:\/\/portaltela.pt\/noticias\/2026\/03\/15\/lopes-cabral-ficou-na-bancada\/\"},\"wordCount\":207,\"image\":{\"@id\":\"https:\/\/portaltela.pt\/noticias\/2026\/03\/15\/lopes-cabral-ficou-na-bancada\/#primaryimage\"},\"thumbnailUrl\":\"https:\/\/portaltela.pt\/s.01k8rhncp4jt1\/2026\/03\/img_920x518uu2026-03-15-00-40-39-2427000.jpg\",\"keywords\":[\"Arouca\",\"Benfica\",\"defesa\",\"futebol\",\"jogadores\",\"Lopes Cabral\"],\"articleSection\":[\"Desporto\",\"Futebol\"],\"inLanguage\":\"pt-PT\"},{\"@type\":\"WebPage\",\"@id\":\"https:\/\/portaltela.pt\/noticias\/2026\/03\/15\/lopes-cabral-ficou-na-bancada\/\",\"url\":\"https:\/\/portaltela.pt\/noticias\/2026\/03\/15\/lopes-cabral-ficou-na-bancada\/\",\"name\":\"Lopes Cabral ficou na bancada - Portal Tela Portugal\",\"isPartOf\":{\"@id\":\"https:\/\/portaltela.pt\/#website\"},\"primaryImageOfPage\":{\"@id\":\"https:\/\/portaltela.pt\/noticias\/2026\/03\/15\/lopes-cabral-ficou-na-bancada\/#primaryimage\"},\"image\":{\"@id\":\"https:\/\/portaltela.pt\/noticias\/2026\/03\/15\/lopes-cabral-ficou-na-bancada\/#primaryimage\"},\"thumbnailUrl\":\"https:\/\/portaltela.pt\/s.01k8rhncp4jt1\/2026\/03\/img_920x518uu2026-03-15-00-40-39-2427000.jpg\",\"datePublished\":\"2026-03-15T07:09:00+00:00\",\"author\":{\"@id\":\"https:\/\/portaltela.pt\/#\/schema\/person\/c4278d4a6028830caff9ee44b42d32ed\"},\"breadcrumb\":{\"@id\":\"https:\/\/portaltela.pt\/noticias\/2026\/03\/15\/lopes-cabral-ficou-na-bancada\/#breadcrumb\"},\"inLanguage\":\"pt-PT\",\"potentialAction\":[{\"@type\":\"ReadAction\",\"target\":[\"https:\/\/portaltela.pt\/noticias\/2026\/03\/15\/lopes-cabral-ficou-na-bancada\/\"]}]},{\"@type\":\"ImageObject\",\"inLanguage\":\"pt-PT\",\"@id\":\"https:\/\/portaltela.pt\/noticias\/2026\/03\/15\/lopes-cabral-ficou-na-bancada\/#primaryimage\",\"url\":\"https:\/\/portaltela.pt\/s.01k8rhncp4jt1\/2026\/03\/img_920x518uu2026-03-15-00-40-39-2427000.jpg\",\"contentUrl\":\"https:\/\/portaltela.pt\/s.01k8rhncp4jt1\/2026\/03\/img_920x518uu2026-03-15-00-40-39-2427000.jpg\",\"width\":796,\"height\":448,\"caption\":\"Lopes Cabral ficou na bancada durante o Arouca-Benfica\"},{\"@type\":\"BreadcrumbList\",\"@id\":\"https:\/\/portaltela.pt\/noticias\/2026\/03\/15\/lopes-cabral-ficou-na-bancada\/#breadcrumb\",\"itemListElement\":[{\"@type\":\"ListItem\",\"position\":1,\"name\":\"In\u00edcio\",\"item\":\"https:\/\/portaltela.pt\/\"},{\"@type\":\"ListItem\",\"position\":2,\"name\":\"Lopes Cabral ficou na bancada\"}]},{\"@type\":\"WebSite\",\"@id\":\"https:\/\/portaltela.pt\/#website\",\"url\":\"https:\/\/portaltela.pt\/\",\"name\":\"Portal Tela Portugal\",\"description\":\"\",\"potentialAction\":[{\"@type\":\"SearchAction\",\"target\":{\"@type\":\"EntryPoint\",\"urlTemplate\":\"https:\/\/portaltela.pt\/?s={search_term_string}\"},\"query-input\":{\"@type\":\"PropertyValueSpecification\",\"valueRequired\":true,\"valueName\":\"search_term_string\"}}],\"inLanguage\":\"pt-PT\"},{\"@type\":\"Person\",\"@id\":\"https:\/\/portaltela.pt\/#\/schema\/person\/c4278d4a6028830caff9ee44b42d32ed\",\"name\":\"Telinha\",\"image\":{\"@type\":\"ImageObject\",\"inLanguage\":\"pt-PT\",\"@id\":\"https:\/\/portaltela.pt\/s.01k8rhncp4jt1\/2025\/11\/talking-bot-125x125.png\",\"url\":\"https:\/\/portaltela.pt\/s.01k8rhncp4jt1\/2025\/11\/talking-bot-125x125.png\",\"contentUrl\":\"https:\/\/portaltela.pt\/s.01k8rhncp4jt1\/2025\/11\/talking-bot-125x125.png\",\"caption\":\"Telinha\"},\"sameAs\":[\"https:\/\/portaltela.pt\/\"],\"url\":\"https:\/\/portaltela.pt\/por\/367410592786\/\"}]}<\/script>\n<!-- \/ Yoast SEO plugin. -->","yoast_head_json":{"title":"Lopes Cabral ficou na bancada - Portal Tela Portugal","robots":{"index":"index","follow":"follow","max-snippet":"max-snippet:-1","max-image-preview":"max-image-preview:large","max-video-preview":"max-video-preview:-1"},"og_locale":"pt_PT","og_type":"article","og_title":"Lopes Cabral ficou na bancada - Portal Tela Portugal","og_description":"Lopes Cabral integrou a comitiva do Benfica, mas ficou fora da ficha de jogo frente ao Arouca, tal como j\u00e1 tinha acontecido no Drag\u00e3o diante do FC Porto. O ala voltou a ficar na bancada durante o encontro, assistindo \u00e0 partida. O jogador n\u00e3o atua desde a derrota de 2-1 em Madrid, quando pediu a camisola a Vin\u00edcius Jr. Desde esse jogo, apenas esteve no banco no triunfo por 2-1 frente ao Gil Vicente.","og_url":"https:\/\/portaltela.pt\/noticias\/2026\/03\/15\/lopes-cabral-ficou-na-bancada\/","og_site_name":"Portal Tela Portugal","article_published_time":"2026-03-15T07:09:00+00:00","author":"Telinha","twitter_card":"summary_large_image","twitter_misc":{"Escrito por":"Telinha","Tempo estimado de leitura":"1 minuto"},"schema":{"@context":"https:\/\/schema.org","@graph":[{"@type":"Article","@id":"https:\/\/portaltela.pt\/noticias\/2026\/03\/15\/lopes-cabral-ficou-na-bancada\/#article","isPartOf":{"@id":"https:\/\/portaltela.pt\/noticias\/2026\/03\/15\/lopes-cabral-ficou-na-bancada\/"},"author":{"name":"Telinha","@id":"https:\/\/portaltela.pt\/#\/schema\/person\/c4278d4a6028830caff9ee44b42d32ed"},"headline":"Lopes Cabral ficou na bancada","datePublished":"2026-03-15T07:09:00+00:00","mainEntityOfPage":{"@id":"https:\/\/portaltela.pt\/noticias\/2026\/03\/15\/lopes-cabral-ficou-na-bancada\/"},"wordCount":207,"image":{"@id":"https:\/\/portaltela.pt\/noticias\/2026\/03\/15\/lopes-cabral-ficou-na-bancada\/#primaryimage"},"thumbnailUrl":"https:\/\/portaltela.pt\/s.01k8rhncp4jt1\/2026\/03\/img_920x518uu2026-03-15-00-40-39-2427000.jpg","keywords":["Arouca","Benfica","defesa","futebol","jogadores","Lopes Cabral"],"articleSection":["Desporto","Futebol"],"inLanguage":"pt-PT"},{"@type":"WebPage","@id":"https:\/\/portaltela.pt\/noticias\/2026\/03\/15\/lopes-cabral-ficou-na-bancada\/","url":"https:\/\/portaltela.pt\/noticias\/2026\/03\/15\/lopes-cabral-ficou-na-bancada\/","name":"Lopes Cabral ficou na bancada - Portal Tela Portugal","isPartOf":{"@id":"https:\/\/portaltela.pt\/#website"},"primaryImageOfPage":{"@id":"https:\/\/portaltela.pt\/noticias\/2026\/03\/15\/lopes-cabral-ficou-na-bancada\/#primaryimage"},"image":{"@id":"https:\/\/portaltela.pt\/noticias\/2026\/03\/15\/lopes-cabral-ficou-na-bancada\/#primaryimage"},"thumbnailUrl":"https:\/\/portaltela.pt\/s.01k8rhncp4jt1\/2026\/03\/img_920x518uu2026-03-15-00-40-39-2427000.jpg","datePublished":"2026-03-15T07:09:00+00:00","author":{"@id":"https:\/\/portaltela.pt\/#\/schema\/person\/c4278d4a6028830caff9ee44b42d32ed"},"breadcrumb":{"@id":"https:\/\/portaltela.pt\/noticias\/2026\/03\/15\/lopes-cabral-ficou-na-bancada\/#breadcrumb"},"inLanguage":"pt-PT","potentialAction":[{"@type":"ReadAction","target":["https:\/\/portaltela.pt\/noticias\/2026\/03\/15\/lopes-cabral-ficou-na-bancada\/"]}]},{"@type":"ImageObject","inLanguage":"pt-PT","@id":"https:\/\/portaltela.pt\/noticias\/2026\/03\/15\/lopes-cabral-ficou-na-bancada\/#primaryimage","url":"https:\/\/portaltela.pt\/s.01k8rhncp4jt1\/2026\/03\/img_920x518uu2026-03-15-00-40-39-2427000.jpg","contentUrl":"https:\/\/portaltela.pt\/s.01k8rhncp4jt1\/2026\/03\/img_920x518uu2026-03-15-00-40-39-2427000.jpg","width":796,"height":448,"caption":"Lopes Cabral ficou na bancada durante o Arouca-Benfica"},{"@type":"BreadcrumbList","@id":"https:\/\/portaltela.pt\/noticias\/2026\/03\/15\/lopes-cabral-ficou-na-bancada\/#breadcrumb","itemListElement":[{"@type":"ListItem","position":1,"name":"In\u00edcio","item":"https:\/\/portaltela.pt\/"},{"@type":"ListItem","position":2,"name":"Lopes Cabral ficou na bancada"}]},{"@type":"WebSite","@id":"https:\/\/portaltela.pt\/#website","url":"https:\/\/portaltela.pt\/","name":"Portal Tela Portugal","description":"","potentialAction":[{"@type":"SearchAction","target":{"@type":"EntryPoint","urlTemplate":"https:\/\/portaltela.pt\/?s={search_term_string}"},"query-input":{"@type":"PropertyValueSpecification","valueRequired":true,"valueName":"search_term_string"}}],"inLanguage":"pt-PT"},{"@type":"Person","@id":"https:\/\/portaltela.pt\/#\/schema\/person\/c4278d4a6028830caff9ee44b42d32ed","name":"Telinha","image":{"@type":"ImageObject","inLanguage":"pt-PT","@id":"https:\/\/portaltela.pt\/s.01k8rhncp4jt1\/2025\/11\/talking-bot-125x125.png","url":"https:\/\/portaltela.pt\/s.01k8rhncp4jt1\/2025\/11\/talking-bot-125x125.png","contentUrl":"https:\/\/portaltela.pt\/s.01k8rhncp4jt1\/2025\/11\/talking-bot-125x125.png","caption":"Telinha"},"sameAs":["https:\/\/portaltela.pt\/"],"url":"https:\/\/portaltela.pt\/por\/367410592786\/"}]}},"_links":{"self":[{"href":"https:\/\/portaltela.pt\/api\/wp\/v2\/posts\/410609","targetHints":{"allow":["GET"]}}],"collection":[{"href":"https:\/\/portaltela.pt\/api\/wp\/v2\/posts"}],"about":[{"href":"https:\/\/portaltela.pt\/api\/wp\/v2\/types\/post"}],"author":[{"embeddable":true,"href":"https:\/\/portaltela.pt\/api\/wp\/v2\/users\/2"}],"replies":[{"embeddable":true,"href":"https:\/\/portaltela.pt\/api\/wp\/v2\/comments?post=410609"}],"version-history":[{"count":0,"href":"https:\/\/portaltela.pt\/api\/wp\/v2\/posts\/410609\/revisions"}],"wp:featuredmedia":[{"embeddable":true,"href":"https:\/\/portaltela.pt\/api\/wp\/v2\/media\/410611"}],"wp:attachment":[{"href":"https:\/\/portaltela.pt\/api\/wp\/v2\/media?parent=410609"}],"wp:term":[{"taxonomy":"category","embeddable":true,"href":"https:\/\/portaltela.pt\/api\/wp\/v2\/categories?post=410609"},{"taxonomy":"post_tag","embeddable":true,"href":"https:\/\/portaltela.pt\/api\/wp\/v2\/tags?post=410609"}],"curies":[{"name":"wp","href":"https:\/\/api.w.org\/{rel}","templated":true}]}}