{"id":410602,"date":"2026-03-15T03:50:59","date_gmt":"2026-03-15T06:50:59","guid":{"rendered":"https:\/\/portaltela.pt\/noticias\/2026\/03\/15\/andrew-tate-publica-mensagens-racistas-e-anti-ocidentais-durante-visita-a-hong-kong\/"},"modified":"2026-03-15T03:50:59","modified_gmt":"2026-03-15T06:50:59","slug":"andrew-tate-publica-mensagens-racistas-e-anti-ocidentais-durante-visita-a-hong-kong","status":"publish","type":"post","link":"https:\/\/portaltela.pt\/sociedade\/2026\/03\/15\/andrew-tate-publica-mensagens-racistas-e-anti-ocidentais-durante-visita-a-hong-kong\/","title":{"rendered":"Andrew Tate publica mensagens racistas e anti-ocidentais durante visita a Hong Kong"},"content":{"rendered":"<p>Andrew Tate visita Hong Kong e divulga mensagens racistas e anti-ocidentais durante a estadia, ap\u00f3s o levantamento de restri\u00e7\u00f5es de viagem na Rom\u00e9nia. A a\u00e7\u00e3o ocorre na antiga col\u00f3nia brit\u00e2nica, onde o influenciador tem publicado conte\u00fados nas redes sociais.<\/p>\n<p>As publica\u00e7\u00f5es s\u00e3o partilhadas por contas ligadas aos irm\u00e3os Andrew e Tristan Tate. Nos relatos, aparecem hospedados num hotel de luxo, na presen\u00e7a de jovens seguidores, enquanto produzem conte\u00fados para plataformas digitais.<\/p>\n<p>Imagens mostram multid\u00f5es de admiradores nas ruas e em discotecas, que solicitam fotografias e aplaudem os irm\u00e3os. A cobertura sugere que a base de apoio permanece est\u00e1vel, apesar da situa\u00e7\u00e3o legal que enfrentam em v\u00e1rios pa\u00edses.<\/p>\n<h3>Conte\u00fado partilhado e rea\u00e7\u00f5es<\/h3>\n<p>As grava\u00e7\u00f5es e fotografias indicam um fluxo constante de f\u00e3s, com a\u00e7\u00f5es de apoio p\u00fablico em locais sofisticados de Hong Kong. N\u00e3o h\u00e1 confirma\u00e7\u00e3o de novas ac\u00e7\u00f5es legais associadas a este evento espec\u00edfico.<\/p>\n<p>Fontes pr\u00f3ximas \u00e0s plataformas de difus\u00e3o indicam que as mensagens provocaram cr\u00edticas e controv\u00e9rsia, tanto localmente como entre observadores internacionais. A situa\u00e7\u00e3o jur\u00eddica continua sob escrut\u00ednio em diferentes jurisdi\u00e7\u00f5es.<\/p>\n","protected":false},"excerpt":{"rendered":"<ul>\n<li>O influenciador Andrew Tate publicou mensagens racistas e anti-ocidentais durante a sua visita a Hong Kong, ap\u00f3s as restri\u00e7\u00f5es de viagem impostas na Rom\u00e9nia terem sido levantadas.<\/li>\n<li>Imagens partilhadas nas redes sociais por contas ligadas aos irm\u00e3os mostram\u2011nos a ficar num hotel de luxo na antiga col\u00f3nia brit\u00e2nica, acompanhados por jovens seguidores, enquanto produzem conte\u00fados.<\/li>\n<li>Tamb\u00e9m se veem multid\u00f5es de admiradores nas ruas e em discotecas, que pedem fotografias e aplaudem, evidenciando apoio cont\u00ednuo, apesar da situa\u00e7\u00e3o legal dos irm\u00e3os.<\/li>\n<li>O epis\u00f3dio ocorre num contexto de retorno de Tate a atividade p\u00fablica ap\u00f3s as imposi\u00e7\u00f5es administrativas na Rom\u00e9nia.<\/li>\n<\/ul>\n","protected":false},"author":2,"featured_media":410605,"comment_status":"closed","ping_status":"closed","sticky":false,"template":"","format":"standard","meta":{"footnotes":""},"categories":[1,6871],"tags":[1904,81,1928,5698,6032,88],"class_list":["post-410602","post","type-post","status-publish","format-standard","has-post-thumbnail","hentry","category-noticias","category-sociedade","tag-discurso-de-odio","tag-internacionais","tag-ocidente","tag-politica-internacional","tag-racismo","tag-redes-sociais"],"yoast_head":"<!-- This site is optimized with the Yoast SEO plugin v27.2 - https:\/\/yoast.com\/product\/yoast-seo-wordpress\/ -->\n<title>Andrew Tate publica mensagens racistas e anti-ocidentais durante visita a Hong Kong - Portal Tela Portugal<\/title>\n<meta name=\"robots\" content=\"index, follow, max-snippet:-1, max-image-preview:large, max-video-preview:-1\" \/>\n<meta property=\"og:locale\" content=\"pt_PT\" \/>\n<meta property=\"og:type\" content=\"article\" \/>\n<meta property=\"og:title\" content=\"Andrew Tate publica mensagens racistas e anti-ocidentais durante visita a Hong Kong - Portal Tela Portugal\" \/>\n<meta property=\"og:description\" content=\"O influenciador Andrew Tate publicou mensagens racistas e anti-ocidentais durante a sua visita a Hong Kong, ap\u00f3s as restri\u00e7\u00f5es de viagem impostas na Rom\u00e9nia terem sido levantadas. Imagens partilhadas nas redes sociais por contas ligadas aos irm\u00e3os mostram\u2011nos a ficar num hotel de luxo na antiga col\u00f3nia brit\u00e2nica, acompanhados por jovens seguidores, enquanto produzem conte\u00fados. Tamb\u00e9m se veem multid\u00f5es de admiradores nas ruas e em discotecas, que pedem fotografias e aplaudem, evidenciando apoio cont\u00ednuo, apesar da situa\u00e7\u00e3o legal dos irm\u00e3os. O epis\u00f3dio ocorre num contexto de retorno de Tate a atividade p\u00fablica ap\u00f3s as imposi\u00e7\u00f5es administrativas na Rom\u00e9nia.\" \/>\n<meta property=\"og:url\" content=\"https:\/\/portaltela.pt\/noticias\/2026\/03\/15\/andrew-tate-publica-mensagens-racistas-e-anti-ocidentais-durante-visita-a-hong-kong\/\" \/>\n<meta property=\"og:site_name\" content=\"Portal Tela Portugal\" \/>\n<meta property=\"article:published_time\" content=\"2026-03-15T06:50:59+00:00\" \/>\n<meta name=\"author\" content=\"Telinha\" \/>\n<meta name=\"twitter:card\" content=\"summary_large_image\" \/>\n<meta name=\"twitter:label1\" content=\"Escrito por\" \/>\n\t<meta name=\"twitter:data1\" content=\"Telinha\" \/>\n\t<meta name=\"twitter:label2\" content=\"Tempo estimado de leitura\" \/>\n\t<meta name=\"twitter:data2\" content=\"1 minuto\" \/>\n<script type=\"application\/ld+json\" class=\"yoast-schema-graph\">{\"@context\":\"https:\/\/schema.org\",\"@graph\":[{\"@type\":\"Article\",\"@id\":\"https:\/\/portaltela.pt\/noticias\/2026\/03\/15\/andrew-tate-publica-mensagens-racistas-e-anti-ocidentais-durante-visita-a-hong-kong\/#article\",\"isPartOf\":{\"@id\":\"https:\/\/portaltela.pt\/noticias\/2026\/03\/15\/andrew-tate-publica-mensagens-racistas-e-anti-ocidentais-durante-visita-a-hong-kong\/\"},\"author\":{\"name\":\"Telinha\",\"@id\":\"https:\/\/portaltela.pt\/#\/schema\/person\/c4278d4a6028830caff9ee44b42d32ed\"},\"headline\":\"Andrew Tate publica mensagens racistas e anti-ocidentais durante visita a Hong Kong\",\"datePublished\":\"2026-03-15T06:50:59+00:00\",\"mainEntityOfPage\":{\"@id\":\"https:\/\/portaltela.pt\/noticias\/2026\/03\/15\/andrew-tate-publica-mensagens-racistas-e-anti-ocidentais-durante-visita-a-hong-kong\/\"},\"wordCount\":221,\"image\":{\"@id\":\"https:\/\/portaltela.pt\/noticias\/2026\/03\/15\/andrew-tate-publica-mensagens-racistas-e-anti-ocidentais-durante-visita-a-hong-kong\/#primaryimage\"},\"thumbnailUrl\":\"https:\/\/portaltela.pt\/s.01k8rhncp4jt1\/2026\/03\/img_1500x1000uu2025-04-19-18-03-16-2204021.jpg\",\"keywords\":[\"discurso de \u00f3dio\",\"internacionais\",\"ocidente\",\"pol\u00edtica internacional\",\"racismo\",\"redes sociais\"],\"articleSection\":[\"Not\u00edcias\",\"Sociedade\"],\"inLanguage\":\"pt-PT\"},{\"@type\":\"WebPage\",\"@id\":\"https:\/\/portaltela.pt\/noticias\/2026\/03\/15\/andrew-tate-publica-mensagens-racistas-e-anti-ocidentais-durante-visita-a-hong-kong\/\",\"url\":\"https:\/\/portaltela.pt\/noticias\/2026\/03\/15\/andrew-tate-publica-mensagens-racistas-e-anti-ocidentais-durante-visita-a-hong-kong\/\",\"name\":\"Andrew Tate publica mensagens racistas e anti-ocidentais durante visita a Hong Kong - Portal Tela Portugal\",\"isPartOf\":{\"@id\":\"https:\/\/portaltela.pt\/#website\"},\"primaryImageOfPage\":{\"@id\":\"https:\/\/portaltela.pt\/noticias\/2026\/03\/15\/andrew-tate-publica-mensagens-racistas-e-anti-ocidentais-durante-visita-a-hong-kong\/#primaryimage\"},\"image\":{\"@id\":\"https:\/\/portaltela.pt\/noticias\/2026\/03\/15\/andrew-tate-publica-mensagens-racistas-e-anti-ocidentais-durante-visita-a-hong-kong\/#primaryimage\"},\"thumbnailUrl\":\"https:\/\/portaltela.pt\/s.01k8rhncp4jt1\/2026\/03\/img_1500x1000uu2025-04-19-18-03-16-2204021.jpg\",\"datePublished\":\"2026-03-15T06:50:59+00:00\",\"author\":{\"@id\":\"https:\/\/portaltela.pt\/#\/schema\/person\/c4278d4a6028830caff9ee44b42d32ed\"},\"breadcrumb\":{\"@id\":\"https:\/\/portaltela.pt\/noticias\/2026\/03\/15\/andrew-tate-publica-mensagens-racistas-e-anti-ocidentais-durante-visita-a-hong-kong\/#breadcrumb\"},\"inLanguage\":\"pt-PT\",\"potentialAction\":[{\"@type\":\"ReadAction\",\"target\":[\"https:\/\/portaltela.pt\/noticias\/2026\/03\/15\/andrew-tate-publica-mensagens-racistas-e-anti-ocidentais-durante-visita-a-hong-kong\/\"]}]},{\"@type\":\"ImageObject\",\"inLanguage\":\"pt-PT\",\"@id\":\"https:\/\/portaltela.pt\/noticias\/2026\/03\/15\/andrew-tate-publica-mensagens-racistas-e-anti-ocidentais-durante-visita-a-hong-kong\/#primaryimage\",\"url\":\"https:\/\/portaltela.pt\/s.01k8rhncp4jt1\/2026\/03\/img_1500x1000uu2025-04-19-18-03-16-2204021.jpg\",\"contentUrl\":\"https:\/\/portaltela.pt\/s.01k8rhncp4jt1\/2026\/03\/img_1500x1000uu2025-04-19-18-03-16-2204021.jpg\",\"width\":796,\"height\":448,\"caption\":\"Andrew Tate\"},{\"@type\":\"BreadcrumbList\",\"@id\":\"https:\/\/portaltela.pt\/noticias\/2026\/03\/15\/andrew-tate-publica-mensagens-racistas-e-anti-ocidentais-durante-visita-a-hong-kong\/#breadcrumb\",\"itemListElement\":[{\"@type\":\"ListItem\",\"position\":1,\"name\":\"In\u00edcio\",\"item\":\"https:\/\/portaltela.pt\/\"},{\"@type\":\"ListItem\",\"position\":2,\"name\":\"Andrew Tate publica mensagens racistas e anti-ocidentais durante visita a Hong Kong\"}]},{\"@type\":\"WebSite\",\"@id\":\"https:\/\/portaltela.pt\/#website\",\"url\":\"https:\/\/portaltela.pt\/\",\"name\":\"Portal Tela Portugal\",\"description\":\"\",\"potentialAction\":[{\"@type\":\"SearchAction\",\"target\":{\"@type\":\"EntryPoint\",\"urlTemplate\":\"https:\/\/portaltela.pt\/?s={search_term_string}\"},\"query-input\":{\"@type\":\"PropertyValueSpecification\",\"valueRequired\":true,\"valueName\":\"search_term_string\"}}],\"inLanguage\":\"pt-PT\"},{\"@type\":\"Person\",\"@id\":\"https:\/\/portaltela.pt\/#\/schema\/person\/c4278d4a6028830caff9ee44b42d32ed\",\"name\":\"Telinha\",\"image\":{\"@type\":\"ImageObject\",\"inLanguage\":\"pt-PT\",\"@id\":\"https:\/\/portaltela.pt\/s.01k8rhncp4jt1\/2025\/11\/talking-bot-125x125.png\",\"url\":\"https:\/\/portaltela.pt\/s.01k8rhncp4jt1\/2025\/11\/talking-bot-125x125.png\",\"contentUrl\":\"https:\/\/portaltela.pt\/s.01k8rhncp4jt1\/2025\/11\/talking-bot-125x125.png\",\"caption\":\"Telinha\"},\"sameAs\":[\"https:\/\/portaltela.pt\/\"],\"url\":\"https:\/\/portaltela.pt\/por\/367410592786\/\"}]}<\/script>\n<!-- \/ Yoast SEO plugin. -->","yoast_head_json":{"title":"Andrew Tate publica mensagens racistas e anti-ocidentais durante visita a Hong Kong - Portal Tela Portugal","robots":{"index":"index","follow":"follow","max-snippet":"max-snippet:-1","max-image-preview":"max-image-preview:large","max-video-preview":"max-video-preview:-1"},"og_locale":"pt_PT","og_type":"article","og_title":"Andrew Tate publica mensagens racistas e anti-ocidentais durante visita a Hong Kong - Portal Tela Portugal","og_description":"O influenciador Andrew Tate publicou mensagens racistas e anti-ocidentais durante a sua visita a Hong Kong, ap\u00f3s as restri\u00e7\u00f5es de viagem impostas na Rom\u00e9nia terem sido levantadas. Imagens partilhadas nas redes sociais por contas ligadas aos irm\u00e3os mostram\u2011nos a ficar num hotel de luxo na antiga col\u00f3nia brit\u00e2nica, acompanhados por jovens seguidores, enquanto produzem conte\u00fados. Tamb\u00e9m se veem multid\u00f5es de admiradores nas ruas e em discotecas, que pedem fotografias e aplaudem, evidenciando apoio cont\u00ednuo, apesar da situa\u00e7\u00e3o legal dos irm\u00e3os. O epis\u00f3dio ocorre num contexto de retorno de Tate a atividade p\u00fablica ap\u00f3s as imposi\u00e7\u00f5es administrativas na Rom\u00e9nia.","og_url":"https:\/\/portaltela.pt\/noticias\/2026\/03\/15\/andrew-tate-publica-mensagens-racistas-e-anti-ocidentais-durante-visita-a-hong-kong\/","og_site_name":"Portal Tela Portugal","article_published_time":"2026-03-15T06:50:59+00:00","author":"Telinha","twitter_card":"summary_large_image","twitter_misc":{"Escrito por":"Telinha","Tempo estimado de leitura":"1 minuto"},"schema":{"@context":"https:\/\/schema.org","@graph":[{"@type":"Article","@id":"https:\/\/portaltela.pt\/noticias\/2026\/03\/15\/andrew-tate-publica-mensagens-racistas-e-anti-ocidentais-durante-visita-a-hong-kong\/#article","isPartOf":{"@id":"https:\/\/portaltela.pt\/noticias\/2026\/03\/15\/andrew-tate-publica-mensagens-racistas-e-anti-ocidentais-durante-visita-a-hong-kong\/"},"author":{"name":"Telinha","@id":"https:\/\/portaltela.pt\/#\/schema\/person\/c4278d4a6028830caff9ee44b42d32ed"},"headline":"Andrew Tate publica mensagens racistas e anti-ocidentais durante visita a Hong Kong","datePublished":"2026-03-15T06:50:59+00:00","mainEntityOfPage":{"@id":"https:\/\/portaltela.pt\/noticias\/2026\/03\/15\/andrew-tate-publica-mensagens-racistas-e-anti-ocidentais-durante-visita-a-hong-kong\/"},"wordCount":221,"image":{"@id":"https:\/\/portaltela.pt\/noticias\/2026\/03\/15\/andrew-tate-publica-mensagens-racistas-e-anti-ocidentais-durante-visita-a-hong-kong\/#primaryimage"},"thumbnailUrl":"https:\/\/portaltela.pt\/s.01k8rhncp4jt1\/2026\/03\/img_1500x1000uu2025-04-19-18-03-16-2204021.jpg","keywords":["discurso de \u00f3dio","internacionais","ocidente","pol\u00edtica internacional","racismo","redes sociais"],"articleSection":["Not\u00edcias","Sociedade"],"inLanguage":"pt-PT"},{"@type":"WebPage","@id":"https:\/\/portaltela.pt\/noticias\/2026\/03\/15\/andrew-tate-publica-mensagens-racistas-e-anti-ocidentais-durante-visita-a-hong-kong\/","url":"https:\/\/portaltela.pt\/noticias\/2026\/03\/15\/andrew-tate-publica-mensagens-racistas-e-anti-ocidentais-durante-visita-a-hong-kong\/","name":"Andrew Tate publica mensagens racistas e anti-ocidentais durante visita a Hong Kong - Portal Tela Portugal","isPartOf":{"@id":"https:\/\/portaltela.pt\/#website"},"primaryImageOfPage":{"@id":"https:\/\/portaltela.pt\/noticias\/2026\/03\/15\/andrew-tate-publica-mensagens-racistas-e-anti-ocidentais-durante-visita-a-hong-kong\/#primaryimage"},"image":{"@id":"https:\/\/portaltela.pt\/noticias\/2026\/03\/15\/andrew-tate-publica-mensagens-racistas-e-anti-ocidentais-durante-visita-a-hong-kong\/#primaryimage"},"thumbnailUrl":"https:\/\/portaltela.pt\/s.01k8rhncp4jt1\/2026\/03\/img_1500x1000uu2025-04-19-18-03-16-2204021.jpg","datePublished":"2026-03-15T06:50:59+00:00","author":{"@id":"https:\/\/portaltela.pt\/#\/schema\/person\/c4278d4a6028830caff9ee44b42d32ed"},"breadcrumb":{"@id":"https:\/\/portaltela.pt\/noticias\/2026\/03\/15\/andrew-tate-publica-mensagens-racistas-e-anti-ocidentais-durante-visita-a-hong-kong\/#breadcrumb"},"inLanguage":"pt-PT","potentialAction":[{"@type":"ReadAction","target":["https:\/\/portaltela.pt\/noticias\/2026\/03\/15\/andrew-tate-publica-mensagens-racistas-e-anti-ocidentais-durante-visita-a-hong-kong\/"]}]},{"@type":"ImageObject","inLanguage":"pt-PT","@id":"https:\/\/portaltela.pt\/noticias\/2026\/03\/15\/andrew-tate-publica-mensagens-racistas-e-anti-ocidentais-durante-visita-a-hong-kong\/#primaryimage","url":"https:\/\/portaltela.pt\/s.01k8rhncp4jt1\/2026\/03\/img_1500x1000uu2025-04-19-18-03-16-2204021.jpg","contentUrl":"https:\/\/portaltela.pt\/s.01k8rhncp4jt1\/2026\/03\/img_1500x1000uu2025-04-19-18-03-16-2204021.jpg","width":796,"height":448,"caption":"Andrew Tate"},{"@type":"BreadcrumbList","@id":"https:\/\/portaltela.pt\/noticias\/2026\/03\/15\/andrew-tate-publica-mensagens-racistas-e-anti-ocidentais-durante-visita-a-hong-kong\/#breadcrumb","itemListElement":[{"@type":"ListItem","position":1,"name":"In\u00edcio","item":"https:\/\/portaltela.pt\/"},{"@type":"ListItem","position":2,"name":"Andrew Tate publica mensagens racistas e anti-ocidentais durante visita a Hong Kong"}]},{"@type":"WebSite","@id":"https:\/\/portaltela.pt\/#website","url":"https:\/\/portaltela.pt\/","name":"Portal Tela Portugal","description":"","potentialAction":[{"@type":"SearchAction","target":{"@type":"EntryPoint","urlTemplate":"https:\/\/portaltela.pt\/?s={search_term_string}"},"query-input":{"@type":"PropertyValueSpecification","valueRequired":true,"valueName":"search_term_string"}}],"inLanguage":"pt-PT"},{"@type":"Person","@id":"https:\/\/portaltela.pt\/#\/schema\/person\/c4278d4a6028830caff9ee44b42d32ed","name":"Telinha","image":{"@type":"ImageObject","inLanguage":"pt-PT","@id":"https:\/\/portaltela.pt\/s.01k8rhncp4jt1\/2025\/11\/talking-bot-125x125.png","url":"https:\/\/portaltela.pt\/s.01k8rhncp4jt1\/2025\/11\/talking-bot-125x125.png","contentUrl":"https:\/\/portaltela.pt\/s.01k8rhncp4jt1\/2025\/11\/talking-bot-125x125.png","caption":"Telinha"},"sameAs":["https:\/\/portaltela.pt\/"],"url":"https:\/\/portaltela.pt\/por\/367410592786\/"}]}},"_links":{"self":[{"href":"https:\/\/portaltela.pt\/api\/wp\/v2\/posts\/410602","targetHints":{"allow":["GET"]}}],"collection":[{"href":"https:\/\/portaltela.pt\/api\/wp\/v2\/posts"}],"about":[{"href":"https:\/\/portaltela.pt\/api\/wp\/v2\/types\/post"}],"author":[{"embeddable":true,"href":"https:\/\/portaltela.pt\/api\/wp\/v2\/users\/2"}],"replies":[{"embeddable":true,"href":"https:\/\/portaltela.pt\/api\/wp\/v2\/comments?post=410602"}],"version-history":[{"count":0,"href":"https:\/\/portaltela.pt\/api\/wp\/v2\/posts\/410602\/revisions"}],"wp:featuredmedia":[{"embeddable":true,"href":"https:\/\/portaltela.pt\/api\/wp\/v2\/media\/410605"}],"wp:attachment":[{"href":"https:\/\/portaltela.pt\/api\/wp\/v2\/media?parent=410602"}],"wp:term":[{"taxonomy":"category","embeddable":true,"href":"https:\/\/portaltela.pt\/api\/wp\/v2\/categories?post=410602"},{"taxonomy":"post_tag","embeddable":true,"href":"https:\/\/portaltela.pt\/api\/wp\/v2\/tags?post=410602"}],"curies":[{"name":"wp","href":"https:\/\/api.w.org\/{rel}","templated":true}]}}