{"id":410601,"date":"2026-03-15T03:56:20","date_gmt":"2026-03-15T06:56:20","guid":{"rendered":"https:\/\/portaltela.pt\/noticias\/2026\/03\/15\/cardeal-americo-aguiar-ve-educacao-moral-e-religiosa-catolica-com-dialogo-plural\/"},"modified":"2026-03-15T03:56:20","modified_gmt":"2026-03-15T06:56:20","slug":"cardeal-americo-aguiar-ve-educacao-moral-e-religiosa-catolica-com-dialogo-plural","status":"publish","type":"post","link":"https:\/\/portaltela.pt\/noticias\/2026\/03\/15\/cardeal-americo-aguiar-ve-educacao-moral-e-religiosa-catolica-com-dialogo-plural\/","title":{"rendered":"Cardeal Am\u00e9rico Aguiar v\u00ea Educa\u00e7\u00e3o Moral e Religiosa Cat\u00f3lica com di\u00e1logo plural"},"content":{"rendered":"<p>O cardeal Am\u00e9rico Aguiar, bispo de Set\u00fabal, pediu este domingo a participa\u00e7\u00e3o na disciplina opcional de Educa\u00e7\u00e3o Moral e Religiosa Cat\u00f3lica EMRC do pr\u00f3ximo ano letivo, descrevendo-a como um espa\u00e7o de di\u00e1logo plural. A mensagem foi dirigida a pais, educadores e estudantes.<\/p>\n<p>Ele sublinhou que a EMRC est\u00e1 aberta a toda a comunidade escolar, incluindo crentes, n\u00e3o crentes, pessoas \u00e0 procura, indiferentes ou de outras tradi\u00e7\u00f5es religiosas, destacando o papel da disciplina num contexto de incerteza global e r\u00e1pidas mudan\u00e7as tecnol\u00f3gicas.<\/p>\n<p>O cardeal afirmou ainda que a EMRC pode ajudar a promover liberdade, humanismo e empatia em tempos de tribalismos digitais e conflitos, transformando a diversidade em ponte entre pessoas. O foco \u00e9 desenvolver uma consci\u00eancia \u00e9tica face \u00e0 IA e \u00e0 desinforma\u00e7\u00e3o.<\/p>\n<h3>Contexto institucional<\/h3>\n<p>A EMRC \u00e9 apresentada como ferramenta educativa que, num mundo marcado pela desinforma\u00e7\u00e3o algor\u00edtmica, refor\u00e7a a rela\u00e7\u00e3o humana, a interioridade e a responsabilidade moral, segundo a leitura do bispo de Set\u00fabal.<\/p>\n<p>A organiza\u00e7\u00e3o oferece apoio institucional ao ensino, remetendo para a UNESCO os alertas sobre riscos de discrimina\u00e7\u00e3o algor\u00edtmica, decis\u00f5es opacas e dissemina\u00e7\u00e3o de informa\u00e7\u00e3o incorreta.<\/p>\n<p>A Secretaria Nacional da Educa\u00e7\u00e3o Crist\u00e3 (SNEC) indica que, desde o ano letivo 2024\/2025, a EMRC disponibiliza 529 recursos digitais na plataforma Escola Virtual, da Porto Editora, para v\u00e1rios ciclos de ensino.<\/p>\n<h3>Debates e perce\u00e7\u00f5es<\/h3>\n<p>O acordo entre Portugal e o Vaticano, a Concordata de 2004, garante \u00e0 Igreja educativa alguns privil\u00e9gios fiscais e o direito ao ensino da EMRC nas escolas p\u00fablicas, segundo fontes oficiais.<\/p>\n<p>No m\u00eas anterior, o presidente da Associa\u00e7\u00e3o Ate\u00edsta Portuguesa referiu \u00e0 Lusa ter recebido queixas sobre a participa\u00e7\u00e3o de alunos na EMRC, com relatos de visitas de estudo associadas \u00e0 disciplina.<\/p>\n<p>Jo\u00e3o Louren\u00e7o lamentou que os alunos n\u00e3o inscritos n\u00e3o tenham alternativas de atividades equivalentes, destacando a import\u00e2ncia de um leque avali\u00e1vel para quem opta pela n\u00e3o participa\u00e7\u00e3o.<\/p>\n","protected":false},"excerpt":{"rendered":"<ul>\n<li>Cardeal Am\u00e9rico Aguiar defende a inscri\u00e7\u00e3o na EMRC para o pr\u00f3ximo ano letivo, descrevendo-a como um espa\u00e7o de \u201cdi\u00e1logo plural\u201d.<\/li>\n<li>A disciplina fica aberta a todos: crentes, n\u00e3o crentes, pessoas em busca, indiferentes ou de outras tradi\u00e7\u00f5es religiosas.<\/li>\n<li>Em contexto de incerteza global e r\u00e1pidas mudan\u00e7as tecnol\u00f3gicas, a EMRC \u00e9 apresentada como espa\u00e7o vital para a liberdade e o humanismo, promovendo empatia e fraternidade.<\/li>\n<li>Pode ter papel fundamental face ao avan\u00e7o da IA, cultivando nos jovens uma \u00e9tica num cen\u00e1rio de desinforma\u00e7\u00e3o; a UNESCO alerta para riscos de discrimina\u00e7\u00e3o algor\u00edtmica e decis\u00f5es opacas.<\/li>\n<li>Desde o ano letivo de 2024\/2025, a EMRC conta com 529 recursos digitais dispon\u00edveis na Escola Virtual (Porto Editora), e a Concordata de 2004 garante \u00e0 Igreja cat\u00f3lica isen\u00e7\u00f5es fiscais e direito ao ensino da disciplina nas escolas p\u00fablicas.<\/li>\n<\/ul>\n","protected":false},"author":2,"featured_media":410604,"comment_status":"closed","ping_status":"closed","sticky":false,"template":"","format":"standard","meta":{"footnotes":""},"categories":[1],"tags":[103,1469,163,2443,4312,104],"class_list":["post-410601","post","type-post","status-publish","format-standard","has-post-thumbnail","hentry","category-noticias","tag-catolicismo","tag-desinformacao","tag-educacao","tag-educacao-publica","tag-rede-de-cidades-criativas-da-unesco","tag-religiao"],"yoast_head":"<!-- This site is optimized with the Yoast SEO plugin v27.2 - https:\/\/yoast.com\/product\/yoast-seo-wordpress\/ -->\n<title>Cardeal Am\u00e9rico Aguiar v\u00ea Educa\u00e7\u00e3o Moral e Religiosa Cat\u00f3lica com di\u00e1logo plural - Portal Tela Portugal<\/title>\n<meta name=\"robots\" content=\"index, follow, max-snippet:-1, max-image-preview:large, max-video-preview:-1\" \/>\n<meta property=\"og:locale\" content=\"pt_PT\" \/>\n<meta property=\"og:type\" content=\"article\" \/>\n<meta property=\"og:title\" content=\"Cardeal Am\u00e9rico Aguiar v\u00ea Educa\u00e7\u00e3o Moral e Religiosa Cat\u00f3lica com di\u00e1logo plural - Portal Tela Portugal\" \/>\n<meta property=\"og:description\" content=\"Cardeal Am\u00e9rico Aguiar defende a inscri\u00e7\u00e3o na EMRC para o pr\u00f3ximo ano letivo, descrevendo-a como um espa\u00e7o de \u201cdi\u00e1logo plural\u201d. A disciplina fica aberta a todos: crentes, n\u00e3o crentes, pessoas em busca, indiferentes ou de outras tradi\u00e7\u00f5es religiosas. Em contexto de incerteza global e r\u00e1pidas mudan\u00e7as tecnol\u00f3gicas, a EMRC \u00e9 apresentada como espa\u00e7o vital para a liberdade e o humanismo, promovendo empatia e fraternidade. Pode ter papel fundamental face ao avan\u00e7o da IA, cultivando nos jovens uma \u00e9tica num cen\u00e1rio de desinforma\u00e7\u00e3o; a UNESCO alerta para riscos de discrimina\u00e7\u00e3o algor\u00edtmica e decis\u00f5es opacas. Desde o ano letivo de 2024\/2025, a EMRC conta com 529 recursos digitais dispon\u00edveis na Escola Virtual (Porto Editora), e a Concordata de 2004 garante \u00e0 Igreja cat\u00f3lica isen\u00e7\u00f5es fiscais e direito ao ensino da disciplina nas escolas p\u00fablicas.\" \/>\n<meta property=\"og:url\" content=\"https:\/\/portaltela.pt\/noticias\/2026\/03\/15\/cardeal-americo-aguiar-ve-educacao-moral-e-religiosa-catolica-com-dialogo-plural\/\" \/>\n<meta property=\"og:site_name\" content=\"Portal Tela Portugal\" \/>\n<meta property=\"article:published_time\" content=\"2026-03-15T06:56:20+00:00\" \/>\n<meta name=\"author\" content=\"Telinha\" \/>\n<meta name=\"twitter:card\" content=\"summary_large_image\" \/>\n<meta name=\"twitter:label1\" content=\"Escrito por\" \/>\n\t<meta name=\"twitter:data1\" content=\"Telinha\" \/>\n\t<meta name=\"twitter:label2\" content=\"Tempo estimado de leitura\" \/>\n\t<meta name=\"twitter:data2\" content=\"2 minutos\" \/>\n<script type=\"application\/ld+json\" class=\"yoast-schema-graph\">{\"@context\":\"https:\/\/schema.org\",\"@graph\":[{\"@type\":\"Article\",\"@id\":\"https:\/\/portaltela.pt\/noticias\/2026\/03\/15\/cardeal-americo-aguiar-ve-educacao-moral-e-religiosa-catolica-com-dialogo-plural\/#article\",\"isPartOf\":{\"@id\":\"https:\/\/portaltela.pt\/noticias\/2026\/03\/15\/cardeal-americo-aguiar-ve-educacao-moral-e-religiosa-catolica-com-dialogo-plural\/\"},\"author\":{\"name\":\"Telinha\",\"@id\":\"https:\/\/portaltela.pt\/#\/schema\/person\/c4278d4a6028830caff9ee44b42d32ed\"},\"headline\":\"Cardeal Am\u00e9rico Aguiar v\u00ea Educa\u00e7\u00e3o Moral e Religiosa Cat\u00f3lica com di\u00e1logo plural\",\"datePublished\":\"2026-03-15T06:56:20+00:00\",\"mainEntityOfPage\":{\"@id\":\"https:\/\/portaltela.pt\/noticias\/2026\/03\/15\/cardeal-americo-aguiar-ve-educacao-moral-e-religiosa-catolica-com-dialogo-plural\/\"},\"wordCount\":353,\"image\":{\"@id\":\"https:\/\/portaltela.pt\/noticias\/2026\/03\/15\/cardeal-americo-aguiar-ve-educacao-moral-e-religiosa-catolica-com-dialogo-plural\/#primaryimage\"},\"thumbnailUrl\":\"https:\/\/portaltela.pt\/s.01k8rhncp4jt1\/2026\/03\/img_1500x1000uu2026-03-15-06-55-13-2272447.jpg\",\"keywords\":[\"catolicismo\",\"desinforma\u00e7\u00e3o\",\"educa\u00e7\u00e3o\",\"educa\u00e7\u00e3o p\u00fablica\",\"Rede de Cidades Criativas da UNESCO\",\"religi\u00e3o\"],\"articleSection\":[\"Not\u00edcias\"],\"inLanguage\":\"pt-PT\"},{\"@type\":\"WebPage\",\"@id\":\"https:\/\/portaltela.pt\/noticias\/2026\/03\/15\/cardeal-americo-aguiar-ve-educacao-moral-e-religiosa-catolica-com-dialogo-plural\/\",\"url\":\"https:\/\/portaltela.pt\/noticias\/2026\/03\/15\/cardeal-americo-aguiar-ve-educacao-moral-e-religiosa-catolica-com-dialogo-plural\/\",\"name\":\"Cardeal Am\u00e9rico Aguiar v\u00ea Educa\u00e7\u00e3o Moral e Religiosa Cat\u00f3lica com di\u00e1logo plural - Portal Tela Portugal\",\"isPartOf\":{\"@id\":\"https:\/\/portaltela.pt\/#website\"},\"primaryImageOfPage\":{\"@id\":\"https:\/\/portaltela.pt\/noticias\/2026\/03\/15\/cardeal-americo-aguiar-ve-educacao-moral-e-religiosa-catolica-com-dialogo-plural\/#primaryimage\"},\"image\":{\"@id\":\"https:\/\/portaltela.pt\/noticias\/2026\/03\/15\/cardeal-americo-aguiar-ve-educacao-moral-e-religiosa-catolica-com-dialogo-plural\/#primaryimage\"},\"thumbnailUrl\":\"https:\/\/portaltela.pt\/s.01k8rhncp4jt1\/2026\/03\/img_1500x1000uu2026-03-15-06-55-13-2272447.jpg\",\"datePublished\":\"2026-03-15T06:56:20+00:00\",\"author\":{\"@id\":\"https:\/\/portaltela.pt\/#\/schema\/person\/c4278d4a6028830caff9ee44b42d32ed\"},\"breadcrumb\":{\"@id\":\"https:\/\/portaltela.pt\/noticias\/2026\/03\/15\/cardeal-americo-aguiar-ve-educacao-moral-e-religiosa-catolica-com-dialogo-plural\/#breadcrumb\"},\"inLanguage\":\"pt-PT\",\"potentialAction\":[{\"@type\":\"ReadAction\",\"target\":[\"https:\/\/portaltela.pt\/noticias\/2026\/03\/15\/cardeal-americo-aguiar-ve-educacao-moral-e-religiosa-catolica-com-dialogo-plural\/\"]}]},{\"@type\":\"ImageObject\",\"inLanguage\":\"pt-PT\",\"@id\":\"https:\/\/portaltela.pt\/noticias\/2026\/03\/15\/cardeal-americo-aguiar-ve-educacao-moral-e-religiosa-catolica-com-dialogo-plural\/#primaryimage\",\"url\":\"https:\/\/portaltela.pt\/s.01k8rhncp4jt1\/2026\/03\/img_1500x1000uu2026-03-15-06-55-13-2272447.jpg\",\"contentUrl\":\"https:\/\/portaltela.pt\/s.01k8rhncp4jt1\/2026\/03\/img_1500x1000uu2026-03-15-06-55-13-2272447.jpg\",\"width\":796,\"height\":448,\"caption\":\"Cardeal Am\u00e9rico Aguiar\"},{\"@type\":\"BreadcrumbList\",\"@id\":\"https:\/\/portaltela.pt\/noticias\/2026\/03\/15\/cardeal-americo-aguiar-ve-educacao-moral-e-religiosa-catolica-com-dialogo-plural\/#breadcrumb\",\"itemListElement\":[{\"@type\":\"ListItem\",\"position\":1,\"name\":\"In\u00edcio\",\"item\":\"https:\/\/portaltela.pt\/\"},{\"@type\":\"ListItem\",\"position\":2,\"name\":\"Cardeal Am\u00e9rico Aguiar v\u00ea Educa\u00e7\u00e3o Moral e Religiosa Cat\u00f3lica com di\u00e1logo plural\"}]},{\"@type\":\"WebSite\",\"@id\":\"https:\/\/portaltela.pt\/#website\",\"url\":\"https:\/\/portaltela.pt\/\",\"name\":\"Portal Tela Portugal\",\"description\":\"\",\"potentialAction\":[{\"@type\":\"SearchAction\",\"target\":{\"@type\":\"EntryPoint\",\"urlTemplate\":\"https:\/\/portaltela.pt\/?s={search_term_string}\"},\"query-input\":{\"@type\":\"PropertyValueSpecification\",\"valueRequired\":true,\"valueName\":\"search_term_string\"}}],\"inLanguage\":\"pt-PT\"},{\"@type\":\"Person\",\"@id\":\"https:\/\/portaltela.pt\/#\/schema\/person\/c4278d4a6028830caff9ee44b42d32ed\",\"name\":\"Telinha\",\"image\":{\"@type\":\"ImageObject\",\"inLanguage\":\"pt-PT\",\"@id\":\"https:\/\/portaltela.pt\/s.01k8rhncp4jt1\/2025\/11\/talking-bot-125x125.png\",\"url\":\"https:\/\/portaltela.pt\/s.01k8rhncp4jt1\/2025\/11\/talking-bot-125x125.png\",\"contentUrl\":\"https:\/\/portaltela.pt\/s.01k8rhncp4jt1\/2025\/11\/talking-bot-125x125.png\",\"caption\":\"Telinha\"},\"sameAs\":[\"https:\/\/portaltela.pt\/\"],\"url\":\"https:\/\/portaltela.pt\/por\/367410592786\/\"}]}<\/script>\n<!-- \/ Yoast SEO plugin. -->","yoast_head_json":{"title":"Cardeal Am\u00e9rico Aguiar v\u00ea Educa\u00e7\u00e3o Moral e Religiosa Cat\u00f3lica com di\u00e1logo plural - Portal Tela Portugal","robots":{"index":"index","follow":"follow","max-snippet":"max-snippet:-1","max-image-preview":"max-image-preview:large","max-video-preview":"max-video-preview:-1"},"og_locale":"pt_PT","og_type":"article","og_title":"Cardeal Am\u00e9rico Aguiar v\u00ea Educa\u00e7\u00e3o Moral e Religiosa Cat\u00f3lica com di\u00e1logo plural - Portal Tela Portugal","og_description":"Cardeal Am\u00e9rico Aguiar defende a inscri\u00e7\u00e3o na EMRC para o pr\u00f3ximo ano letivo, descrevendo-a como um espa\u00e7o de \u201cdi\u00e1logo plural\u201d. A disciplina fica aberta a todos: crentes, n\u00e3o crentes, pessoas em busca, indiferentes ou de outras tradi\u00e7\u00f5es religiosas. Em contexto de incerteza global e r\u00e1pidas mudan\u00e7as tecnol\u00f3gicas, a EMRC \u00e9 apresentada como espa\u00e7o vital para a liberdade e o humanismo, promovendo empatia e fraternidade. Pode ter papel fundamental face ao avan\u00e7o da IA, cultivando nos jovens uma \u00e9tica num cen\u00e1rio de desinforma\u00e7\u00e3o; a UNESCO alerta para riscos de discrimina\u00e7\u00e3o algor\u00edtmica e decis\u00f5es opacas. Desde o ano letivo de 2024\/2025, a EMRC conta com 529 recursos digitais dispon\u00edveis na Escola Virtual (Porto Editora), e a Concordata de 2004 garante \u00e0 Igreja cat\u00f3lica isen\u00e7\u00f5es fiscais e direito ao ensino da disciplina nas escolas p\u00fablicas.","og_url":"https:\/\/portaltela.pt\/noticias\/2026\/03\/15\/cardeal-americo-aguiar-ve-educacao-moral-e-religiosa-catolica-com-dialogo-plural\/","og_site_name":"Portal Tela Portugal","article_published_time":"2026-03-15T06:56:20+00:00","author":"Telinha","twitter_card":"summary_large_image","twitter_misc":{"Escrito por":"Telinha","Tempo estimado de leitura":"2 minutos"},"schema":{"@context":"https:\/\/schema.org","@graph":[{"@type":"Article","@id":"https:\/\/portaltela.pt\/noticias\/2026\/03\/15\/cardeal-americo-aguiar-ve-educacao-moral-e-religiosa-catolica-com-dialogo-plural\/#article","isPartOf":{"@id":"https:\/\/portaltela.pt\/noticias\/2026\/03\/15\/cardeal-americo-aguiar-ve-educacao-moral-e-religiosa-catolica-com-dialogo-plural\/"},"author":{"name":"Telinha","@id":"https:\/\/portaltela.pt\/#\/schema\/person\/c4278d4a6028830caff9ee44b42d32ed"},"headline":"Cardeal Am\u00e9rico Aguiar v\u00ea Educa\u00e7\u00e3o Moral e Religiosa Cat\u00f3lica com di\u00e1logo plural","datePublished":"2026-03-15T06:56:20+00:00","mainEntityOfPage":{"@id":"https:\/\/portaltela.pt\/noticias\/2026\/03\/15\/cardeal-americo-aguiar-ve-educacao-moral-e-religiosa-catolica-com-dialogo-plural\/"},"wordCount":353,"image":{"@id":"https:\/\/portaltela.pt\/noticias\/2026\/03\/15\/cardeal-americo-aguiar-ve-educacao-moral-e-religiosa-catolica-com-dialogo-plural\/#primaryimage"},"thumbnailUrl":"https:\/\/portaltela.pt\/s.01k8rhncp4jt1\/2026\/03\/img_1500x1000uu2026-03-15-06-55-13-2272447.jpg","keywords":["catolicismo","desinforma\u00e7\u00e3o","educa\u00e7\u00e3o","educa\u00e7\u00e3o p\u00fablica","Rede de Cidades Criativas da UNESCO","religi\u00e3o"],"articleSection":["Not\u00edcias"],"inLanguage":"pt-PT"},{"@type":"WebPage","@id":"https:\/\/portaltela.pt\/noticias\/2026\/03\/15\/cardeal-americo-aguiar-ve-educacao-moral-e-religiosa-catolica-com-dialogo-plural\/","url":"https:\/\/portaltela.pt\/noticias\/2026\/03\/15\/cardeal-americo-aguiar-ve-educacao-moral-e-religiosa-catolica-com-dialogo-plural\/","name":"Cardeal Am\u00e9rico Aguiar v\u00ea Educa\u00e7\u00e3o Moral e Religiosa Cat\u00f3lica com di\u00e1logo plural - Portal Tela Portugal","isPartOf":{"@id":"https:\/\/portaltela.pt\/#website"},"primaryImageOfPage":{"@id":"https:\/\/portaltela.pt\/noticias\/2026\/03\/15\/cardeal-americo-aguiar-ve-educacao-moral-e-religiosa-catolica-com-dialogo-plural\/#primaryimage"},"image":{"@id":"https:\/\/portaltela.pt\/noticias\/2026\/03\/15\/cardeal-americo-aguiar-ve-educacao-moral-e-religiosa-catolica-com-dialogo-plural\/#primaryimage"},"thumbnailUrl":"https:\/\/portaltela.pt\/s.01k8rhncp4jt1\/2026\/03\/img_1500x1000uu2026-03-15-06-55-13-2272447.jpg","datePublished":"2026-03-15T06:56:20+00:00","author":{"@id":"https:\/\/portaltela.pt\/#\/schema\/person\/c4278d4a6028830caff9ee44b42d32ed"},"breadcrumb":{"@id":"https:\/\/portaltela.pt\/noticias\/2026\/03\/15\/cardeal-americo-aguiar-ve-educacao-moral-e-religiosa-catolica-com-dialogo-plural\/#breadcrumb"},"inLanguage":"pt-PT","potentialAction":[{"@type":"ReadAction","target":["https:\/\/portaltela.pt\/noticias\/2026\/03\/15\/cardeal-americo-aguiar-ve-educacao-moral-e-religiosa-catolica-com-dialogo-plural\/"]}]},{"@type":"ImageObject","inLanguage":"pt-PT","@id":"https:\/\/portaltela.pt\/noticias\/2026\/03\/15\/cardeal-americo-aguiar-ve-educacao-moral-e-religiosa-catolica-com-dialogo-plural\/#primaryimage","url":"https:\/\/portaltela.pt\/s.01k8rhncp4jt1\/2026\/03\/img_1500x1000uu2026-03-15-06-55-13-2272447.jpg","contentUrl":"https:\/\/portaltela.pt\/s.01k8rhncp4jt1\/2026\/03\/img_1500x1000uu2026-03-15-06-55-13-2272447.jpg","width":796,"height":448,"caption":"Cardeal Am\u00e9rico Aguiar"},{"@type":"BreadcrumbList","@id":"https:\/\/portaltela.pt\/noticias\/2026\/03\/15\/cardeal-americo-aguiar-ve-educacao-moral-e-religiosa-catolica-com-dialogo-plural\/#breadcrumb","itemListElement":[{"@type":"ListItem","position":1,"name":"In\u00edcio","item":"https:\/\/portaltela.pt\/"},{"@type":"ListItem","position":2,"name":"Cardeal Am\u00e9rico Aguiar v\u00ea Educa\u00e7\u00e3o Moral e Religiosa Cat\u00f3lica com di\u00e1logo plural"}]},{"@type":"WebSite","@id":"https:\/\/portaltela.pt\/#website","url":"https:\/\/portaltela.pt\/","name":"Portal Tela Portugal","description":"","potentialAction":[{"@type":"SearchAction","target":{"@type":"EntryPoint","urlTemplate":"https:\/\/portaltela.pt\/?s={search_term_string}"},"query-input":{"@type":"PropertyValueSpecification","valueRequired":true,"valueName":"search_term_string"}}],"inLanguage":"pt-PT"},{"@type":"Person","@id":"https:\/\/portaltela.pt\/#\/schema\/person\/c4278d4a6028830caff9ee44b42d32ed","name":"Telinha","image":{"@type":"ImageObject","inLanguage":"pt-PT","@id":"https:\/\/portaltela.pt\/s.01k8rhncp4jt1\/2025\/11\/talking-bot-125x125.png","url":"https:\/\/portaltela.pt\/s.01k8rhncp4jt1\/2025\/11\/talking-bot-125x125.png","contentUrl":"https:\/\/portaltela.pt\/s.01k8rhncp4jt1\/2025\/11\/talking-bot-125x125.png","caption":"Telinha"},"sameAs":["https:\/\/portaltela.pt\/"],"url":"https:\/\/portaltela.pt\/por\/367410592786\/"}]}},"_links":{"self":[{"href":"https:\/\/portaltela.pt\/api\/wp\/v2\/posts\/410601","targetHints":{"allow":["GET"]}}],"collection":[{"href":"https:\/\/portaltela.pt\/api\/wp\/v2\/posts"}],"about":[{"href":"https:\/\/portaltela.pt\/api\/wp\/v2\/types\/post"}],"author":[{"embeddable":true,"href":"https:\/\/portaltela.pt\/api\/wp\/v2\/users\/2"}],"replies":[{"embeddable":true,"href":"https:\/\/portaltela.pt\/api\/wp\/v2\/comments?post=410601"}],"version-history":[{"count":0,"href":"https:\/\/portaltela.pt\/api\/wp\/v2\/posts\/410601\/revisions"}],"wp:featuredmedia":[{"embeddable":true,"href":"https:\/\/portaltela.pt\/api\/wp\/v2\/media\/410604"}],"wp:attachment":[{"href":"https:\/\/portaltela.pt\/api\/wp\/v2\/media?parent=410601"}],"wp:term":[{"taxonomy":"category","embeddable":true,"href":"https:\/\/portaltela.pt\/api\/wp\/v2\/categories?post=410601"},{"taxonomy":"post_tag","embeddable":true,"href":"https:\/\/portaltela.pt\/api\/wp\/v2\/tags?post=410601"}],"curies":[{"name":"wp","href":"https:\/\/api.w.org\/{rel}","templated":true}]}}