{"id":410552,"date":"2026-03-14T22:30:00","date_gmt":"2026-03-15T01:30:00","guid":{"rendered":"https:\/\/portaltela.pt\/noticias\/2026\/03\/14\/supremo-reduz-gastos-para-custear-julgamento-da-operacao-lex\/"},"modified":"2026-03-14T22:30:00","modified_gmt":"2026-03-15T01:30:00","slug":"supremo-reduz-gastos-para-custear-julgamento-da-operacao-lex","status":"publish","type":"post","link":"https:\/\/portaltela.pt\/noticias\/2026\/03\/14\/supremo-reduz-gastos-para-custear-julgamento-da-operacao-lex\/","title":{"rendered":"Supremo reduz gastos para custear julgamento da Opera\u00e7\u00e3o Lex"},"content":{"rendered":"<p>O Supremo Tribunal de Justi\u00e7a (STJ) cortou despesas para custear o julgamento da chamada Opera\u00e7\u00e3o Lex. Os cortes incidiram em confer\u00eancias e col\u00f3quios, nas desloca\u00e7\u00f5es de ju\u00edzes ao estrangeiro e nas publica\u00e7\u00f5es oficiais, entre outras rubricas.<\/p>\n<p>O processo envolve antigos desembargadores Lu\u00eds Vaz das Neves, Rui Rangel e F\u00e1tima Galante, bem como o ex-presidente do Benfica, Lu\u00eds Filipe Vieira. O julgamento decorre no antigo Tribunal Militar de Santa Clara, cujas instala\u00e7\u00f5es est\u00e3o afetas ao Ex\u00e9rcito.<\/p>\n<p>A institui\u00e7\u00e3o tamb\u00e9m tentou que o Minist\u00e9rio da Justi\u00e7a financi\u00e1sse a despesa, mas sem sucesso. O local onde se realizam as sess\u00f5es permanece ligado ao aparato militar, mantendo o enquadramento institucional da antiga jurisdi\u00e7\u00e3o envolvida.<\/p>\n","protected":false},"excerpt":{"rendered":"<ul>\n<li>O Supremo Tribunal de Justi\u00e7a (STJ) reduziu despesas para financiar o julgamento da chamada \u201cOpera\u00e7\u00e3o Lex\u201d.<\/li>\n<li>O STJ recusou a interven\u00e7\u00e3o de Monsanto e tentou que o Minist\u00e9rio da Justi\u00e7a pagasse a despesa, mas sem sucesso.<\/li>\n<li>As medidas de conten\u00e7\u00e3o inclu\u00edram cortes em confer\u00eancias e col\u00f3quios, nas desloca\u00e7\u00f5es dos ju\u00edzes ao estrangeiro e nas publica\u00e7\u00f5es.<\/li>\n<li>O processo envolve os ex-desembargadores Lu\u00eds Vaz das Neves, Rui Rangel e F\u00e1tima Galante, bem como o ex-presidente do Benfica Lu\u00eds Filipe Vieira.<\/li>\n<li>O julgamento decorre no antigo Tribunal Militar de Santa Clara, cujas instala\u00e7\u00f5es est\u00e3o afetas ao Ex\u00e9rcito.<\/li>\n<\/ul>\n","protected":false},"author":2,"featured_media":410556,"comment_status":"closed","ping_status":"closed","sticky":false,"template":"","format":"standard","meta":{"footnotes":""},"categories":[6815,1],"tags":[1946,147,803,3667,6208,5946],"class_list":["post-410552","post","type-post","status-publish","format-standard","has-post-thumbnail","hentry","category-justica","category-noticias","tag-benfica","tag-crime","tag-justica","tag-processos","tag-tribunais","tag-vieira"],"yoast_head":"<!-- This site is optimized with the Yoast SEO plugin v27.2 - https:\/\/yoast.com\/product\/yoast-seo-wordpress\/ -->\n<title>Supremo reduz gastos para custear julgamento da Opera\u00e7\u00e3o Lex - Portal Tela Portugal<\/title>\n<meta name=\"robots\" content=\"index, follow, max-snippet:-1, max-image-preview:large, max-video-preview:-1\" \/>\n<meta property=\"og:locale\" content=\"pt_PT\" \/>\n<meta property=\"og:type\" content=\"article\" \/>\n<meta property=\"og:title\" content=\"Supremo reduz gastos para custear julgamento da Opera\u00e7\u00e3o Lex - Portal Tela Portugal\" \/>\n<meta property=\"og:description\" content=\"O Supremo Tribunal de Justi\u00e7a (STJ) reduziu despesas para financiar o julgamento da chamada \u201cOpera\u00e7\u00e3o Lex\u201d. O STJ recusou a interven\u00e7\u00e3o de Monsanto e tentou que o Minist\u00e9rio da Justi\u00e7a pagasse a despesa, mas sem sucesso. As medidas de conten\u00e7\u00e3o inclu\u00edram cortes em confer\u00eancias e col\u00f3quios, nas desloca\u00e7\u00f5es dos ju\u00edzes ao estrangeiro e nas publica\u00e7\u00f5es. O processo envolve os ex-desembargadores Lu\u00eds Vaz das Neves, Rui Rangel e F\u00e1tima Galante, bem como o ex-presidente do Benfica Lu\u00eds Filipe Vieira. O julgamento decorre no antigo Tribunal Militar de Santa Clara, cujas instala\u00e7\u00f5es est\u00e3o afetas ao Ex\u00e9rcito.\" \/>\n<meta property=\"og:url\" content=\"https:\/\/portaltela.pt\/noticias\/2026\/03\/14\/supremo-reduz-gastos-para-custear-julgamento-da-operacao-lex\/\" \/>\n<meta property=\"og:site_name\" content=\"Portal Tela Portugal\" \/>\n<meta property=\"article:published_time\" content=\"2026-03-15T01:30:00+00:00\" \/>\n<meta name=\"author\" content=\"Telinha\" \/>\n<meta name=\"twitter:card\" content=\"summary_large_image\" \/>\n<meta name=\"twitter:label1\" content=\"Escrito por\" \/>\n\t<meta name=\"twitter:data1\" content=\"Telinha\" \/>\n\t<meta name=\"twitter:label2\" content=\"Tempo estimado de leitura\" \/>\n\t<meta name=\"twitter:data2\" content=\"1 minuto\" \/>\n<script type=\"application\/ld+json\" class=\"yoast-schema-graph\">{\"@context\":\"https:\/\/schema.org\",\"@graph\":[{\"@type\":\"Article\",\"@id\":\"https:\/\/portaltela.pt\/noticias\/2026\/03\/14\/supremo-reduz-gastos-para-custear-julgamento-da-operacao-lex\/#article\",\"isPartOf\":{\"@id\":\"https:\/\/portaltela.pt\/noticias\/2026\/03\/14\/supremo-reduz-gastos-para-custear-julgamento-da-operacao-lex\/\"},\"author\":{\"name\":\"Telinha\",\"@id\":\"https:\/\/portaltela.pt\/#\/schema\/person\/c4278d4a6028830caff9ee44b42d32ed\"},\"headline\":\"Supremo reduz gastos para custear julgamento da Opera\u00e7\u00e3o Lex\",\"datePublished\":\"2026-03-15T01:30:00+00:00\",\"mainEntityOfPage\":{\"@id\":\"https:\/\/portaltela.pt\/noticias\/2026\/03\/14\/supremo-reduz-gastos-para-custear-julgamento-da-operacao-lex\/\"},\"wordCount\":140,\"image\":{\"@id\":\"https:\/\/portaltela.pt\/noticias\/2026\/03\/14\/supremo-reduz-gastos-para-custear-julgamento-da-operacao-lex\/#primaryimage\"},\"thumbnailUrl\":\"https:\/\/portaltela.pt\/s.01k8rhncp4jt1\/2026\/03\/img_1280x721uu2026-03-14-23-20-04-2272425.jpg\",\"keywords\":[\"Benfica\",\"crime\",\"justi\u00e7a\",\"processos\",\"Tribunais\",\"Vieira\"],\"articleSection\":[\"Justi\u00e7a\",\"Not\u00edcias\"],\"inLanguage\":\"pt-PT\"},{\"@type\":\"WebPage\",\"@id\":\"https:\/\/portaltela.pt\/noticias\/2026\/03\/14\/supremo-reduz-gastos-para-custear-julgamento-da-operacao-lex\/\",\"url\":\"https:\/\/portaltela.pt\/noticias\/2026\/03\/14\/supremo-reduz-gastos-para-custear-julgamento-da-operacao-lex\/\",\"name\":\"Supremo reduz gastos para custear julgamento da Opera\u00e7\u00e3o Lex - Portal Tela Portugal\",\"isPartOf\":{\"@id\":\"https:\/\/portaltela.pt\/#website\"},\"primaryImageOfPage\":{\"@id\":\"https:\/\/portaltela.pt\/noticias\/2026\/03\/14\/supremo-reduz-gastos-para-custear-julgamento-da-operacao-lex\/#primaryimage\"},\"image\":{\"@id\":\"https:\/\/portaltela.pt\/noticias\/2026\/03\/14\/supremo-reduz-gastos-para-custear-julgamento-da-operacao-lex\/#primaryimage\"},\"thumbnailUrl\":\"https:\/\/portaltela.pt\/s.01k8rhncp4jt1\/2026\/03\/img_1280x721uu2026-03-14-23-20-04-2272425.jpg\",\"datePublished\":\"2026-03-15T01:30:00+00:00\",\"author\":{\"@id\":\"https:\/\/portaltela.pt\/#\/schema\/person\/c4278d4a6028830caff9ee44b42d32ed\"},\"breadcrumb\":{\"@id\":\"https:\/\/portaltela.pt\/noticias\/2026\/03\/14\/supremo-reduz-gastos-para-custear-julgamento-da-operacao-lex\/#breadcrumb\"},\"inLanguage\":\"pt-PT\",\"potentialAction\":[{\"@type\":\"ReadAction\",\"target\":[\"https:\/\/portaltela.pt\/noticias\/2026\/03\/14\/supremo-reduz-gastos-para-custear-julgamento-da-operacao-lex\/\"]}]},{\"@type\":\"ImageObject\",\"inLanguage\":\"pt-PT\",\"@id\":\"https:\/\/portaltela.pt\/noticias\/2026\/03\/14\/supremo-reduz-gastos-para-custear-julgamento-da-operacao-lex\/#primaryimage\",\"url\":\"https:\/\/portaltela.pt\/s.01k8rhncp4jt1\/2026\/03\/img_1280x721uu2026-03-14-23-20-04-2272425.jpg\",\"contentUrl\":\"https:\/\/portaltela.pt\/s.01k8rhncp4jt1\/2026\/03\/img_1280x721uu2026-03-14-23-20-04-2272425.jpg\",\"width\":796,\"height\":448,\"caption\":\"Rui Rangel est\u00e1 a ser julgado pelo Supremo Tribunal de Justi\u00e7a\"},{\"@type\":\"BreadcrumbList\",\"@id\":\"https:\/\/portaltela.pt\/noticias\/2026\/03\/14\/supremo-reduz-gastos-para-custear-julgamento-da-operacao-lex\/#breadcrumb\",\"itemListElement\":[{\"@type\":\"ListItem\",\"position\":1,\"name\":\"In\u00edcio\",\"item\":\"https:\/\/portaltela.pt\/\"},{\"@type\":\"ListItem\",\"position\":2,\"name\":\"Supremo reduz gastos para custear julgamento da Opera\u00e7\u00e3o Lex\"}]},{\"@type\":\"WebSite\",\"@id\":\"https:\/\/portaltela.pt\/#website\",\"url\":\"https:\/\/portaltela.pt\/\",\"name\":\"Portal Tela Portugal\",\"description\":\"\",\"potentialAction\":[{\"@type\":\"SearchAction\",\"target\":{\"@type\":\"EntryPoint\",\"urlTemplate\":\"https:\/\/portaltela.pt\/?s={search_term_string}\"},\"query-input\":{\"@type\":\"PropertyValueSpecification\",\"valueRequired\":true,\"valueName\":\"search_term_string\"}}],\"inLanguage\":\"pt-PT\"},{\"@type\":\"Person\",\"@id\":\"https:\/\/portaltela.pt\/#\/schema\/person\/c4278d4a6028830caff9ee44b42d32ed\",\"name\":\"Telinha\",\"image\":{\"@type\":\"ImageObject\",\"inLanguage\":\"pt-PT\",\"@id\":\"https:\/\/portaltela.pt\/s.01k8rhncp4jt1\/2025\/11\/talking-bot-125x125.png\",\"url\":\"https:\/\/portaltela.pt\/s.01k8rhncp4jt1\/2025\/11\/talking-bot-125x125.png\",\"contentUrl\":\"https:\/\/portaltela.pt\/s.01k8rhncp4jt1\/2025\/11\/talking-bot-125x125.png\",\"caption\":\"Telinha\"},\"sameAs\":[\"https:\/\/portaltela.pt\/\"],\"url\":\"https:\/\/portaltela.pt\/por\/367410592786\/\"}]}<\/script>\n<!-- \/ Yoast SEO plugin. -->","yoast_head_json":{"title":"Supremo reduz gastos para custear julgamento da Opera\u00e7\u00e3o Lex - Portal Tela Portugal","robots":{"index":"index","follow":"follow","max-snippet":"max-snippet:-1","max-image-preview":"max-image-preview:large","max-video-preview":"max-video-preview:-1"},"og_locale":"pt_PT","og_type":"article","og_title":"Supremo reduz gastos para custear julgamento da Opera\u00e7\u00e3o Lex - Portal Tela Portugal","og_description":"O Supremo Tribunal de Justi\u00e7a (STJ) reduziu despesas para financiar o julgamento da chamada \u201cOpera\u00e7\u00e3o Lex\u201d. O STJ recusou a interven\u00e7\u00e3o de Monsanto e tentou que o Minist\u00e9rio da Justi\u00e7a pagasse a despesa, mas sem sucesso. As medidas de conten\u00e7\u00e3o inclu\u00edram cortes em confer\u00eancias e col\u00f3quios, nas desloca\u00e7\u00f5es dos ju\u00edzes ao estrangeiro e nas publica\u00e7\u00f5es. O processo envolve os ex-desembargadores Lu\u00eds Vaz das Neves, Rui Rangel e F\u00e1tima Galante, bem como o ex-presidente do Benfica Lu\u00eds Filipe Vieira. O julgamento decorre no antigo Tribunal Militar de Santa Clara, cujas instala\u00e7\u00f5es est\u00e3o afetas ao Ex\u00e9rcito.","og_url":"https:\/\/portaltela.pt\/noticias\/2026\/03\/14\/supremo-reduz-gastos-para-custear-julgamento-da-operacao-lex\/","og_site_name":"Portal Tela Portugal","article_published_time":"2026-03-15T01:30:00+00:00","author":"Telinha","twitter_card":"summary_large_image","twitter_misc":{"Escrito por":"Telinha","Tempo estimado de leitura":"1 minuto"},"schema":{"@context":"https:\/\/schema.org","@graph":[{"@type":"Article","@id":"https:\/\/portaltela.pt\/noticias\/2026\/03\/14\/supremo-reduz-gastos-para-custear-julgamento-da-operacao-lex\/#article","isPartOf":{"@id":"https:\/\/portaltela.pt\/noticias\/2026\/03\/14\/supremo-reduz-gastos-para-custear-julgamento-da-operacao-lex\/"},"author":{"name":"Telinha","@id":"https:\/\/portaltela.pt\/#\/schema\/person\/c4278d4a6028830caff9ee44b42d32ed"},"headline":"Supremo reduz gastos para custear julgamento da Opera\u00e7\u00e3o Lex","datePublished":"2026-03-15T01:30:00+00:00","mainEntityOfPage":{"@id":"https:\/\/portaltela.pt\/noticias\/2026\/03\/14\/supremo-reduz-gastos-para-custear-julgamento-da-operacao-lex\/"},"wordCount":140,"image":{"@id":"https:\/\/portaltela.pt\/noticias\/2026\/03\/14\/supremo-reduz-gastos-para-custear-julgamento-da-operacao-lex\/#primaryimage"},"thumbnailUrl":"https:\/\/portaltela.pt\/s.01k8rhncp4jt1\/2026\/03\/img_1280x721uu2026-03-14-23-20-04-2272425.jpg","keywords":["Benfica","crime","justi\u00e7a","processos","Tribunais","Vieira"],"articleSection":["Justi\u00e7a","Not\u00edcias"],"inLanguage":"pt-PT"},{"@type":"WebPage","@id":"https:\/\/portaltela.pt\/noticias\/2026\/03\/14\/supremo-reduz-gastos-para-custear-julgamento-da-operacao-lex\/","url":"https:\/\/portaltela.pt\/noticias\/2026\/03\/14\/supremo-reduz-gastos-para-custear-julgamento-da-operacao-lex\/","name":"Supremo reduz gastos para custear julgamento da Opera\u00e7\u00e3o Lex - Portal Tela Portugal","isPartOf":{"@id":"https:\/\/portaltela.pt\/#website"},"primaryImageOfPage":{"@id":"https:\/\/portaltela.pt\/noticias\/2026\/03\/14\/supremo-reduz-gastos-para-custear-julgamento-da-operacao-lex\/#primaryimage"},"image":{"@id":"https:\/\/portaltela.pt\/noticias\/2026\/03\/14\/supremo-reduz-gastos-para-custear-julgamento-da-operacao-lex\/#primaryimage"},"thumbnailUrl":"https:\/\/portaltela.pt\/s.01k8rhncp4jt1\/2026\/03\/img_1280x721uu2026-03-14-23-20-04-2272425.jpg","datePublished":"2026-03-15T01:30:00+00:00","author":{"@id":"https:\/\/portaltela.pt\/#\/schema\/person\/c4278d4a6028830caff9ee44b42d32ed"},"breadcrumb":{"@id":"https:\/\/portaltela.pt\/noticias\/2026\/03\/14\/supremo-reduz-gastos-para-custear-julgamento-da-operacao-lex\/#breadcrumb"},"inLanguage":"pt-PT","potentialAction":[{"@type":"ReadAction","target":["https:\/\/portaltela.pt\/noticias\/2026\/03\/14\/supremo-reduz-gastos-para-custear-julgamento-da-operacao-lex\/"]}]},{"@type":"ImageObject","inLanguage":"pt-PT","@id":"https:\/\/portaltela.pt\/noticias\/2026\/03\/14\/supremo-reduz-gastos-para-custear-julgamento-da-operacao-lex\/#primaryimage","url":"https:\/\/portaltela.pt\/s.01k8rhncp4jt1\/2026\/03\/img_1280x721uu2026-03-14-23-20-04-2272425.jpg","contentUrl":"https:\/\/portaltela.pt\/s.01k8rhncp4jt1\/2026\/03\/img_1280x721uu2026-03-14-23-20-04-2272425.jpg","width":796,"height":448,"caption":"Rui Rangel est\u00e1 a ser julgado pelo Supremo Tribunal de Justi\u00e7a"},{"@type":"BreadcrumbList","@id":"https:\/\/portaltela.pt\/noticias\/2026\/03\/14\/supremo-reduz-gastos-para-custear-julgamento-da-operacao-lex\/#breadcrumb","itemListElement":[{"@type":"ListItem","position":1,"name":"In\u00edcio","item":"https:\/\/portaltela.pt\/"},{"@type":"ListItem","position":2,"name":"Supremo reduz gastos para custear julgamento da Opera\u00e7\u00e3o Lex"}]},{"@type":"WebSite","@id":"https:\/\/portaltela.pt\/#website","url":"https:\/\/portaltela.pt\/","name":"Portal Tela Portugal","description":"","potentialAction":[{"@type":"SearchAction","target":{"@type":"EntryPoint","urlTemplate":"https:\/\/portaltela.pt\/?s={search_term_string}"},"query-input":{"@type":"PropertyValueSpecification","valueRequired":true,"valueName":"search_term_string"}}],"inLanguage":"pt-PT"},{"@type":"Person","@id":"https:\/\/portaltela.pt\/#\/schema\/person\/c4278d4a6028830caff9ee44b42d32ed","name":"Telinha","image":{"@type":"ImageObject","inLanguage":"pt-PT","@id":"https:\/\/portaltela.pt\/s.01k8rhncp4jt1\/2025\/11\/talking-bot-125x125.png","url":"https:\/\/portaltela.pt\/s.01k8rhncp4jt1\/2025\/11\/talking-bot-125x125.png","contentUrl":"https:\/\/portaltela.pt\/s.01k8rhncp4jt1\/2025\/11\/talking-bot-125x125.png","caption":"Telinha"},"sameAs":["https:\/\/portaltela.pt\/"],"url":"https:\/\/portaltela.pt\/por\/367410592786\/"}]}},"_links":{"self":[{"href":"https:\/\/portaltela.pt\/api\/wp\/v2\/posts\/410552","targetHints":{"allow":["GET"]}}],"collection":[{"href":"https:\/\/portaltela.pt\/api\/wp\/v2\/posts"}],"about":[{"href":"https:\/\/portaltela.pt\/api\/wp\/v2\/types\/post"}],"author":[{"embeddable":true,"href":"https:\/\/portaltela.pt\/api\/wp\/v2\/users\/2"}],"replies":[{"embeddable":true,"href":"https:\/\/portaltela.pt\/api\/wp\/v2\/comments?post=410552"}],"version-history":[{"count":0,"href":"https:\/\/portaltela.pt\/api\/wp\/v2\/posts\/410552\/revisions"}],"wp:featuredmedia":[{"embeddable":true,"href":"https:\/\/portaltela.pt\/api\/wp\/v2\/media\/410556"}],"wp:attachment":[{"href":"https:\/\/portaltela.pt\/api\/wp\/v2\/media?parent=410552"}],"wp:term":[{"taxonomy":"category","embeddable":true,"href":"https:\/\/portaltela.pt\/api\/wp\/v2\/categories?post=410552"},{"taxonomy":"post_tag","embeddable":true,"href":"https:\/\/portaltela.pt\/api\/wp\/v2\/tags?post=410552"}],"curies":[{"name":"wp","href":"https:\/\/api.w.org\/{rel}","templated":true}]}}