{"id":410548,"date":"2026-03-14T22:30:00","date_gmt":"2026-03-15T01:30:00","guid":{"rendered":"https:\/\/portaltela.pt\/noticias\/2026\/03\/14\/entrevista-revela-perguntas-inadequadas-a-vitimas-de-abusos-na-igreja-catolica\/"},"modified":"2026-03-14T22:30:00","modified_gmt":"2026-03-15T01:30:00","slug":"entrevista-revela-perguntas-inadequadas-a-vitimas-de-abusos-na-igreja-catolica","status":"publish","type":"post","link":"https:\/\/portaltela.pt\/sociedade\/2026\/03\/14\/entrevista-revela-perguntas-inadequadas-a-vitimas-de-abusos-na-igreja-catolica\/","title":{"rendered":"Entrevista revela perguntas inadequadas a v\u00edtimas de abusos na Igreja Cat\u00f3lica"},"content":{"rendered":"<p>Foi revelado que uma v\u00edtima de abusos na Igreja Cat\u00f3lica foi questionada pela comiss\u00e3o de instru\u00e7\u00e3o do Grupo Vita para \u201cmostrar\u201d como ocorreu o gesto do agressor, durante uma entrevista para atribui\u00e7\u00e3o de compensa\u00e7\u00e3o financeira. A sess\u00e3o aconteceu em fevereiro de 2025 numa autarquia do Interior, conduzida pela psic\u00f3loga Rute Agulhas.<\/p>\n<p>O Grupo Vita, criado pela Confer\u00eancia Episcopal Portuguesa em 2023, afirmou que as entrevistas nunca solicitam que as v\u00edtimas descrevam dor f\u00edsica. Em declara\u00e7\u00f5es anteriores, Agulhas assegurou que n\u00e3o se pergunta se doeu nem que se mostre como foi o toque, justificando com o objetivo de evitar retra\u00e7\u00f5es agressivas.<\/p>\n<p>O encontro com o entrevistado, identificado como Jos\u00e9, decorreu durante duas horas, com a presen\u00e7a de uma advogada em representa\u00e7\u00e3o da congrega\u00e7\u00e3o associada ao agressor. O entrevistado descreveu o desconforto gerado pela forma da entrevista e pela postura das entrevistadoras, que considerou inadequada.<\/p>\n<p>Jos\u00e9, abusado por um padre que tamb\u00e9m era familiar, afirmou sentir-se em choque com o ambiente da reuni\u00e3o e com o que chamou de interrogat\u00f3rio. O conte\u00fado abordado incluiu descri\u00e7\u00f5es dos abusos, o que o levou a contestar o m\u00e9todo utilizado pelo Grupo Vita.<\/p>\n<p>A psic\u00f3loga foi questionada sobre as cr\u00edticas j\u00e1 feitas anteriormente, mas n\u00e3o comentou. Em resposta escrita, Agulhas referiu que tais cr\u00edticas j\u00e1 foram clarificadas, mantendo o enquadramento do regulamento interno do grupo.<\/p>\n<p>O entrevistado tamb\u00e9m relatou desconforto com partes espec\u00edficas da conversa, incluindo perguntas sobre o momento exacto da m\u00e3o do agressor e detalhes sobre pr\u00e1ticas sexuais, o que Jos\u00e9 descreveu como inadequado para o contexto de repara\u00e7\u00e3o.<\/p>\n","protected":false},"excerpt":{"rendered":"<ul>\n<li>A comiss\u00e3o de instru\u00e7\u00e3o do Grupo Vita, encarregue das entrevistas para atribui\u00e7\u00e3o de compensa\u00e7\u00f5es por abusos na Igreja Cat\u00f3lica, pediu a uma v\u00edtima para &#8220;mostrar&#8221; o gesto do agressor e questionou se era frequente masturbar-se e ter rela\u00e7\u00f5es sexuais.<\/li>\n<li>A v\u00edtima considera as perguntas inadequadas e afirma que contrariam o que o Grupo Vita garantiu anteriormente, de n\u00e3o perguntar se doeu nem pedir para mostrar como foi o toque.<\/li>\n<li>O encontro, realizado em fevereiro de 2025 numa autarquia do interior, durou duas horas e foi conduzido por Rute Agulhas, com a presen\u00e7a de uma advogada, o que deixou o destinat\u00e1rio, identificado como Jos\u00e9, em choque.<\/li>\n<li>Durante a entrevista, foi feito um pedido para clarificar ou explicar express\u00f5es usadas pela v\u00edtima para descrever os abusos, incluindo o contato com a zona da virilha, o que o entrevistado hoje considera inadequado.<\/li>\n<li>Rute Agulhas n\u00e3o comentou as acusa\u00e7\u00f5es; Jos\u00e9 diz ter sentido desconforto com as perguntas, mesmo tendo assinado o consentimento informado.<\/li>\n<\/ul>\n","protected":false},"author":2,"featured_media":410554,"comment_status":"closed","ping_status":"closed","sticky":false,"template":"","format":"standard","meta":{"footnotes":""},"categories":[6815,6871],"tags":[6090,817,5866,7178,104,6791],"class_list":["post-410548","post","type-post","status-publish","format-standard","has-post-thumbnail","hentry","category-justica","category-sociedade","tag-a-igreja","tag-abuso-de-menor-dependente-ou-em-situacao-vulneravel","tag-abusos","tag-direitos-de-menores","tag-religiao","tag-violacao-de-menores"],"yoast_head":"<!-- This site is optimized with the Yoast SEO plugin v27.2 - https:\/\/yoast.com\/product\/yoast-seo-wordpress\/ -->\n<title>Entrevista revela perguntas inadequadas a v\u00edtimas de abusos na Igreja Cat\u00f3lica - Portal Tela Portugal<\/title>\n<meta name=\"robots\" content=\"index, follow, max-snippet:-1, max-image-preview:large, max-video-preview:-1\" \/>\n<meta property=\"og:locale\" content=\"pt_PT\" \/>\n<meta property=\"og:type\" content=\"article\" \/>\n<meta property=\"og:title\" content=\"Entrevista revela perguntas inadequadas a v\u00edtimas de abusos na Igreja Cat\u00f3lica - Portal Tela Portugal\" \/>\n<meta property=\"og:description\" content=\"A comiss\u00e3o de instru\u00e7\u00e3o do Grupo Vita, encarregue das entrevistas para atribui\u00e7\u00e3o de compensa\u00e7\u00f5es por abusos na Igreja Cat\u00f3lica, pediu a uma v\u00edtima para &quot;mostrar&quot; o gesto do agressor e questionou se era frequente masturbar-se e ter rela\u00e7\u00f5es sexuais. A v\u00edtima considera as perguntas inadequadas e afirma que contrariam o que o Grupo Vita garantiu anteriormente, de n\u00e3o perguntar se doeu nem pedir para mostrar como foi o toque. O encontro, realizado em fevereiro de 2025 numa autarquia do interior, durou duas horas e foi conduzido por Rute Agulhas, com a presen\u00e7a de uma advogada, o que deixou o destinat\u00e1rio, identificado como Jos\u00e9, em choque. Durante a entrevista, foi feito um pedido para clarificar ou explicar express\u00f5es usadas pela v\u00edtima para descrever os abusos, incluindo o contato com a zona da virilha, o que o entrevistado hoje considera inadequado. Rute Agulhas n\u00e3o comentou as acusa\u00e7\u00f5es; Jos\u00e9 diz ter sentido desconforto com as perguntas, mesmo tendo assinado o consentimento informado.\" \/>\n<meta property=\"og:url\" content=\"https:\/\/portaltela.pt\/noticias\/2026\/03\/14\/entrevista-revela-perguntas-inadequadas-a-vitimas-de-abusos-na-igreja-catolica\/\" \/>\n<meta property=\"og:site_name\" content=\"Portal Tela Portugal\" \/>\n<meta property=\"article:published_time\" content=\"2026-03-15T01:30:00+00:00\" \/>\n<meta name=\"author\" content=\"Telinha\" \/>\n<meta name=\"twitter:card\" content=\"summary_large_image\" \/>\n<meta name=\"twitter:label1\" content=\"Escrito por\" \/>\n\t<meta name=\"twitter:data1\" content=\"Telinha\" \/>\n\t<meta name=\"twitter:label2\" content=\"Tempo estimado de leitura\" \/>\n\t<meta name=\"twitter:data2\" content=\"1 minuto\" \/>\n<script type=\"application\/ld+json\" class=\"yoast-schema-graph\">{\"@context\":\"https:\/\/schema.org\",\"@graph\":[{\"@type\":\"Article\",\"@id\":\"https:\/\/portaltela.pt\/noticias\/2026\/03\/14\/entrevista-revela-perguntas-inadequadas-a-vitimas-de-abusos-na-igreja-catolica\/#article\",\"isPartOf\":{\"@id\":\"https:\/\/portaltela.pt\/noticias\/2026\/03\/14\/entrevista-revela-perguntas-inadequadas-a-vitimas-de-abusos-na-igreja-catolica\/\"},\"author\":{\"name\":\"Telinha\",\"@id\":\"https:\/\/portaltela.pt\/#\/schema\/person\/c4278d4a6028830caff9ee44b42d32ed\"},\"headline\":\"Entrevista revela perguntas inadequadas a v\u00edtimas de abusos na Igreja Cat\u00f3lica\",\"datePublished\":\"2026-03-15T01:30:00+00:00\",\"mainEntityOfPage\":{\"@id\":\"https:\/\/portaltela.pt\/noticias\/2026\/03\/14\/entrevista-revela-perguntas-inadequadas-a-vitimas-de-abusos-na-igreja-catolica\/\"},\"wordCount\":298,\"image\":{\"@id\":\"https:\/\/portaltela.pt\/noticias\/2026\/03\/14\/entrevista-revela-perguntas-inadequadas-a-vitimas-de-abusos-na-igreja-catolica\/#primaryimage\"},\"thumbnailUrl\":\"https:\/\/portaltela.pt\/s.01k8rhncp4jt1\/2026\/03\/img_1280x721uu2026-03-14-23-10-22-2272423.jpg\",\"keywords\":[\"a igreja\",\"abuso de menor dependente ou em situa\u00e7\u00e3o vulner\u00e1vel\",\"abusos\",\"direitos de menores\",\"religi\u00e3o\",\"viola\u00e7\u00e3o de menores\"],\"articleSection\":[\"Justi\u00e7a\",\"Sociedade\"],\"inLanguage\":\"pt-PT\"},{\"@type\":\"WebPage\",\"@id\":\"https:\/\/portaltela.pt\/noticias\/2026\/03\/14\/entrevista-revela-perguntas-inadequadas-a-vitimas-de-abusos-na-igreja-catolica\/\",\"url\":\"https:\/\/portaltela.pt\/noticias\/2026\/03\/14\/entrevista-revela-perguntas-inadequadas-a-vitimas-de-abusos-na-igreja-catolica\/\",\"name\":\"Entrevista revela perguntas inadequadas a v\u00edtimas de abusos na Igreja Cat\u00f3lica - Portal Tela Portugal\",\"isPartOf\":{\"@id\":\"https:\/\/portaltela.pt\/#website\"},\"primaryImageOfPage\":{\"@id\":\"https:\/\/portaltela.pt\/noticias\/2026\/03\/14\/entrevista-revela-perguntas-inadequadas-a-vitimas-de-abusos-na-igreja-catolica\/#primaryimage\"},\"image\":{\"@id\":\"https:\/\/portaltela.pt\/noticias\/2026\/03\/14\/entrevista-revela-perguntas-inadequadas-a-vitimas-de-abusos-na-igreja-catolica\/#primaryimage\"},\"thumbnailUrl\":\"https:\/\/portaltela.pt\/s.01k8rhncp4jt1\/2026\/03\/img_1280x721uu2026-03-14-23-10-22-2272423.jpg\",\"datePublished\":\"2026-03-15T01:30:00+00:00\",\"author\":{\"@id\":\"https:\/\/portaltela.pt\/#\/schema\/person\/c4278d4a6028830caff9ee44b42d32ed\"},\"breadcrumb\":{\"@id\":\"https:\/\/portaltela.pt\/noticias\/2026\/03\/14\/entrevista-revela-perguntas-inadequadas-a-vitimas-de-abusos-na-igreja-catolica\/#breadcrumb\"},\"inLanguage\":\"pt-PT\",\"potentialAction\":[{\"@type\":\"ReadAction\",\"target\":[\"https:\/\/portaltela.pt\/noticias\/2026\/03\/14\/entrevista-revela-perguntas-inadequadas-a-vitimas-de-abusos-na-igreja-catolica\/\"]}]},{\"@type\":\"ImageObject\",\"inLanguage\":\"pt-PT\",\"@id\":\"https:\/\/portaltela.pt\/noticias\/2026\/03\/14\/entrevista-revela-perguntas-inadequadas-a-vitimas-de-abusos-na-igreja-catolica\/#primaryimage\",\"url\":\"https:\/\/portaltela.pt\/s.01k8rhncp4jt1\/2026\/03\/img_1280x721uu2026-03-14-23-10-22-2272423.jpg\",\"contentUrl\":\"https:\/\/portaltela.pt\/s.01k8rhncp4jt1\/2026\/03\/img_1280x721uu2026-03-14-23-10-22-2272423.jpg\",\"width\":796,\"height\":448,\"caption\":\"Rute Agulhas \u00e9 criticada por entrevista a v\u00edtima\"},{\"@type\":\"BreadcrumbList\",\"@id\":\"https:\/\/portaltela.pt\/noticias\/2026\/03\/14\/entrevista-revela-perguntas-inadequadas-a-vitimas-de-abusos-na-igreja-catolica\/#breadcrumb\",\"itemListElement\":[{\"@type\":\"ListItem\",\"position\":1,\"name\":\"In\u00edcio\",\"item\":\"https:\/\/portaltela.pt\/\"},{\"@type\":\"ListItem\",\"position\":2,\"name\":\"Entrevista revela perguntas inadequadas a v\u00edtimas de abusos na Igreja Cat\u00f3lica\"}]},{\"@type\":\"WebSite\",\"@id\":\"https:\/\/portaltela.pt\/#website\",\"url\":\"https:\/\/portaltela.pt\/\",\"name\":\"Portal Tela Portugal\",\"description\":\"\",\"potentialAction\":[{\"@type\":\"SearchAction\",\"target\":{\"@type\":\"EntryPoint\",\"urlTemplate\":\"https:\/\/portaltela.pt\/?s={search_term_string}\"},\"query-input\":{\"@type\":\"PropertyValueSpecification\",\"valueRequired\":true,\"valueName\":\"search_term_string\"}}],\"inLanguage\":\"pt-PT\"},{\"@type\":\"Person\",\"@id\":\"https:\/\/portaltela.pt\/#\/schema\/person\/c4278d4a6028830caff9ee44b42d32ed\",\"name\":\"Telinha\",\"image\":{\"@type\":\"ImageObject\",\"inLanguage\":\"pt-PT\",\"@id\":\"https:\/\/portaltela.pt\/s.01k8rhncp4jt1\/2025\/11\/talking-bot-125x125.png\",\"url\":\"https:\/\/portaltela.pt\/s.01k8rhncp4jt1\/2025\/11\/talking-bot-125x125.png\",\"contentUrl\":\"https:\/\/portaltela.pt\/s.01k8rhncp4jt1\/2025\/11\/talking-bot-125x125.png\",\"caption\":\"Telinha\"},\"sameAs\":[\"https:\/\/portaltela.pt\/\"],\"url\":\"https:\/\/portaltela.pt\/por\/367410592786\/\"}]}<\/script>\n<!-- \/ Yoast SEO plugin. -->","yoast_head_json":{"title":"Entrevista revela perguntas inadequadas a v\u00edtimas de abusos na Igreja Cat\u00f3lica - Portal Tela Portugal","robots":{"index":"index","follow":"follow","max-snippet":"max-snippet:-1","max-image-preview":"max-image-preview:large","max-video-preview":"max-video-preview:-1"},"og_locale":"pt_PT","og_type":"article","og_title":"Entrevista revela perguntas inadequadas a v\u00edtimas de abusos na Igreja Cat\u00f3lica - Portal Tela Portugal","og_description":"A comiss\u00e3o de instru\u00e7\u00e3o do Grupo Vita, encarregue das entrevistas para atribui\u00e7\u00e3o de compensa\u00e7\u00f5es por abusos na Igreja Cat\u00f3lica, pediu a uma v\u00edtima para \"mostrar\" o gesto do agressor e questionou se era frequente masturbar-se e ter rela\u00e7\u00f5es sexuais. A v\u00edtima considera as perguntas inadequadas e afirma que contrariam o que o Grupo Vita garantiu anteriormente, de n\u00e3o perguntar se doeu nem pedir para mostrar como foi o toque. O encontro, realizado em fevereiro de 2025 numa autarquia do interior, durou duas horas e foi conduzido por Rute Agulhas, com a presen\u00e7a de uma advogada, o que deixou o destinat\u00e1rio, identificado como Jos\u00e9, em choque. Durante a entrevista, foi feito um pedido para clarificar ou explicar express\u00f5es usadas pela v\u00edtima para descrever os abusos, incluindo o contato com a zona da virilha, o que o entrevistado hoje considera inadequado. Rute Agulhas n\u00e3o comentou as acusa\u00e7\u00f5es; Jos\u00e9 diz ter sentido desconforto com as perguntas, mesmo tendo assinado o consentimento informado.","og_url":"https:\/\/portaltela.pt\/noticias\/2026\/03\/14\/entrevista-revela-perguntas-inadequadas-a-vitimas-de-abusos-na-igreja-catolica\/","og_site_name":"Portal Tela Portugal","article_published_time":"2026-03-15T01:30:00+00:00","author":"Telinha","twitter_card":"summary_large_image","twitter_misc":{"Escrito por":"Telinha","Tempo estimado de leitura":"1 minuto"},"schema":{"@context":"https:\/\/schema.org","@graph":[{"@type":"Article","@id":"https:\/\/portaltela.pt\/noticias\/2026\/03\/14\/entrevista-revela-perguntas-inadequadas-a-vitimas-de-abusos-na-igreja-catolica\/#article","isPartOf":{"@id":"https:\/\/portaltela.pt\/noticias\/2026\/03\/14\/entrevista-revela-perguntas-inadequadas-a-vitimas-de-abusos-na-igreja-catolica\/"},"author":{"name":"Telinha","@id":"https:\/\/portaltela.pt\/#\/schema\/person\/c4278d4a6028830caff9ee44b42d32ed"},"headline":"Entrevista revela perguntas inadequadas a v\u00edtimas de abusos na Igreja Cat\u00f3lica","datePublished":"2026-03-15T01:30:00+00:00","mainEntityOfPage":{"@id":"https:\/\/portaltela.pt\/noticias\/2026\/03\/14\/entrevista-revela-perguntas-inadequadas-a-vitimas-de-abusos-na-igreja-catolica\/"},"wordCount":298,"image":{"@id":"https:\/\/portaltela.pt\/noticias\/2026\/03\/14\/entrevista-revela-perguntas-inadequadas-a-vitimas-de-abusos-na-igreja-catolica\/#primaryimage"},"thumbnailUrl":"https:\/\/portaltela.pt\/s.01k8rhncp4jt1\/2026\/03\/img_1280x721uu2026-03-14-23-10-22-2272423.jpg","keywords":["a igreja","abuso de menor dependente ou em situa\u00e7\u00e3o vulner\u00e1vel","abusos","direitos de menores","religi\u00e3o","viola\u00e7\u00e3o de menores"],"articleSection":["Justi\u00e7a","Sociedade"],"inLanguage":"pt-PT"},{"@type":"WebPage","@id":"https:\/\/portaltela.pt\/noticias\/2026\/03\/14\/entrevista-revela-perguntas-inadequadas-a-vitimas-de-abusos-na-igreja-catolica\/","url":"https:\/\/portaltela.pt\/noticias\/2026\/03\/14\/entrevista-revela-perguntas-inadequadas-a-vitimas-de-abusos-na-igreja-catolica\/","name":"Entrevista revela perguntas inadequadas a v\u00edtimas de abusos na Igreja Cat\u00f3lica - Portal Tela Portugal","isPartOf":{"@id":"https:\/\/portaltela.pt\/#website"},"primaryImageOfPage":{"@id":"https:\/\/portaltela.pt\/noticias\/2026\/03\/14\/entrevista-revela-perguntas-inadequadas-a-vitimas-de-abusos-na-igreja-catolica\/#primaryimage"},"image":{"@id":"https:\/\/portaltela.pt\/noticias\/2026\/03\/14\/entrevista-revela-perguntas-inadequadas-a-vitimas-de-abusos-na-igreja-catolica\/#primaryimage"},"thumbnailUrl":"https:\/\/portaltela.pt\/s.01k8rhncp4jt1\/2026\/03\/img_1280x721uu2026-03-14-23-10-22-2272423.jpg","datePublished":"2026-03-15T01:30:00+00:00","author":{"@id":"https:\/\/portaltela.pt\/#\/schema\/person\/c4278d4a6028830caff9ee44b42d32ed"},"breadcrumb":{"@id":"https:\/\/portaltela.pt\/noticias\/2026\/03\/14\/entrevista-revela-perguntas-inadequadas-a-vitimas-de-abusos-na-igreja-catolica\/#breadcrumb"},"inLanguage":"pt-PT","potentialAction":[{"@type":"ReadAction","target":["https:\/\/portaltela.pt\/noticias\/2026\/03\/14\/entrevista-revela-perguntas-inadequadas-a-vitimas-de-abusos-na-igreja-catolica\/"]}]},{"@type":"ImageObject","inLanguage":"pt-PT","@id":"https:\/\/portaltela.pt\/noticias\/2026\/03\/14\/entrevista-revela-perguntas-inadequadas-a-vitimas-de-abusos-na-igreja-catolica\/#primaryimage","url":"https:\/\/portaltela.pt\/s.01k8rhncp4jt1\/2026\/03\/img_1280x721uu2026-03-14-23-10-22-2272423.jpg","contentUrl":"https:\/\/portaltela.pt\/s.01k8rhncp4jt1\/2026\/03\/img_1280x721uu2026-03-14-23-10-22-2272423.jpg","width":796,"height":448,"caption":"Rute Agulhas \u00e9 criticada por entrevista a v\u00edtima"},{"@type":"BreadcrumbList","@id":"https:\/\/portaltela.pt\/noticias\/2026\/03\/14\/entrevista-revela-perguntas-inadequadas-a-vitimas-de-abusos-na-igreja-catolica\/#breadcrumb","itemListElement":[{"@type":"ListItem","position":1,"name":"In\u00edcio","item":"https:\/\/portaltela.pt\/"},{"@type":"ListItem","position":2,"name":"Entrevista revela perguntas inadequadas a v\u00edtimas de abusos na Igreja Cat\u00f3lica"}]},{"@type":"WebSite","@id":"https:\/\/portaltela.pt\/#website","url":"https:\/\/portaltela.pt\/","name":"Portal Tela Portugal","description":"","potentialAction":[{"@type":"SearchAction","target":{"@type":"EntryPoint","urlTemplate":"https:\/\/portaltela.pt\/?s={search_term_string}"},"query-input":{"@type":"PropertyValueSpecification","valueRequired":true,"valueName":"search_term_string"}}],"inLanguage":"pt-PT"},{"@type":"Person","@id":"https:\/\/portaltela.pt\/#\/schema\/person\/c4278d4a6028830caff9ee44b42d32ed","name":"Telinha","image":{"@type":"ImageObject","inLanguage":"pt-PT","@id":"https:\/\/portaltela.pt\/s.01k8rhncp4jt1\/2025\/11\/talking-bot-125x125.png","url":"https:\/\/portaltela.pt\/s.01k8rhncp4jt1\/2025\/11\/talking-bot-125x125.png","contentUrl":"https:\/\/portaltela.pt\/s.01k8rhncp4jt1\/2025\/11\/talking-bot-125x125.png","caption":"Telinha"},"sameAs":["https:\/\/portaltela.pt\/"],"url":"https:\/\/portaltela.pt\/por\/367410592786\/"}]}},"_links":{"self":[{"href":"https:\/\/portaltela.pt\/api\/wp\/v2\/posts\/410548","targetHints":{"allow":["GET"]}}],"collection":[{"href":"https:\/\/portaltela.pt\/api\/wp\/v2\/posts"}],"about":[{"href":"https:\/\/portaltela.pt\/api\/wp\/v2\/types\/post"}],"author":[{"embeddable":true,"href":"https:\/\/portaltela.pt\/api\/wp\/v2\/users\/2"}],"replies":[{"embeddable":true,"href":"https:\/\/portaltela.pt\/api\/wp\/v2\/comments?post=410548"}],"version-history":[{"count":0,"href":"https:\/\/portaltela.pt\/api\/wp\/v2\/posts\/410548\/revisions"}],"wp:featuredmedia":[{"embeddable":true,"href":"https:\/\/portaltela.pt\/api\/wp\/v2\/media\/410554"}],"wp:attachment":[{"href":"https:\/\/portaltela.pt\/api\/wp\/v2\/media?parent=410548"}],"wp:term":[{"taxonomy":"category","embeddable":true,"href":"https:\/\/portaltela.pt\/api\/wp\/v2\/categories?post=410548"},{"taxonomy":"post_tag","embeddable":true,"href":"https:\/\/portaltela.pt\/api\/wp\/v2\/tags?post=410548"}],"curies":[{"name":"wp","href":"https:\/\/api.w.org\/{rel}","templated":true}]}}