{"id":410534,"date":"2026-03-14T22:30:00","date_gmt":"2026-03-15T01:30:00","guid":{"rendered":"https:\/\/portaltela.pt\/noticias\/2026\/03\/14\/caso-epstein-reaviva-teorias-da-conspiracao\/"},"modified":"2026-03-14T22:30:00","modified_gmt":"2026-03-15T01:30:00","slug":"caso-epstein-reaviva-teorias-da-conspiracao","status":"publish","type":"post","link":"https:\/\/portaltela.pt\/sociedade\/2026\/03\/14\/caso-epstein-reaviva-teorias-da-conspiracao\/","title":{"rendered":"Caso Epstein reaviva teorias da conspira\u00e7\u00e3o"},"content":{"rendered":"<p>O reavivamento de teorias conspirat\u00f3rias associadas a Epstein ganhou for\u00e7a com a divulga\u00e7\u00e3o de ficheiros do caso, reanimando o movimento QAnon. Este grupo de extrema-direita, criado em 2017, sustenta que o mundo \u00e9 controlado por uma cabala de ped\u00f3filos poderosos.<\/p>\n<p>Os ficheiros revelam alegadas liga\u00e7\u00f5es entre Epstein e figuras influentes, incluindo pol\u00edticos, empres\u00e1rios e membros da realeza. Seguidores do QAnon usam estas informa\u00e7\u00f5es para sustentar a ideia de redes de tr\u00e1fico de crian\u00e7as associadas a elites globais.<\/p>\n<p>A resposta p\u00fablica tem sido diversa. Humoristas e comentadores j\u00e1 pediram desculpa aos adeptos do movimento, reconhecendo que algumas teses tinham vi\u00e9s e fundamento d\u00e9bil. J\u00e1 alguns ex-l\u00edderes do movimento mant\u00eam certezas sobre certas conex\u00f5es.<\/p>\n<p>Marjorie Taylor Greene, ex-porta-voz do QAnon, afirmou que algumas investiga\u00e7\u00f5es parecem verificar pontos originalmente considerados infundados. Analistas destacam que o grupo pode adaptar-se perante novas evid\u00eancias, o que pode manter o tema ativo no debate p\u00fablico.<\/p>\n<h3>Impacto e leitura p\u00fablica<\/h3>\n<p>Especialistas apontam que a narrativa de Epstein alimenta a no\u00e7\u00e3o de uma rede de figuras poderosas envolvidas em crimes sexuais, o que ajuda a explicar a persist\u00eancia de teorias n\u00e3o verificadas. A evid\u00eancia dispon\u00edvel sugere liga\u00e7\u00f5es de Epstein com v\u00e1rias personalidades, sem que se confirme uma rede institucional ampla.<\/p>\n<p>Donald Trump continua a ser figura central para os apoiantes do QAnon, que o apresentam como opositor da elite associada ao tr\u00e1fico de crian\u00e7as. O tema ganhou contornos de defesa ap\u00f3s a divulga\u00e7\u00e3o de que Trump esteve ligado a Epstein e participou em algumas festas nos anos 90.<\/p>\n<p>H\u00e1 quem considere que a exposi\u00e7\u00e3o dos ficheiros cause um efeito de disson\u00e2ncia cognitiva, com apoiantes a justificar que Epstein foi detido durante o governo Trump. O debate p\u00fablico permanece em aberto, sem conclus\u00e3o oficial sobre as liga\u00e7\u00f5es entre as partes envolvidas.<\/p>\n","protected":false},"excerpt":{"rendered":"<ul>\n<li>Os ficheiros de Epstein voltaram a dar for\u00e7a ao QAnon, movimento de extrema-direita que sustenta uma cabala global de ped\u00f3filos poderosos.<\/li>\n<li>Os seguidores defendem que homens influentes do mundo dos neg\u00f3cios e da pol\u00edtica tinham liga\u00e7\u00f5es com Epstein e integram uma rede de tr\u00e1fico de crian\u00e7as.<\/li>\n<li>O humorista Bill Maher pediu desculpas aos membros do QAnon, reconhecendo que estes tinham \u201cmais raz\u00e3o do que admitido\u201d noutras alturas.<\/li>\n<li>A ex-congressista Marjorie Taylor Greene j\u00e1 tinha sido porta-voz do movimento, mas afastou-se em 2021 por considerar as teorias infundadas; admite que \u00e9 terr\u00edvel estar certa sobre algumas coisas.<\/li>\n<li>Nos apoiantes, Donald Trump \u00e9 visto como uma figura que combate a elite associada ao tr\u00e1fico; por\u00e9m persiste a d\u00favida sobre se o fez apenas para atacar inimigos, gerando disson\u00e2ncia cognitiva.<\/li>\n<\/ul>\n","protected":false},"author":2,"featured_media":410540,"comment_status":"closed","ping_status":"closed","sticky":false,"template":"","format":"standard","meta":{"footnotes":""},"categories":[6907,6871],"tags":[5655,3990,4953,5716,5698],"class_list":["post-410534","post","type-post","status-publish","format-standard","has-post-thumbnail","hentry","category-crime","category-sociedade","tag-conspiracao","tag-crimes-sexuais","tag-donald-trump","tag-exploracao-de-menores-dependentes-ou-em-situacao-vulneravel","tag-politica-internacional"],"yoast_head":"<!-- This site is optimized with the Yoast SEO plugin v27.2 - https:\/\/yoast.com\/product\/yoast-seo-wordpress\/ -->\n<title>Caso Epstein reaviva teorias da conspira\u00e7\u00e3o - Portal Tela Portugal<\/title>\n<meta name=\"robots\" content=\"index, follow, max-snippet:-1, max-image-preview:large, max-video-preview:-1\" \/>\n<meta property=\"og:locale\" content=\"pt_PT\" \/>\n<meta property=\"og:type\" content=\"article\" \/>\n<meta property=\"og:title\" content=\"Caso Epstein reaviva teorias da conspira\u00e7\u00e3o - Portal Tela Portugal\" \/>\n<meta property=\"og:description\" content=\"Os ficheiros de Epstein voltaram a dar for\u00e7a ao QAnon, movimento de extrema-direita que sustenta uma cabala global de ped\u00f3filos poderosos. Os seguidores defendem que homens influentes do mundo dos neg\u00f3cios e da pol\u00edtica tinham liga\u00e7\u00f5es com Epstein e integram uma rede de tr\u00e1fico de crian\u00e7as. O humorista Bill Maher pediu desculpas aos membros do QAnon, reconhecendo que estes tinham \u201cmais raz\u00e3o do que admitido\u201d noutras alturas. A ex-congressista Marjorie Taylor Greene j\u00e1 tinha sido porta-voz do movimento, mas afastou-se em 2021 por considerar as teorias infundadas; admite que \u00e9 terr\u00edvel estar certa sobre algumas coisas. Nos apoiantes, Donald Trump \u00e9 visto como uma figura que combate a elite associada ao tr\u00e1fico; por\u00e9m persiste a d\u00favida sobre se o fez apenas para atacar inimigos, gerando disson\u00e2ncia cognitiva.\" \/>\n<meta property=\"og:url\" content=\"https:\/\/portaltela.pt\/noticias\/2026\/03\/14\/caso-epstein-reaviva-teorias-da-conspiracao\/\" \/>\n<meta property=\"og:site_name\" content=\"Portal Tela Portugal\" \/>\n<meta property=\"article:published_time\" content=\"2026-03-15T01:30:00+00:00\" \/>\n<meta name=\"author\" content=\"Telinha\" \/>\n<meta name=\"twitter:card\" content=\"summary_large_image\" \/>\n<meta name=\"twitter:label1\" content=\"Escrito por\" \/>\n\t<meta name=\"twitter:data1\" content=\"Telinha\" \/>\n\t<meta name=\"twitter:label2\" content=\"Tempo estimado de leitura\" \/>\n\t<meta name=\"twitter:data2\" content=\"2 minutos\" \/>\n<script type=\"application\/ld+json\" class=\"yoast-schema-graph\">{\"@context\":\"https:\/\/schema.org\",\"@graph\":[{\"@type\":\"Article\",\"@id\":\"https:\/\/portaltela.pt\/noticias\/2026\/03\/14\/caso-epstein-reaviva-teorias-da-conspiracao\/#article\",\"isPartOf\":{\"@id\":\"https:\/\/portaltela.pt\/noticias\/2026\/03\/14\/caso-epstein-reaviva-teorias-da-conspiracao\/\"},\"author\":{\"name\":\"Telinha\",\"@id\":\"https:\/\/portaltela.pt\/#\/schema\/person\/c4278d4a6028830caff9ee44b42d32ed\"},\"headline\":\"Caso Epstein reaviva teorias da conspira\u00e7\u00e3o\",\"datePublished\":\"2026-03-15T01:30:00+00:00\",\"mainEntityOfPage\":{\"@id\":\"https:\/\/portaltela.pt\/noticias\/2026\/03\/14\/caso-epstein-reaviva-teorias-da-conspiracao\/\"},\"wordCount\":331,\"image\":{\"@id\":\"https:\/\/portaltela.pt\/noticias\/2026\/03\/14\/caso-epstein-reaviva-teorias-da-conspiracao\/#primaryimage\"},\"thumbnailUrl\":\"https:\/\/portaltela.pt\/s.01k8rhncp4jt1\/2026\/03\/img_1280x721uu2026-03-15-00-07-31-2272435.jpg\",\"keywords\":[\"conspira\u00e7\u00e3o\",\"crimes sexuais\",\"Donald Trump\",\"explora\u00e7\u00e3o de menores dependentes ou em situa\u00e7\u00e3o vulner\u00e1vel\",\"pol\u00edtica internacional\"],\"articleSection\":[\"Crime\",\"Sociedade\"],\"inLanguage\":\"pt-PT\"},{\"@type\":\"WebPage\",\"@id\":\"https:\/\/portaltela.pt\/noticias\/2026\/03\/14\/caso-epstein-reaviva-teorias-da-conspiracao\/\",\"url\":\"https:\/\/portaltela.pt\/noticias\/2026\/03\/14\/caso-epstein-reaviva-teorias-da-conspiracao\/\",\"name\":\"Caso Epstein reaviva teorias da conspira\u00e7\u00e3o - Portal Tela Portugal\",\"isPartOf\":{\"@id\":\"https:\/\/portaltela.pt\/#website\"},\"primaryImageOfPage\":{\"@id\":\"https:\/\/portaltela.pt\/noticias\/2026\/03\/14\/caso-epstein-reaviva-teorias-da-conspiracao\/#primaryimage\"},\"image\":{\"@id\":\"https:\/\/portaltela.pt\/noticias\/2026\/03\/14\/caso-epstein-reaviva-teorias-da-conspiracao\/#primaryimage\"},\"thumbnailUrl\":\"https:\/\/portaltela.pt\/s.01k8rhncp4jt1\/2026\/03\/img_1280x721uu2026-03-15-00-07-31-2272435.jpg\",\"datePublished\":\"2026-03-15T01:30:00+00:00\",\"author\":{\"@id\":\"https:\/\/portaltela.pt\/#\/schema\/person\/c4278d4a6028830caff9ee44b42d32ed\"},\"breadcrumb\":{\"@id\":\"https:\/\/portaltela.pt\/noticias\/2026\/03\/14\/caso-epstein-reaviva-teorias-da-conspiracao\/#breadcrumb\"},\"inLanguage\":\"pt-PT\",\"potentialAction\":[{\"@type\":\"ReadAction\",\"target\":[\"https:\/\/portaltela.pt\/noticias\/2026\/03\/14\/caso-epstein-reaviva-teorias-da-conspiracao\/\"]}]},{\"@type\":\"ImageObject\",\"inLanguage\":\"pt-PT\",\"@id\":\"https:\/\/portaltela.pt\/noticias\/2026\/03\/14\/caso-epstein-reaviva-teorias-da-conspiracao\/#primaryimage\",\"url\":\"https:\/\/portaltela.pt\/s.01k8rhncp4jt1\/2026\/03\/img_1280x721uu2026-03-15-00-07-31-2272435.jpg\",\"contentUrl\":\"https:\/\/portaltela.pt\/s.01k8rhncp4jt1\/2026\/03\/img_1280x721uu2026-03-15-00-07-31-2272435.jpg\",\"width\":796,\"height\":448,\"caption\":\"Movimento conspirativo QAnon nasceu em 2017\"},{\"@type\":\"BreadcrumbList\",\"@id\":\"https:\/\/portaltela.pt\/noticias\/2026\/03\/14\/caso-epstein-reaviva-teorias-da-conspiracao\/#breadcrumb\",\"itemListElement\":[{\"@type\":\"ListItem\",\"position\":1,\"name\":\"In\u00edcio\",\"item\":\"https:\/\/portaltela.pt\/\"},{\"@type\":\"ListItem\",\"position\":2,\"name\":\"Caso Epstein reaviva teorias da conspira\u00e7\u00e3o\"}]},{\"@type\":\"WebSite\",\"@id\":\"https:\/\/portaltela.pt\/#website\",\"url\":\"https:\/\/portaltela.pt\/\",\"name\":\"Portal Tela Portugal\",\"description\":\"\",\"potentialAction\":[{\"@type\":\"SearchAction\",\"target\":{\"@type\":\"EntryPoint\",\"urlTemplate\":\"https:\/\/portaltela.pt\/?s={search_term_string}\"},\"query-input\":{\"@type\":\"PropertyValueSpecification\",\"valueRequired\":true,\"valueName\":\"search_term_string\"}}],\"inLanguage\":\"pt-PT\"},{\"@type\":\"Person\",\"@id\":\"https:\/\/portaltela.pt\/#\/schema\/person\/c4278d4a6028830caff9ee44b42d32ed\",\"name\":\"Telinha\",\"image\":{\"@type\":\"ImageObject\",\"inLanguage\":\"pt-PT\",\"@id\":\"https:\/\/portaltela.pt\/s.01k8rhncp4jt1\/2025\/11\/talking-bot-125x125.png\",\"url\":\"https:\/\/portaltela.pt\/s.01k8rhncp4jt1\/2025\/11\/talking-bot-125x125.png\",\"contentUrl\":\"https:\/\/portaltela.pt\/s.01k8rhncp4jt1\/2025\/11\/talking-bot-125x125.png\",\"caption\":\"Telinha\"},\"sameAs\":[\"https:\/\/portaltela.pt\/\"],\"url\":\"https:\/\/portaltela.pt\/por\/367410592786\/\"}]}<\/script>\n<!-- \/ Yoast SEO plugin. -->","yoast_head_json":{"title":"Caso Epstein reaviva teorias da conspira\u00e7\u00e3o - Portal Tela Portugal","robots":{"index":"index","follow":"follow","max-snippet":"max-snippet:-1","max-image-preview":"max-image-preview:large","max-video-preview":"max-video-preview:-1"},"og_locale":"pt_PT","og_type":"article","og_title":"Caso Epstein reaviva teorias da conspira\u00e7\u00e3o - Portal Tela Portugal","og_description":"Os ficheiros de Epstein voltaram a dar for\u00e7a ao QAnon, movimento de extrema-direita que sustenta uma cabala global de ped\u00f3filos poderosos. Os seguidores defendem que homens influentes do mundo dos neg\u00f3cios e da pol\u00edtica tinham liga\u00e7\u00f5es com Epstein e integram uma rede de tr\u00e1fico de crian\u00e7as. O humorista Bill Maher pediu desculpas aos membros do QAnon, reconhecendo que estes tinham \u201cmais raz\u00e3o do que admitido\u201d noutras alturas. A ex-congressista Marjorie Taylor Greene j\u00e1 tinha sido porta-voz do movimento, mas afastou-se em 2021 por considerar as teorias infundadas; admite que \u00e9 terr\u00edvel estar certa sobre algumas coisas. Nos apoiantes, Donald Trump \u00e9 visto como uma figura que combate a elite associada ao tr\u00e1fico; por\u00e9m persiste a d\u00favida sobre se o fez apenas para atacar inimigos, gerando disson\u00e2ncia cognitiva.","og_url":"https:\/\/portaltela.pt\/noticias\/2026\/03\/14\/caso-epstein-reaviva-teorias-da-conspiracao\/","og_site_name":"Portal Tela Portugal","article_published_time":"2026-03-15T01:30:00+00:00","author":"Telinha","twitter_card":"summary_large_image","twitter_misc":{"Escrito por":"Telinha","Tempo estimado de leitura":"2 minutos"},"schema":{"@context":"https:\/\/schema.org","@graph":[{"@type":"Article","@id":"https:\/\/portaltela.pt\/noticias\/2026\/03\/14\/caso-epstein-reaviva-teorias-da-conspiracao\/#article","isPartOf":{"@id":"https:\/\/portaltela.pt\/noticias\/2026\/03\/14\/caso-epstein-reaviva-teorias-da-conspiracao\/"},"author":{"name":"Telinha","@id":"https:\/\/portaltela.pt\/#\/schema\/person\/c4278d4a6028830caff9ee44b42d32ed"},"headline":"Caso Epstein reaviva teorias da conspira\u00e7\u00e3o","datePublished":"2026-03-15T01:30:00+00:00","mainEntityOfPage":{"@id":"https:\/\/portaltela.pt\/noticias\/2026\/03\/14\/caso-epstein-reaviva-teorias-da-conspiracao\/"},"wordCount":331,"image":{"@id":"https:\/\/portaltela.pt\/noticias\/2026\/03\/14\/caso-epstein-reaviva-teorias-da-conspiracao\/#primaryimage"},"thumbnailUrl":"https:\/\/portaltela.pt\/s.01k8rhncp4jt1\/2026\/03\/img_1280x721uu2026-03-15-00-07-31-2272435.jpg","keywords":["conspira\u00e7\u00e3o","crimes sexuais","Donald Trump","explora\u00e7\u00e3o de menores dependentes ou em situa\u00e7\u00e3o vulner\u00e1vel","pol\u00edtica internacional"],"articleSection":["Crime","Sociedade"],"inLanguage":"pt-PT"},{"@type":"WebPage","@id":"https:\/\/portaltela.pt\/noticias\/2026\/03\/14\/caso-epstein-reaviva-teorias-da-conspiracao\/","url":"https:\/\/portaltela.pt\/noticias\/2026\/03\/14\/caso-epstein-reaviva-teorias-da-conspiracao\/","name":"Caso Epstein reaviva teorias da conspira\u00e7\u00e3o - Portal Tela Portugal","isPartOf":{"@id":"https:\/\/portaltela.pt\/#website"},"primaryImageOfPage":{"@id":"https:\/\/portaltela.pt\/noticias\/2026\/03\/14\/caso-epstein-reaviva-teorias-da-conspiracao\/#primaryimage"},"image":{"@id":"https:\/\/portaltela.pt\/noticias\/2026\/03\/14\/caso-epstein-reaviva-teorias-da-conspiracao\/#primaryimage"},"thumbnailUrl":"https:\/\/portaltela.pt\/s.01k8rhncp4jt1\/2026\/03\/img_1280x721uu2026-03-15-00-07-31-2272435.jpg","datePublished":"2026-03-15T01:30:00+00:00","author":{"@id":"https:\/\/portaltela.pt\/#\/schema\/person\/c4278d4a6028830caff9ee44b42d32ed"},"breadcrumb":{"@id":"https:\/\/portaltela.pt\/noticias\/2026\/03\/14\/caso-epstein-reaviva-teorias-da-conspiracao\/#breadcrumb"},"inLanguage":"pt-PT","potentialAction":[{"@type":"ReadAction","target":["https:\/\/portaltela.pt\/noticias\/2026\/03\/14\/caso-epstein-reaviva-teorias-da-conspiracao\/"]}]},{"@type":"ImageObject","inLanguage":"pt-PT","@id":"https:\/\/portaltela.pt\/noticias\/2026\/03\/14\/caso-epstein-reaviva-teorias-da-conspiracao\/#primaryimage","url":"https:\/\/portaltela.pt\/s.01k8rhncp4jt1\/2026\/03\/img_1280x721uu2026-03-15-00-07-31-2272435.jpg","contentUrl":"https:\/\/portaltela.pt\/s.01k8rhncp4jt1\/2026\/03\/img_1280x721uu2026-03-15-00-07-31-2272435.jpg","width":796,"height":448,"caption":"Movimento conspirativo QAnon nasceu em 2017"},{"@type":"BreadcrumbList","@id":"https:\/\/portaltela.pt\/noticias\/2026\/03\/14\/caso-epstein-reaviva-teorias-da-conspiracao\/#breadcrumb","itemListElement":[{"@type":"ListItem","position":1,"name":"In\u00edcio","item":"https:\/\/portaltela.pt\/"},{"@type":"ListItem","position":2,"name":"Caso Epstein reaviva teorias da conspira\u00e7\u00e3o"}]},{"@type":"WebSite","@id":"https:\/\/portaltela.pt\/#website","url":"https:\/\/portaltela.pt\/","name":"Portal Tela Portugal","description":"","potentialAction":[{"@type":"SearchAction","target":{"@type":"EntryPoint","urlTemplate":"https:\/\/portaltela.pt\/?s={search_term_string}"},"query-input":{"@type":"PropertyValueSpecification","valueRequired":true,"valueName":"search_term_string"}}],"inLanguage":"pt-PT"},{"@type":"Person","@id":"https:\/\/portaltela.pt\/#\/schema\/person\/c4278d4a6028830caff9ee44b42d32ed","name":"Telinha","image":{"@type":"ImageObject","inLanguage":"pt-PT","@id":"https:\/\/portaltela.pt\/s.01k8rhncp4jt1\/2025\/11\/talking-bot-125x125.png","url":"https:\/\/portaltela.pt\/s.01k8rhncp4jt1\/2025\/11\/talking-bot-125x125.png","contentUrl":"https:\/\/portaltela.pt\/s.01k8rhncp4jt1\/2025\/11\/talking-bot-125x125.png","caption":"Telinha"},"sameAs":["https:\/\/portaltela.pt\/"],"url":"https:\/\/portaltela.pt\/por\/367410592786\/"}]}},"_links":{"self":[{"href":"https:\/\/portaltela.pt\/api\/wp\/v2\/posts\/410534","targetHints":{"allow":["GET"]}}],"collection":[{"href":"https:\/\/portaltela.pt\/api\/wp\/v2\/posts"}],"about":[{"href":"https:\/\/portaltela.pt\/api\/wp\/v2\/types\/post"}],"author":[{"embeddable":true,"href":"https:\/\/portaltela.pt\/api\/wp\/v2\/users\/2"}],"replies":[{"embeddable":true,"href":"https:\/\/portaltela.pt\/api\/wp\/v2\/comments?post=410534"}],"version-history":[{"count":0,"href":"https:\/\/portaltela.pt\/api\/wp\/v2\/posts\/410534\/revisions"}],"wp:featuredmedia":[{"embeddable":true,"href":"https:\/\/portaltela.pt\/api\/wp\/v2\/media\/410540"}],"wp:attachment":[{"href":"https:\/\/portaltela.pt\/api\/wp\/v2\/media?parent=410534"}],"wp:term":[{"taxonomy":"category","embeddable":true,"href":"https:\/\/portaltela.pt\/api\/wp\/v2\/categories?post=410534"},{"taxonomy":"post_tag","embeddable":true,"href":"https:\/\/portaltela.pt\/api\/wp\/v2\/tags?post=410534"}],"curies":[{"name":"wp","href":"https:\/\/api.w.org\/{rel}","templated":true}]}}