{"id":410531,"date":"2026-03-14T22:30:00","date_gmt":"2026-03-15T01:30:00","guid":{"rendered":"https:\/\/portaltela.pt\/noticias\/2026\/03\/14\/quadro-e-escultura-de-mulher-seriam-da-mae-do-unico-filho-de-epstein\/"},"modified":"2026-03-14T22:30:00","modified_gmt":"2026-03-15T01:30:00","slug":"quadro-e-escultura-de-mulher-seriam-da-mae-do-unico-filho-de-epstein","status":"publish","type":"post","link":"https:\/\/portaltela.pt\/justica\/2026\/03\/14\/quadro-e-escultura-de-mulher-seriam-da-mae-do-unico-filho-de-epstein\/","title":{"rendered":"Quadro e escultura de mulher seriam da m\u00e3e do \u00fanico filho de Epstein"},"content":{"rendered":"<p>O quadro e a escultura que Epstein alegava serem da m\u00e3e do seu filho voltam a surgir no debate p\u00fablico sobre a possibilidade de o empres\u00e1rio ter tido descend\u00eancia. As pe\u00e7as aparecem em documentos do Department of Justice dos EUA, integrados \u00e0s investiga\u00e7\u00f5es sobre a rede criminosa ligada ao ped\u00f3filo.<\/p>\n<p>Segundo o New York Post, uma das v\u00edtimas de Epstein, uma modelo que foi abusada na adolesc\u00eancia, disse ao FBI que ele exibiria no apartamento de Manhattan uma pintura e um busto identificados como da m\u00e3e do seu filho. O depoimento foi recolhido em janeiro de 2020, cinco meses ap\u00f3s a morte de Epstein na pris\u00e3o.<\/p>\n<h3>Contexto e investimentos<\/h3>\n<p>O The Times destaca que os documentos agora tornados p\u00fablicos levantam a hip\u00f3tese de Epstein ter tido mais de um filho. O testemunho da adolescente, ainda n\u00e3o verificado publicamente, aponta para a alega\u00e7\u00e3o de que uma filha lhe foi retirada minutos ap\u00f3s o nascimento, com supervis\u00e3o de Ghislaine Maxwell, aliada de Epstein.<\/p>\n<h3>Repercuss\u00e3o e pr\u00f3ximos passos<\/h3>\n<p>As provas incluem imagens das pe\u00e7as mencionadas e refer\u00eancias a declara\u00e7\u00f5es de pessoas envolvidas nas investiga\u00e7\u00f5es. O material faz parte de um conjunto maior de registros que as autoridades utilizam para entender poss\u00edveis liga\u00e7\u00f5es familiares do empres\u00e1rio com a rede criminosa.<\/p>\n","protected":false},"excerpt":{"rendered":"<ul>\n<li>Documentos do Departamento de Justi\u00e7a dos EUA relacionados \u00e0 rede de Epstein mostram fotografias de um quadro e de uma escultura que ele dizia serem da m\u00e3e do seu filho.<\/li>\n<li>A not\u00edcia reacende a hip\u00f3tese de que Epstein poderia ter tido mesmo um filho, ap\u00f3s um email de Sarah Ferguson, datado de 21 de setembro de 2011, que lhe desejava felicidades pelo nascimento.<\/li>\n<li>Mark Epstein, irm\u00e3o do magnata, negou o nascimento na altura.<\/li>\n<li>O The Times indica que os documentos agora revelados alimentam a possibilidade de Epstein ter mais do que um filho.<\/li>\n<li>De acordo com depoimento a FBI, uma v\u00edtima afirma que Epstein ostentava as pe\u00e7as no apartamento de Manhattan; outra testemunha diz que a filha foi retirada logo ap\u00f3s o nascimento, com supervis\u00e3o de Ghislaine Maxwell.<\/li>\n<\/ul>\n","protected":false},"author":2,"featured_media":410535,"comment_status":"closed","ping_status":"closed","sticky":false,"template":"","format":"standard","meta":{"footnotes":""},"categories":[6907,6815],"tags":[4999,147,3990,5194,217],"class_list":["post-410531","post","type-post","status-publish","format-standard","has-post-thumbnail","hentry","category-crime","category-justica","tag-abusos-sexuais","tag-crime","tag-crimes-sexuais","tag-exploracao-de-menores","tag-investigacao-criminal"],"yoast_head":"<!-- This site is optimized with the Yoast SEO plugin v27.2 - https:\/\/yoast.com\/product\/yoast-seo-wordpress\/ -->\n<title>Quadro e escultura de mulher seriam da m\u00e3e do \u00fanico filho de Epstein - Portal Tela Portugal<\/title>\n<meta name=\"robots\" content=\"index, follow, max-snippet:-1, max-image-preview:large, max-video-preview:-1\" \/>\n<meta property=\"og:locale\" content=\"pt_PT\" \/>\n<meta property=\"og:type\" content=\"article\" \/>\n<meta property=\"og:title\" content=\"Quadro e escultura de mulher seriam da m\u00e3e do \u00fanico filho de Epstein - Portal Tela Portugal\" \/>\n<meta property=\"og:description\" content=\"Documentos do Departamento de Justi\u00e7a dos EUA relacionados \u00e0 rede de Epstein mostram fotografias de um quadro e de uma escultura que ele dizia serem da m\u00e3e do seu filho. A not\u00edcia reacende a hip\u00f3tese de que Epstein poderia ter tido mesmo um filho, ap\u00f3s um email de Sarah Ferguson, datado de 21 de setembro de 2011, que lhe desejava felicidades pelo nascimento. Mark Epstein, irm\u00e3o do magnata, negou o nascimento na altura. O The Times indica que os documentos agora revelados alimentam a possibilidade de Epstein ter mais do que um filho. De acordo com depoimento a FBI, uma v\u00edtima afirma que Epstein ostentava as pe\u00e7as no apartamento de Manhattan; outra testemunha diz que a filha foi retirada logo ap\u00f3s o nascimento, com supervis\u00e3o de Ghislaine Maxwell.\" \/>\n<meta property=\"og:url\" content=\"https:\/\/portaltela.pt\/noticias\/2026\/03\/14\/quadro-e-escultura-de-mulher-seriam-da-mae-do-unico-filho-de-epstein\/\" \/>\n<meta property=\"og:site_name\" content=\"Portal Tela Portugal\" \/>\n<meta property=\"article:published_time\" content=\"2026-03-15T01:30:00+00:00\" \/>\n<meta name=\"author\" content=\"Telinha\" \/>\n<meta name=\"twitter:card\" content=\"summary_large_image\" \/>\n<meta name=\"twitter:label1\" content=\"Escrito por\" \/>\n\t<meta name=\"twitter:data1\" content=\"Telinha\" \/>\n\t<meta name=\"twitter:label2\" content=\"Tempo estimado de leitura\" \/>\n\t<meta name=\"twitter:data2\" content=\"1 minuto\" \/>\n<script type=\"application\/ld+json\" class=\"yoast-schema-graph\">{\"@context\":\"https:\/\/schema.org\",\"@graph\":[{\"@type\":\"Article\",\"@id\":\"https:\/\/portaltela.pt\/noticias\/2026\/03\/14\/quadro-e-escultura-de-mulher-seriam-da-mae-do-unico-filho-de-epstein\/#article\",\"isPartOf\":{\"@id\":\"https:\/\/portaltela.pt\/noticias\/2026\/03\/14\/quadro-e-escultura-de-mulher-seriam-da-mae-do-unico-filho-de-epstein\/\"},\"author\":{\"name\":\"Telinha\",\"@id\":\"https:\/\/portaltela.pt\/#\/schema\/person\/c4278d4a6028830caff9ee44b42d32ed\"},\"headline\":\"Quadro e escultura de mulher seriam da m\u00e3e do \u00fanico filho de Epstein\",\"datePublished\":\"2026-03-15T01:30:00+00:00\",\"mainEntityOfPage\":{\"@id\":\"https:\/\/portaltela.pt\/noticias\/2026\/03\/14\/quadro-e-escultura-de-mulher-seriam-da-mae-do-unico-filho-de-epstein\/\"},\"wordCount\":246,\"image\":{\"@id\":\"https:\/\/portaltela.pt\/noticias\/2026\/03\/14\/quadro-e-escultura-de-mulher-seriam-da-mae-do-unico-filho-de-epstein\/#primaryimage\"},\"thumbnailUrl\":\"https:\/\/portaltela.pt\/s.01k8rhncp4jt1\/2026\/03\/img_1280x721uu2026-02-05-17-25-37-2265016.jpg\",\"keywords\":[\"abusos sexuais\",\"crime\",\"crimes sexuais\",\"explora\u00e7\u00e3o de menores\",\"investiga\u00e7\u00e3o criminal\"],\"articleSection\":[\"Crime\",\"Justi\u00e7a\"],\"inLanguage\":\"pt-PT\"},{\"@type\":\"WebPage\",\"@id\":\"https:\/\/portaltela.pt\/noticias\/2026\/03\/14\/quadro-e-escultura-de-mulher-seriam-da-mae-do-unico-filho-de-epstein\/\",\"url\":\"https:\/\/portaltela.pt\/noticias\/2026\/03\/14\/quadro-e-escultura-de-mulher-seriam-da-mae-do-unico-filho-de-epstein\/\",\"name\":\"Quadro e escultura de mulher seriam da m\u00e3e do \u00fanico filho de Epstein - Portal Tela Portugal\",\"isPartOf\":{\"@id\":\"https:\/\/portaltela.pt\/#website\"},\"primaryImageOfPage\":{\"@id\":\"https:\/\/portaltela.pt\/noticias\/2026\/03\/14\/quadro-e-escultura-de-mulher-seriam-da-mae-do-unico-filho-de-epstein\/#primaryimage\"},\"image\":{\"@id\":\"https:\/\/portaltela.pt\/noticias\/2026\/03\/14\/quadro-e-escultura-de-mulher-seriam-da-mae-do-unico-filho-de-epstein\/#primaryimage\"},\"thumbnailUrl\":\"https:\/\/portaltela.pt\/s.01k8rhncp4jt1\/2026\/03\/img_1280x721uu2026-02-05-17-25-37-2265016.jpg\",\"datePublished\":\"2026-03-15T01:30:00+00:00\",\"author\":{\"@id\":\"https:\/\/portaltela.pt\/#\/schema\/person\/c4278d4a6028830caff9ee44b42d32ed\"},\"breadcrumb\":{\"@id\":\"https:\/\/portaltela.pt\/noticias\/2026\/03\/14\/quadro-e-escultura-de-mulher-seriam-da-mae-do-unico-filho-de-epstein\/#breadcrumb\"},\"inLanguage\":\"pt-PT\",\"potentialAction\":[{\"@type\":\"ReadAction\",\"target\":[\"https:\/\/portaltela.pt\/noticias\/2026\/03\/14\/quadro-e-escultura-de-mulher-seriam-da-mae-do-unico-filho-de-epstein\/\"]}]},{\"@type\":\"ImageObject\",\"inLanguage\":\"pt-PT\",\"@id\":\"https:\/\/portaltela.pt\/noticias\/2026\/03\/14\/quadro-e-escultura-de-mulher-seriam-da-mae-do-unico-filho-de-epstein\/#primaryimage\",\"url\":\"https:\/\/portaltela.pt\/s.01k8rhncp4jt1\/2026\/03\/img_1280x721uu2026-02-05-17-25-37-2265016.jpg\",\"contentUrl\":\"https:\/\/portaltela.pt\/s.01k8rhncp4jt1\/2026\/03\/img_1280x721uu2026-02-05-17-25-37-2265016.jpg\",\"width\":796,\"height\":448,\"caption\":\"Jeffrey Epstein\"},{\"@type\":\"BreadcrumbList\",\"@id\":\"https:\/\/portaltela.pt\/noticias\/2026\/03\/14\/quadro-e-escultura-de-mulher-seriam-da-mae-do-unico-filho-de-epstein\/#breadcrumb\",\"itemListElement\":[{\"@type\":\"ListItem\",\"position\":1,\"name\":\"In\u00edcio\",\"item\":\"https:\/\/portaltela.pt\/\"},{\"@type\":\"ListItem\",\"position\":2,\"name\":\"Quadro e escultura de mulher seriam da m\u00e3e do \u00fanico filho de Epstein\"}]},{\"@type\":\"WebSite\",\"@id\":\"https:\/\/portaltela.pt\/#website\",\"url\":\"https:\/\/portaltela.pt\/\",\"name\":\"Portal Tela Portugal\",\"description\":\"\",\"potentialAction\":[{\"@type\":\"SearchAction\",\"target\":{\"@type\":\"EntryPoint\",\"urlTemplate\":\"https:\/\/portaltela.pt\/?s={search_term_string}\"},\"query-input\":{\"@type\":\"PropertyValueSpecification\",\"valueRequired\":true,\"valueName\":\"search_term_string\"}}],\"inLanguage\":\"pt-PT\"},{\"@type\":\"Person\",\"@id\":\"https:\/\/portaltela.pt\/#\/schema\/person\/c4278d4a6028830caff9ee44b42d32ed\",\"name\":\"Telinha\",\"image\":{\"@type\":\"ImageObject\",\"inLanguage\":\"pt-PT\",\"@id\":\"https:\/\/portaltela.pt\/s.01k8rhncp4jt1\/2025\/11\/talking-bot-125x125.png\",\"url\":\"https:\/\/portaltela.pt\/s.01k8rhncp4jt1\/2025\/11\/talking-bot-125x125.png\",\"contentUrl\":\"https:\/\/portaltela.pt\/s.01k8rhncp4jt1\/2025\/11\/talking-bot-125x125.png\",\"caption\":\"Telinha\"},\"sameAs\":[\"https:\/\/portaltela.pt\/\"],\"url\":\"https:\/\/portaltela.pt\/por\/367410592786\/\"}]}<\/script>\n<!-- \/ Yoast SEO plugin. -->","yoast_head_json":{"title":"Quadro e escultura de mulher seriam da m\u00e3e do \u00fanico filho de Epstein - Portal Tela Portugal","robots":{"index":"index","follow":"follow","max-snippet":"max-snippet:-1","max-image-preview":"max-image-preview:large","max-video-preview":"max-video-preview:-1"},"og_locale":"pt_PT","og_type":"article","og_title":"Quadro e escultura de mulher seriam da m\u00e3e do \u00fanico filho de Epstein - Portal Tela Portugal","og_description":"Documentos do Departamento de Justi\u00e7a dos EUA relacionados \u00e0 rede de Epstein mostram fotografias de um quadro e de uma escultura que ele dizia serem da m\u00e3e do seu filho. A not\u00edcia reacende a hip\u00f3tese de que Epstein poderia ter tido mesmo um filho, ap\u00f3s um email de Sarah Ferguson, datado de 21 de setembro de 2011, que lhe desejava felicidades pelo nascimento. Mark Epstein, irm\u00e3o do magnata, negou o nascimento na altura. O The Times indica que os documentos agora revelados alimentam a possibilidade de Epstein ter mais do que um filho. De acordo com depoimento a FBI, uma v\u00edtima afirma que Epstein ostentava as pe\u00e7as no apartamento de Manhattan; outra testemunha diz que a filha foi retirada logo ap\u00f3s o nascimento, com supervis\u00e3o de Ghislaine Maxwell.","og_url":"https:\/\/portaltela.pt\/noticias\/2026\/03\/14\/quadro-e-escultura-de-mulher-seriam-da-mae-do-unico-filho-de-epstein\/","og_site_name":"Portal Tela Portugal","article_published_time":"2026-03-15T01:30:00+00:00","author":"Telinha","twitter_card":"summary_large_image","twitter_misc":{"Escrito por":"Telinha","Tempo estimado de leitura":"1 minuto"},"schema":{"@context":"https:\/\/schema.org","@graph":[{"@type":"Article","@id":"https:\/\/portaltela.pt\/noticias\/2026\/03\/14\/quadro-e-escultura-de-mulher-seriam-da-mae-do-unico-filho-de-epstein\/#article","isPartOf":{"@id":"https:\/\/portaltela.pt\/noticias\/2026\/03\/14\/quadro-e-escultura-de-mulher-seriam-da-mae-do-unico-filho-de-epstein\/"},"author":{"name":"Telinha","@id":"https:\/\/portaltela.pt\/#\/schema\/person\/c4278d4a6028830caff9ee44b42d32ed"},"headline":"Quadro e escultura de mulher seriam da m\u00e3e do \u00fanico filho de Epstein","datePublished":"2026-03-15T01:30:00+00:00","mainEntityOfPage":{"@id":"https:\/\/portaltela.pt\/noticias\/2026\/03\/14\/quadro-e-escultura-de-mulher-seriam-da-mae-do-unico-filho-de-epstein\/"},"wordCount":246,"image":{"@id":"https:\/\/portaltela.pt\/noticias\/2026\/03\/14\/quadro-e-escultura-de-mulher-seriam-da-mae-do-unico-filho-de-epstein\/#primaryimage"},"thumbnailUrl":"https:\/\/portaltela.pt\/s.01k8rhncp4jt1\/2026\/03\/img_1280x721uu2026-02-05-17-25-37-2265016.jpg","keywords":["abusos sexuais","crime","crimes sexuais","explora\u00e7\u00e3o de menores","investiga\u00e7\u00e3o criminal"],"articleSection":["Crime","Justi\u00e7a"],"inLanguage":"pt-PT"},{"@type":"WebPage","@id":"https:\/\/portaltela.pt\/noticias\/2026\/03\/14\/quadro-e-escultura-de-mulher-seriam-da-mae-do-unico-filho-de-epstein\/","url":"https:\/\/portaltela.pt\/noticias\/2026\/03\/14\/quadro-e-escultura-de-mulher-seriam-da-mae-do-unico-filho-de-epstein\/","name":"Quadro e escultura de mulher seriam da m\u00e3e do \u00fanico filho de Epstein - Portal Tela Portugal","isPartOf":{"@id":"https:\/\/portaltela.pt\/#website"},"primaryImageOfPage":{"@id":"https:\/\/portaltela.pt\/noticias\/2026\/03\/14\/quadro-e-escultura-de-mulher-seriam-da-mae-do-unico-filho-de-epstein\/#primaryimage"},"image":{"@id":"https:\/\/portaltela.pt\/noticias\/2026\/03\/14\/quadro-e-escultura-de-mulher-seriam-da-mae-do-unico-filho-de-epstein\/#primaryimage"},"thumbnailUrl":"https:\/\/portaltela.pt\/s.01k8rhncp4jt1\/2026\/03\/img_1280x721uu2026-02-05-17-25-37-2265016.jpg","datePublished":"2026-03-15T01:30:00+00:00","author":{"@id":"https:\/\/portaltela.pt\/#\/schema\/person\/c4278d4a6028830caff9ee44b42d32ed"},"breadcrumb":{"@id":"https:\/\/portaltela.pt\/noticias\/2026\/03\/14\/quadro-e-escultura-de-mulher-seriam-da-mae-do-unico-filho-de-epstein\/#breadcrumb"},"inLanguage":"pt-PT","potentialAction":[{"@type":"ReadAction","target":["https:\/\/portaltela.pt\/noticias\/2026\/03\/14\/quadro-e-escultura-de-mulher-seriam-da-mae-do-unico-filho-de-epstein\/"]}]},{"@type":"ImageObject","inLanguage":"pt-PT","@id":"https:\/\/portaltela.pt\/noticias\/2026\/03\/14\/quadro-e-escultura-de-mulher-seriam-da-mae-do-unico-filho-de-epstein\/#primaryimage","url":"https:\/\/portaltela.pt\/s.01k8rhncp4jt1\/2026\/03\/img_1280x721uu2026-02-05-17-25-37-2265016.jpg","contentUrl":"https:\/\/portaltela.pt\/s.01k8rhncp4jt1\/2026\/03\/img_1280x721uu2026-02-05-17-25-37-2265016.jpg","width":796,"height":448,"caption":"Jeffrey Epstein"},{"@type":"BreadcrumbList","@id":"https:\/\/portaltela.pt\/noticias\/2026\/03\/14\/quadro-e-escultura-de-mulher-seriam-da-mae-do-unico-filho-de-epstein\/#breadcrumb","itemListElement":[{"@type":"ListItem","position":1,"name":"In\u00edcio","item":"https:\/\/portaltela.pt\/"},{"@type":"ListItem","position":2,"name":"Quadro e escultura de mulher seriam da m\u00e3e do \u00fanico filho de Epstein"}]},{"@type":"WebSite","@id":"https:\/\/portaltela.pt\/#website","url":"https:\/\/portaltela.pt\/","name":"Portal Tela Portugal","description":"","potentialAction":[{"@type":"SearchAction","target":{"@type":"EntryPoint","urlTemplate":"https:\/\/portaltela.pt\/?s={search_term_string}"},"query-input":{"@type":"PropertyValueSpecification","valueRequired":true,"valueName":"search_term_string"}}],"inLanguage":"pt-PT"},{"@type":"Person","@id":"https:\/\/portaltela.pt\/#\/schema\/person\/c4278d4a6028830caff9ee44b42d32ed","name":"Telinha","image":{"@type":"ImageObject","inLanguage":"pt-PT","@id":"https:\/\/portaltela.pt\/s.01k8rhncp4jt1\/2025\/11\/talking-bot-125x125.png","url":"https:\/\/portaltela.pt\/s.01k8rhncp4jt1\/2025\/11\/talking-bot-125x125.png","contentUrl":"https:\/\/portaltela.pt\/s.01k8rhncp4jt1\/2025\/11\/talking-bot-125x125.png","caption":"Telinha"},"sameAs":["https:\/\/portaltela.pt\/"],"url":"https:\/\/portaltela.pt\/por\/367410592786\/"}]}},"_links":{"self":[{"href":"https:\/\/portaltela.pt\/api\/wp\/v2\/posts\/410531","targetHints":{"allow":["GET"]}}],"collection":[{"href":"https:\/\/portaltela.pt\/api\/wp\/v2\/posts"}],"about":[{"href":"https:\/\/portaltela.pt\/api\/wp\/v2\/types\/post"}],"author":[{"embeddable":true,"href":"https:\/\/portaltela.pt\/api\/wp\/v2\/users\/2"}],"replies":[{"embeddable":true,"href":"https:\/\/portaltela.pt\/api\/wp\/v2\/comments?post=410531"}],"version-history":[{"count":0,"href":"https:\/\/portaltela.pt\/api\/wp\/v2\/posts\/410531\/revisions"}],"wp:featuredmedia":[{"embeddable":true,"href":"https:\/\/portaltela.pt\/api\/wp\/v2\/media\/410535"}],"wp:attachment":[{"href":"https:\/\/portaltela.pt\/api\/wp\/v2\/media?parent=410531"}],"wp:term":[{"taxonomy":"category","embeddable":true,"href":"https:\/\/portaltela.pt\/api\/wp\/v2\/categories?post=410531"},{"taxonomy":"post_tag","embeddable":true,"href":"https:\/\/portaltela.pt\/api\/wp\/v2\/tags?post=410531"}],"curies":[{"name":"wp","href":"https:\/\/api.w.org\/{rel}","templated":true}]}}