{"id":410505,"date":"2026-03-14T22:05:00","date_gmt":"2026-03-15T01:05:00","guid":{"rendered":"https:\/\/portaltela.pt\/noticias\/2026\/03\/14\/varandas-espera-ter-em-quatro-anos-massa-associativa-tao-feliz-quanto-hoje\/"},"modified":"2026-03-14T22:05:00","modified_gmt":"2026-03-15T01:05:00","slug":"varandas-espera-ter-em-quatro-anos-massa-associativa-tao-feliz-quanto-hoje","status":"publish","type":"post","link":"https:\/\/portaltela.pt\/desporto\/futebol\/2026\/03\/14\/varandas-espera-ter-em-quatro-anos-massa-associativa-tao-feliz-quanto-hoje\/","title":{"rendered":"Varandas espera ter, em quatro anos, massa associativa t\u00e3o feliz quanto hoje"},"content":{"rendered":"<p>Frederico Varandas recebeu um voto de confian\u00e7a expressivo dos s\u00f3cios para um novo mandato de quatro anos \u00e0 frente do Sporting. J\u00e1 reeleito, quer manter os associados felizes e a equipa vitoriosa, lembrando o percurso entre 2018 e 2030.<\/p>\n<p>Na madrugada deste domingo, o l\u00edder afirma ter ficado com o resultado de 89,47% de apoio, num total de 12.897 votos favor\u00e1veis (67.106 votos expressos). A vit\u00f3ria foi descrita como expressiva, perto dos 90%.<\/p>\n<p>O dirigente real\u00e7a que o clube vive um momento de tranquilidade e sucesso, atribuindo a estabilidade aos associados, que s\u00e3o tamb\u00e9m o garante desse sil\u00eancio de prosperidade.<\/p>\n<p>Entre as metas enunciadas, destaca os t\u00edtulos e o crescimento do n\u00famero de s\u00f3cios, refor\u00e7ando a ideia de que, desde 2018, o Sporting cresceu e ganhou muito. O foco \u00e9 continuar esse percurso.<\/p>\n<p>Varandas admitiu que n\u00e3o sonhou ser presidente, lembrando que desejava ser jogador, mas reconhece que o caminho no clube o deixa feliz. N\u00e3o quis comentar a renova\u00e7\u00e3o de Rui Borges.<\/p>\n","protected":false},"excerpt":{"rendered":"<ul>\n<li>Frederico Varandas foi reeleito para um novo mandato de quatro anos \u00e0 frente do Sporting, com 89,47% de aceita\u00e7\u00e3o, reunindo 12.897 votos favor\u00e1veis de um total de 67.106 votos.<\/li>\n<li>O dirigente quer manter os associados felizes e continuar a ver o clube crescer e conquistar t\u00edtulos at\u00e9 2030.<\/li>\n<li>Varandas afirmou que o Sporting vive uma fase de tranquilidade e sucesso e que os s\u00f3cios s\u00e3o a garantia dessa estabilidade.<\/li>\n<li>Destacou t\u00edtulos e o crescimento do n\u00famero de s\u00f3cios como metas principais, sublinhando que desde 2018 o Sporting tem vindo a crescer e a ganhar.<\/li>\n<li>Rejeitou abordar a renova\u00e7\u00e3o de Rui Borges.<\/li>\n<\/ul>\n","protected":false},"author":2,"featured_media":410508,"comment_status":"closed","ping_status":"closed","sticky":false,"template":"","format":"standard","meta":{"footnotes":""},"categories":[21,24],"tags":[6498,32,2415,6802,30,1652],"class_list":["post-410505","post","type-post","status-publish","format-standard","has-post-thumbnail","hentry","category-desporto","category-futebol","tag-associados","tag-futebol","tag-gestao","tag-lideranca","tag-presidente","tag-sporting"],"yoast_head":"<!-- This site is optimized with the Yoast SEO plugin v27.2 - https:\/\/yoast.com\/product\/yoast-seo-wordpress\/ -->\n<title>Varandas espera ter, em quatro anos, massa associativa t\u00e3o feliz quanto hoje - Portal Tela Portugal<\/title>\n<meta name=\"robots\" content=\"index, follow, max-snippet:-1, max-image-preview:large, max-video-preview:-1\" \/>\n<meta property=\"og:locale\" content=\"pt_PT\" \/>\n<meta property=\"og:type\" content=\"article\" \/>\n<meta property=\"og:title\" content=\"Varandas espera ter, em quatro anos, massa associativa t\u00e3o feliz quanto hoje - Portal Tela Portugal\" \/>\n<meta property=\"og:description\" content=\"Frederico Varandas foi reeleito para um novo mandato de quatro anos \u00e0 frente do Sporting, com 89,47% de aceita\u00e7\u00e3o, reunindo 12.897 votos favor\u00e1veis de um total de 67.106 votos. O dirigente quer manter os associados felizes e continuar a ver o clube crescer e conquistar t\u00edtulos at\u00e9 2030. Varandas afirmou que o Sporting vive uma fase de tranquilidade e sucesso e que os s\u00f3cios s\u00e3o a garantia dessa estabilidade. Destacou t\u00edtulos e o crescimento do n\u00famero de s\u00f3cios como metas principais, sublinhando que desde 2018 o Sporting tem vindo a crescer e a ganhar. Rejeitou abordar a renova\u00e7\u00e3o de Rui Borges.\" \/>\n<meta property=\"og:url\" content=\"https:\/\/portaltela.pt\/noticias\/2026\/03\/14\/varandas-espera-ter-em-quatro-anos-massa-associativa-tao-feliz-quanto-hoje\/\" \/>\n<meta property=\"og:site_name\" content=\"Portal Tela Portugal\" \/>\n<meta property=\"article:published_time\" content=\"2026-03-15T01:05:00+00:00\" \/>\n<meta name=\"author\" content=\"Telinha\" \/>\n<meta name=\"twitter:card\" content=\"summary_large_image\" \/>\n<meta name=\"twitter:label1\" content=\"Escrito por\" \/>\n\t<meta name=\"twitter:data1\" content=\"Telinha\" \/>\n\t<meta name=\"twitter:label2\" content=\"Tempo estimado de leitura\" \/>\n\t<meta name=\"twitter:data2\" content=\"1 minuto\" \/>\n<script type=\"application\/ld+json\" class=\"yoast-schema-graph\">{\"@context\":\"https:\/\/schema.org\",\"@graph\":[{\"@type\":\"Article\",\"@id\":\"https:\/\/portaltela.pt\/noticias\/2026\/03\/14\/varandas-espera-ter-em-quatro-anos-massa-associativa-tao-feliz-quanto-hoje\/#article\",\"isPartOf\":{\"@id\":\"https:\/\/portaltela.pt\/noticias\/2026\/03\/14\/varandas-espera-ter-em-quatro-anos-massa-associativa-tao-feliz-quanto-hoje\/\"},\"author\":{\"name\":\"Telinha\",\"@id\":\"https:\/\/portaltela.pt\/#\/schema\/person\/c4278d4a6028830caff9ee44b42d32ed\"},\"headline\":\"Varandas espera ter, em quatro anos, massa associativa t\u00e3o feliz quanto hoje\",\"datePublished\":\"2026-03-15T01:05:00+00:00\",\"mainEntityOfPage\":{\"@id\":\"https:\/\/portaltela.pt\/noticias\/2026\/03\/14\/varandas-espera-ter-em-quatro-anos-massa-associativa-tao-feliz-quanto-hoje\/\"},\"wordCount\":183,\"image\":{\"@id\":\"https:\/\/portaltela.pt\/noticias\/2026\/03\/14\/varandas-espera-ter-em-quatro-anos-massa-associativa-tao-feliz-quanto-hoje\/#primaryimage\"},\"thumbnailUrl\":\"https:\/\/portaltela.pt\/s.01k8rhncp4jt1\/2026\/03\/image-972.jpg\",\"keywords\":[\"associados\",\"futebol\",\"gest\u00e3o\",\"lideran\u00e7a\",\"presidente\",\"Sporting\"],\"articleSection\":[\"Desporto\",\"Futebol\"],\"inLanguage\":\"pt-PT\"},{\"@type\":\"WebPage\",\"@id\":\"https:\/\/portaltela.pt\/noticias\/2026\/03\/14\/varandas-espera-ter-em-quatro-anos-massa-associativa-tao-feliz-quanto-hoje\/\",\"url\":\"https:\/\/portaltela.pt\/noticias\/2026\/03\/14\/varandas-espera-ter-em-quatro-anos-massa-associativa-tao-feliz-quanto-hoje\/\",\"name\":\"Varandas espera ter, em quatro anos, massa associativa t\u00e3o feliz quanto hoje - Portal Tela Portugal\",\"isPartOf\":{\"@id\":\"https:\/\/portaltela.pt\/#website\"},\"primaryImageOfPage\":{\"@id\":\"https:\/\/portaltela.pt\/noticias\/2026\/03\/14\/varandas-espera-ter-em-quatro-anos-massa-associativa-tao-feliz-quanto-hoje\/#primaryimage\"},\"image\":{\"@id\":\"https:\/\/portaltela.pt\/noticias\/2026\/03\/14\/varandas-espera-ter-em-quatro-anos-massa-associativa-tao-feliz-quanto-hoje\/#primaryimage\"},\"thumbnailUrl\":\"https:\/\/portaltela.pt\/s.01k8rhncp4jt1\/2026\/03\/image-972.jpg\",\"datePublished\":\"2026-03-15T01:05:00+00:00\",\"author\":{\"@id\":\"https:\/\/portaltela.pt\/#\/schema\/person\/c4278d4a6028830caff9ee44b42d32ed\"},\"breadcrumb\":{\"@id\":\"https:\/\/portaltela.pt\/noticias\/2026\/03\/14\/varandas-espera-ter-em-quatro-anos-massa-associativa-tao-feliz-quanto-hoje\/#breadcrumb\"},\"inLanguage\":\"pt-PT\",\"potentialAction\":[{\"@type\":\"ReadAction\",\"target\":[\"https:\/\/portaltela.pt\/noticias\/2026\/03\/14\/varandas-espera-ter-em-quatro-anos-massa-associativa-tao-feliz-quanto-hoje\/\"]}]},{\"@type\":\"ImageObject\",\"inLanguage\":\"pt-PT\",\"@id\":\"https:\/\/portaltela.pt\/noticias\/2026\/03\/14\/varandas-espera-ter-em-quatro-anos-massa-associativa-tao-feliz-quanto-hoje\/#primaryimage\",\"url\":\"https:\/\/portaltela.pt\/s.01k8rhncp4jt1\/2026\/03\/image-972.jpg\",\"contentUrl\":\"https:\/\/portaltela.pt\/s.01k8rhncp4jt1\/2026\/03\/image-972.jpg\",\"width\":796,\"height\":448,\"caption\":\"Frederico Varandas foi reeleito presidente do Sporting\"},{\"@type\":\"BreadcrumbList\",\"@id\":\"https:\/\/portaltela.pt\/noticias\/2026\/03\/14\/varandas-espera-ter-em-quatro-anos-massa-associativa-tao-feliz-quanto-hoje\/#breadcrumb\",\"itemListElement\":[{\"@type\":\"ListItem\",\"position\":1,\"name\":\"In\u00edcio\",\"item\":\"https:\/\/portaltela.pt\/\"},{\"@type\":\"ListItem\",\"position\":2,\"name\":\"Varandas espera ter, em quatro anos, massa associativa t\u00e3o feliz quanto hoje\"}]},{\"@type\":\"WebSite\",\"@id\":\"https:\/\/portaltela.pt\/#website\",\"url\":\"https:\/\/portaltela.pt\/\",\"name\":\"Portal Tela Portugal\",\"description\":\"\",\"potentialAction\":[{\"@type\":\"SearchAction\",\"target\":{\"@type\":\"EntryPoint\",\"urlTemplate\":\"https:\/\/portaltela.pt\/?s={search_term_string}\"},\"query-input\":{\"@type\":\"PropertyValueSpecification\",\"valueRequired\":true,\"valueName\":\"search_term_string\"}}],\"inLanguage\":\"pt-PT\"},{\"@type\":\"Person\",\"@id\":\"https:\/\/portaltela.pt\/#\/schema\/person\/c4278d4a6028830caff9ee44b42d32ed\",\"name\":\"Telinha\",\"image\":{\"@type\":\"ImageObject\",\"inLanguage\":\"pt-PT\",\"@id\":\"https:\/\/portaltela.pt\/s.01k8rhncp4jt1\/2025\/11\/talking-bot-125x125.png\",\"url\":\"https:\/\/portaltela.pt\/s.01k8rhncp4jt1\/2025\/11\/talking-bot-125x125.png\",\"contentUrl\":\"https:\/\/portaltela.pt\/s.01k8rhncp4jt1\/2025\/11\/talking-bot-125x125.png\",\"caption\":\"Telinha\"},\"sameAs\":[\"https:\/\/portaltela.pt\/\"],\"url\":\"https:\/\/portaltela.pt\/por\/367410592786\/\"}]}<\/script>\n<!-- \/ Yoast SEO plugin. -->","yoast_head_json":{"title":"Varandas espera ter, em quatro anos, massa associativa t\u00e3o feliz quanto hoje - Portal Tela Portugal","robots":{"index":"index","follow":"follow","max-snippet":"max-snippet:-1","max-image-preview":"max-image-preview:large","max-video-preview":"max-video-preview:-1"},"og_locale":"pt_PT","og_type":"article","og_title":"Varandas espera ter, em quatro anos, massa associativa t\u00e3o feliz quanto hoje - Portal Tela Portugal","og_description":"Frederico Varandas foi reeleito para um novo mandato de quatro anos \u00e0 frente do Sporting, com 89,47% de aceita\u00e7\u00e3o, reunindo 12.897 votos favor\u00e1veis de um total de 67.106 votos. O dirigente quer manter os associados felizes e continuar a ver o clube crescer e conquistar t\u00edtulos at\u00e9 2030. Varandas afirmou que o Sporting vive uma fase de tranquilidade e sucesso e que os s\u00f3cios s\u00e3o a garantia dessa estabilidade. Destacou t\u00edtulos e o crescimento do n\u00famero de s\u00f3cios como metas principais, sublinhando que desde 2018 o Sporting tem vindo a crescer e a ganhar. Rejeitou abordar a renova\u00e7\u00e3o de Rui Borges.","og_url":"https:\/\/portaltela.pt\/noticias\/2026\/03\/14\/varandas-espera-ter-em-quatro-anos-massa-associativa-tao-feliz-quanto-hoje\/","og_site_name":"Portal Tela Portugal","article_published_time":"2026-03-15T01:05:00+00:00","author":"Telinha","twitter_card":"summary_large_image","twitter_misc":{"Escrito por":"Telinha","Tempo estimado de leitura":"1 minuto"},"schema":{"@context":"https:\/\/schema.org","@graph":[{"@type":"Article","@id":"https:\/\/portaltela.pt\/noticias\/2026\/03\/14\/varandas-espera-ter-em-quatro-anos-massa-associativa-tao-feliz-quanto-hoje\/#article","isPartOf":{"@id":"https:\/\/portaltela.pt\/noticias\/2026\/03\/14\/varandas-espera-ter-em-quatro-anos-massa-associativa-tao-feliz-quanto-hoje\/"},"author":{"name":"Telinha","@id":"https:\/\/portaltela.pt\/#\/schema\/person\/c4278d4a6028830caff9ee44b42d32ed"},"headline":"Varandas espera ter, em quatro anos, massa associativa t\u00e3o feliz quanto hoje","datePublished":"2026-03-15T01:05:00+00:00","mainEntityOfPage":{"@id":"https:\/\/portaltela.pt\/noticias\/2026\/03\/14\/varandas-espera-ter-em-quatro-anos-massa-associativa-tao-feliz-quanto-hoje\/"},"wordCount":183,"image":{"@id":"https:\/\/portaltela.pt\/noticias\/2026\/03\/14\/varandas-espera-ter-em-quatro-anos-massa-associativa-tao-feliz-quanto-hoje\/#primaryimage"},"thumbnailUrl":"https:\/\/portaltela.pt\/s.01k8rhncp4jt1\/2026\/03\/image-972.jpg","keywords":["associados","futebol","gest\u00e3o","lideran\u00e7a","presidente","Sporting"],"articleSection":["Desporto","Futebol"],"inLanguage":"pt-PT"},{"@type":"WebPage","@id":"https:\/\/portaltela.pt\/noticias\/2026\/03\/14\/varandas-espera-ter-em-quatro-anos-massa-associativa-tao-feliz-quanto-hoje\/","url":"https:\/\/portaltela.pt\/noticias\/2026\/03\/14\/varandas-espera-ter-em-quatro-anos-massa-associativa-tao-feliz-quanto-hoje\/","name":"Varandas espera ter, em quatro anos, massa associativa t\u00e3o feliz quanto hoje - Portal Tela Portugal","isPartOf":{"@id":"https:\/\/portaltela.pt\/#website"},"primaryImageOfPage":{"@id":"https:\/\/portaltela.pt\/noticias\/2026\/03\/14\/varandas-espera-ter-em-quatro-anos-massa-associativa-tao-feliz-quanto-hoje\/#primaryimage"},"image":{"@id":"https:\/\/portaltela.pt\/noticias\/2026\/03\/14\/varandas-espera-ter-em-quatro-anos-massa-associativa-tao-feliz-quanto-hoje\/#primaryimage"},"thumbnailUrl":"https:\/\/portaltela.pt\/s.01k8rhncp4jt1\/2026\/03\/image-972.jpg","datePublished":"2026-03-15T01:05:00+00:00","author":{"@id":"https:\/\/portaltela.pt\/#\/schema\/person\/c4278d4a6028830caff9ee44b42d32ed"},"breadcrumb":{"@id":"https:\/\/portaltela.pt\/noticias\/2026\/03\/14\/varandas-espera-ter-em-quatro-anos-massa-associativa-tao-feliz-quanto-hoje\/#breadcrumb"},"inLanguage":"pt-PT","potentialAction":[{"@type":"ReadAction","target":["https:\/\/portaltela.pt\/noticias\/2026\/03\/14\/varandas-espera-ter-em-quatro-anos-massa-associativa-tao-feliz-quanto-hoje\/"]}]},{"@type":"ImageObject","inLanguage":"pt-PT","@id":"https:\/\/portaltela.pt\/noticias\/2026\/03\/14\/varandas-espera-ter-em-quatro-anos-massa-associativa-tao-feliz-quanto-hoje\/#primaryimage","url":"https:\/\/portaltela.pt\/s.01k8rhncp4jt1\/2026\/03\/image-972.jpg","contentUrl":"https:\/\/portaltela.pt\/s.01k8rhncp4jt1\/2026\/03\/image-972.jpg","width":796,"height":448,"caption":"Frederico Varandas foi reeleito presidente do Sporting"},{"@type":"BreadcrumbList","@id":"https:\/\/portaltela.pt\/noticias\/2026\/03\/14\/varandas-espera-ter-em-quatro-anos-massa-associativa-tao-feliz-quanto-hoje\/#breadcrumb","itemListElement":[{"@type":"ListItem","position":1,"name":"In\u00edcio","item":"https:\/\/portaltela.pt\/"},{"@type":"ListItem","position":2,"name":"Varandas espera ter, em quatro anos, massa associativa t\u00e3o feliz quanto hoje"}]},{"@type":"WebSite","@id":"https:\/\/portaltela.pt\/#website","url":"https:\/\/portaltela.pt\/","name":"Portal Tela Portugal","description":"","potentialAction":[{"@type":"SearchAction","target":{"@type":"EntryPoint","urlTemplate":"https:\/\/portaltela.pt\/?s={search_term_string}"},"query-input":{"@type":"PropertyValueSpecification","valueRequired":true,"valueName":"search_term_string"}}],"inLanguage":"pt-PT"},{"@type":"Person","@id":"https:\/\/portaltela.pt\/#\/schema\/person\/c4278d4a6028830caff9ee44b42d32ed","name":"Telinha","image":{"@type":"ImageObject","inLanguage":"pt-PT","@id":"https:\/\/portaltela.pt\/s.01k8rhncp4jt1\/2025\/11\/talking-bot-125x125.png","url":"https:\/\/portaltela.pt\/s.01k8rhncp4jt1\/2025\/11\/talking-bot-125x125.png","contentUrl":"https:\/\/portaltela.pt\/s.01k8rhncp4jt1\/2025\/11\/talking-bot-125x125.png","caption":"Telinha"},"sameAs":["https:\/\/portaltela.pt\/"],"url":"https:\/\/portaltela.pt\/por\/367410592786\/"}]}},"_links":{"self":[{"href":"https:\/\/portaltela.pt\/api\/wp\/v2\/posts\/410505","targetHints":{"allow":["GET"]}}],"collection":[{"href":"https:\/\/portaltela.pt\/api\/wp\/v2\/posts"}],"about":[{"href":"https:\/\/portaltela.pt\/api\/wp\/v2\/types\/post"}],"author":[{"embeddable":true,"href":"https:\/\/portaltela.pt\/api\/wp\/v2\/users\/2"}],"replies":[{"embeddable":true,"href":"https:\/\/portaltela.pt\/api\/wp\/v2\/comments?post=410505"}],"version-history":[{"count":0,"href":"https:\/\/portaltela.pt\/api\/wp\/v2\/posts\/410505\/revisions"}],"wp:featuredmedia":[{"embeddable":true,"href":"https:\/\/portaltela.pt\/api\/wp\/v2\/media\/410508"}],"wp:attachment":[{"href":"https:\/\/portaltela.pt\/api\/wp\/v2\/media?parent=410505"}],"wp:term":[{"taxonomy":"category","embeddable":true,"href":"https:\/\/portaltela.pt\/api\/wp\/v2\/categories?post=410505"},{"taxonomy":"post_tag","embeddable":true,"href":"https:\/\/portaltela.pt\/api\/wp\/v2\/tags?post=410505"}],"curies":[{"name":"wp","href":"https:\/\/api.w.org\/{rel}","templated":true}]}}