{"id":410490,"date":"2026-03-14T21:26:00","date_gmt":"2026-03-15T00:26:00","guid":{"rendered":"https:\/\/portaltela.pt\/noticias\/2026\/03\/14\/mario-branco-visita-balneario-do-arbitro-apos-arouca-benfica\/"},"modified":"2026-03-14T21:26:00","modified_gmt":"2026-03-15T00:26:00","slug":"mario-branco-visita-balneario-do-arbitro-apos-arouca-benfica","status":"publish","type":"post","link":"https:\/\/portaltela.pt\/desporto\/futebol\/2026\/03\/14\/mario-branco-visita-balneario-do-arbitro-apos-arouca-benfica\/","title":{"rendered":"M\u00e1rio Branco visita balne\u00e1rio do \u00e1rbitro ap\u00f3s Arouca-Benfica"},"content":{"rendered":"<p>M\u00e1rio Branco, diretor-geral do Benfica, foi ao balne\u00e1rio da equipa de arbitragem, liderada por Jos\u00e9 Bessa, da AF Porto, no final do encontro Arouca-Benfica para apresentar o desagrado sobre o desempenho do \u00e1rbitro. A atua\u00e7\u00e3o suscitou d\u00favidas entre a comitiva encarnada.<\/p>\n<p>O dirigente apontou uma alegada diferen\u00e7a de crit\u00e9rios por parte de Jos\u00e9 Bessa, que dirigiu o jogo em Arouca. O queixoso considerou injusti\u00e7a percept\u00edvel na leitura de lances decisivos ao longo da partida.<\/p>\n<p>Entre os pontos de insatisfa\u00e7\u00e3o, destaca-se o cart\u00e3o amarelo mostrado a Ant\u00f3nio Silva, capit\u00e3o do Benfica, quando se aproximava do \u00e1rbitro, sem ter proferido palavras. Essa decis\u00e3o deixa o defesa fora do pr\u00f3ximo desafio frente ao V. Guimar\u00e3es.<\/p>\n<p>Outro ponto referido envolve Dahl, que recebeu um &#8220;chega para l\u00e1&#8221; de Bessa aos 14 minutos, quando o sueco se movia na dire\u00e7\u00e3o de um jogador do Arouca que se encontrava no ch\u00e3o. O incidente ficar\u00e1 registado no relat\u00f3rio do \u00e1rbitro de 30 anos.<\/p>\n<p>O epis\u00f3dio \u00e9 enquadrado pela dire\u00e7\u00e3o benfiquista como uma manifesta\u00e7\u00e3o de descontentamento com o comportamento da equipa de arbitragem durante o jogo. N\u00e3o houve declara\u00e7\u00f5es oficiais adicionais por parte do Benfica at\u00e9 ao momento.<\/p>\n","protected":false},"excerpt":{"rendered":"<ul>\n<li>M\u00e1rio Branco foi ao balne\u00e1rio da equipa de arbitragem, liderada por Jos\u00e9 Bessa, para manifestar desagrado pelo desempenho no Arouca-Benfica.<\/li>\n<li>O diretor-geral do Benfica alegou diferen\u00e7a de crit\u00e9rios entre o \u00e1rbitro e o encontro, apontando insatisfa\u00e7\u00e3o com decis\u00f5es tomadas durante o jogo.<\/li>\n<li>Alegou que Ant\u00f3nio Silva recebeu cart\u00e3o amarelo quando se aproximava do \u00e1rbitro, mesmo sem ter proferido qualquer reclama\u00e7\u00e3o, o que o afastaria do pr\u00f3ximo encontro frente ao V. Guimar\u00e3es.<\/li>\n<li>O incidente inclui a atua\u00e7\u00e3o de Dahl, a quem Bessa ter\u00e1 mandado recuar aos 14 minutos, num lance em que o sueco se aproximava de um jogador do Arouca que estava no ch\u00e3o.<\/li>\n<li>O queixa de M\u00e1rio Branco dever\u00e1 ficar registada no relat\u00f3rio do \u00e1rbitro, segundo as informa\u00e7\u00f5es dispon\u00edveis.<\/li>\n<\/ul>\n","protected":false},"author":2,"featured_media":410494,"comment_status":"closed","ping_status":"closed","sticky":false,"template":"","format":"standard","meta":{"footnotes":""},"categories":[21,24],"tags":[4059,4834,6920,1946,5684,32],"class_list":["post-410490","post","type-post","status-publish","format-standard","has-post-thumbnail","hentry","category-desporto","category-futebol","tag-1-a-liga","tag-af-porto","tag-arbitros","tag-benfica","tag-cartoes-amarelos","tag-futebol"],"yoast_head":"<!-- This site is optimized with the Yoast SEO plugin v27.2 - https:\/\/yoast.com\/product\/yoast-seo-wordpress\/ -->\n<title>M\u00e1rio Branco visita balne\u00e1rio do \u00e1rbitro ap\u00f3s Arouca-Benfica - Portal Tela Portugal<\/title>\n<meta name=\"robots\" content=\"index, follow, max-snippet:-1, max-image-preview:large, max-video-preview:-1\" \/>\n<meta property=\"og:locale\" content=\"pt_PT\" \/>\n<meta property=\"og:type\" content=\"article\" \/>\n<meta property=\"og:title\" content=\"M\u00e1rio Branco visita balne\u00e1rio do \u00e1rbitro ap\u00f3s Arouca-Benfica - Portal Tela Portugal\" \/>\n<meta property=\"og:description\" content=\"M\u00e1rio Branco foi ao balne\u00e1rio da equipa de arbitragem, liderada por Jos\u00e9 Bessa, para manifestar desagrado pelo desempenho no Arouca-Benfica. O diretor-geral do Benfica alegou diferen\u00e7a de crit\u00e9rios entre o \u00e1rbitro e o encontro, apontando insatisfa\u00e7\u00e3o com decis\u00f5es tomadas durante o jogo. Alegou que Ant\u00f3nio Silva recebeu cart\u00e3o amarelo quando se aproximava do \u00e1rbitro, mesmo sem ter proferido qualquer reclama\u00e7\u00e3o, o que o afastaria do pr\u00f3ximo encontro frente ao V. Guimar\u00e3es. O incidente inclui a atua\u00e7\u00e3o de Dahl, a quem Bessa ter\u00e1 mandado recuar aos 14 minutos, num lance em que o sueco se aproximava de um jogador do Arouca que estava no ch\u00e3o. O queixa de M\u00e1rio Branco dever\u00e1 ficar registada no relat\u00f3rio do \u00e1rbitro, segundo as informa\u00e7\u00f5es dispon\u00edveis.\" \/>\n<meta property=\"og:url\" content=\"https:\/\/portaltela.pt\/noticias\/2026\/03\/14\/mario-branco-visita-balneario-do-arbitro-apos-arouca-benfica\/\" \/>\n<meta property=\"og:site_name\" content=\"Portal Tela Portugal\" \/>\n<meta property=\"article:published_time\" content=\"2026-03-15T00:26:00+00:00\" \/>\n<meta name=\"author\" content=\"Telinha\" \/>\n<meta name=\"twitter:card\" content=\"summary_large_image\" \/>\n<meta name=\"twitter:label1\" content=\"Escrito por\" \/>\n\t<meta name=\"twitter:data1\" content=\"Telinha\" \/>\n\t<meta name=\"twitter:label2\" content=\"Tempo estimado de leitura\" \/>\n\t<meta name=\"twitter:data2\" content=\"1 minuto\" \/>\n<script type=\"application\/ld+json\" class=\"yoast-schema-graph\">{\"@context\":\"https:\/\/schema.org\",\"@graph\":[{\"@type\":\"Article\",\"@id\":\"https:\/\/portaltela.pt\/noticias\/2026\/03\/14\/mario-branco-visita-balneario-do-arbitro-apos-arouca-benfica\/#article\",\"isPartOf\":{\"@id\":\"https:\/\/portaltela.pt\/noticias\/2026\/03\/14\/mario-branco-visita-balneario-do-arbitro-apos-arouca-benfica\/\"},\"author\":{\"name\":\"Telinha\",\"@id\":\"https:\/\/portaltela.pt\/#\/schema\/person\/c4278d4a6028830caff9ee44b42d32ed\"},\"headline\":\"M\u00e1rio Branco visita balne\u00e1rio do \u00e1rbitro ap\u00f3s Arouca-Benfica\",\"datePublished\":\"2026-03-15T00:26:00+00:00\",\"mainEntityOfPage\":{\"@id\":\"https:\/\/portaltela.pt\/noticias\/2026\/03\/14\/mario-branco-visita-balneario-do-arbitro-apos-arouca-benfica\/\"},\"wordCount\":221,\"image\":{\"@id\":\"https:\/\/portaltela.pt\/noticias\/2026\/03\/14\/mario-branco-visita-balneario-do-arbitro-apos-arouca-benfica\/#primaryimage\"},\"thumbnailUrl\":\"https:\/\/portaltela.pt\/s.01k8rhncp4jt1\/2026\/03\/img_920x518uu2026-03-15-00-25-54-2426994-im-639091311713149530.jpg\",\"keywords\":[\"1.\u00aa Liga\",\"AF Porto\",\"\u00e1rbitros\",\"Benfica\",\"Cart\u00f5es amarelos\",\"futebol\"],\"articleSection\":[\"Desporto\",\"Futebol\"],\"inLanguage\":\"pt-PT\"},{\"@type\":\"WebPage\",\"@id\":\"https:\/\/portaltela.pt\/noticias\/2026\/03\/14\/mario-branco-visita-balneario-do-arbitro-apos-arouca-benfica\/\",\"url\":\"https:\/\/portaltela.pt\/noticias\/2026\/03\/14\/mario-branco-visita-balneario-do-arbitro-apos-arouca-benfica\/\",\"name\":\"M\u00e1rio Branco visita balne\u00e1rio do \u00e1rbitro ap\u00f3s Arouca-Benfica - Portal Tela Portugal\",\"isPartOf\":{\"@id\":\"https:\/\/portaltela.pt\/#website\"},\"primaryImageOfPage\":{\"@id\":\"https:\/\/portaltela.pt\/noticias\/2026\/03\/14\/mario-branco-visita-balneario-do-arbitro-apos-arouca-benfica\/#primaryimage\"},\"image\":{\"@id\":\"https:\/\/portaltela.pt\/noticias\/2026\/03\/14\/mario-branco-visita-balneario-do-arbitro-apos-arouca-benfica\/#primaryimage\"},\"thumbnailUrl\":\"https:\/\/portaltela.pt\/s.01k8rhncp4jt1\/2026\/03\/img_920x518uu2026-03-15-00-25-54-2426994-im-639091311713149530.jpg\",\"datePublished\":\"2026-03-15T00:26:00+00:00\",\"author\":{\"@id\":\"https:\/\/portaltela.pt\/#\/schema\/person\/c4278d4a6028830caff9ee44b42d32ed\"},\"breadcrumb\":{\"@id\":\"https:\/\/portaltela.pt\/noticias\/2026\/03\/14\/mario-branco-visita-balneario-do-arbitro-apos-arouca-benfica\/#breadcrumb\"},\"inLanguage\":\"pt-PT\",\"potentialAction\":[{\"@type\":\"ReadAction\",\"target\":[\"https:\/\/portaltela.pt\/noticias\/2026\/03\/14\/mario-branco-visita-balneario-do-arbitro-apos-arouca-benfica\/\"]}]},{\"@type\":\"ImageObject\",\"inLanguage\":\"pt-PT\",\"@id\":\"https:\/\/portaltela.pt\/noticias\/2026\/03\/14\/mario-branco-visita-balneario-do-arbitro-apos-arouca-benfica\/#primaryimage\",\"url\":\"https:\/\/portaltela.pt\/s.01k8rhncp4jt1\/2026\/03\/img_920x518uu2026-03-15-00-25-54-2426994-im-639091311713149530.jpg\",\"contentUrl\":\"https:\/\/portaltela.pt\/s.01k8rhncp4jt1\/2026\/03\/img_920x518uu2026-03-15-00-25-54-2426994-im-639091311713149530.jpg\",\"width\":796,\"height\":448,\"caption\":\"Jos\u00e9 Bessa liderou a equipa de arbitragem do Arouca-Benfica\"},{\"@type\":\"BreadcrumbList\",\"@id\":\"https:\/\/portaltela.pt\/noticias\/2026\/03\/14\/mario-branco-visita-balneario-do-arbitro-apos-arouca-benfica\/#breadcrumb\",\"itemListElement\":[{\"@type\":\"ListItem\",\"position\":1,\"name\":\"In\u00edcio\",\"item\":\"https:\/\/portaltela.pt\/\"},{\"@type\":\"ListItem\",\"position\":2,\"name\":\"M\u00e1rio Branco visita balne\u00e1rio do \u00e1rbitro ap\u00f3s Arouca-Benfica\"}]},{\"@type\":\"WebSite\",\"@id\":\"https:\/\/portaltela.pt\/#website\",\"url\":\"https:\/\/portaltela.pt\/\",\"name\":\"Portal Tela Portugal\",\"description\":\"\",\"potentialAction\":[{\"@type\":\"SearchAction\",\"target\":{\"@type\":\"EntryPoint\",\"urlTemplate\":\"https:\/\/portaltela.pt\/?s={search_term_string}\"},\"query-input\":{\"@type\":\"PropertyValueSpecification\",\"valueRequired\":true,\"valueName\":\"search_term_string\"}}],\"inLanguage\":\"pt-PT\"},{\"@type\":\"Person\",\"@id\":\"https:\/\/portaltela.pt\/#\/schema\/person\/c4278d4a6028830caff9ee44b42d32ed\",\"name\":\"Telinha\",\"image\":{\"@type\":\"ImageObject\",\"inLanguage\":\"pt-PT\",\"@id\":\"https:\/\/portaltela.pt\/s.01k8rhncp4jt1\/2025\/11\/talking-bot-125x125.png\",\"url\":\"https:\/\/portaltela.pt\/s.01k8rhncp4jt1\/2025\/11\/talking-bot-125x125.png\",\"contentUrl\":\"https:\/\/portaltela.pt\/s.01k8rhncp4jt1\/2025\/11\/talking-bot-125x125.png\",\"caption\":\"Telinha\"},\"sameAs\":[\"https:\/\/portaltela.pt\/\"],\"url\":\"https:\/\/portaltela.pt\/por\/367410592786\/\"}]}<\/script>\n<!-- \/ Yoast SEO plugin. -->","yoast_head_json":{"title":"M\u00e1rio Branco visita balne\u00e1rio do \u00e1rbitro ap\u00f3s Arouca-Benfica - Portal Tela Portugal","robots":{"index":"index","follow":"follow","max-snippet":"max-snippet:-1","max-image-preview":"max-image-preview:large","max-video-preview":"max-video-preview:-1"},"og_locale":"pt_PT","og_type":"article","og_title":"M\u00e1rio Branco visita balne\u00e1rio do \u00e1rbitro ap\u00f3s Arouca-Benfica - Portal Tela Portugal","og_description":"M\u00e1rio Branco foi ao balne\u00e1rio da equipa de arbitragem, liderada por Jos\u00e9 Bessa, para manifestar desagrado pelo desempenho no Arouca-Benfica. O diretor-geral do Benfica alegou diferen\u00e7a de crit\u00e9rios entre o \u00e1rbitro e o encontro, apontando insatisfa\u00e7\u00e3o com decis\u00f5es tomadas durante o jogo. Alegou que Ant\u00f3nio Silva recebeu cart\u00e3o amarelo quando se aproximava do \u00e1rbitro, mesmo sem ter proferido qualquer reclama\u00e7\u00e3o, o que o afastaria do pr\u00f3ximo encontro frente ao V. Guimar\u00e3es. O incidente inclui a atua\u00e7\u00e3o de Dahl, a quem Bessa ter\u00e1 mandado recuar aos 14 minutos, num lance em que o sueco se aproximava de um jogador do Arouca que estava no ch\u00e3o. O queixa de M\u00e1rio Branco dever\u00e1 ficar registada no relat\u00f3rio do \u00e1rbitro, segundo as informa\u00e7\u00f5es dispon\u00edveis.","og_url":"https:\/\/portaltela.pt\/noticias\/2026\/03\/14\/mario-branco-visita-balneario-do-arbitro-apos-arouca-benfica\/","og_site_name":"Portal Tela Portugal","article_published_time":"2026-03-15T00:26:00+00:00","author":"Telinha","twitter_card":"summary_large_image","twitter_misc":{"Escrito por":"Telinha","Tempo estimado de leitura":"1 minuto"},"schema":{"@context":"https:\/\/schema.org","@graph":[{"@type":"Article","@id":"https:\/\/portaltela.pt\/noticias\/2026\/03\/14\/mario-branco-visita-balneario-do-arbitro-apos-arouca-benfica\/#article","isPartOf":{"@id":"https:\/\/portaltela.pt\/noticias\/2026\/03\/14\/mario-branco-visita-balneario-do-arbitro-apos-arouca-benfica\/"},"author":{"name":"Telinha","@id":"https:\/\/portaltela.pt\/#\/schema\/person\/c4278d4a6028830caff9ee44b42d32ed"},"headline":"M\u00e1rio Branco visita balne\u00e1rio do \u00e1rbitro ap\u00f3s Arouca-Benfica","datePublished":"2026-03-15T00:26:00+00:00","mainEntityOfPage":{"@id":"https:\/\/portaltela.pt\/noticias\/2026\/03\/14\/mario-branco-visita-balneario-do-arbitro-apos-arouca-benfica\/"},"wordCount":221,"image":{"@id":"https:\/\/portaltela.pt\/noticias\/2026\/03\/14\/mario-branco-visita-balneario-do-arbitro-apos-arouca-benfica\/#primaryimage"},"thumbnailUrl":"https:\/\/portaltela.pt\/s.01k8rhncp4jt1\/2026\/03\/img_920x518uu2026-03-15-00-25-54-2426994-im-639091311713149530.jpg","keywords":["1.\u00aa Liga","AF Porto","\u00e1rbitros","Benfica","Cart\u00f5es amarelos","futebol"],"articleSection":["Desporto","Futebol"],"inLanguage":"pt-PT"},{"@type":"WebPage","@id":"https:\/\/portaltela.pt\/noticias\/2026\/03\/14\/mario-branco-visita-balneario-do-arbitro-apos-arouca-benfica\/","url":"https:\/\/portaltela.pt\/noticias\/2026\/03\/14\/mario-branco-visita-balneario-do-arbitro-apos-arouca-benfica\/","name":"M\u00e1rio Branco visita balne\u00e1rio do \u00e1rbitro ap\u00f3s Arouca-Benfica - Portal Tela Portugal","isPartOf":{"@id":"https:\/\/portaltela.pt\/#website"},"primaryImageOfPage":{"@id":"https:\/\/portaltela.pt\/noticias\/2026\/03\/14\/mario-branco-visita-balneario-do-arbitro-apos-arouca-benfica\/#primaryimage"},"image":{"@id":"https:\/\/portaltela.pt\/noticias\/2026\/03\/14\/mario-branco-visita-balneario-do-arbitro-apos-arouca-benfica\/#primaryimage"},"thumbnailUrl":"https:\/\/portaltela.pt\/s.01k8rhncp4jt1\/2026\/03\/img_920x518uu2026-03-15-00-25-54-2426994-im-639091311713149530.jpg","datePublished":"2026-03-15T00:26:00+00:00","author":{"@id":"https:\/\/portaltela.pt\/#\/schema\/person\/c4278d4a6028830caff9ee44b42d32ed"},"breadcrumb":{"@id":"https:\/\/portaltela.pt\/noticias\/2026\/03\/14\/mario-branco-visita-balneario-do-arbitro-apos-arouca-benfica\/#breadcrumb"},"inLanguage":"pt-PT","potentialAction":[{"@type":"ReadAction","target":["https:\/\/portaltela.pt\/noticias\/2026\/03\/14\/mario-branco-visita-balneario-do-arbitro-apos-arouca-benfica\/"]}]},{"@type":"ImageObject","inLanguage":"pt-PT","@id":"https:\/\/portaltela.pt\/noticias\/2026\/03\/14\/mario-branco-visita-balneario-do-arbitro-apos-arouca-benfica\/#primaryimage","url":"https:\/\/portaltela.pt\/s.01k8rhncp4jt1\/2026\/03\/img_920x518uu2026-03-15-00-25-54-2426994-im-639091311713149530.jpg","contentUrl":"https:\/\/portaltela.pt\/s.01k8rhncp4jt1\/2026\/03\/img_920x518uu2026-03-15-00-25-54-2426994-im-639091311713149530.jpg","width":796,"height":448,"caption":"Jos\u00e9 Bessa liderou a equipa de arbitragem do Arouca-Benfica"},{"@type":"BreadcrumbList","@id":"https:\/\/portaltela.pt\/noticias\/2026\/03\/14\/mario-branco-visita-balneario-do-arbitro-apos-arouca-benfica\/#breadcrumb","itemListElement":[{"@type":"ListItem","position":1,"name":"In\u00edcio","item":"https:\/\/portaltela.pt\/"},{"@type":"ListItem","position":2,"name":"M\u00e1rio Branco visita balne\u00e1rio do \u00e1rbitro ap\u00f3s Arouca-Benfica"}]},{"@type":"WebSite","@id":"https:\/\/portaltela.pt\/#website","url":"https:\/\/portaltela.pt\/","name":"Portal Tela Portugal","description":"","potentialAction":[{"@type":"SearchAction","target":{"@type":"EntryPoint","urlTemplate":"https:\/\/portaltela.pt\/?s={search_term_string}"},"query-input":{"@type":"PropertyValueSpecification","valueRequired":true,"valueName":"search_term_string"}}],"inLanguage":"pt-PT"},{"@type":"Person","@id":"https:\/\/portaltela.pt\/#\/schema\/person\/c4278d4a6028830caff9ee44b42d32ed","name":"Telinha","image":{"@type":"ImageObject","inLanguage":"pt-PT","@id":"https:\/\/portaltela.pt\/s.01k8rhncp4jt1\/2025\/11\/talking-bot-125x125.png","url":"https:\/\/portaltela.pt\/s.01k8rhncp4jt1\/2025\/11\/talking-bot-125x125.png","contentUrl":"https:\/\/portaltela.pt\/s.01k8rhncp4jt1\/2025\/11\/talking-bot-125x125.png","caption":"Telinha"},"sameAs":["https:\/\/portaltela.pt\/"],"url":"https:\/\/portaltela.pt\/por\/367410592786\/"}]}},"_links":{"self":[{"href":"https:\/\/portaltela.pt\/api\/wp\/v2\/posts\/410490","targetHints":{"allow":["GET"]}}],"collection":[{"href":"https:\/\/portaltela.pt\/api\/wp\/v2\/posts"}],"about":[{"href":"https:\/\/portaltela.pt\/api\/wp\/v2\/types\/post"}],"author":[{"embeddable":true,"href":"https:\/\/portaltela.pt\/api\/wp\/v2\/users\/2"}],"replies":[{"embeddable":true,"href":"https:\/\/portaltela.pt\/api\/wp\/v2\/comments?post=410490"}],"version-history":[{"count":0,"href":"https:\/\/portaltela.pt\/api\/wp\/v2\/posts\/410490\/revisions"}],"wp:featuredmedia":[{"embeddable":true,"href":"https:\/\/portaltela.pt\/api\/wp\/v2\/media\/410494"}],"wp:attachment":[{"href":"https:\/\/portaltela.pt\/api\/wp\/v2\/media?parent=410490"}],"wp:term":[{"taxonomy":"category","embeddable":true,"href":"https:\/\/portaltela.pt\/api\/wp\/v2\/categories?post=410490"},{"taxonomy":"post_tag","embeddable":true,"href":"https:\/\/portaltela.pt\/api\/wp\/v2\/tags?post=410490"}],"curies":[{"name":"wp","href":"https:\/\/api.w.org\/{rel}","templated":true}]}}