{"id":410484,"date":"2026-03-14T12:11:12","date_gmt":"2026-03-14T15:11:12","guid":{"rendered":"https:\/\/portaltela.pt\/noticias\/2026\/03\/14\/pedro-sanchez\/"},"modified":"2026-03-14T12:11:12","modified_gmt":"2026-03-14T15:11:12","slug":"pedro-sanchez","status":"publish","type":"post","link":"https:\/\/portaltela.pt\/noticias\/internacional\/2026\/03\/14\/pedro-sanchez\/","title":{"rendered":"Pedro S\u00e1nchez"},"content":{"rendered":"<p>Spain regista 150 protestos contra a guerra<\/p>\n<p>No dia 14 de mar\u00e7o de 2026, milhares de pessoas manifestaram-se em 150 locais por todo o pa\u00eds para exigir o fim da interven\u00e7\u00e3o militar no M\u00e9dio Oriente. Em Madrid, uma concentra\u00e7\u00e3o multitudin\u00e1ria reuniu cidad\u00e3os de v\u00e1rias idades e forma\u00e7\u00f5es pol\u00edticas, segundo relatos locais.<\/p>\n<p>Organizadores apontam participa\u00e7\u00e3o de sindicatos, associa\u00e7\u00f5es c\u00edvicas e movimentos pela paz. As marchas decorreram de forma pac\u00edfica, com percursos centrados na exig\u00eancia de solu\u00e7\u00f5es diplom\u00e1ticas e do imediato conforto humanit\u00e1rio para as zonas afetadas.<\/p>\n<p>Os protestos ocorreram em cidades grandes e pequenas, numa resposta coordenada \u00e0 escalada de viol\u00eancia na regi\u00e3o. Os organizadores enfatizam que a mobiliza\u00e7\u00e3o visa pressionar governos a evitar envolvimento directo em novos conflitos e a promover di\u00e1logo internacional.<\/p>\n<p>Em paralelo \u00e0 contesta\u00e7\u00e3o p\u00fablica, a cobertura dos cr\u00edticos sublinha a diversidade de argumentos apresentados, desde preocupa\u00e7\u00f5es com civis a pedidos de maior transpar\u00eancia pol\u00edtica. As manifesta\u00e7\u00f5es mant\u00eam-se dentro de um quadro unificado de oposi\u00e7\u00e3o \u00e0 escalada b\u00e9lica.<\/p>\n<p>Nota: a cobertura n\u00e3o inclui opini\u00e3o do leitor nem conclus\u00f5es; as informa\u00e7\u00f5es derivam de relatos de eventos no territ\u00f3rio espanhol em 14 de mar\u00e7o de 2026.<\/p>\n","protected":false},"excerpt":{"rendered":"<ul>\n<li>Espanha registou cerca de 150 protestos contra a guerra no M\u00e9dio Oriente em todo o pa\u00eds.<\/li>\n<li>As manifesta\u00e7\u00f5es decorreram a 14 de mar\u00e7o de 2026, com Madrid a acolher algumas a\u00e7\u00f5es.<\/li>\n<li>O objectivo das concentra\u00e7\u00f5es foi expressar oposi\u00e7\u00e3o ao conflito internacional em curso.<\/li>\n<li>Os eventos mostraram uma mobiliza\u00e7\u00e3o r\u00e1pida da sociedade civil contra a escalada b\u00e9lica.<\/li>\n<li>N\u00e3o h\u00e1 neste texto informa\u00e7\u00f5es sobre consequ\u00eancias pol\u00edticas ou decis\u00f5es oficiais associadas aos protestos.<\/li>\n<\/ul>\n","protected":false},"author":2,"featured_media":410485,"comment_status":"closed","ping_status":"closed","sticky":false,"template":"","format":"standard","meta":{"footnotes":""},"categories":[4,1],"tags":[2198,2189,62,5698,2857,2730],"class_list":["post-410484","post","type-post","status-publish","format-standard","has-post-thumbnail","hentry","category-internacional","category-noticias","tag-conflitos-internacionais","tag-espana","tag-guerra","tag-politica-internacional","tag-protestos","tag-protestos-internacionais"],"yoast_head":"<!-- This site is optimized with the Yoast SEO plugin v27.2 - https:\/\/yoast.com\/product\/yoast-seo-wordpress\/ -->\n<title>Pedro S\u00e1nchez - Portal Tela Portugal<\/title>\n<meta name=\"robots\" content=\"index, follow, max-snippet:-1, max-image-preview:large, max-video-preview:-1\" \/>\n<meta property=\"og:locale\" content=\"pt_PT\" \/>\n<meta property=\"og:type\" content=\"article\" \/>\n<meta property=\"og:title\" content=\"Pedro S\u00e1nchez - Portal Tela Portugal\" \/>\n<meta property=\"og:description\" content=\"Espanha registou cerca de 150 protestos contra a guerra no M\u00e9dio Oriente em todo o pa\u00eds. As manifesta\u00e7\u00f5es decorreram a 14 de mar\u00e7o de 2026, com Madrid a acolher algumas a\u00e7\u00f5es. O objectivo das concentra\u00e7\u00f5es foi expressar oposi\u00e7\u00e3o ao conflito internacional em curso. Os eventos mostraram uma mobiliza\u00e7\u00e3o r\u00e1pida da sociedade civil contra a escalada b\u00e9lica. N\u00e3o h\u00e1 neste texto informa\u00e7\u00f5es sobre consequ\u00eancias pol\u00edticas ou decis\u00f5es oficiais associadas aos protestos.\" \/>\n<meta property=\"og:url\" content=\"https:\/\/portaltela.pt\/noticias\/2026\/03\/14\/pedro-sanchez\/\" \/>\n<meta property=\"og:site_name\" content=\"Portal Tela Portugal\" \/>\n<meta property=\"article:published_time\" content=\"2026-03-14T15:11:12+00:00\" \/>\n<meta name=\"author\" content=\"Telinha\" \/>\n<meta name=\"twitter:card\" content=\"summary_large_image\" \/>\n<meta name=\"twitter:label1\" content=\"Escrito por\" \/>\n\t<meta name=\"twitter:data1\" content=\"Telinha\" \/>\n\t<meta name=\"twitter:label2\" content=\"Tempo estimado de leitura\" \/>\n\t<meta name=\"twitter:data2\" content=\"1 minuto\" \/>\n<script type=\"application\/ld+json\" class=\"yoast-schema-graph\">{\"@context\":\"https:\/\/schema.org\",\"@graph\":[{\"@type\":\"Article\",\"@id\":\"https:\/\/portaltela.pt\/noticias\/2026\/03\/14\/pedro-sanchez\/#article\",\"isPartOf\":{\"@id\":\"https:\/\/portaltela.pt\/noticias\/2026\/03\/14\/pedro-sanchez\/\"},\"author\":{\"name\":\"Telinha\",\"@id\":\"https:\/\/portaltela.pt\/#\/schema\/person\/c4278d4a6028830caff9ee44b42d32ed\"},\"headline\":\"Pedro S\u00e1nchez\",\"datePublished\":\"2026-03-14T15:11:12+00:00\",\"mainEntityOfPage\":{\"@id\":\"https:\/\/portaltela.pt\/noticias\/2026\/03\/14\/pedro-sanchez\/\"},\"wordCount\":219,\"image\":{\"@id\":\"https:\/\/portaltela.pt\/noticias\/2026\/03\/14\/pedro-sanchez\/#primaryimage\"},\"thumbnailUrl\":\"https:\/\/portaltela.pt\/s.01k8rhncp4jt1\/2026\/03\/320x180_cmsv2_3509777f-2412-5789-8281-b16331b362d4-9685706.jpg\",\"keywords\":[\"conflitos internacionais\",\"Espa\u00f1a\",\"guerra\",\"pol\u00edtica internacional\",\"protestos\",\"protestos internacionais\"],\"articleSection\":[\"Internacional\",\"Not\u00edcias\"],\"inLanguage\":\"pt-PT\"},{\"@type\":\"WebPage\",\"@id\":\"https:\/\/portaltela.pt\/noticias\/2026\/03\/14\/pedro-sanchez\/\",\"url\":\"https:\/\/portaltela.pt\/noticias\/2026\/03\/14\/pedro-sanchez\/\",\"name\":\"Pedro S\u00e1nchez - Portal Tela Portugal\",\"isPartOf\":{\"@id\":\"https:\/\/portaltela.pt\/#website\"},\"primaryImageOfPage\":{\"@id\":\"https:\/\/portaltela.pt\/noticias\/2026\/03\/14\/pedro-sanchez\/#primaryimage\"},\"image\":{\"@id\":\"https:\/\/portaltela.pt\/noticias\/2026\/03\/14\/pedro-sanchez\/#primaryimage\"},\"thumbnailUrl\":\"https:\/\/portaltela.pt\/s.01k8rhncp4jt1\/2026\/03\/320x180_cmsv2_3509777f-2412-5789-8281-b16331b362d4-9685706.jpg\",\"datePublished\":\"2026-03-14T15:11:12+00:00\",\"author\":{\"@id\":\"https:\/\/portaltela.pt\/#\/schema\/person\/c4278d4a6028830caff9ee44b42d32ed\"},\"breadcrumb\":{\"@id\":\"https:\/\/portaltela.pt\/noticias\/2026\/03\/14\/pedro-sanchez\/#breadcrumb\"},\"inLanguage\":\"pt-PT\",\"potentialAction\":[{\"@type\":\"ReadAction\",\"target\":[\"https:\/\/portaltela.pt\/noticias\/2026\/03\/14\/pedro-sanchez\/\"]}]},{\"@type\":\"ImageObject\",\"inLanguage\":\"pt-PT\",\"@id\":\"https:\/\/portaltela.pt\/noticias\/2026\/03\/14\/pedro-sanchez\/#primaryimage\",\"url\":\"https:\/\/portaltela.pt\/s.01k8rhncp4jt1\/2026\/03\/320x180_cmsv2_3509777f-2412-5789-8281-b16331b362d4-9685706.jpg\",\"contentUrl\":\"https:\/\/portaltela.pt\/s.01k8rhncp4jt1\/2026\/03\/320x180_cmsv2_3509777f-2412-5789-8281-b16331b362d4-9685706.jpg\",\"width\":796,\"height\":448,\"caption\":\"Manifesta\u00e7\u00f5es contra a guerra no M\u00e9dio Oriente em Madrid, 14 de mar\u00e7o de 2026\"},{\"@type\":\"BreadcrumbList\",\"@id\":\"https:\/\/portaltela.pt\/noticias\/2026\/03\/14\/pedro-sanchez\/#breadcrumb\",\"itemListElement\":[{\"@type\":\"ListItem\",\"position\":1,\"name\":\"In\u00edcio\",\"item\":\"https:\/\/portaltela.pt\/\"},{\"@type\":\"ListItem\",\"position\":2,\"name\":\"Pedro S\u00e1nchez\"}]},{\"@type\":\"WebSite\",\"@id\":\"https:\/\/portaltela.pt\/#website\",\"url\":\"https:\/\/portaltela.pt\/\",\"name\":\"Portal Tela Portugal\",\"description\":\"\",\"potentialAction\":[{\"@type\":\"SearchAction\",\"target\":{\"@type\":\"EntryPoint\",\"urlTemplate\":\"https:\/\/portaltela.pt\/?s={search_term_string}\"},\"query-input\":{\"@type\":\"PropertyValueSpecification\",\"valueRequired\":true,\"valueName\":\"search_term_string\"}}],\"inLanguage\":\"pt-PT\"},{\"@type\":\"Person\",\"@id\":\"https:\/\/portaltela.pt\/#\/schema\/person\/c4278d4a6028830caff9ee44b42d32ed\",\"name\":\"Telinha\",\"image\":{\"@type\":\"ImageObject\",\"inLanguage\":\"pt-PT\",\"@id\":\"https:\/\/portaltela.pt\/s.01k8rhncp4jt1\/2025\/11\/talking-bot-125x125.png\",\"url\":\"https:\/\/portaltela.pt\/s.01k8rhncp4jt1\/2025\/11\/talking-bot-125x125.png\",\"contentUrl\":\"https:\/\/portaltela.pt\/s.01k8rhncp4jt1\/2025\/11\/talking-bot-125x125.png\",\"caption\":\"Telinha\"},\"sameAs\":[\"https:\/\/portaltela.pt\/\"],\"url\":\"https:\/\/portaltela.pt\/por\/367410592786\/\"}]}<\/script>\n<!-- \/ Yoast SEO plugin. -->","yoast_head_json":{"title":"Pedro S\u00e1nchez - Portal Tela Portugal","robots":{"index":"index","follow":"follow","max-snippet":"max-snippet:-1","max-image-preview":"max-image-preview:large","max-video-preview":"max-video-preview:-1"},"og_locale":"pt_PT","og_type":"article","og_title":"Pedro S\u00e1nchez - Portal Tela Portugal","og_description":"Espanha registou cerca de 150 protestos contra a guerra no M\u00e9dio Oriente em todo o pa\u00eds. As manifesta\u00e7\u00f5es decorreram a 14 de mar\u00e7o de 2026, com Madrid a acolher algumas a\u00e7\u00f5es. O objectivo das concentra\u00e7\u00f5es foi expressar oposi\u00e7\u00e3o ao conflito internacional em curso. Os eventos mostraram uma mobiliza\u00e7\u00e3o r\u00e1pida da sociedade civil contra a escalada b\u00e9lica. N\u00e3o h\u00e1 neste texto informa\u00e7\u00f5es sobre consequ\u00eancias pol\u00edticas ou decis\u00f5es oficiais associadas aos protestos.","og_url":"https:\/\/portaltela.pt\/noticias\/2026\/03\/14\/pedro-sanchez\/","og_site_name":"Portal Tela Portugal","article_published_time":"2026-03-14T15:11:12+00:00","author":"Telinha","twitter_card":"summary_large_image","twitter_misc":{"Escrito por":"Telinha","Tempo estimado de leitura":"1 minuto"},"schema":{"@context":"https:\/\/schema.org","@graph":[{"@type":"Article","@id":"https:\/\/portaltela.pt\/noticias\/2026\/03\/14\/pedro-sanchez\/#article","isPartOf":{"@id":"https:\/\/portaltela.pt\/noticias\/2026\/03\/14\/pedro-sanchez\/"},"author":{"name":"Telinha","@id":"https:\/\/portaltela.pt\/#\/schema\/person\/c4278d4a6028830caff9ee44b42d32ed"},"headline":"Pedro S\u00e1nchez","datePublished":"2026-03-14T15:11:12+00:00","mainEntityOfPage":{"@id":"https:\/\/portaltela.pt\/noticias\/2026\/03\/14\/pedro-sanchez\/"},"wordCount":219,"image":{"@id":"https:\/\/portaltela.pt\/noticias\/2026\/03\/14\/pedro-sanchez\/#primaryimage"},"thumbnailUrl":"https:\/\/portaltela.pt\/s.01k8rhncp4jt1\/2026\/03\/320x180_cmsv2_3509777f-2412-5789-8281-b16331b362d4-9685706.jpg","keywords":["conflitos internacionais","Espa\u00f1a","guerra","pol\u00edtica internacional","protestos","protestos internacionais"],"articleSection":["Internacional","Not\u00edcias"],"inLanguage":"pt-PT"},{"@type":"WebPage","@id":"https:\/\/portaltela.pt\/noticias\/2026\/03\/14\/pedro-sanchez\/","url":"https:\/\/portaltela.pt\/noticias\/2026\/03\/14\/pedro-sanchez\/","name":"Pedro S\u00e1nchez - Portal Tela Portugal","isPartOf":{"@id":"https:\/\/portaltela.pt\/#website"},"primaryImageOfPage":{"@id":"https:\/\/portaltela.pt\/noticias\/2026\/03\/14\/pedro-sanchez\/#primaryimage"},"image":{"@id":"https:\/\/portaltela.pt\/noticias\/2026\/03\/14\/pedro-sanchez\/#primaryimage"},"thumbnailUrl":"https:\/\/portaltela.pt\/s.01k8rhncp4jt1\/2026\/03\/320x180_cmsv2_3509777f-2412-5789-8281-b16331b362d4-9685706.jpg","datePublished":"2026-03-14T15:11:12+00:00","author":{"@id":"https:\/\/portaltela.pt\/#\/schema\/person\/c4278d4a6028830caff9ee44b42d32ed"},"breadcrumb":{"@id":"https:\/\/portaltela.pt\/noticias\/2026\/03\/14\/pedro-sanchez\/#breadcrumb"},"inLanguage":"pt-PT","potentialAction":[{"@type":"ReadAction","target":["https:\/\/portaltela.pt\/noticias\/2026\/03\/14\/pedro-sanchez\/"]}]},{"@type":"ImageObject","inLanguage":"pt-PT","@id":"https:\/\/portaltela.pt\/noticias\/2026\/03\/14\/pedro-sanchez\/#primaryimage","url":"https:\/\/portaltela.pt\/s.01k8rhncp4jt1\/2026\/03\/320x180_cmsv2_3509777f-2412-5789-8281-b16331b362d4-9685706.jpg","contentUrl":"https:\/\/portaltela.pt\/s.01k8rhncp4jt1\/2026\/03\/320x180_cmsv2_3509777f-2412-5789-8281-b16331b362d4-9685706.jpg","width":796,"height":448,"caption":"Manifesta\u00e7\u00f5es contra a guerra no M\u00e9dio Oriente em Madrid, 14 de mar\u00e7o de 2026"},{"@type":"BreadcrumbList","@id":"https:\/\/portaltela.pt\/noticias\/2026\/03\/14\/pedro-sanchez\/#breadcrumb","itemListElement":[{"@type":"ListItem","position":1,"name":"In\u00edcio","item":"https:\/\/portaltela.pt\/"},{"@type":"ListItem","position":2,"name":"Pedro S\u00e1nchez"}]},{"@type":"WebSite","@id":"https:\/\/portaltela.pt\/#website","url":"https:\/\/portaltela.pt\/","name":"Portal Tela Portugal","description":"","potentialAction":[{"@type":"SearchAction","target":{"@type":"EntryPoint","urlTemplate":"https:\/\/portaltela.pt\/?s={search_term_string}"},"query-input":{"@type":"PropertyValueSpecification","valueRequired":true,"valueName":"search_term_string"}}],"inLanguage":"pt-PT"},{"@type":"Person","@id":"https:\/\/portaltela.pt\/#\/schema\/person\/c4278d4a6028830caff9ee44b42d32ed","name":"Telinha","image":{"@type":"ImageObject","inLanguage":"pt-PT","@id":"https:\/\/portaltela.pt\/s.01k8rhncp4jt1\/2025\/11\/talking-bot-125x125.png","url":"https:\/\/portaltela.pt\/s.01k8rhncp4jt1\/2025\/11\/talking-bot-125x125.png","contentUrl":"https:\/\/portaltela.pt\/s.01k8rhncp4jt1\/2025\/11\/talking-bot-125x125.png","caption":"Telinha"},"sameAs":["https:\/\/portaltela.pt\/"],"url":"https:\/\/portaltela.pt\/por\/367410592786\/"}]}},"_links":{"self":[{"href":"https:\/\/portaltela.pt\/api\/wp\/v2\/posts\/410484","targetHints":{"allow":["GET"]}}],"collection":[{"href":"https:\/\/portaltela.pt\/api\/wp\/v2\/posts"}],"about":[{"href":"https:\/\/portaltela.pt\/api\/wp\/v2\/types\/post"}],"author":[{"embeddable":true,"href":"https:\/\/portaltela.pt\/api\/wp\/v2\/users\/2"}],"replies":[{"embeddable":true,"href":"https:\/\/portaltela.pt\/api\/wp\/v2\/comments?post=410484"}],"version-history":[{"count":0,"href":"https:\/\/portaltela.pt\/api\/wp\/v2\/posts\/410484\/revisions"}],"wp:featuredmedia":[{"embeddable":true,"href":"https:\/\/portaltela.pt\/api\/wp\/v2\/media\/410485"}],"wp:attachment":[{"href":"https:\/\/portaltela.pt\/api\/wp\/v2\/media?parent=410484"}],"wp:term":[{"taxonomy":"category","embeddable":true,"href":"https:\/\/portaltela.pt\/api\/wp\/v2\/categories?post=410484"},{"taxonomy":"post_tag","embeddable":true,"href":"https:\/\/portaltela.pt\/api\/wp\/v2\/tags?post=410484"}],"curies":[{"name":"wp","href":"https:\/\/api.w.org\/{rel}","templated":true}]}}