{"id":410466,"date":"2026-03-14T20:27:16","date_gmt":"2026-03-14T23:27:16","guid":{"rendered":"https:\/\/portaltela.pt\/noticias\/2026\/03\/14\/belenenses-vence-varzim-3-2-e-o-carrossel-fica-azul\/"},"modified":"2026-03-14T20:27:16","modified_gmt":"2026-03-14T23:27:16","slug":"belenenses-vence-varzim-3-2-e-o-carrossel-fica-azul","status":"publish","type":"post","link":"https:\/\/portaltela.pt\/desporto\/futebol\/2026\/03\/14\/belenenses-vence-varzim-3-2-e-o-carrossel-fica-azul\/","title":{"rendered":"Belenenses vence Varzim 3-2 e o carrossel fica azul"},"content":{"rendered":"<p>O Belenenses derrotou o Varzim por 3-2, num jogo da Liga 3 em que Jo\u00e3o Gast\u00e3o entrou na segunda parte e marcou o golo decisivo no \u00faltimo suspiro. A vit\u00f3ria coloca o Belenenses, \u00e0 condi\u00e7\u00e3o, no segundo lugar da fase de subida ao t\u00edtulo.<\/p>\n<p>O encontro foi marcado por v\u00e1rias altera\u00e7\u00f5es no marcador ao longo dos 90 minutos, com o Belenenses a assegurar a vantagem que acabou por ser confirmada pelo tento de Gast\u00e3o nos momentos finais. O Varzim tentou responder at\u00e9 ao final, mas sem evitar a derrota.<\/p>\n<p>Com este desfecho, o Belenenses soma tr\u00eas pontos que, de momento, o colocam perto do topo da classifica\u00e7\u00e3o da fase de subida, enquanto o Varzim fica numa posi\u00e7\u00e3o menos favor\u00e1vel. O jogo destacou-se pela emo\u00e7\u00e3o e pela capacidade de decis\u00e3o do tempo extra.<\/p>\n","protected":false},"excerpt":{"rendered":"<ul>\n<li>O Belenenses venceu o Varzim por tr\u00eas a dois, num jogo intenso.<\/li>\n<li>O golo da vit\u00f3ria surgiu nos minutos finais, assinado por Jo\u00e3o Gast\u00e3o ap\u00f3s entrar em campo.<\/li>\n<li>Com o resultado, o Belenenses assume, \u00e0 condi\u00e7\u00e3o, o segundo lugar da fase de subida\/apuramento de campe\u00e3o da Liga 3.<\/li>\n<li>O Varzim foi reagindo ao longo da partida, mas acabou por sofrer o desfecho adverso no final.<\/li>\n<\/ul>\n","protected":false},"author":2,"featured_media":410467,"comment_status":"closed","ping_status":"closed","sticky":false,"template":"","format":"standard","meta":{"footnotes":""},"categories":[21,24],"tags":[4925,227,152,32,3398],"class_list":["post-410466","post","type-post","status-publish","format-standard","has-post-thumbnail","hentry","category-desporto","category-futebol","tag-belenenses","tag-campeonato","tag-desporto","tag-futebol","tag-varzim"],"yoast_head":"<!-- This site is optimized with the Yoast SEO plugin v27.2 - https:\/\/yoast.com\/product\/yoast-seo-wordpress\/ -->\n<title>Belenenses vence Varzim 3-2 e o carrossel fica azul - Portal Tela Portugal<\/title>\n<meta name=\"robots\" content=\"index, follow, max-snippet:-1, max-image-preview:large, max-video-preview:-1\" \/>\n<meta property=\"og:locale\" content=\"pt_PT\" \/>\n<meta property=\"og:type\" content=\"article\" \/>\n<meta property=\"og:title\" content=\"Belenenses vence Varzim 3-2 e o carrossel fica azul - Portal Tela Portugal\" \/>\n<meta property=\"og:description\" content=\"O Belenenses venceu o Varzim por tr\u00eas a dois, num jogo intenso. O golo da vit\u00f3ria surgiu nos minutos finais, assinado por Jo\u00e3o Gast\u00e3o ap\u00f3s entrar em campo. Com o resultado, o Belenenses assume, \u00e0 condi\u00e7\u00e3o, o segundo lugar da fase de subida\/apuramento de campe\u00e3o da Liga 3. O Varzim foi reagindo ao longo da partida, mas acabou por sofrer o desfecho adverso no final.\" \/>\n<meta property=\"og:url\" content=\"https:\/\/portaltela.pt\/noticias\/2026\/03\/14\/belenenses-vence-varzim-3-2-e-o-carrossel-fica-azul\/\" \/>\n<meta property=\"og:site_name\" content=\"Portal Tela Portugal\" \/>\n<meta property=\"article:published_time\" content=\"2026-03-14T23:27:16+00:00\" \/>\n<meta name=\"author\" content=\"Telinha\" \/>\n<meta name=\"twitter:card\" content=\"summary_large_image\" \/>\n<meta name=\"twitter:label1\" content=\"Escrito por\" \/>\n\t<meta name=\"twitter:data1\" content=\"Telinha\" \/>\n\t<meta name=\"twitter:label2\" content=\"Tempo estimado de leitura\" \/>\n\t<meta name=\"twitter:data2\" content=\"1 minuto\" \/>\n<script type=\"application\/ld+json\" class=\"yoast-schema-graph\">{\"@context\":\"https:\/\/schema.org\",\"@graph\":[{\"@type\":\"Article\",\"@id\":\"https:\/\/portaltela.pt\/noticias\/2026\/03\/14\/belenenses-vence-varzim-3-2-e-o-carrossel-fica-azul\/#article\",\"isPartOf\":{\"@id\":\"https:\/\/portaltela.pt\/noticias\/2026\/03\/14\/belenenses-vence-varzim-3-2-e-o-carrossel-fica-azul\/\"},\"author\":{\"name\":\"Telinha\",\"@id\":\"https:\/\/portaltela.pt\/#\/schema\/person\/c4278d4a6028830caff9ee44b42d32ed\"},\"headline\":\"Belenenses vence Varzim 3-2 e o carrossel fica azul\",\"datePublished\":\"2026-03-14T23:27:16+00:00\",\"mainEntityOfPage\":{\"@id\":\"https:\/\/portaltela.pt\/noticias\/2026\/03\/14\/belenenses-vence-varzim-3-2-e-o-carrossel-fica-azul\/\"},\"wordCount\":152,\"image\":{\"@id\":\"https:\/\/portaltela.pt\/noticias\/2026\/03\/14\/belenenses-vence-varzim-3-2-e-o-carrossel-fica-azul\/#primaryimage\"},\"thumbnailUrl\":\"https:\/\/portaltela.pt\/s.01k8rhncp4jt1\/2026\/03\/img_920x518uu2026-03-14-23-24-18-2426978.jpg\",\"keywords\":[\"Belenenses\",\"campeonato\",\"desporto\",\"futebol\",\"Varzim\"],\"articleSection\":[\"Desporto\",\"Futebol\"],\"inLanguage\":\"pt-PT\"},{\"@type\":\"WebPage\",\"@id\":\"https:\/\/portaltela.pt\/noticias\/2026\/03\/14\/belenenses-vence-varzim-3-2-e-o-carrossel-fica-azul\/\",\"url\":\"https:\/\/portaltela.pt\/noticias\/2026\/03\/14\/belenenses-vence-varzim-3-2-e-o-carrossel-fica-azul\/\",\"name\":\"Belenenses vence Varzim 3-2 e o carrossel fica azul - Portal Tela Portugal\",\"isPartOf\":{\"@id\":\"https:\/\/portaltela.pt\/#website\"},\"primaryImageOfPage\":{\"@id\":\"https:\/\/portaltela.pt\/noticias\/2026\/03\/14\/belenenses-vence-varzim-3-2-e-o-carrossel-fica-azul\/#primaryimage\"},\"image\":{\"@id\":\"https:\/\/portaltela.pt\/noticias\/2026\/03\/14\/belenenses-vence-varzim-3-2-e-o-carrossel-fica-azul\/#primaryimage\"},\"thumbnailUrl\":\"https:\/\/portaltela.pt\/s.01k8rhncp4jt1\/2026\/03\/img_920x518uu2026-03-14-23-24-18-2426978.jpg\",\"datePublished\":\"2026-03-14T23:27:16+00:00\",\"author\":{\"@id\":\"https:\/\/portaltela.pt\/#\/schema\/person\/c4278d4a6028830caff9ee44b42d32ed\"},\"breadcrumb\":{\"@id\":\"https:\/\/portaltela.pt\/noticias\/2026\/03\/14\/belenenses-vence-varzim-3-2-e-o-carrossel-fica-azul\/#breadcrumb\"},\"inLanguage\":\"pt-PT\",\"potentialAction\":[{\"@type\":\"ReadAction\",\"target\":[\"https:\/\/portaltela.pt\/noticias\/2026\/03\/14\/belenenses-vence-varzim-3-2-e-o-carrossel-fica-azul\/\"]}]},{\"@type\":\"ImageObject\",\"inLanguage\":\"pt-PT\",\"@id\":\"https:\/\/portaltela.pt\/noticias\/2026\/03\/14\/belenenses-vence-varzim-3-2-e-o-carrossel-fica-azul\/#primaryimage\",\"url\":\"https:\/\/portaltela.pt\/s.01k8rhncp4jt1\/2026\/03\/img_920x518uu2026-03-14-23-24-18-2426978.jpg\",\"contentUrl\":\"https:\/\/portaltela.pt\/s.01k8rhncp4jt1\/2026\/03\/img_920x518uu2026-03-14-23-24-18-2426978.jpg\",\"width\":796,\"height\":448,\"caption\":\"Dud\u00e1 com festejo acrob\u00e1tico ap\u00f3s marcar o 2-1\"},{\"@type\":\"BreadcrumbList\",\"@id\":\"https:\/\/portaltela.pt\/noticias\/2026\/03\/14\/belenenses-vence-varzim-3-2-e-o-carrossel-fica-azul\/#breadcrumb\",\"itemListElement\":[{\"@type\":\"ListItem\",\"position\":1,\"name\":\"In\u00edcio\",\"item\":\"https:\/\/portaltela.pt\/\"},{\"@type\":\"ListItem\",\"position\":2,\"name\":\"Belenenses vence Varzim 3-2 e o carrossel fica azul\"}]},{\"@type\":\"WebSite\",\"@id\":\"https:\/\/portaltela.pt\/#website\",\"url\":\"https:\/\/portaltela.pt\/\",\"name\":\"Portal Tela Portugal\",\"description\":\"\",\"potentialAction\":[{\"@type\":\"SearchAction\",\"target\":{\"@type\":\"EntryPoint\",\"urlTemplate\":\"https:\/\/portaltela.pt\/?s={search_term_string}\"},\"query-input\":{\"@type\":\"PropertyValueSpecification\",\"valueRequired\":true,\"valueName\":\"search_term_string\"}}],\"inLanguage\":\"pt-PT\"},{\"@type\":\"Person\",\"@id\":\"https:\/\/portaltela.pt\/#\/schema\/person\/c4278d4a6028830caff9ee44b42d32ed\",\"name\":\"Telinha\",\"image\":{\"@type\":\"ImageObject\",\"inLanguage\":\"pt-PT\",\"@id\":\"https:\/\/portaltela.pt\/s.01k8rhncp4jt1\/2025\/11\/talking-bot-125x125.png\",\"url\":\"https:\/\/portaltela.pt\/s.01k8rhncp4jt1\/2025\/11\/talking-bot-125x125.png\",\"contentUrl\":\"https:\/\/portaltela.pt\/s.01k8rhncp4jt1\/2025\/11\/talking-bot-125x125.png\",\"caption\":\"Telinha\"},\"sameAs\":[\"https:\/\/portaltela.pt\/\"],\"url\":\"https:\/\/portaltela.pt\/por\/367410592786\/\"}]}<\/script>\n<!-- \/ Yoast SEO plugin. -->","yoast_head_json":{"title":"Belenenses vence Varzim 3-2 e o carrossel fica azul - Portal Tela Portugal","robots":{"index":"index","follow":"follow","max-snippet":"max-snippet:-1","max-image-preview":"max-image-preview:large","max-video-preview":"max-video-preview:-1"},"og_locale":"pt_PT","og_type":"article","og_title":"Belenenses vence Varzim 3-2 e o carrossel fica azul - Portal Tela Portugal","og_description":"O Belenenses venceu o Varzim por tr\u00eas a dois, num jogo intenso. O golo da vit\u00f3ria surgiu nos minutos finais, assinado por Jo\u00e3o Gast\u00e3o ap\u00f3s entrar em campo. Com o resultado, o Belenenses assume, \u00e0 condi\u00e7\u00e3o, o segundo lugar da fase de subida\/apuramento de campe\u00e3o da Liga 3. O Varzim foi reagindo ao longo da partida, mas acabou por sofrer o desfecho adverso no final.","og_url":"https:\/\/portaltela.pt\/noticias\/2026\/03\/14\/belenenses-vence-varzim-3-2-e-o-carrossel-fica-azul\/","og_site_name":"Portal Tela Portugal","article_published_time":"2026-03-14T23:27:16+00:00","author":"Telinha","twitter_card":"summary_large_image","twitter_misc":{"Escrito por":"Telinha","Tempo estimado de leitura":"1 minuto"},"schema":{"@context":"https:\/\/schema.org","@graph":[{"@type":"Article","@id":"https:\/\/portaltela.pt\/noticias\/2026\/03\/14\/belenenses-vence-varzim-3-2-e-o-carrossel-fica-azul\/#article","isPartOf":{"@id":"https:\/\/portaltela.pt\/noticias\/2026\/03\/14\/belenenses-vence-varzim-3-2-e-o-carrossel-fica-azul\/"},"author":{"name":"Telinha","@id":"https:\/\/portaltela.pt\/#\/schema\/person\/c4278d4a6028830caff9ee44b42d32ed"},"headline":"Belenenses vence Varzim 3-2 e o carrossel fica azul","datePublished":"2026-03-14T23:27:16+00:00","mainEntityOfPage":{"@id":"https:\/\/portaltela.pt\/noticias\/2026\/03\/14\/belenenses-vence-varzim-3-2-e-o-carrossel-fica-azul\/"},"wordCount":152,"image":{"@id":"https:\/\/portaltela.pt\/noticias\/2026\/03\/14\/belenenses-vence-varzim-3-2-e-o-carrossel-fica-azul\/#primaryimage"},"thumbnailUrl":"https:\/\/portaltela.pt\/s.01k8rhncp4jt1\/2026\/03\/img_920x518uu2026-03-14-23-24-18-2426978.jpg","keywords":["Belenenses","campeonato","desporto","futebol","Varzim"],"articleSection":["Desporto","Futebol"],"inLanguage":"pt-PT"},{"@type":"WebPage","@id":"https:\/\/portaltela.pt\/noticias\/2026\/03\/14\/belenenses-vence-varzim-3-2-e-o-carrossel-fica-azul\/","url":"https:\/\/portaltela.pt\/noticias\/2026\/03\/14\/belenenses-vence-varzim-3-2-e-o-carrossel-fica-azul\/","name":"Belenenses vence Varzim 3-2 e o carrossel fica azul - Portal Tela Portugal","isPartOf":{"@id":"https:\/\/portaltela.pt\/#website"},"primaryImageOfPage":{"@id":"https:\/\/portaltela.pt\/noticias\/2026\/03\/14\/belenenses-vence-varzim-3-2-e-o-carrossel-fica-azul\/#primaryimage"},"image":{"@id":"https:\/\/portaltela.pt\/noticias\/2026\/03\/14\/belenenses-vence-varzim-3-2-e-o-carrossel-fica-azul\/#primaryimage"},"thumbnailUrl":"https:\/\/portaltela.pt\/s.01k8rhncp4jt1\/2026\/03\/img_920x518uu2026-03-14-23-24-18-2426978.jpg","datePublished":"2026-03-14T23:27:16+00:00","author":{"@id":"https:\/\/portaltela.pt\/#\/schema\/person\/c4278d4a6028830caff9ee44b42d32ed"},"breadcrumb":{"@id":"https:\/\/portaltela.pt\/noticias\/2026\/03\/14\/belenenses-vence-varzim-3-2-e-o-carrossel-fica-azul\/#breadcrumb"},"inLanguage":"pt-PT","potentialAction":[{"@type":"ReadAction","target":["https:\/\/portaltela.pt\/noticias\/2026\/03\/14\/belenenses-vence-varzim-3-2-e-o-carrossel-fica-azul\/"]}]},{"@type":"ImageObject","inLanguage":"pt-PT","@id":"https:\/\/portaltela.pt\/noticias\/2026\/03\/14\/belenenses-vence-varzim-3-2-e-o-carrossel-fica-azul\/#primaryimage","url":"https:\/\/portaltela.pt\/s.01k8rhncp4jt1\/2026\/03\/img_920x518uu2026-03-14-23-24-18-2426978.jpg","contentUrl":"https:\/\/portaltela.pt\/s.01k8rhncp4jt1\/2026\/03\/img_920x518uu2026-03-14-23-24-18-2426978.jpg","width":796,"height":448,"caption":"Dud\u00e1 com festejo acrob\u00e1tico ap\u00f3s marcar o 2-1"},{"@type":"BreadcrumbList","@id":"https:\/\/portaltela.pt\/noticias\/2026\/03\/14\/belenenses-vence-varzim-3-2-e-o-carrossel-fica-azul\/#breadcrumb","itemListElement":[{"@type":"ListItem","position":1,"name":"In\u00edcio","item":"https:\/\/portaltela.pt\/"},{"@type":"ListItem","position":2,"name":"Belenenses vence Varzim 3-2 e o carrossel fica azul"}]},{"@type":"WebSite","@id":"https:\/\/portaltela.pt\/#website","url":"https:\/\/portaltela.pt\/","name":"Portal Tela Portugal","description":"","potentialAction":[{"@type":"SearchAction","target":{"@type":"EntryPoint","urlTemplate":"https:\/\/portaltela.pt\/?s={search_term_string}"},"query-input":{"@type":"PropertyValueSpecification","valueRequired":true,"valueName":"search_term_string"}}],"inLanguage":"pt-PT"},{"@type":"Person","@id":"https:\/\/portaltela.pt\/#\/schema\/person\/c4278d4a6028830caff9ee44b42d32ed","name":"Telinha","image":{"@type":"ImageObject","inLanguage":"pt-PT","@id":"https:\/\/portaltela.pt\/s.01k8rhncp4jt1\/2025\/11\/talking-bot-125x125.png","url":"https:\/\/portaltela.pt\/s.01k8rhncp4jt1\/2025\/11\/talking-bot-125x125.png","contentUrl":"https:\/\/portaltela.pt\/s.01k8rhncp4jt1\/2025\/11\/talking-bot-125x125.png","caption":"Telinha"},"sameAs":["https:\/\/portaltela.pt\/"],"url":"https:\/\/portaltela.pt\/por\/367410592786\/"}]}},"_links":{"self":[{"href":"https:\/\/portaltela.pt\/api\/wp\/v2\/posts\/410466","targetHints":{"allow":["GET"]}}],"collection":[{"href":"https:\/\/portaltela.pt\/api\/wp\/v2\/posts"}],"about":[{"href":"https:\/\/portaltela.pt\/api\/wp\/v2\/types\/post"}],"author":[{"embeddable":true,"href":"https:\/\/portaltela.pt\/api\/wp\/v2\/users\/2"}],"replies":[{"embeddable":true,"href":"https:\/\/portaltela.pt\/api\/wp\/v2\/comments?post=410466"}],"version-history":[{"count":0,"href":"https:\/\/portaltela.pt\/api\/wp\/v2\/posts\/410466\/revisions"}],"wp:featuredmedia":[{"embeddable":true,"href":"https:\/\/portaltela.pt\/api\/wp\/v2\/media\/410467"}],"wp:attachment":[{"href":"https:\/\/portaltela.pt\/api\/wp\/v2\/media?parent=410466"}],"wp:term":[{"taxonomy":"category","embeddable":true,"href":"https:\/\/portaltela.pt\/api\/wp\/v2\/categories?post=410466"},{"taxonomy":"post_tag","embeddable":true,"href":"https:\/\/portaltela.pt\/api\/wp\/v2\/tags?post=410466"}],"curies":[{"name":"wp","href":"https:\/\/api.w.org\/{rel}","templated":true}]}}