{"id":410462,"date":"2026-03-14T20:20:52","date_gmt":"2026-03-14T23:20:52","guid":{"rendered":"https:\/\/portaltela.pt\/noticias\/2026\/03\/14\/pedro-portela-deixa-aguas-santas-e-regressa-a-franca\/"},"modified":"2026-03-14T20:20:52","modified_gmt":"2026-03-14T23:20:52","slug":"pedro-portela-deixa-aguas-santas-e-regressa-a-franca","status":"publish","type":"post","link":"https:\/\/portaltela.pt\/desporto\/futebol\/2026\/03\/14\/pedro-portela-deixa-aguas-santas-e-regressa-a-franca\/","title":{"rendered":"Pedro Portela deixa \u00c1guas Santas e regressa a Fran\u00e7a"},"content":{"rendered":"<p>Pedro Portela deixou o \u00c1guas Santas e prepara-se para regressar \u00e0 Fran\u00e7a. No s\u00e1bado, apontou 8 golos na vit\u00f3ria dos maiatos sobre o V. Guimar\u00e3es, por 31-30, nos quartos de final da Ta\u00e7a de Portugal.<\/p>\n<p>O ponta-direita, que terminou a \u00e9poca 2024\/25 a deixar o Sporting bicampe\u00e3o, somou 118 golos em 21 jogos no campeonato pelo \u00c1guas Santas, ajudando o clube a terminar entre os quatro da fase regular do Grupo A e a lutar por t\u00edtulo e pela presen\u00e7a europeia.<\/p>\n<p>O futuro clube de Portela n\u00e3o foi divulgado. O jogador, de 36 anos, j\u00e1 atuou na Liga francesa pelo Nantes (2021-2023) e Tremblay (2018-2021). Antes do jogo da Ta\u00e7a, o \u00c1guas Santas prestou-lhe uma homenagem nas redes sociais, destacando o seu contributo ao clube.<\/p>\n<h3>Meias-finais da Ta\u00e7a de Portugal<\/h3>\n<p>Na outra metade do quadro, o Mar\u00edtimo tamb\u00e9m atingiu as meias-finais ao derrotar o Sp. Horta por 41-31.<\/p>\n<h3>Agenda das meias-finais<\/h3>\n<p>Este domingo, o Sporting, detentor do trof\u00e9u, recebe o Belenenses \u00e0s 19h00. O Benfica defronta o P\u00f3voa AC em data a anunciar.<\/p>\n","protected":false},"excerpt":{"rendered":"<ul>\n<li>Pedro Portela despediu-se do \u00c1guas Santas com oito golos no triunfo por 31-30 frente ao V. Guimar\u00e3es, nos quartos de final da Ta\u00e7a de Portugal.<\/li>\n<li>O ponta-direita, que deixou o Sporting no fim da \u00e9poca 2024\/25, destacou-se com 118 golos em 21 jogos no Campeonato, m\u00e9dias de cerca de 5,6 por jogo.<\/li>\n<li>O \u00c1guas Santas terminou a fase regular no Grupo A entre os quatro primeiros, mantendo a luta pelo t\u00edtulo e pelas provas europeias.<\/li>\n<li>O futuro clube do jogador de 36 anos ainda n\u00e3o foi revelado; tem experi\u00eancia na Liga francesa ao servi\u00e7o de Nantes (2021-2023) e Tremblay (2018-2021).<\/li>\n<li>O clube prestou homenagem, agradecendo a Pedro Portela pela entrega e impacto no andebol portugu\u00eas, desejando-lhe sucesso no novo desafio internacional.<\/li>\n<\/ul>\n","protected":false},"author":2,"featured_media":410465,"comment_status":"closed","ping_status":"closed","sticky":false,"template":"","format":"standard","meta":{"footnotes":""},"categories":[21,24],"tags":[5771,152,1856,4849,1014,1652],"class_list":["post-410462","post","type-post","status-publish","format-standard","has-post-thumbnail","hentry","category-desporto","category-futebol","tag-aguas-santas","tag-desporto","tag-franca","tag-handebol","tag-portugal","tag-sporting"],"yoast_head":"<!-- This site is optimized with the Yoast SEO plugin v27.2 - https:\/\/yoast.com\/product\/yoast-seo-wordpress\/ -->\n<title>Pedro Portela deixa \u00c1guas Santas e regressa a Fran\u00e7a - Portal Tela Portugal<\/title>\n<meta name=\"robots\" content=\"index, follow, max-snippet:-1, max-image-preview:large, max-video-preview:-1\" \/>\n<meta property=\"og:locale\" content=\"pt_PT\" \/>\n<meta property=\"og:type\" content=\"article\" \/>\n<meta property=\"og:title\" content=\"Pedro Portela deixa \u00c1guas Santas e regressa a Fran\u00e7a - Portal Tela Portugal\" \/>\n<meta property=\"og:description\" content=\"Pedro Portela despediu-se do \u00c1guas Santas com oito golos no triunfo por 31-30 frente ao V. Guimar\u00e3es, nos quartos de final da Ta\u00e7a de Portugal. O ponta-direita, que deixou o Sporting no fim da \u00e9poca 2024\/25, destacou-se com 118 golos em 21 jogos no Campeonato, m\u00e9dias de cerca de 5,6 por jogo. O \u00c1guas Santas terminou a fase regular no Grupo A entre os quatro primeiros, mantendo a luta pelo t\u00edtulo e pelas provas europeias. O futuro clube do jogador de 36 anos ainda n\u00e3o foi revelado; tem experi\u00eancia na Liga francesa ao servi\u00e7o de Nantes (2021-2023) e Tremblay (2018-2021). O clube prestou homenagem, agradecendo a Pedro Portela pela entrega e impacto no andebol portugu\u00eas, desejando-lhe sucesso no novo desafio internacional.\" \/>\n<meta property=\"og:url\" content=\"https:\/\/portaltela.pt\/noticias\/2026\/03\/14\/pedro-portela-deixa-aguas-santas-e-regressa-a-franca\/\" \/>\n<meta property=\"og:site_name\" content=\"Portal Tela Portugal\" \/>\n<meta property=\"article:published_time\" content=\"2026-03-14T23:20:52+00:00\" \/>\n<meta name=\"author\" content=\"Telinha\" \/>\n<meta name=\"twitter:card\" content=\"summary_large_image\" \/>\n<meta name=\"twitter:label1\" content=\"Escrito por\" \/>\n\t<meta name=\"twitter:data1\" content=\"Telinha\" \/>\n\t<meta name=\"twitter:label2\" content=\"Tempo estimado de leitura\" \/>\n\t<meta name=\"twitter:data2\" content=\"1 minuto\" \/>\n<script type=\"application\/ld+json\" class=\"yoast-schema-graph\">{\"@context\":\"https:\/\/schema.org\",\"@graph\":[{\"@type\":\"Article\",\"@id\":\"https:\/\/portaltela.pt\/noticias\/2026\/03\/14\/pedro-portela-deixa-aguas-santas-e-regressa-a-franca\/#article\",\"isPartOf\":{\"@id\":\"https:\/\/portaltela.pt\/noticias\/2026\/03\/14\/pedro-portela-deixa-aguas-santas-e-regressa-a-franca\/\"},\"author\":{\"name\":\"Telinha\",\"@id\":\"https:\/\/portaltela.pt\/#\/schema\/person\/c4278d4a6028830caff9ee44b42d32ed\"},\"headline\":\"Pedro Portela deixa \u00c1guas Santas e regressa a Fran\u00e7a\",\"datePublished\":\"2026-03-14T23:20:52+00:00\",\"mainEntityOfPage\":{\"@id\":\"https:\/\/portaltela.pt\/noticias\/2026\/03\/14\/pedro-portela-deixa-aguas-santas-e-regressa-a-franca\/\"},\"wordCount\":192,\"image\":{\"@id\":\"https:\/\/portaltela.pt\/noticias\/2026\/03\/14\/pedro-portela-deixa-aguas-santas-e-regressa-a-franca\/#primaryimage\"},\"thumbnailUrl\":\"https:\/\/portaltela.pt\/s.01k8rhncp4jt1\/2026\/03\/img_920x518uu2026-03-14-23-20-30-2426976.jpg\",\"keywords\":[\"\u00c1guas Santas\",\"desporto\",\"Fran\u00e7a\",\"handebol\",\"Portugal\",\"Sporting\"],\"articleSection\":[\"Desporto\",\"Futebol\"],\"inLanguage\":\"pt-PT\"},{\"@type\":\"WebPage\",\"@id\":\"https:\/\/portaltela.pt\/noticias\/2026\/03\/14\/pedro-portela-deixa-aguas-santas-e-regressa-a-franca\/\",\"url\":\"https:\/\/portaltela.pt\/noticias\/2026\/03\/14\/pedro-portela-deixa-aguas-santas-e-regressa-a-franca\/\",\"name\":\"Pedro Portela deixa \u00c1guas Santas e regressa a Fran\u00e7a - Portal Tela Portugal\",\"isPartOf\":{\"@id\":\"https:\/\/portaltela.pt\/#website\"},\"primaryImageOfPage\":{\"@id\":\"https:\/\/portaltela.pt\/noticias\/2026\/03\/14\/pedro-portela-deixa-aguas-santas-e-regressa-a-franca\/#primaryimage\"},\"image\":{\"@id\":\"https:\/\/portaltela.pt\/noticias\/2026\/03\/14\/pedro-portela-deixa-aguas-santas-e-regressa-a-franca\/#primaryimage\"},\"thumbnailUrl\":\"https:\/\/portaltela.pt\/s.01k8rhncp4jt1\/2026\/03\/img_920x518uu2026-03-14-23-20-30-2426976.jpg\",\"datePublished\":\"2026-03-14T23:20:52+00:00\",\"author\":{\"@id\":\"https:\/\/portaltela.pt\/#\/schema\/person\/c4278d4a6028830caff9ee44b42d32ed\"},\"breadcrumb\":{\"@id\":\"https:\/\/portaltela.pt\/noticias\/2026\/03\/14\/pedro-portela-deixa-aguas-santas-e-regressa-a-franca\/#breadcrumb\"},\"inLanguage\":\"pt-PT\",\"potentialAction\":[{\"@type\":\"ReadAction\",\"target\":[\"https:\/\/portaltela.pt\/noticias\/2026\/03\/14\/pedro-portela-deixa-aguas-santas-e-regressa-a-franca\/\"]}]},{\"@type\":\"ImageObject\",\"inLanguage\":\"pt-PT\",\"@id\":\"https:\/\/portaltela.pt\/noticias\/2026\/03\/14\/pedro-portela-deixa-aguas-santas-e-regressa-a-franca\/#primaryimage\",\"url\":\"https:\/\/portaltela.pt\/s.01k8rhncp4jt1\/2026\/03\/img_920x518uu2026-03-14-23-20-30-2426976.jpg\",\"contentUrl\":\"https:\/\/portaltela.pt\/s.01k8rhncp4jt1\/2026\/03\/img_920x518uu2026-03-14-23-20-30-2426976.jpg\",\"width\":796,\"height\":448,\"caption\":\"Pedro Portela\"},{\"@type\":\"BreadcrumbList\",\"@id\":\"https:\/\/portaltela.pt\/noticias\/2026\/03\/14\/pedro-portela-deixa-aguas-santas-e-regressa-a-franca\/#breadcrumb\",\"itemListElement\":[{\"@type\":\"ListItem\",\"position\":1,\"name\":\"In\u00edcio\",\"item\":\"https:\/\/portaltela.pt\/\"},{\"@type\":\"ListItem\",\"position\":2,\"name\":\"Pedro Portela deixa \u00c1guas Santas e regressa a Fran\u00e7a\"}]},{\"@type\":\"WebSite\",\"@id\":\"https:\/\/portaltela.pt\/#website\",\"url\":\"https:\/\/portaltela.pt\/\",\"name\":\"Portal Tela Portugal\",\"description\":\"\",\"potentialAction\":[{\"@type\":\"SearchAction\",\"target\":{\"@type\":\"EntryPoint\",\"urlTemplate\":\"https:\/\/portaltela.pt\/?s={search_term_string}\"},\"query-input\":{\"@type\":\"PropertyValueSpecification\",\"valueRequired\":true,\"valueName\":\"search_term_string\"}}],\"inLanguage\":\"pt-PT\"},{\"@type\":\"Person\",\"@id\":\"https:\/\/portaltela.pt\/#\/schema\/person\/c4278d4a6028830caff9ee44b42d32ed\",\"name\":\"Telinha\",\"image\":{\"@type\":\"ImageObject\",\"inLanguage\":\"pt-PT\",\"@id\":\"https:\/\/portaltela.pt\/s.01k8rhncp4jt1\/2025\/11\/talking-bot-125x125.png\",\"url\":\"https:\/\/portaltela.pt\/s.01k8rhncp4jt1\/2025\/11\/talking-bot-125x125.png\",\"contentUrl\":\"https:\/\/portaltela.pt\/s.01k8rhncp4jt1\/2025\/11\/talking-bot-125x125.png\",\"caption\":\"Telinha\"},\"sameAs\":[\"https:\/\/portaltela.pt\/\"],\"url\":\"https:\/\/portaltela.pt\/por\/367410592786\/\"}]}<\/script>\n<!-- \/ Yoast SEO plugin. -->","yoast_head_json":{"title":"Pedro Portela deixa \u00c1guas Santas e regressa a Fran\u00e7a - Portal Tela Portugal","robots":{"index":"index","follow":"follow","max-snippet":"max-snippet:-1","max-image-preview":"max-image-preview:large","max-video-preview":"max-video-preview:-1"},"og_locale":"pt_PT","og_type":"article","og_title":"Pedro Portela deixa \u00c1guas Santas e regressa a Fran\u00e7a - Portal Tela Portugal","og_description":"Pedro Portela despediu-se do \u00c1guas Santas com oito golos no triunfo por 31-30 frente ao V. Guimar\u00e3es, nos quartos de final da Ta\u00e7a de Portugal. O ponta-direita, que deixou o Sporting no fim da \u00e9poca 2024\/25, destacou-se com 118 golos em 21 jogos no Campeonato, m\u00e9dias de cerca de 5,6 por jogo. O \u00c1guas Santas terminou a fase regular no Grupo A entre os quatro primeiros, mantendo a luta pelo t\u00edtulo e pelas provas europeias. O futuro clube do jogador de 36 anos ainda n\u00e3o foi revelado; tem experi\u00eancia na Liga francesa ao servi\u00e7o de Nantes (2021-2023) e Tremblay (2018-2021). O clube prestou homenagem, agradecendo a Pedro Portela pela entrega e impacto no andebol portugu\u00eas, desejando-lhe sucesso no novo desafio internacional.","og_url":"https:\/\/portaltela.pt\/noticias\/2026\/03\/14\/pedro-portela-deixa-aguas-santas-e-regressa-a-franca\/","og_site_name":"Portal Tela Portugal","article_published_time":"2026-03-14T23:20:52+00:00","author":"Telinha","twitter_card":"summary_large_image","twitter_misc":{"Escrito por":"Telinha","Tempo estimado de leitura":"1 minuto"},"schema":{"@context":"https:\/\/schema.org","@graph":[{"@type":"Article","@id":"https:\/\/portaltela.pt\/noticias\/2026\/03\/14\/pedro-portela-deixa-aguas-santas-e-regressa-a-franca\/#article","isPartOf":{"@id":"https:\/\/portaltela.pt\/noticias\/2026\/03\/14\/pedro-portela-deixa-aguas-santas-e-regressa-a-franca\/"},"author":{"name":"Telinha","@id":"https:\/\/portaltela.pt\/#\/schema\/person\/c4278d4a6028830caff9ee44b42d32ed"},"headline":"Pedro Portela deixa \u00c1guas Santas e regressa a Fran\u00e7a","datePublished":"2026-03-14T23:20:52+00:00","mainEntityOfPage":{"@id":"https:\/\/portaltela.pt\/noticias\/2026\/03\/14\/pedro-portela-deixa-aguas-santas-e-regressa-a-franca\/"},"wordCount":192,"image":{"@id":"https:\/\/portaltela.pt\/noticias\/2026\/03\/14\/pedro-portela-deixa-aguas-santas-e-regressa-a-franca\/#primaryimage"},"thumbnailUrl":"https:\/\/portaltela.pt\/s.01k8rhncp4jt1\/2026\/03\/img_920x518uu2026-03-14-23-20-30-2426976.jpg","keywords":["\u00c1guas Santas","desporto","Fran\u00e7a","handebol","Portugal","Sporting"],"articleSection":["Desporto","Futebol"],"inLanguage":"pt-PT"},{"@type":"WebPage","@id":"https:\/\/portaltela.pt\/noticias\/2026\/03\/14\/pedro-portela-deixa-aguas-santas-e-regressa-a-franca\/","url":"https:\/\/portaltela.pt\/noticias\/2026\/03\/14\/pedro-portela-deixa-aguas-santas-e-regressa-a-franca\/","name":"Pedro Portela deixa \u00c1guas Santas e regressa a Fran\u00e7a - Portal Tela Portugal","isPartOf":{"@id":"https:\/\/portaltela.pt\/#website"},"primaryImageOfPage":{"@id":"https:\/\/portaltela.pt\/noticias\/2026\/03\/14\/pedro-portela-deixa-aguas-santas-e-regressa-a-franca\/#primaryimage"},"image":{"@id":"https:\/\/portaltela.pt\/noticias\/2026\/03\/14\/pedro-portela-deixa-aguas-santas-e-regressa-a-franca\/#primaryimage"},"thumbnailUrl":"https:\/\/portaltela.pt\/s.01k8rhncp4jt1\/2026\/03\/img_920x518uu2026-03-14-23-20-30-2426976.jpg","datePublished":"2026-03-14T23:20:52+00:00","author":{"@id":"https:\/\/portaltela.pt\/#\/schema\/person\/c4278d4a6028830caff9ee44b42d32ed"},"breadcrumb":{"@id":"https:\/\/portaltela.pt\/noticias\/2026\/03\/14\/pedro-portela-deixa-aguas-santas-e-regressa-a-franca\/#breadcrumb"},"inLanguage":"pt-PT","potentialAction":[{"@type":"ReadAction","target":["https:\/\/portaltela.pt\/noticias\/2026\/03\/14\/pedro-portela-deixa-aguas-santas-e-regressa-a-franca\/"]}]},{"@type":"ImageObject","inLanguage":"pt-PT","@id":"https:\/\/portaltela.pt\/noticias\/2026\/03\/14\/pedro-portela-deixa-aguas-santas-e-regressa-a-franca\/#primaryimage","url":"https:\/\/portaltela.pt\/s.01k8rhncp4jt1\/2026\/03\/img_920x518uu2026-03-14-23-20-30-2426976.jpg","contentUrl":"https:\/\/portaltela.pt\/s.01k8rhncp4jt1\/2026\/03\/img_920x518uu2026-03-14-23-20-30-2426976.jpg","width":796,"height":448,"caption":"Pedro Portela"},{"@type":"BreadcrumbList","@id":"https:\/\/portaltela.pt\/noticias\/2026\/03\/14\/pedro-portela-deixa-aguas-santas-e-regressa-a-franca\/#breadcrumb","itemListElement":[{"@type":"ListItem","position":1,"name":"In\u00edcio","item":"https:\/\/portaltela.pt\/"},{"@type":"ListItem","position":2,"name":"Pedro Portela deixa \u00c1guas Santas e regressa a Fran\u00e7a"}]},{"@type":"WebSite","@id":"https:\/\/portaltela.pt\/#website","url":"https:\/\/portaltela.pt\/","name":"Portal Tela Portugal","description":"","potentialAction":[{"@type":"SearchAction","target":{"@type":"EntryPoint","urlTemplate":"https:\/\/portaltela.pt\/?s={search_term_string}"},"query-input":{"@type":"PropertyValueSpecification","valueRequired":true,"valueName":"search_term_string"}}],"inLanguage":"pt-PT"},{"@type":"Person","@id":"https:\/\/portaltela.pt\/#\/schema\/person\/c4278d4a6028830caff9ee44b42d32ed","name":"Telinha","image":{"@type":"ImageObject","inLanguage":"pt-PT","@id":"https:\/\/portaltela.pt\/s.01k8rhncp4jt1\/2025\/11\/talking-bot-125x125.png","url":"https:\/\/portaltela.pt\/s.01k8rhncp4jt1\/2025\/11\/talking-bot-125x125.png","contentUrl":"https:\/\/portaltela.pt\/s.01k8rhncp4jt1\/2025\/11\/talking-bot-125x125.png","caption":"Telinha"},"sameAs":["https:\/\/portaltela.pt\/"],"url":"https:\/\/portaltela.pt\/por\/367410592786\/"}]}},"_links":{"self":[{"href":"https:\/\/portaltela.pt\/api\/wp\/v2\/posts\/410462","targetHints":{"allow":["GET"]}}],"collection":[{"href":"https:\/\/portaltela.pt\/api\/wp\/v2\/posts"}],"about":[{"href":"https:\/\/portaltela.pt\/api\/wp\/v2\/types\/post"}],"author":[{"embeddable":true,"href":"https:\/\/portaltela.pt\/api\/wp\/v2\/users\/2"}],"replies":[{"embeddable":true,"href":"https:\/\/portaltela.pt\/api\/wp\/v2\/comments?post=410462"}],"version-history":[{"count":0,"href":"https:\/\/portaltela.pt\/api\/wp\/v2\/posts\/410462\/revisions"}],"wp:featuredmedia":[{"embeddable":true,"href":"https:\/\/portaltela.pt\/api\/wp\/v2\/media\/410465"}],"wp:attachment":[{"href":"https:\/\/portaltela.pt\/api\/wp\/v2\/media?parent=410462"}],"wp:term":[{"taxonomy":"category","embeddable":true,"href":"https:\/\/portaltela.pt\/api\/wp\/v2\/categories?post=410462"},{"taxonomy":"post_tag","embeddable":true,"href":"https:\/\/portaltela.pt\/api\/wp\/v2\/tags?post=410462"}],"curies":[{"name":"wp","href":"https:\/\/api.w.org\/{rel}","templated":true}]}}