{"id":410456,"date":"2026-03-14T20:28:00","date_gmt":"2026-03-14T23:28:00","guid":{"rendered":"https:\/\/portaltela.pt\/noticias\/2026\/03\/14\/mag-do-sporting-anuncia-resultados-e-explica-discrepancia-de-votantes\/"},"modified":"2026-03-14T20:28:00","modified_gmt":"2026-03-14T23:28:00","slug":"mag-do-sporting-anuncia-resultados-e-explica-discrepancia-de-votantes","status":"publish","type":"post","link":"https:\/\/portaltela.pt\/desporto\/futebol\/2026\/03\/14\/mag-do-sporting-anuncia-resultados-e-explica-discrepancia-de-votantes\/","title":{"rendered":"MAG do Sporting anuncia resultados e explica discrep\u00e2ncia de votantes"},"content":{"rendered":"<p>O presidente da Mesa da Assembleia Geral do Sporting, Jo\u00e3o Palma, anunciou a reelei\u00e7\u00e3o de Frederico Varandas, com 89,47% dos votos, durante a sess\u00e3o da MAG.<\/p>\n<p>O clube informou \u00e0s 20h30 que tinham votado 18.268 associados, mas Palma referiu 14.337 votantes no an\u00fancio dos resultados.<\/p>\n<p>A explica\u00e7\u00e3o para a diferen\u00e7a aponta para mais de 4 mil votos por correspond\u00eancia que foram considerados inv\u00e1lidos.<\/p>\n","protected":false},"excerpt":{"rendered":"<ul>\n<li>O presidente da Mesa da Assembleia Geral (MAG) do Sporting, Jo\u00e3o Palma, anunciou a reelei\u00e7\u00e3o de Frederico Varandas com 89,47% dos votos.<\/li>\n<li>O Sporting informou que foram votadas 18.268 pessoas.<\/li>\n<li>No an\u00fancio dos resultados, Palma referiu 14.337 votantes, gerando uma discrep\u00e2ncia em rela\u00e7\u00e3o aos n\u00fameros oficiais.<\/li>\n<li>A explica\u00e7\u00e3o para a diferen\u00e7a est\u00e1 em mais de quatro mil votos por correspond\u00eancia considerados inv\u00e1lidos.<\/li>\n<\/ul>\n","protected":false},"author":2,"featured_media":410460,"comment_status":"closed","ping_status":"closed","sticky":false,"template":"","format":"standard","meta":{"footnotes":""},"categories":[21,24],"tags":[6498,68,7203,30,1652],"class_list":["post-410456","post","type-post","status-publish","format-standard","has-post-thumbnail","hentry","category-desporto","category-futebol","tag-associados","tag-eleicoes","tag-frederico-varandas","tag-presidente","tag-sporting"],"yoast_head":"<!-- This site is optimized with the Yoast SEO plugin v27.2 - https:\/\/yoast.com\/product\/yoast-seo-wordpress\/ -->\n<title>MAG do Sporting anuncia resultados e explica discrep\u00e2ncia de votantes - Portal Tela Portugal<\/title>\n<meta name=\"robots\" content=\"index, follow, max-snippet:-1, max-image-preview:large, max-video-preview:-1\" \/>\n<meta property=\"og:locale\" content=\"pt_PT\" \/>\n<meta property=\"og:type\" content=\"article\" \/>\n<meta property=\"og:title\" content=\"MAG do Sporting anuncia resultados e explica discrep\u00e2ncia de votantes - Portal Tela Portugal\" \/>\n<meta property=\"og:description\" content=\"O presidente da Mesa da Assembleia Geral (MAG) do Sporting, Jo\u00e3o Palma, anunciou a reelei\u00e7\u00e3o de Frederico Varandas com 89,47% dos votos. O Sporting informou que foram votadas 18.268 pessoas. No an\u00fancio dos resultados, Palma referiu 14.337 votantes, gerando uma discrep\u00e2ncia em rela\u00e7\u00e3o aos n\u00fameros oficiais. A explica\u00e7\u00e3o para a diferen\u00e7a est\u00e1 em mais de quatro mil votos por correspond\u00eancia considerados inv\u00e1lidos.\" \/>\n<meta property=\"og:url\" content=\"https:\/\/portaltela.pt\/noticias\/2026\/03\/14\/mag-do-sporting-anuncia-resultados-e-explica-discrepancia-de-votantes\/\" \/>\n<meta property=\"og:site_name\" content=\"Portal Tela Portugal\" \/>\n<meta property=\"article:published_time\" content=\"2026-03-14T23:28:00+00:00\" \/>\n<meta name=\"author\" content=\"Telinha\" \/>\n<meta name=\"twitter:card\" content=\"summary_large_image\" \/>\n<meta name=\"twitter:label1\" content=\"Escrito por\" \/>\n\t<meta name=\"twitter:data1\" content=\"Telinha\" \/>\n<script type=\"application\/ld+json\" class=\"yoast-schema-graph\">{\"@context\":\"https:\/\/schema.org\",\"@graph\":[{\"@type\":\"Article\",\"@id\":\"https:\/\/portaltela.pt\/noticias\/2026\/03\/14\/mag-do-sporting-anuncia-resultados-e-explica-discrepancia-de-votantes\/#article\",\"isPartOf\":{\"@id\":\"https:\/\/portaltela.pt\/noticias\/2026\/03\/14\/mag-do-sporting-anuncia-resultados-e-explica-discrepancia-de-votantes\/\"},\"author\":{\"name\":\"Telinha\",\"@id\":\"https:\/\/portaltela.pt\/#\/schema\/person\/c4278d4a6028830caff9ee44b42d32ed\"},\"headline\":\"MAG do Sporting anuncia resultados e explica discrep\u00e2ncia de votantes\",\"datePublished\":\"2026-03-14T23:28:00+00:00\",\"mainEntityOfPage\":{\"@id\":\"https:\/\/portaltela.pt\/noticias\/2026\/03\/14\/mag-do-sporting-anuncia-resultados-e-explica-discrepancia-de-votantes\/\"},\"wordCount\":78,\"image\":{\"@id\":\"https:\/\/portaltela.pt\/noticias\/2026\/03\/14\/mag-do-sporting-anuncia-resultados-e-explica-discrepancia-de-votantes\/#primaryimage\"},\"thumbnailUrl\":\"https:\/\/portaltela.pt\/s.01k8rhncp4jt1\/2026\/03\/img_1200x721uu2026-03-14-23-25-41-2426980.jpg\",\"keywords\":[\"associados\",\"elei\u00e7\u00f5es\",\"Frederico Varandas\",\"presidente\",\"Sporting\"],\"articleSection\":[\"Desporto\",\"Futebol\"],\"inLanguage\":\"pt-PT\"},{\"@type\":\"WebPage\",\"@id\":\"https:\/\/portaltela.pt\/noticias\/2026\/03\/14\/mag-do-sporting-anuncia-resultados-e-explica-discrepancia-de-votantes\/\",\"url\":\"https:\/\/portaltela.pt\/noticias\/2026\/03\/14\/mag-do-sporting-anuncia-resultados-e-explica-discrepancia-de-votantes\/\",\"name\":\"MAG do Sporting anuncia resultados e explica discrep\u00e2ncia de votantes - Portal Tela Portugal\",\"isPartOf\":{\"@id\":\"https:\/\/portaltela.pt\/#website\"},\"primaryImageOfPage\":{\"@id\":\"https:\/\/portaltela.pt\/noticias\/2026\/03\/14\/mag-do-sporting-anuncia-resultados-e-explica-discrepancia-de-votantes\/#primaryimage\"},\"image\":{\"@id\":\"https:\/\/portaltela.pt\/noticias\/2026\/03\/14\/mag-do-sporting-anuncia-resultados-e-explica-discrepancia-de-votantes\/#primaryimage\"},\"thumbnailUrl\":\"https:\/\/portaltela.pt\/s.01k8rhncp4jt1\/2026\/03\/img_1200x721uu2026-03-14-23-25-41-2426980.jpg\",\"datePublished\":\"2026-03-14T23:28:00+00:00\",\"author\":{\"@id\":\"https:\/\/portaltela.pt\/#\/schema\/person\/c4278d4a6028830caff9ee44b42d32ed\"},\"breadcrumb\":{\"@id\":\"https:\/\/portaltela.pt\/noticias\/2026\/03\/14\/mag-do-sporting-anuncia-resultados-e-explica-discrepancia-de-votantes\/#breadcrumb\"},\"inLanguage\":\"pt-PT\",\"potentialAction\":[{\"@type\":\"ReadAction\",\"target\":[\"https:\/\/portaltela.pt\/noticias\/2026\/03\/14\/mag-do-sporting-anuncia-resultados-e-explica-discrepancia-de-votantes\/\"]}]},{\"@type\":\"ImageObject\",\"inLanguage\":\"pt-PT\",\"@id\":\"https:\/\/portaltela.pt\/noticias\/2026\/03\/14\/mag-do-sporting-anuncia-resultados-e-explica-discrepancia-de-votantes\/#primaryimage\",\"url\":\"https:\/\/portaltela.pt\/s.01k8rhncp4jt1\/2026\/03\/img_1200x721uu2026-03-14-23-25-41-2426980.jpg\",\"contentUrl\":\"https:\/\/portaltela.pt\/s.01k8rhncp4jt1\/2026\/03\/img_1200x721uu2026-03-14-23-25-41-2426980.jpg\",\"width\":796,\"height\":448,\"caption\":\"Jo\u00e3o Palma, presidente da Mesa da Assembleia Geral (MAG) do Sporting, anunciou os resultados das elei\u00e7\u00f5es que deram a reelei\u00e7\u00e3o a Frederico Varandas, com 89,47% dos votos.\"},{\"@type\":\"BreadcrumbList\",\"@id\":\"https:\/\/portaltela.pt\/noticias\/2026\/03\/14\/mag-do-sporting-anuncia-resultados-e-explica-discrepancia-de-votantes\/#breadcrumb\",\"itemListElement\":[{\"@type\":\"ListItem\",\"position\":1,\"name\":\"In\u00edcio\",\"item\":\"https:\/\/portaltela.pt\/\"},{\"@type\":\"ListItem\",\"position\":2,\"name\":\"MAG do Sporting anuncia resultados e explica discrep\u00e2ncia de votantes\"}]},{\"@type\":\"WebSite\",\"@id\":\"https:\/\/portaltela.pt\/#website\",\"url\":\"https:\/\/portaltela.pt\/\",\"name\":\"Portal Tela Portugal\",\"description\":\"\",\"potentialAction\":[{\"@type\":\"SearchAction\",\"target\":{\"@type\":\"EntryPoint\",\"urlTemplate\":\"https:\/\/portaltela.pt\/?s={search_term_string}\"},\"query-input\":{\"@type\":\"PropertyValueSpecification\",\"valueRequired\":true,\"valueName\":\"search_term_string\"}}],\"inLanguage\":\"pt-PT\"},{\"@type\":\"Person\",\"@id\":\"https:\/\/portaltela.pt\/#\/schema\/person\/c4278d4a6028830caff9ee44b42d32ed\",\"name\":\"Telinha\",\"image\":{\"@type\":\"ImageObject\",\"inLanguage\":\"pt-PT\",\"@id\":\"https:\/\/portaltela.pt\/s.01k8rhncp4jt1\/2025\/11\/talking-bot-125x125.png\",\"url\":\"https:\/\/portaltela.pt\/s.01k8rhncp4jt1\/2025\/11\/talking-bot-125x125.png\",\"contentUrl\":\"https:\/\/portaltela.pt\/s.01k8rhncp4jt1\/2025\/11\/talking-bot-125x125.png\",\"caption\":\"Telinha\"},\"sameAs\":[\"https:\/\/portaltela.pt\/\"],\"url\":\"https:\/\/portaltela.pt\/por\/367410592786\/\"}]}<\/script>\n<!-- \/ Yoast SEO plugin. -->","yoast_head_json":{"title":"MAG do Sporting anuncia resultados e explica discrep\u00e2ncia de votantes - Portal Tela Portugal","robots":{"index":"index","follow":"follow","max-snippet":"max-snippet:-1","max-image-preview":"max-image-preview:large","max-video-preview":"max-video-preview:-1"},"og_locale":"pt_PT","og_type":"article","og_title":"MAG do Sporting anuncia resultados e explica discrep\u00e2ncia de votantes - Portal Tela Portugal","og_description":"O presidente da Mesa da Assembleia Geral (MAG) do Sporting, Jo\u00e3o Palma, anunciou a reelei\u00e7\u00e3o de Frederico Varandas com 89,47% dos votos. O Sporting informou que foram votadas 18.268 pessoas. No an\u00fancio dos resultados, Palma referiu 14.337 votantes, gerando uma discrep\u00e2ncia em rela\u00e7\u00e3o aos n\u00fameros oficiais. A explica\u00e7\u00e3o para a diferen\u00e7a est\u00e1 em mais de quatro mil votos por correspond\u00eancia considerados inv\u00e1lidos.","og_url":"https:\/\/portaltela.pt\/noticias\/2026\/03\/14\/mag-do-sporting-anuncia-resultados-e-explica-discrepancia-de-votantes\/","og_site_name":"Portal Tela Portugal","article_published_time":"2026-03-14T23:28:00+00:00","author":"Telinha","twitter_card":"summary_large_image","twitter_misc":{"Escrito por":"Telinha"},"schema":{"@context":"https:\/\/schema.org","@graph":[{"@type":"Article","@id":"https:\/\/portaltela.pt\/noticias\/2026\/03\/14\/mag-do-sporting-anuncia-resultados-e-explica-discrepancia-de-votantes\/#article","isPartOf":{"@id":"https:\/\/portaltela.pt\/noticias\/2026\/03\/14\/mag-do-sporting-anuncia-resultados-e-explica-discrepancia-de-votantes\/"},"author":{"name":"Telinha","@id":"https:\/\/portaltela.pt\/#\/schema\/person\/c4278d4a6028830caff9ee44b42d32ed"},"headline":"MAG do Sporting anuncia resultados e explica discrep\u00e2ncia de votantes","datePublished":"2026-03-14T23:28:00+00:00","mainEntityOfPage":{"@id":"https:\/\/portaltela.pt\/noticias\/2026\/03\/14\/mag-do-sporting-anuncia-resultados-e-explica-discrepancia-de-votantes\/"},"wordCount":78,"image":{"@id":"https:\/\/portaltela.pt\/noticias\/2026\/03\/14\/mag-do-sporting-anuncia-resultados-e-explica-discrepancia-de-votantes\/#primaryimage"},"thumbnailUrl":"https:\/\/portaltela.pt\/s.01k8rhncp4jt1\/2026\/03\/img_1200x721uu2026-03-14-23-25-41-2426980.jpg","keywords":["associados","elei\u00e7\u00f5es","Frederico Varandas","presidente","Sporting"],"articleSection":["Desporto","Futebol"],"inLanguage":"pt-PT"},{"@type":"WebPage","@id":"https:\/\/portaltela.pt\/noticias\/2026\/03\/14\/mag-do-sporting-anuncia-resultados-e-explica-discrepancia-de-votantes\/","url":"https:\/\/portaltela.pt\/noticias\/2026\/03\/14\/mag-do-sporting-anuncia-resultados-e-explica-discrepancia-de-votantes\/","name":"MAG do Sporting anuncia resultados e explica discrep\u00e2ncia de votantes - Portal Tela Portugal","isPartOf":{"@id":"https:\/\/portaltela.pt\/#website"},"primaryImageOfPage":{"@id":"https:\/\/portaltela.pt\/noticias\/2026\/03\/14\/mag-do-sporting-anuncia-resultados-e-explica-discrepancia-de-votantes\/#primaryimage"},"image":{"@id":"https:\/\/portaltela.pt\/noticias\/2026\/03\/14\/mag-do-sporting-anuncia-resultados-e-explica-discrepancia-de-votantes\/#primaryimage"},"thumbnailUrl":"https:\/\/portaltela.pt\/s.01k8rhncp4jt1\/2026\/03\/img_1200x721uu2026-03-14-23-25-41-2426980.jpg","datePublished":"2026-03-14T23:28:00+00:00","author":{"@id":"https:\/\/portaltela.pt\/#\/schema\/person\/c4278d4a6028830caff9ee44b42d32ed"},"breadcrumb":{"@id":"https:\/\/portaltela.pt\/noticias\/2026\/03\/14\/mag-do-sporting-anuncia-resultados-e-explica-discrepancia-de-votantes\/#breadcrumb"},"inLanguage":"pt-PT","potentialAction":[{"@type":"ReadAction","target":["https:\/\/portaltela.pt\/noticias\/2026\/03\/14\/mag-do-sporting-anuncia-resultados-e-explica-discrepancia-de-votantes\/"]}]},{"@type":"ImageObject","inLanguage":"pt-PT","@id":"https:\/\/portaltela.pt\/noticias\/2026\/03\/14\/mag-do-sporting-anuncia-resultados-e-explica-discrepancia-de-votantes\/#primaryimage","url":"https:\/\/portaltela.pt\/s.01k8rhncp4jt1\/2026\/03\/img_1200x721uu2026-03-14-23-25-41-2426980.jpg","contentUrl":"https:\/\/portaltela.pt\/s.01k8rhncp4jt1\/2026\/03\/img_1200x721uu2026-03-14-23-25-41-2426980.jpg","width":796,"height":448,"caption":"Jo\u00e3o Palma, presidente da Mesa da Assembleia Geral (MAG) do Sporting, anunciou os resultados das elei\u00e7\u00f5es que deram a reelei\u00e7\u00e3o a Frederico Varandas, com 89,47% dos votos."},{"@type":"BreadcrumbList","@id":"https:\/\/portaltela.pt\/noticias\/2026\/03\/14\/mag-do-sporting-anuncia-resultados-e-explica-discrepancia-de-votantes\/#breadcrumb","itemListElement":[{"@type":"ListItem","position":1,"name":"In\u00edcio","item":"https:\/\/portaltela.pt\/"},{"@type":"ListItem","position":2,"name":"MAG do Sporting anuncia resultados e explica discrep\u00e2ncia de votantes"}]},{"@type":"WebSite","@id":"https:\/\/portaltela.pt\/#website","url":"https:\/\/portaltela.pt\/","name":"Portal Tela Portugal","description":"","potentialAction":[{"@type":"SearchAction","target":{"@type":"EntryPoint","urlTemplate":"https:\/\/portaltela.pt\/?s={search_term_string}"},"query-input":{"@type":"PropertyValueSpecification","valueRequired":true,"valueName":"search_term_string"}}],"inLanguage":"pt-PT"},{"@type":"Person","@id":"https:\/\/portaltela.pt\/#\/schema\/person\/c4278d4a6028830caff9ee44b42d32ed","name":"Telinha","image":{"@type":"ImageObject","inLanguage":"pt-PT","@id":"https:\/\/portaltela.pt\/s.01k8rhncp4jt1\/2025\/11\/talking-bot-125x125.png","url":"https:\/\/portaltela.pt\/s.01k8rhncp4jt1\/2025\/11\/talking-bot-125x125.png","contentUrl":"https:\/\/portaltela.pt\/s.01k8rhncp4jt1\/2025\/11\/talking-bot-125x125.png","caption":"Telinha"},"sameAs":["https:\/\/portaltela.pt\/"],"url":"https:\/\/portaltela.pt\/por\/367410592786\/"}]}},"_links":{"self":[{"href":"https:\/\/portaltela.pt\/api\/wp\/v2\/posts\/410456","targetHints":{"allow":["GET"]}}],"collection":[{"href":"https:\/\/portaltela.pt\/api\/wp\/v2\/posts"}],"about":[{"href":"https:\/\/portaltela.pt\/api\/wp\/v2\/types\/post"}],"author":[{"embeddable":true,"href":"https:\/\/portaltela.pt\/api\/wp\/v2\/users\/2"}],"replies":[{"embeddable":true,"href":"https:\/\/portaltela.pt\/api\/wp\/v2\/comments?post=410456"}],"version-history":[{"count":0,"href":"https:\/\/portaltela.pt\/api\/wp\/v2\/posts\/410456\/revisions"}],"wp:featuredmedia":[{"embeddable":true,"href":"https:\/\/portaltela.pt\/api\/wp\/v2\/media\/410460"}],"wp:attachment":[{"href":"https:\/\/portaltela.pt\/api\/wp\/v2\/media?parent=410456"}],"wp:term":[{"taxonomy":"category","embeddable":true,"href":"https:\/\/portaltela.pt\/api\/wp\/v2\/categories?post=410456"},{"taxonomy":"post_tag","embeddable":true,"href":"https:\/\/portaltela.pt\/api\/wp\/v2\/tags?post=410456"}],"curies":[{"name":"wp","href":"https:\/\/api.w.org\/{rel}","templated":true}]}}