{"id":410446,"date":"2026-03-14T20:10:00","date_gmt":"2026-03-14T23:10:00","guid":{"rendered":"https:\/\/portaltela.pt\/noticias\/2026\/03\/14\/jurgen-habermas-filosofo-do-nosso-tempo-inspira-debate-publico\/"},"modified":"2026-03-14T20:10:00","modified_gmt":"2026-03-14T23:10:00","slug":"jurgen-habermas-filosofo-do-nosso-tempo-inspira-debate-publico","status":"publish","type":"post","link":"https:\/\/portaltela.pt\/noticias\/2026\/03\/14\/jurgen-habermas-filosofo-do-nosso-tempo-inspira-debate-publico\/","title":{"rendered":"J\u00fcrgen Habermas, fil\u00f3sofo do nosso tempo, inspira debate p\u00fablico"},"content":{"rendered":"<p>J\u00fcrgen Habermas, fil\u00f3sofo alem\u00e3o, faleceu aos 96 anos em Starnberg, neste s\u00e1bado. A not\u00edcia chega ap\u00f3s o lan\u00e7amento de dois volumes de Theorien des Kommunikativen Handelns, traduzidos como Teoria da A\u00e7\u00e3o Comunicativa. O falecimento encerra uma trajet\u00f3ria marcada pela defesa da democracia deliberativa.<\/p>\n<p>Ao longo de d\u00e9cadas, Habermas ocupou um lugar central no panorama intelectual internacional. A sua obra foi decisiva para debates sobre linguagem, racionalidade e participa\u00e7\u00e3o c\u00edvica. A express\u00e3o p\u00fablica do seu pensamento acompanhou o impulso de reformas pol\u00edticas e sociais na Alemanha.<\/p>\n<p>Na esfera nacional, Habermas foi visto como uma voz de consci\u00eancia da Alemanha reunificada. A sua interven\u00e7\u00e3o p\u00fablica associou\u2011se a uma imagem de intelectual p\u00fablico engajado, para al\u00e9m do recorte estritamente acad\u00e9mico. Os seus livros alcan\u00e7aram audi\u00eancias amplas, incluindo um p\u00fablico letrado fora das universidades.<\/p>\n<p>A import\u00e2ncia da sua obra ultrapassou fronteiras. Em muitos pa\u00edses, tornou\u2011se refer\u00eancia para reflex\u00f5es sobre cidadania, democracia e comunica\u00e7\u00e3o. A forma de articular argumentos complexos de forma acess\u00edvel contribuiu para o di\u00e1logo entre filosofia e pol\u00edtica.<\/p>\n<p>A comunidade acad\u00e9mica e o p\u00fablico em geral devem, segundo analistas, reconhecer o impacto duradouro de Habermas. A produ\u00e7\u00e3o cr\u00edtica que devolveu impulso ao debate p\u00fablico permanece como legado para estudos sociais, filos\u00f3ficos e pol\u00edticos.<\/p>\n<p>O falecimento de Habermas encerra uma era de empregos p\u00fablicos de pensamento ativo. A mensagem de que a comunica\u00e7\u00e3o entre cidad\u00e3os \u00e9 crucial para a democracia continua a sustentar discuss\u00f5es contempor\u00e2neas. A not\u00edcia permanece em elabora\u00e7\u00e3o \u00e0 medida que novas homenagens s\u00e3o anunciadas.<\/p>\n","protected":false},"excerpt":{"rendered":"<ul>\n<li>J\u00fcrgen Habermas (1929-2026) morreu aos 96 anos, em Starnberg, no \u00faltimo s\u00e1bado.<\/li>\n<li>Em 1981 publicou os dois volumes da Teoria da A\u00e7\u00e3o Comunicativa (Theorie des Kommunikativen Handelns).<\/li>\n<li>Foi considerado, a n\u00edvel internacional, um dos fil\u00f3sofos alem\u00e3es mais proeminentes do seu tempo.<\/li>\n<li>No contexto alem\u00e3o, encarnou a consci\u00eancia moral da Alemanha reunificada.<\/li>\n<li>Em toda a Europa destacou-se como intelectual p\u00fablico, com livros lidos tamb\u00e9m por um p\u00fablico culto fora do meio acad\u00e9mico.<\/li>\n<\/ul>\n","protected":false},"author":2,"featured_media":410450,"comment_status":"closed","ping_status":"closed","sticky":false,"template":"","format":"standard","meta":{"footnotes":""},"categories":[1],"tags":[370,2607,2795,2894,6126,2318],"class_list":["post-410446","post","type-post","status-publish","format-standard","has-post-thumbnail","hentry","category-noticias","tag-cidadania","tag-comunicacao","tag-democracia","tag-filosofia","tag-publico","tag-sociedade"],"yoast_head":"<!-- This site is optimized with the Yoast SEO plugin v27.2 - https:\/\/yoast.com\/product\/yoast-seo-wordpress\/ -->\n<title>J\u00fcrgen Habermas, fil\u00f3sofo do nosso tempo, inspira debate p\u00fablico - Portal Tela Portugal<\/title>\n<meta name=\"robots\" content=\"index, follow, max-snippet:-1, max-image-preview:large, max-video-preview:-1\" \/>\n<meta property=\"og:locale\" content=\"pt_PT\" \/>\n<meta property=\"og:type\" content=\"article\" \/>\n<meta property=\"og:title\" content=\"J\u00fcrgen Habermas, fil\u00f3sofo do nosso tempo, inspira debate p\u00fablico - Portal Tela Portugal\" \/>\n<meta property=\"og:description\" content=\"J\u00fcrgen Habermas (1929-2026) morreu aos 96 anos, em Starnberg, no \u00faltimo s\u00e1bado. Em 1981 publicou os dois volumes da Teoria da A\u00e7\u00e3o Comunicativa (Theorie des Kommunikativen Handelns). Foi considerado, a n\u00edvel internacional, um dos fil\u00f3sofos alem\u00e3es mais proeminentes do seu tempo. No contexto alem\u00e3o, encarnou a consci\u00eancia moral da Alemanha reunificada. Em toda a Europa destacou-se como intelectual p\u00fablico, com livros lidos tamb\u00e9m por um p\u00fablico culto fora do meio acad\u00e9mico.\" \/>\n<meta property=\"og:url\" content=\"https:\/\/portaltela.pt\/noticias\/2026\/03\/14\/jurgen-habermas-filosofo-do-nosso-tempo-inspira-debate-publico\/\" \/>\n<meta property=\"og:site_name\" content=\"Portal Tela Portugal\" \/>\n<meta property=\"article:published_time\" content=\"2026-03-14T23:10:00+00:00\" \/>\n<meta name=\"author\" content=\"Telinha\" \/>\n<meta name=\"twitter:card\" content=\"summary_large_image\" \/>\n<meta name=\"twitter:label1\" content=\"Escrito por\" \/>\n\t<meta name=\"twitter:data1\" content=\"Telinha\" \/>\n\t<meta name=\"twitter:label2\" content=\"Tempo estimado de leitura\" \/>\n\t<meta name=\"twitter:data2\" content=\"1 minuto\" \/>\n<script type=\"application\/ld+json\" class=\"yoast-schema-graph\">{\"@context\":\"https:\/\/schema.org\",\"@graph\":[{\"@type\":\"Article\",\"@id\":\"https:\/\/portaltela.pt\/noticias\/2026\/03\/14\/jurgen-habermas-filosofo-do-nosso-tempo-inspira-debate-publico\/#article\",\"isPartOf\":{\"@id\":\"https:\/\/portaltela.pt\/noticias\/2026\/03\/14\/jurgen-habermas-filosofo-do-nosso-tempo-inspira-debate-publico\/\"},\"author\":{\"name\":\"Telinha\",\"@id\":\"https:\/\/portaltela.pt\/#\/schema\/person\/c4278d4a6028830caff9ee44b42d32ed\"},\"headline\":\"J\u00fcrgen Habermas, fil\u00f3sofo do nosso tempo, inspira debate p\u00fablico\",\"datePublished\":\"2026-03-14T23:10:00+00:00\",\"mainEntityOfPage\":{\"@id\":\"https:\/\/portaltela.pt\/noticias\/2026\/03\/14\/jurgen-habermas-filosofo-do-nosso-tempo-inspira-debate-publico\/\"},\"wordCount\":302,\"image\":{\"@id\":\"https:\/\/portaltela.pt\/noticias\/2026\/03\/14\/jurgen-habermas-filosofo-do-nosso-tempo-inspira-debate-publico\/#primaryimage\"},\"thumbnailUrl\":\"https:\/\/portaltela.pt\/s.01k8rhncp4jt1\/2026\/03\/2074297.jpg\",\"keywords\":[\"cidadania\",\"comunica\u00e7\u00e3o\",\"democracia\",\"filosofia\",\"p\u00fablico\",\"sociedade\"],\"articleSection\":[\"Not\u00edcias\"],\"inLanguage\":\"pt-PT\"},{\"@type\":\"WebPage\",\"@id\":\"https:\/\/portaltela.pt\/noticias\/2026\/03\/14\/jurgen-habermas-filosofo-do-nosso-tempo-inspira-debate-publico\/\",\"url\":\"https:\/\/portaltela.pt\/noticias\/2026\/03\/14\/jurgen-habermas-filosofo-do-nosso-tempo-inspira-debate-publico\/\",\"name\":\"J\u00fcrgen Habermas, fil\u00f3sofo do nosso tempo, inspira debate p\u00fablico - Portal Tela Portugal\",\"isPartOf\":{\"@id\":\"https:\/\/portaltela.pt\/#website\"},\"primaryImageOfPage\":{\"@id\":\"https:\/\/portaltela.pt\/noticias\/2026\/03\/14\/jurgen-habermas-filosofo-do-nosso-tempo-inspira-debate-publico\/#primaryimage\"},\"image\":{\"@id\":\"https:\/\/portaltela.pt\/noticias\/2026\/03\/14\/jurgen-habermas-filosofo-do-nosso-tempo-inspira-debate-publico\/#primaryimage\"},\"thumbnailUrl\":\"https:\/\/portaltela.pt\/s.01k8rhncp4jt1\/2026\/03\/2074297.jpg\",\"datePublished\":\"2026-03-14T23:10:00+00:00\",\"author\":{\"@id\":\"https:\/\/portaltela.pt\/#\/schema\/person\/c4278d4a6028830caff9ee44b42d32ed\"},\"breadcrumb\":{\"@id\":\"https:\/\/portaltela.pt\/noticias\/2026\/03\/14\/jurgen-habermas-filosofo-do-nosso-tempo-inspira-debate-publico\/#breadcrumb\"},\"inLanguage\":\"pt-PT\",\"potentialAction\":[{\"@type\":\"ReadAction\",\"target\":[\"https:\/\/portaltela.pt\/noticias\/2026\/03\/14\/jurgen-habermas-filosofo-do-nosso-tempo-inspira-debate-publico\/\"]}]},{\"@type\":\"ImageObject\",\"inLanguage\":\"pt-PT\",\"@id\":\"https:\/\/portaltela.pt\/noticias\/2026\/03\/14\/jurgen-habermas-filosofo-do-nosso-tempo-inspira-debate-publico\/#primaryimage\",\"url\":\"https:\/\/portaltela.pt\/s.01k8rhncp4jt1\/2026\/03\/2074297.jpg\",\"contentUrl\":\"https:\/\/portaltela.pt\/s.01k8rhncp4jt1\/2026\/03\/2074297.jpg\",\"width\":796,\"height\":448,\"caption\":\"J\u00fcrgen Habermas na sua passagem pela Funda\u00e7\u00e3o Calouste Gulbenkian, em Lisboa, em 2013\"},{\"@type\":\"BreadcrumbList\",\"@id\":\"https:\/\/portaltela.pt\/noticias\/2026\/03\/14\/jurgen-habermas-filosofo-do-nosso-tempo-inspira-debate-publico\/#breadcrumb\",\"itemListElement\":[{\"@type\":\"ListItem\",\"position\":1,\"name\":\"In\u00edcio\",\"item\":\"https:\/\/portaltela.pt\/\"},{\"@type\":\"ListItem\",\"position\":2,\"name\":\"J\u00fcrgen Habermas, fil\u00f3sofo do nosso tempo, inspira debate p\u00fablico\"}]},{\"@type\":\"WebSite\",\"@id\":\"https:\/\/portaltela.pt\/#website\",\"url\":\"https:\/\/portaltela.pt\/\",\"name\":\"Portal Tela Portugal\",\"description\":\"\",\"potentialAction\":[{\"@type\":\"SearchAction\",\"target\":{\"@type\":\"EntryPoint\",\"urlTemplate\":\"https:\/\/portaltela.pt\/?s={search_term_string}\"},\"query-input\":{\"@type\":\"PropertyValueSpecification\",\"valueRequired\":true,\"valueName\":\"search_term_string\"}}],\"inLanguage\":\"pt-PT\"},{\"@type\":\"Person\",\"@id\":\"https:\/\/portaltela.pt\/#\/schema\/person\/c4278d4a6028830caff9ee44b42d32ed\",\"name\":\"Telinha\",\"image\":{\"@type\":\"ImageObject\",\"inLanguage\":\"pt-PT\",\"@id\":\"https:\/\/portaltela.pt\/s.01k8rhncp4jt1\/2025\/11\/talking-bot-125x125.png\",\"url\":\"https:\/\/portaltela.pt\/s.01k8rhncp4jt1\/2025\/11\/talking-bot-125x125.png\",\"contentUrl\":\"https:\/\/portaltela.pt\/s.01k8rhncp4jt1\/2025\/11\/talking-bot-125x125.png\",\"caption\":\"Telinha\"},\"sameAs\":[\"https:\/\/portaltela.pt\/\"],\"url\":\"https:\/\/portaltela.pt\/por\/367410592786\/\"}]}<\/script>\n<!-- \/ Yoast SEO plugin. -->","yoast_head_json":{"title":"J\u00fcrgen Habermas, fil\u00f3sofo do nosso tempo, inspira debate p\u00fablico - Portal Tela Portugal","robots":{"index":"index","follow":"follow","max-snippet":"max-snippet:-1","max-image-preview":"max-image-preview:large","max-video-preview":"max-video-preview:-1"},"og_locale":"pt_PT","og_type":"article","og_title":"J\u00fcrgen Habermas, fil\u00f3sofo do nosso tempo, inspira debate p\u00fablico - Portal Tela Portugal","og_description":"J\u00fcrgen Habermas (1929-2026) morreu aos 96 anos, em Starnberg, no \u00faltimo s\u00e1bado. Em 1981 publicou os dois volumes da Teoria da A\u00e7\u00e3o Comunicativa (Theorie des Kommunikativen Handelns). Foi considerado, a n\u00edvel internacional, um dos fil\u00f3sofos alem\u00e3es mais proeminentes do seu tempo. No contexto alem\u00e3o, encarnou a consci\u00eancia moral da Alemanha reunificada. Em toda a Europa destacou-se como intelectual p\u00fablico, com livros lidos tamb\u00e9m por um p\u00fablico culto fora do meio acad\u00e9mico.","og_url":"https:\/\/portaltela.pt\/noticias\/2026\/03\/14\/jurgen-habermas-filosofo-do-nosso-tempo-inspira-debate-publico\/","og_site_name":"Portal Tela Portugal","article_published_time":"2026-03-14T23:10:00+00:00","author":"Telinha","twitter_card":"summary_large_image","twitter_misc":{"Escrito por":"Telinha","Tempo estimado de leitura":"1 minuto"},"schema":{"@context":"https:\/\/schema.org","@graph":[{"@type":"Article","@id":"https:\/\/portaltela.pt\/noticias\/2026\/03\/14\/jurgen-habermas-filosofo-do-nosso-tempo-inspira-debate-publico\/#article","isPartOf":{"@id":"https:\/\/portaltela.pt\/noticias\/2026\/03\/14\/jurgen-habermas-filosofo-do-nosso-tempo-inspira-debate-publico\/"},"author":{"name":"Telinha","@id":"https:\/\/portaltela.pt\/#\/schema\/person\/c4278d4a6028830caff9ee44b42d32ed"},"headline":"J\u00fcrgen Habermas, fil\u00f3sofo do nosso tempo, inspira debate p\u00fablico","datePublished":"2026-03-14T23:10:00+00:00","mainEntityOfPage":{"@id":"https:\/\/portaltela.pt\/noticias\/2026\/03\/14\/jurgen-habermas-filosofo-do-nosso-tempo-inspira-debate-publico\/"},"wordCount":302,"image":{"@id":"https:\/\/portaltela.pt\/noticias\/2026\/03\/14\/jurgen-habermas-filosofo-do-nosso-tempo-inspira-debate-publico\/#primaryimage"},"thumbnailUrl":"https:\/\/portaltela.pt\/s.01k8rhncp4jt1\/2026\/03\/2074297.jpg","keywords":["cidadania","comunica\u00e7\u00e3o","democracia","filosofia","p\u00fablico","sociedade"],"articleSection":["Not\u00edcias"],"inLanguage":"pt-PT"},{"@type":"WebPage","@id":"https:\/\/portaltela.pt\/noticias\/2026\/03\/14\/jurgen-habermas-filosofo-do-nosso-tempo-inspira-debate-publico\/","url":"https:\/\/portaltela.pt\/noticias\/2026\/03\/14\/jurgen-habermas-filosofo-do-nosso-tempo-inspira-debate-publico\/","name":"J\u00fcrgen Habermas, fil\u00f3sofo do nosso tempo, inspira debate p\u00fablico - Portal Tela Portugal","isPartOf":{"@id":"https:\/\/portaltela.pt\/#website"},"primaryImageOfPage":{"@id":"https:\/\/portaltela.pt\/noticias\/2026\/03\/14\/jurgen-habermas-filosofo-do-nosso-tempo-inspira-debate-publico\/#primaryimage"},"image":{"@id":"https:\/\/portaltela.pt\/noticias\/2026\/03\/14\/jurgen-habermas-filosofo-do-nosso-tempo-inspira-debate-publico\/#primaryimage"},"thumbnailUrl":"https:\/\/portaltela.pt\/s.01k8rhncp4jt1\/2026\/03\/2074297.jpg","datePublished":"2026-03-14T23:10:00+00:00","author":{"@id":"https:\/\/portaltela.pt\/#\/schema\/person\/c4278d4a6028830caff9ee44b42d32ed"},"breadcrumb":{"@id":"https:\/\/portaltela.pt\/noticias\/2026\/03\/14\/jurgen-habermas-filosofo-do-nosso-tempo-inspira-debate-publico\/#breadcrumb"},"inLanguage":"pt-PT","potentialAction":[{"@type":"ReadAction","target":["https:\/\/portaltela.pt\/noticias\/2026\/03\/14\/jurgen-habermas-filosofo-do-nosso-tempo-inspira-debate-publico\/"]}]},{"@type":"ImageObject","inLanguage":"pt-PT","@id":"https:\/\/portaltela.pt\/noticias\/2026\/03\/14\/jurgen-habermas-filosofo-do-nosso-tempo-inspira-debate-publico\/#primaryimage","url":"https:\/\/portaltela.pt\/s.01k8rhncp4jt1\/2026\/03\/2074297.jpg","contentUrl":"https:\/\/portaltela.pt\/s.01k8rhncp4jt1\/2026\/03\/2074297.jpg","width":796,"height":448,"caption":"J\u00fcrgen Habermas na sua passagem pela Funda\u00e7\u00e3o Calouste Gulbenkian, em Lisboa, em 2013"},{"@type":"BreadcrumbList","@id":"https:\/\/portaltela.pt\/noticias\/2026\/03\/14\/jurgen-habermas-filosofo-do-nosso-tempo-inspira-debate-publico\/#breadcrumb","itemListElement":[{"@type":"ListItem","position":1,"name":"In\u00edcio","item":"https:\/\/portaltela.pt\/"},{"@type":"ListItem","position":2,"name":"J\u00fcrgen Habermas, fil\u00f3sofo do nosso tempo, inspira debate p\u00fablico"}]},{"@type":"WebSite","@id":"https:\/\/portaltela.pt\/#website","url":"https:\/\/portaltela.pt\/","name":"Portal Tela Portugal","description":"","potentialAction":[{"@type":"SearchAction","target":{"@type":"EntryPoint","urlTemplate":"https:\/\/portaltela.pt\/?s={search_term_string}"},"query-input":{"@type":"PropertyValueSpecification","valueRequired":true,"valueName":"search_term_string"}}],"inLanguage":"pt-PT"},{"@type":"Person","@id":"https:\/\/portaltela.pt\/#\/schema\/person\/c4278d4a6028830caff9ee44b42d32ed","name":"Telinha","image":{"@type":"ImageObject","inLanguage":"pt-PT","@id":"https:\/\/portaltela.pt\/s.01k8rhncp4jt1\/2025\/11\/talking-bot-125x125.png","url":"https:\/\/portaltela.pt\/s.01k8rhncp4jt1\/2025\/11\/talking-bot-125x125.png","contentUrl":"https:\/\/portaltela.pt\/s.01k8rhncp4jt1\/2025\/11\/talking-bot-125x125.png","caption":"Telinha"},"sameAs":["https:\/\/portaltela.pt\/"],"url":"https:\/\/portaltela.pt\/por\/367410592786\/"}]}},"_links":{"self":[{"href":"https:\/\/portaltela.pt\/api\/wp\/v2\/posts\/410446","targetHints":{"allow":["GET"]}}],"collection":[{"href":"https:\/\/portaltela.pt\/api\/wp\/v2\/posts"}],"about":[{"href":"https:\/\/portaltela.pt\/api\/wp\/v2\/types\/post"}],"author":[{"embeddable":true,"href":"https:\/\/portaltela.pt\/api\/wp\/v2\/users\/2"}],"replies":[{"embeddable":true,"href":"https:\/\/portaltela.pt\/api\/wp\/v2\/comments?post=410446"}],"version-history":[{"count":0,"href":"https:\/\/portaltela.pt\/api\/wp\/v2\/posts\/410446\/revisions"}],"wp:featuredmedia":[{"embeddable":true,"href":"https:\/\/portaltela.pt\/api\/wp\/v2\/media\/410450"}],"wp:attachment":[{"href":"https:\/\/portaltela.pt\/api\/wp\/v2\/media?parent=410446"}],"wp:term":[{"taxonomy":"category","embeddable":true,"href":"https:\/\/portaltela.pt\/api\/wp\/v2\/categories?post=410446"},{"taxonomy":"post_tag","embeddable":true,"href":"https:\/\/portaltela.pt\/api\/wp\/v2\/tags?post=410446"}],"curies":[{"name":"wp","href":"https:\/\/api.w.org\/{rel}","templated":true}]}}