{"id":410444,"date":"2026-03-14T20:09:00","date_gmt":"2026-03-14T23:09:00","guid":{"rendered":"https:\/\/portaltela.pt\/noticias\/2026\/03\/14\/fia-adia-grandes-premios-de-f1-do-bahrein-e-da-arabia-saudita\/"},"modified":"2026-03-14T20:09:00","modified_gmt":"2026-03-14T23:09:00","slug":"fia-adia-grandes-premios-de-f1-do-bahrein-e-da-arabia-saudita","status":"publish","type":"post","link":"https:\/\/portaltela.pt\/desporto\/futebol\/2026\/03\/14\/fia-adia-grandes-premios-de-f1-do-bahrein-e-da-arabia-saudita\/","title":{"rendered":"FIA adia Grandes Pr\u00e9mios de F1 do Bahrein e da Ar\u00e1bia Saudita"},"content":{"rendered":"<p>A FIA adiou as corridas de F\u00f3rmula 1 previstas para o Bahrein e para a Ar\u00e1bia Saudita, marcadas para 12 e 19 de Abril, respetivamente, devido \u00e0 instabilidade no M\u00e9dio Oriente. As provas n\u00e3o v\u00e3o realizar-se nas datas originais, segundo comunicado emitido pela Federa\u00e7\u00e3o.<\/p>\n<p>Al\u00e9m das duas corridas de F1, tamb\u00e9m ficam sem lugar as provas de F\u00f3rmula 2, F\u00f3rmula 3 e F1 Academy nas datas planeadas. A decis\u00e3o surge num contexto de preocupa\u00e7\u00f5es com a seguran\u00e7a e a estabilidade regional.<\/p>\n<h3>Calend\u00e1rio e consequ\u00eancias<\/h3>\n<p>A FIA informou que n\u00e3o ser\u00e3o feitas substitui\u00e7\u00f5es no calend\u00e1rio durante Abril e n\u00e3o esclareceu se o Mundial de F\u00f3rmula 1 ficar\u00e1 reduzido a 22 corridas. A decis\u00e3o foi tomada ap\u00f3s uma avalia\u00e7\u00e3o cuidadosa da situa\u00e7\u00e3o na regi\u00e3o.<\/p>\n<p>Mohammed Ben Sulayem, presidente da FIA, afirmou que a decis\u00e3o foi tomada com responsabilidade e com o objetivo de assegurar calma, seguran\u00e7a e um regresso r\u00e1pido \u00e0 estabilidade local. O texto n\u00e3o detalha uma nova janela para as corridas adiadas.<\/p>\n<h3>Rea\u00e7\u00e3o e pr\u00f3ximos passos<\/h3>\n<p>A entidade explicou que o adiamento mant\u00e9m a possibilidade de reagendar as provas no futuro, desde que as condi\u00e7\u00f5es de seguran\u00e7a o permitam. A FIA tamb\u00e9m destacou que continua a monitorizar a situa\u00e7\u00e3o regional em parceria com organizadores e autoridades aplic\u00e1veis.<\/p>\n<p>A not\u00edcia envolve diretamente equipas, pilotos e eventos que aguardavam as corridas originais, com o impacto a estender-se ao calend\u00e1rio de provas de apoio e aos compromissos log\u00edsticos das equipas.<\/p>\n","protected":false},"excerpt":{"rendered":"<ul>\n<li>A Federa\u00e7\u00e3o Internacional do Autom\u00f3vel adiou as corridas de F\u00f3rmula 1 no Bahrein e na Ar\u00e1bia Saudita, marcadas para 12 e 19 de abril.<\/li>\n<li>As provas foram adiadas devido \u00e0 instabilidade no M\u00e9dio Oriente.<\/li>\n<li>N\u00e3o fica claro se o calend\u00e1rio do Mundial de F\u00f3rmula 1 ficar\u00e1 reduzido a 22 corridas, j\u00e1 que a FIA apenas disse que n\u00e3o haver\u00e1 substitui\u00e7\u00f5es no m\u00eas de abril.<\/li>\n<li>Tamb\u00e9m foram adiadas as corridas de F\u00f3rmula 2, F\u00f3rmula 3 e F1 Academy.<\/li>\n<li>O presidente da FIA, Mohammed Ben Sulayem, afirmou que a decis\u00e3o foi tomada com responsabilidade e que se deseja um r\u00e1pido regresso \u00e0 estabilidade, expressando solidarity com os afetados.<\/li>\n<\/ul>\n","protected":false},"author":2,"featured_media":410448,"comment_status":"closed","ping_status":"closed","sticky":false,"template":"","format":"standard","meta":{"footnotes":""},"categories":[21,24],"tags":[1016,6492,3504,152,3189,4536],"class_list":["post-410444","post","type-post","status-publish","format-standard","has-post-thumbnail","hentry","category-desporto","category-futebol","tag-arabia-saudita","tag-bahrein","tag-corridas","tag-desporto","tag-formula-1","tag-seguranca"],"yoast_head":"<!-- This site is optimized with the Yoast SEO plugin v27.2 - https:\/\/yoast.com\/product\/yoast-seo-wordpress\/ -->\n<title>FIA adia Grandes Pr\u00e9mios de F1 do Bahrein e da Ar\u00e1bia Saudita - Portal Tela Portugal<\/title>\n<meta name=\"robots\" content=\"index, follow, max-snippet:-1, max-image-preview:large, max-video-preview:-1\" \/>\n<meta property=\"og:locale\" content=\"pt_PT\" \/>\n<meta property=\"og:type\" content=\"article\" \/>\n<meta property=\"og:title\" content=\"FIA adia Grandes Pr\u00e9mios de F1 do Bahrein e da Ar\u00e1bia Saudita - Portal Tela Portugal\" \/>\n<meta property=\"og:description\" content=\"A Federa\u00e7\u00e3o Internacional do Autom\u00f3vel adiou as corridas de F\u00f3rmula 1 no Bahrein e na Ar\u00e1bia Saudita, marcadas para 12 e 19 de abril. As provas foram adiadas devido \u00e0 instabilidade no M\u00e9dio Oriente. N\u00e3o fica claro se o calend\u00e1rio do Mundial de F\u00f3rmula 1 ficar\u00e1 reduzido a 22 corridas, j\u00e1 que a FIA apenas disse que n\u00e3o haver\u00e1 substitui\u00e7\u00f5es no m\u00eas de abril. Tamb\u00e9m foram adiadas as corridas de F\u00f3rmula 2, F\u00f3rmula 3 e F1 Academy. O presidente da FIA, Mohammed Ben Sulayem, afirmou que a decis\u00e3o foi tomada com responsabilidade e que se deseja um r\u00e1pido regresso \u00e0 estabilidade, expressando solidarity com os afetados.\" \/>\n<meta property=\"og:url\" content=\"https:\/\/portaltela.pt\/noticias\/2026\/03\/14\/fia-adia-grandes-premios-de-f1-do-bahrein-e-da-arabia-saudita\/\" \/>\n<meta property=\"og:site_name\" content=\"Portal Tela Portugal\" \/>\n<meta property=\"article:published_time\" content=\"2026-03-14T23:09:00+00:00\" \/>\n<meta name=\"author\" content=\"Telinha\" \/>\n<meta name=\"twitter:card\" content=\"summary_large_image\" \/>\n<meta name=\"twitter:label1\" content=\"Escrito por\" \/>\n\t<meta name=\"twitter:data1\" content=\"Telinha\" \/>\n\t<meta name=\"twitter:label2\" content=\"Tempo estimado de leitura\" \/>\n\t<meta name=\"twitter:data2\" content=\"1 minuto\" \/>\n<script type=\"application\/ld+json\" class=\"yoast-schema-graph\">{\"@context\":\"https:\/\/schema.org\",\"@graph\":[{\"@type\":\"Article\",\"@id\":\"https:\/\/portaltela.pt\/noticias\/2026\/03\/14\/fia-adia-grandes-premios-de-f1-do-bahrein-e-da-arabia-saudita\/#article\",\"isPartOf\":{\"@id\":\"https:\/\/portaltela.pt\/noticias\/2026\/03\/14\/fia-adia-grandes-premios-de-f1-do-bahrein-e-da-arabia-saudita\/\"},\"author\":{\"name\":\"Telinha\",\"@id\":\"https:\/\/portaltela.pt\/#\/schema\/person\/c4278d4a6028830caff9ee44b42d32ed\"},\"headline\":\"FIA adia Grandes Pr\u00e9mios de F1 do Bahrein e da Ar\u00e1bia Saudita\",\"datePublished\":\"2026-03-14T23:09:00+00:00\",\"mainEntityOfPage\":{\"@id\":\"https:\/\/portaltela.pt\/noticias\/2026\/03\/14\/fia-adia-grandes-premios-de-f1-do-bahrein-e-da-arabia-saudita\/\"},\"wordCount\":283,\"image\":{\"@id\":\"https:\/\/portaltela.pt\/noticias\/2026\/03\/14\/fia-adia-grandes-premios-de-f1-do-bahrein-e-da-arabia-saudita\/#primaryimage\"},\"thumbnailUrl\":\"https:\/\/portaltela.pt\/s.01k8rhncp4jt1\/2026\/03\/2074300.jpg\",\"keywords\":[\"Ar\u00e1bia Saudita\",\"Bahrein\",\"corridas\",\"desporto\",\"F\u00f3rmula 1\",\"seguran\u00e7a\"],\"articleSection\":[\"Desporto\",\"Futebol\"],\"inLanguage\":\"pt-PT\"},{\"@type\":\"WebPage\",\"@id\":\"https:\/\/portaltela.pt\/noticias\/2026\/03\/14\/fia-adia-grandes-premios-de-f1-do-bahrein-e-da-arabia-saudita\/\",\"url\":\"https:\/\/portaltela.pt\/noticias\/2026\/03\/14\/fia-adia-grandes-premios-de-f1-do-bahrein-e-da-arabia-saudita\/\",\"name\":\"FIA adia Grandes Pr\u00e9mios de F1 do Bahrein e da Ar\u00e1bia Saudita - Portal Tela Portugal\",\"isPartOf\":{\"@id\":\"https:\/\/portaltela.pt\/#website\"},\"primaryImageOfPage\":{\"@id\":\"https:\/\/portaltela.pt\/noticias\/2026\/03\/14\/fia-adia-grandes-premios-de-f1-do-bahrein-e-da-arabia-saudita\/#primaryimage\"},\"image\":{\"@id\":\"https:\/\/portaltela.pt\/noticias\/2026\/03\/14\/fia-adia-grandes-premios-de-f1-do-bahrein-e-da-arabia-saudita\/#primaryimage\"},\"thumbnailUrl\":\"https:\/\/portaltela.pt\/s.01k8rhncp4jt1\/2026\/03\/2074300.jpg\",\"datePublished\":\"2026-03-14T23:09:00+00:00\",\"author\":{\"@id\":\"https:\/\/portaltela.pt\/#\/schema\/person\/c4278d4a6028830caff9ee44b42d32ed\"},\"breadcrumb\":{\"@id\":\"https:\/\/portaltela.pt\/noticias\/2026\/03\/14\/fia-adia-grandes-premios-de-f1-do-bahrein-e-da-arabia-saudita\/#breadcrumb\"},\"inLanguage\":\"pt-PT\",\"potentialAction\":[{\"@type\":\"ReadAction\",\"target\":[\"https:\/\/portaltela.pt\/noticias\/2026\/03\/14\/fia-adia-grandes-premios-de-f1-do-bahrein-e-da-arabia-saudita\/\"]}]},{\"@type\":\"ImageObject\",\"inLanguage\":\"pt-PT\",\"@id\":\"https:\/\/portaltela.pt\/noticias\/2026\/03\/14\/fia-adia-grandes-premios-de-f1-do-bahrein-e-da-arabia-saudita\/#primaryimage\",\"url\":\"https:\/\/portaltela.pt\/s.01k8rhncp4jt1\/2026\/03\/2074300.jpg\",\"contentUrl\":\"https:\/\/portaltela.pt\/s.01k8rhncp4jt1\/2026\/03\/2074300.jpg\",\"width\":796,\"height\":448,\"caption\":\"FIA anunciou o cancelamento das duas corridas\"},{\"@type\":\"BreadcrumbList\",\"@id\":\"https:\/\/portaltela.pt\/noticias\/2026\/03\/14\/fia-adia-grandes-premios-de-f1-do-bahrein-e-da-arabia-saudita\/#breadcrumb\",\"itemListElement\":[{\"@type\":\"ListItem\",\"position\":1,\"name\":\"In\u00edcio\",\"item\":\"https:\/\/portaltela.pt\/\"},{\"@type\":\"ListItem\",\"position\":2,\"name\":\"FIA adia Grandes Pr\u00e9mios de F1 do Bahrein e da Ar\u00e1bia Saudita\"}]},{\"@type\":\"WebSite\",\"@id\":\"https:\/\/portaltela.pt\/#website\",\"url\":\"https:\/\/portaltela.pt\/\",\"name\":\"Portal Tela Portugal\",\"description\":\"\",\"potentialAction\":[{\"@type\":\"SearchAction\",\"target\":{\"@type\":\"EntryPoint\",\"urlTemplate\":\"https:\/\/portaltela.pt\/?s={search_term_string}\"},\"query-input\":{\"@type\":\"PropertyValueSpecification\",\"valueRequired\":true,\"valueName\":\"search_term_string\"}}],\"inLanguage\":\"pt-PT\"},{\"@type\":\"Person\",\"@id\":\"https:\/\/portaltela.pt\/#\/schema\/person\/c4278d4a6028830caff9ee44b42d32ed\",\"name\":\"Telinha\",\"image\":{\"@type\":\"ImageObject\",\"inLanguage\":\"pt-PT\",\"@id\":\"https:\/\/portaltela.pt\/s.01k8rhncp4jt1\/2025\/11\/talking-bot-125x125.png\",\"url\":\"https:\/\/portaltela.pt\/s.01k8rhncp4jt1\/2025\/11\/talking-bot-125x125.png\",\"contentUrl\":\"https:\/\/portaltela.pt\/s.01k8rhncp4jt1\/2025\/11\/talking-bot-125x125.png\",\"caption\":\"Telinha\"},\"sameAs\":[\"https:\/\/portaltela.pt\/\"],\"url\":\"https:\/\/portaltela.pt\/por\/367410592786\/\"}]}<\/script>\n<!-- \/ Yoast SEO plugin. -->","yoast_head_json":{"title":"FIA adia Grandes Pr\u00e9mios de F1 do Bahrein e da Ar\u00e1bia Saudita - Portal Tela Portugal","robots":{"index":"index","follow":"follow","max-snippet":"max-snippet:-1","max-image-preview":"max-image-preview:large","max-video-preview":"max-video-preview:-1"},"og_locale":"pt_PT","og_type":"article","og_title":"FIA adia Grandes Pr\u00e9mios de F1 do Bahrein e da Ar\u00e1bia Saudita - Portal Tela Portugal","og_description":"A Federa\u00e7\u00e3o Internacional do Autom\u00f3vel adiou as corridas de F\u00f3rmula 1 no Bahrein e na Ar\u00e1bia Saudita, marcadas para 12 e 19 de abril. As provas foram adiadas devido \u00e0 instabilidade no M\u00e9dio Oriente. N\u00e3o fica claro se o calend\u00e1rio do Mundial de F\u00f3rmula 1 ficar\u00e1 reduzido a 22 corridas, j\u00e1 que a FIA apenas disse que n\u00e3o haver\u00e1 substitui\u00e7\u00f5es no m\u00eas de abril. Tamb\u00e9m foram adiadas as corridas de F\u00f3rmula 2, F\u00f3rmula 3 e F1 Academy. O presidente da FIA, Mohammed Ben Sulayem, afirmou que a decis\u00e3o foi tomada com responsabilidade e que se deseja um r\u00e1pido regresso \u00e0 estabilidade, expressando solidarity com os afetados.","og_url":"https:\/\/portaltela.pt\/noticias\/2026\/03\/14\/fia-adia-grandes-premios-de-f1-do-bahrein-e-da-arabia-saudita\/","og_site_name":"Portal Tela Portugal","article_published_time":"2026-03-14T23:09:00+00:00","author":"Telinha","twitter_card":"summary_large_image","twitter_misc":{"Escrito por":"Telinha","Tempo estimado de leitura":"1 minuto"},"schema":{"@context":"https:\/\/schema.org","@graph":[{"@type":"Article","@id":"https:\/\/portaltela.pt\/noticias\/2026\/03\/14\/fia-adia-grandes-premios-de-f1-do-bahrein-e-da-arabia-saudita\/#article","isPartOf":{"@id":"https:\/\/portaltela.pt\/noticias\/2026\/03\/14\/fia-adia-grandes-premios-de-f1-do-bahrein-e-da-arabia-saudita\/"},"author":{"name":"Telinha","@id":"https:\/\/portaltela.pt\/#\/schema\/person\/c4278d4a6028830caff9ee44b42d32ed"},"headline":"FIA adia Grandes Pr\u00e9mios de F1 do Bahrein e da Ar\u00e1bia Saudita","datePublished":"2026-03-14T23:09:00+00:00","mainEntityOfPage":{"@id":"https:\/\/portaltela.pt\/noticias\/2026\/03\/14\/fia-adia-grandes-premios-de-f1-do-bahrein-e-da-arabia-saudita\/"},"wordCount":283,"image":{"@id":"https:\/\/portaltela.pt\/noticias\/2026\/03\/14\/fia-adia-grandes-premios-de-f1-do-bahrein-e-da-arabia-saudita\/#primaryimage"},"thumbnailUrl":"https:\/\/portaltela.pt\/s.01k8rhncp4jt1\/2026\/03\/2074300.jpg","keywords":["Ar\u00e1bia Saudita","Bahrein","corridas","desporto","F\u00f3rmula 1","seguran\u00e7a"],"articleSection":["Desporto","Futebol"],"inLanguage":"pt-PT"},{"@type":"WebPage","@id":"https:\/\/portaltela.pt\/noticias\/2026\/03\/14\/fia-adia-grandes-premios-de-f1-do-bahrein-e-da-arabia-saudita\/","url":"https:\/\/portaltela.pt\/noticias\/2026\/03\/14\/fia-adia-grandes-premios-de-f1-do-bahrein-e-da-arabia-saudita\/","name":"FIA adia Grandes Pr\u00e9mios de F1 do Bahrein e da Ar\u00e1bia Saudita - Portal Tela Portugal","isPartOf":{"@id":"https:\/\/portaltela.pt\/#website"},"primaryImageOfPage":{"@id":"https:\/\/portaltela.pt\/noticias\/2026\/03\/14\/fia-adia-grandes-premios-de-f1-do-bahrein-e-da-arabia-saudita\/#primaryimage"},"image":{"@id":"https:\/\/portaltela.pt\/noticias\/2026\/03\/14\/fia-adia-grandes-premios-de-f1-do-bahrein-e-da-arabia-saudita\/#primaryimage"},"thumbnailUrl":"https:\/\/portaltela.pt\/s.01k8rhncp4jt1\/2026\/03\/2074300.jpg","datePublished":"2026-03-14T23:09:00+00:00","author":{"@id":"https:\/\/portaltela.pt\/#\/schema\/person\/c4278d4a6028830caff9ee44b42d32ed"},"breadcrumb":{"@id":"https:\/\/portaltela.pt\/noticias\/2026\/03\/14\/fia-adia-grandes-premios-de-f1-do-bahrein-e-da-arabia-saudita\/#breadcrumb"},"inLanguage":"pt-PT","potentialAction":[{"@type":"ReadAction","target":["https:\/\/portaltela.pt\/noticias\/2026\/03\/14\/fia-adia-grandes-premios-de-f1-do-bahrein-e-da-arabia-saudita\/"]}]},{"@type":"ImageObject","inLanguage":"pt-PT","@id":"https:\/\/portaltela.pt\/noticias\/2026\/03\/14\/fia-adia-grandes-premios-de-f1-do-bahrein-e-da-arabia-saudita\/#primaryimage","url":"https:\/\/portaltela.pt\/s.01k8rhncp4jt1\/2026\/03\/2074300.jpg","contentUrl":"https:\/\/portaltela.pt\/s.01k8rhncp4jt1\/2026\/03\/2074300.jpg","width":796,"height":448,"caption":"FIA anunciou o cancelamento das duas corridas"},{"@type":"BreadcrumbList","@id":"https:\/\/portaltela.pt\/noticias\/2026\/03\/14\/fia-adia-grandes-premios-de-f1-do-bahrein-e-da-arabia-saudita\/#breadcrumb","itemListElement":[{"@type":"ListItem","position":1,"name":"In\u00edcio","item":"https:\/\/portaltela.pt\/"},{"@type":"ListItem","position":2,"name":"FIA adia Grandes Pr\u00e9mios de F1 do Bahrein e da Ar\u00e1bia Saudita"}]},{"@type":"WebSite","@id":"https:\/\/portaltela.pt\/#website","url":"https:\/\/portaltela.pt\/","name":"Portal Tela Portugal","description":"","potentialAction":[{"@type":"SearchAction","target":{"@type":"EntryPoint","urlTemplate":"https:\/\/portaltela.pt\/?s={search_term_string}"},"query-input":{"@type":"PropertyValueSpecification","valueRequired":true,"valueName":"search_term_string"}}],"inLanguage":"pt-PT"},{"@type":"Person","@id":"https:\/\/portaltela.pt\/#\/schema\/person\/c4278d4a6028830caff9ee44b42d32ed","name":"Telinha","image":{"@type":"ImageObject","inLanguage":"pt-PT","@id":"https:\/\/portaltela.pt\/s.01k8rhncp4jt1\/2025\/11\/talking-bot-125x125.png","url":"https:\/\/portaltela.pt\/s.01k8rhncp4jt1\/2025\/11\/talking-bot-125x125.png","contentUrl":"https:\/\/portaltela.pt\/s.01k8rhncp4jt1\/2025\/11\/talking-bot-125x125.png","caption":"Telinha"},"sameAs":["https:\/\/portaltela.pt\/"],"url":"https:\/\/portaltela.pt\/por\/367410592786\/"}]}},"_links":{"self":[{"href":"https:\/\/portaltela.pt\/api\/wp\/v2\/posts\/410444","targetHints":{"allow":["GET"]}}],"collection":[{"href":"https:\/\/portaltela.pt\/api\/wp\/v2\/posts"}],"about":[{"href":"https:\/\/portaltela.pt\/api\/wp\/v2\/types\/post"}],"author":[{"embeddable":true,"href":"https:\/\/portaltela.pt\/api\/wp\/v2\/users\/2"}],"replies":[{"embeddable":true,"href":"https:\/\/portaltela.pt\/api\/wp\/v2\/comments?post=410444"}],"version-history":[{"count":0,"href":"https:\/\/portaltela.pt\/api\/wp\/v2\/posts\/410444\/revisions"}],"wp:featuredmedia":[{"embeddable":true,"href":"https:\/\/portaltela.pt\/api\/wp\/v2\/media\/410448"}],"wp:attachment":[{"href":"https:\/\/portaltela.pt\/api\/wp\/v2\/media?parent=410444"}],"wp:term":[{"taxonomy":"category","embeddable":true,"href":"https:\/\/portaltela.pt\/api\/wp\/v2\/categories?post=410444"},{"taxonomy":"post_tag","embeddable":true,"href":"https:\/\/portaltela.pt\/api\/wp\/v2\/tags?post=410444"}],"curies":[{"name":"wp","href":"https:\/\/api.w.org\/{rel}","templated":true}]}}