{"id":410384,"date":"2026-03-14T18:19:00","date_gmt":"2026-03-14T21:19:00","guid":{"rendered":"https:\/\/portaltela.pt\/noticias\/2026\/03\/14\/milei-surpreende-madrid-ao-usar-macacao-de-petrolifera-durante-reuniao-com-vox\/"},"modified":"2026-03-14T18:19:00","modified_gmt":"2026-03-14T21:19:00","slug":"milei-surpreende-madrid-ao-usar-macacao-de-petrolifera-durante-reuniao-com-vox","status":"publish","type":"post","link":"https:\/\/portaltela.pt\/noticias\/internacional\/2026\/03\/14\/milei-surpreende-madrid-ao-usar-macacao-de-petrolifera-durante-reuniao-com-vox\/","title":{"rendered":"Milei surpreende Madrid ao usar macac\u00e3o de petrol\u00edfera durante reuni\u00e3o com Vox"},"content":{"rendered":"<p>Javier Milei deslocou-se a Madrid, na sexta-feira \u00e0 tarde, para encontro com o l\u00edder do Vox, Santiago Abascal, acompanhado pelo ministro dos Neg\u00f3cios Estrangeiros, Pablo Quirno. O objetivo \u00e9 manter conversas sobre alian\u00e7as pol\u00edticas e econ\u00f3micas. O uso de vestu\u00e1rio foi motivo de curiosidade internacional.<\/p>\n<p>Durante a reuni\u00e3o, que decorreu num hotel de Madrid e durou cerca de 50 minutos, Milei vestiu um macac\u00e3o da YPF, petrol\u00edfera estatal argentina. A equipa do Presidente explicou que o traje obedece a um tom pragm\u00e1tico para um encontro de trabalho.<\/p>\n<p>O encontro com Abascal foi acompanhado pela apresenta\u00e7\u00e3o de obras e figuras de apoio ao liberalismo econ\u00f3mico. Philipp Baggus, docente da Universidade Rey Juan Carlos, citou Milei como \u201ctrabalhador incans\u00e1vel\u201d numa biografia apresentada por Abascal.<\/p>\n<p>Depois da reuni\u00e3o com Abascal, Milei reuniu-se com o economista Jes\u00fas Huerta de Soto, tamb\u00e9m da mesma universidade, conhecido pela defesa da Escola Austr\u00edaca. O empres\u00e1rio Martin Varsavsky participou, mas n\u00e3o respondeu \u00e0s perguntas da imprensa.<\/p>\n<p>Entre as vis\u00f5es, existem diverg\u00eancias. Milei defende maior integra\u00e7\u00e3o global, enquanto o Vox mant\u00e9m posi\u00e7\u00f5es protecionistas. O encontro incluiu elogios ao acordo UE-Mercosul, considerado pelo presidente argentino como caminho para o livre com\u00e9rcio.<\/p>\n<h3>Energia e oportunidades econ\u00f3micas<\/h3>\n<p>A agenda ocorre num contexto de subida dos pre\u00e7os de petr\u00f3leo e g\u00e1s. A Argentina, exportadora l\u00edquida de petr\u00f3leo, v\u00ea oportunidades de crescimento associadas a mercados energ\u00e9ticos vol\u00e1teis. Milei aponta para oportunidades de investimento e produ\u00e7\u00e3o.<\/p>\n<p>O Presidente argentino tamb\u00e9m citou planos para tornar o pa\u00eds um polo de intelig\u00eancia artificial, apoiado por energia acess\u00edvel e infraestrutura de dados. O objetivo \u00e9 atrair investimento em tecnologia, sustentado por custos energ\u00e9ticos competitivos.<\/p>\n<p>O p\u00e9riplo em Madrid fecha com o discurso de encerramento no Madrid Economic Forum, agendado para s\u00e1bado \u00e0 noite no Pal\u00e1cio de Vistalegre, reunindo milhares de participantes. A natureza oficial da visita \u00e9 objeto de perguntas por parte da oposi\u00e7\u00e3o.<\/p>\n<p>A oposi\u00e7\u00e3o em Buenos Aires questiona se a visita tem car\u00e1ter oficial ou privado, e se os custos s\u00e3o suportados pelo or\u00e7amento p\u00fablico. O uso de vestu\u00e1rio institucional e o v\u00eddeo oficial alimentam o debate sobre a relev\u00e2ncia pol\u00edtica da desloca\u00e7\u00e3o.<\/p>\n","protected":false},"excerpt":{"rendered":"<ul>\n<li>O presidente argentino, Javier Milei, chegou a Madrid na sexta-feira \u00e0 tarde, acompanhado do ministro dos Neg\u00f3cios Estrangeiros, Pablo Quirno.<\/li>\n<li>Em reuni\u00e3o com o l\u00edder do Vox, Santiago Abascal, Milei apareceu com macac\u00e3o da petrol\u00edfera estatal argentina YPF, justificado pela equipa como uma quest\u00e3o de pragmatismo e conforto.<\/li>\n<li>O encontro, no hotel de Madrid, contou com a participa\u00e7\u00e3o de economistas espanh\u00f3is, incluindo Philipp Baggus e Jes\u00fas Huerta de Soto, sem jornalistas presentes.<\/li>\n<li>Milei e Vox mant\u00eam diferen\u00e7as econ\u00f3micas: Milei defende a globaliza\u00e7\u00e3o, Vox \u00e9 protecionista; elogiaram o acordo UE-Mercosul como passo rumo ao livre com\u00e9rcio.<\/li>\n<li>A visita ocorre em contexto de subida dos pre\u00e7os de energia; Milei quer transformar a Argentina num polo de intelig\u00eancia artificial com energia acess\u00edvel; encerra com discurso no Madrid Economic Forum, com d\u00favidas sobre se a viagem \u00e9 oficial ou particular e quem suporta os custos.<\/li>\n<\/ul>\n","protected":false},"author":2,"featured_media":410390,"comment_status":"closed","ping_status":"closed","sticky":false,"template":"","format":"standard","meta":{"footnotes":""},"categories":[4,7127],"tags":[2732,28,174,4998,2832,5698],"class_list":["post-410384","post","type-post","status-publish","format-standard","has-post-thumbnail","hentry","category-internacional","category-politica-internacional","tag-argentina","tag-economia","tag-energia","tag-mercosul","tag-politica","tag-politica-internacional"],"yoast_head":"<!-- This site is optimized with the Yoast SEO plugin v27.2 - https:\/\/yoast.com\/product\/yoast-seo-wordpress\/ -->\n<title>Milei surpreende Madrid ao usar macac\u00e3o de petrol\u00edfera durante reuni\u00e3o com Vox - Portal Tela Portugal<\/title>\n<meta name=\"robots\" content=\"index, follow, max-snippet:-1, max-image-preview:large, max-video-preview:-1\" \/>\n<meta property=\"og:locale\" content=\"pt_PT\" \/>\n<meta property=\"og:type\" content=\"article\" \/>\n<meta property=\"og:title\" content=\"Milei surpreende Madrid ao usar macac\u00e3o de petrol\u00edfera durante reuni\u00e3o com Vox - Portal Tela Portugal\" \/>\n<meta property=\"og:description\" content=\"O presidente argentino, Javier Milei, chegou a Madrid na sexta-feira \u00e0 tarde, acompanhado do ministro dos Neg\u00f3cios Estrangeiros, Pablo Quirno. Em reuni\u00e3o com o l\u00edder do Vox, Santiago Abascal, Milei apareceu com macac\u00e3o da petrol\u00edfera estatal argentina YPF, justificado pela equipa como uma quest\u00e3o de pragmatismo e conforto. O encontro, no hotel de Madrid, contou com a participa\u00e7\u00e3o de economistas espanh\u00f3is, incluindo Philipp Baggus e Jes\u00fas Huerta de Soto, sem jornalistas presentes. Milei e Vox mant\u00eam diferen\u00e7as econ\u00f3micas: Milei defende a globaliza\u00e7\u00e3o, Vox \u00e9 protecionista; elogiaram o acordo UE-Mercosul como passo rumo ao livre com\u00e9rcio. A visita ocorre em contexto de subida dos pre\u00e7os de energia; Milei quer transformar a Argentina num polo de intelig\u00eancia artificial com energia acess\u00edvel; encerra com discurso no Madrid Economic Forum, com d\u00favidas sobre se a viagem \u00e9 oficial ou particular e quem suporta os custos.\" \/>\n<meta property=\"og:url\" content=\"https:\/\/portaltela.pt\/noticias\/2026\/03\/14\/milei-surpreende-madrid-ao-usar-macacao-de-petrolifera-durante-reuniao-com-vox\/\" \/>\n<meta property=\"og:site_name\" content=\"Portal Tela Portugal\" \/>\n<meta property=\"article:published_time\" content=\"2026-03-14T21:19:00+00:00\" \/>\n<meta name=\"author\" content=\"Telinha\" \/>\n<meta name=\"twitter:card\" content=\"summary_large_image\" \/>\n<meta name=\"twitter:label1\" content=\"Escrito por\" \/>\n\t<meta name=\"twitter:data1\" content=\"Telinha\" \/>\n\t<meta name=\"twitter:label2\" content=\"Tempo estimado de leitura\" \/>\n\t<meta name=\"twitter:data2\" content=\"2 minutos\" \/>\n<script type=\"application\/ld+json\" class=\"yoast-schema-graph\">{\"@context\":\"https:\/\/schema.org\",\"@graph\":[{\"@type\":\"Article\",\"@id\":\"https:\/\/portaltela.pt\/noticias\/2026\/03\/14\/milei-surpreende-madrid-ao-usar-macacao-de-petrolifera-durante-reuniao-com-vox\/#article\",\"isPartOf\":{\"@id\":\"https:\/\/portaltela.pt\/noticias\/2026\/03\/14\/milei-surpreende-madrid-ao-usar-macacao-de-petrolifera-durante-reuniao-com-vox\/\"},\"author\":{\"name\":\"Telinha\",\"@id\":\"https:\/\/portaltela.pt\/#\/schema\/person\/c4278d4a6028830caff9ee44b42d32ed\"},\"headline\":\"Milei surpreende Madrid ao usar macac\u00e3o de petrol\u00edfera durante reuni\u00e3o com Vox\",\"datePublished\":\"2026-03-14T21:19:00+00:00\",\"mainEntityOfPage\":{\"@id\":\"https:\/\/portaltela.pt\/noticias\/2026\/03\/14\/milei-surpreende-madrid-ao-usar-macacao-de-petrolifera-durante-reuniao-com-vox\/\"},\"wordCount\":409,\"image\":{\"@id\":\"https:\/\/portaltela.pt\/noticias\/2026\/03\/14\/milei-surpreende-madrid-ao-usar-macacao-de-petrolifera-durante-reuniao-com-vox\/#primaryimage\"},\"thumbnailUrl\":\"https:\/\/portaltela.pt\/s.01k8rhncp4jt1\/2026\/03\/image-964.jpg\",\"keywords\":[\"Argentina\",\"economia\",\"energia\",\"Mercosul\",\"pol\u00edtica\",\"pol\u00edtica internacional\"],\"articleSection\":[\"Internacional\",\"Pol\u00edtica Internacional\"],\"inLanguage\":\"pt-PT\"},{\"@type\":\"WebPage\",\"@id\":\"https:\/\/portaltela.pt\/noticias\/2026\/03\/14\/milei-surpreende-madrid-ao-usar-macacao-de-petrolifera-durante-reuniao-com-vox\/\",\"url\":\"https:\/\/portaltela.pt\/noticias\/2026\/03\/14\/milei-surpreende-madrid-ao-usar-macacao-de-petrolifera-durante-reuniao-com-vox\/\",\"name\":\"Milei surpreende Madrid ao usar macac\u00e3o de petrol\u00edfera durante reuni\u00e3o com Vox - Portal Tela Portugal\",\"isPartOf\":{\"@id\":\"https:\/\/portaltela.pt\/#website\"},\"primaryImageOfPage\":{\"@id\":\"https:\/\/portaltela.pt\/noticias\/2026\/03\/14\/milei-surpreende-madrid-ao-usar-macacao-de-petrolifera-durante-reuniao-com-vox\/#primaryimage\"},\"image\":{\"@id\":\"https:\/\/portaltela.pt\/noticias\/2026\/03\/14\/milei-surpreende-madrid-ao-usar-macacao-de-petrolifera-durante-reuniao-com-vox\/#primaryimage\"},\"thumbnailUrl\":\"https:\/\/portaltela.pt\/s.01k8rhncp4jt1\/2026\/03\/image-964.jpg\",\"datePublished\":\"2026-03-14T21:19:00+00:00\",\"author\":{\"@id\":\"https:\/\/portaltela.pt\/#\/schema\/person\/c4278d4a6028830caff9ee44b42d32ed\"},\"breadcrumb\":{\"@id\":\"https:\/\/portaltela.pt\/noticias\/2026\/03\/14\/milei-surpreende-madrid-ao-usar-macacao-de-petrolifera-durante-reuniao-com-vox\/#breadcrumb\"},\"inLanguage\":\"pt-PT\",\"potentialAction\":[{\"@type\":\"ReadAction\",\"target\":[\"https:\/\/portaltela.pt\/noticias\/2026\/03\/14\/milei-surpreende-madrid-ao-usar-macacao-de-petrolifera-durante-reuniao-com-vox\/\"]}]},{\"@type\":\"ImageObject\",\"inLanguage\":\"pt-PT\",\"@id\":\"https:\/\/portaltela.pt\/noticias\/2026\/03\/14\/milei-surpreende-madrid-ao-usar-macacao-de-petrolifera-durante-reuniao-com-vox\/#primaryimage\",\"url\":\"https:\/\/portaltela.pt\/s.01k8rhncp4jt1\/2026\/03\/image-964.jpg\",\"contentUrl\":\"https:\/\/portaltela.pt\/s.01k8rhncp4jt1\/2026\/03\/image-964.jpg\",\"width\":796,\"height\":448,\"caption\":\"Javier Milei com Santiago Abascal, l\u00edder do partido Vox, em Madrid\"},{\"@type\":\"BreadcrumbList\",\"@id\":\"https:\/\/portaltela.pt\/noticias\/2026\/03\/14\/milei-surpreende-madrid-ao-usar-macacao-de-petrolifera-durante-reuniao-com-vox\/#breadcrumb\",\"itemListElement\":[{\"@type\":\"ListItem\",\"position\":1,\"name\":\"In\u00edcio\",\"item\":\"https:\/\/portaltela.pt\/\"},{\"@type\":\"ListItem\",\"position\":2,\"name\":\"Milei surpreende Madrid ao usar macac\u00e3o de petrol\u00edfera durante reuni\u00e3o com Vox\"}]},{\"@type\":\"WebSite\",\"@id\":\"https:\/\/portaltela.pt\/#website\",\"url\":\"https:\/\/portaltela.pt\/\",\"name\":\"Portal Tela Portugal\",\"description\":\"\",\"potentialAction\":[{\"@type\":\"SearchAction\",\"target\":{\"@type\":\"EntryPoint\",\"urlTemplate\":\"https:\/\/portaltela.pt\/?s={search_term_string}\"},\"query-input\":{\"@type\":\"PropertyValueSpecification\",\"valueRequired\":true,\"valueName\":\"search_term_string\"}}],\"inLanguage\":\"pt-PT\"},{\"@type\":\"Person\",\"@id\":\"https:\/\/portaltela.pt\/#\/schema\/person\/c4278d4a6028830caff9ee44b42d32ed\",\"name\":\"Telinha\",\"image\":{\"@type\":\"ImageObject\",\"inLanguage\":\"pt-PT\",\"@id\":\"https:\/\/portaltela.pt\/s.01k8rhncp4jt1\/2025\/11\/talking-bot-125x125.png\",\"url\":\"https:\/\/portaltela.pt\/s.01k8rhncp4jt1\/2025\/11\/talking-bot-125x125.png\",\"contentUrl\":\"https:\/\/portaltela.pt\/s.01k8rhncp4jt1\/2025\/11\/talking-bot-125x125.png\",\"caption\":\"Telinha\"},\"sameAs\":[\"https:\/\/portaltela.pt\/\"],\"url\":\"https:\/\/portaltela.pt\/por\/367410592786\/\"}]}<\/script>\n<!-- \/ Yoast SEO plugin. -->","yoast_head_json":{"title":"Milei surpreende Madrid ao usar macac\u00e3o de petrol\u00edfera durante reuni\u00e3o com Vox - Portal Tela Portugal","robots":{"index":"index","follow":"follow","max-snippet":"max-snippet:-1","max-image-preview":"max-image-preview:large","max-video-preview":"max-video-preview:-1"},"og_locale":"pt_PT","og_type":"article","og_title":"Milei surpreende Madrid ao usar macac\u00e3o de petrol\u00edfera durante reuni\u00e3o com Vox - Portal Tela Portugal","og_description":"O presidente argentino, Javier Milei, chegou a Madrid na sexta-feira \u00e0 tarde, acompanhado do ministro dos Neg\u00f3cios Estrangeiros, Pablo Quirno. Em reuni\u00e3o com o l\u00edder do Vox, Santiago Abascal, Milei apareceu com macac\u00e3o da petrol\u00edfera estatal argentina YPF, justificado pela equipa como uma quest\u00e3o de pragmatismo e conforto. O encontro, no hotel de Madrid, contou com a participa\u00e7\u00e3o de economistas espanh\u00f3is, incluindo Philipp Baggus e Jes\u00fas Huerta de Soto, sem jornalistas presentes. Milei e Vox mant\u00eam diferen\u00e7as econ\u00f3micas: Milei defende a globaliza\u00e7\u00e3o, Vox \u00e9 protecionista; elogiaram o acordo UE-Mercosul como passo rumo ao livre com\u00e9rcio. A visita ocorre em contexto de subida dos pre\u00e7os de energia; Milei quer transformar a Argentina num polo de intelig\u00eancia artificial com energia acess\u00edvel; encerra com discurso no Madrid Economic Forum, com d\u00favidas sobre se a viagem \u00e9 oficial ou particular e quem suporta os custos.","og_url":"https:\/\/portaltela.pt\/noticias\/2026\/03\/14\/milei-surpreende-madrid-ao-usar-macacao-de-petrolifera-durante-reuniao-com-vox\/","og_site_name":"Portal Tela Portugal","article_published_time":"2026-03-14T21:19:00+00:00","author":"Telinha","twitter_card":"summary_large_image","twitter_misc":{"Escrito por":"Telinha","Tempo estimado de leitura":"2 minutos"},"schema":{"@context":"https:\/\/schema.org","@graph":[{"@type":"Article","@id":"https:\/\/portaltela.pt\/noticias\/2026\/03\/14\/milei-surpreende-madrid-ao-usar-macacao-de-petrolifera-durante-reuniao-com-vox\/#article","isPartOf":{"@id":"https:\/\/portaltela.pt\/noticias\/2026\/03\/14\/milei-surpreende-madrid-ao-usar-macacao-de-petrolifera-durante-reuniao-com-vox\/"},"author":{"name":"Telinha","@id":"https:\/\/portaltela.pt\/#\/schema\/person\/c4278d4a6028830caff9ee44b42d32ed"},"headline":"Milei surpreende Madrid ao usar macac\u00e3o de petrol\u00edfera durante reuni\u00e3o com Vox","datePublished":"2026-03-14T21:19:00+00:00","mainEntityOfPage":{"@id":"https:\/\/portaltela.pt\/noticias\/2026\/03\/14\/milei-surpreende-madrid-ao-usar-macacao-de-petrolifera-durante-reuniao-com-vox\/"},"wordCount":409,"image":{"@id":"https:\/\/portaltela.pt\/noticias\/2026\/03\/14\/milei-surpreende-madrid-ao-usar-macacao-de-petrolifera-durante-reuniao-com-vox\/#primaryimage"},"thumbnailUrl":"https:\/\/portaltela.pt\/s.01k8rhncp4jt1\/2026\/03\/image-964.jpg","keywords":["Argentina","economia","energia","Mercosul","pol\u00edtica","pol\u00edtica internacional"],"articleSection":["Internacional","Pol\u00edtica Internacional"],"inLanguage":"pt-PT"},{"@type":"WebPage","@id":"https:\/\/portaltela.pt\/noticias\/2026\/03\/14\/milei-surpreende-madrid-ao-usar-macacao-de-petrolifera-durante-reuniao-com-vox\/","url":"https:\/\/portaltela.pt\/noticias\/2026\/03\/14\/milei-surpreende-madrid-ao-usar-macacao-de-petrolifera-durante-reuniao-com-vox\/","name":"Milei surpreende Madrid ao usar macac\u00e3o de petrol\u00edfera durante reuni\u00e3o com Vox - Portal Tela Portugal","isPartOf":{"@id":"https:\/\/portaltela.pt\/#website"},"primaryImageOfPage":{"@id":"https:\/\/portaltela.pt\/noticias\/2026\/03\/14\/milei-surpreende-madrid-ao-usar-macacao-de-petrolifera-durante-reuniao-com-vox\/#primaryimage"},"image":{"@id":"https:\/\/portaltela.pt\/noticias\/2026\/03\/14\/milei-surpreende-madrid-ao-usar-macacao-de-petrolifera-durante-reuniao-com-vox\/#primaryimage"},"thumbnailUrl":"https:\/\/portaltela.pt\/s.01k8rhncp4jt1\/2026\/03\/image-964.jpg","datePublished":"2026-03-14T21:19:00+00:00","author":{"@id":"https:\/\/portaltela.pt\/#\/schema\/person\/c4278d4a6028830caff9ee44b42d32ed"},"breadcrumb":{"@id":"https:\/\/portaltela.pt\/noticias\/2026\/03\/14\/milei-surpreende-madrid-ao-usar-macacao-de-petrolifera-durante-reuniao-com-vox\/#breadcrumb"},"inLanguage":"pt-PT","potentialAction":[{"@type":"ReadAction","target":["https:\/\/portaltela.pt\/noticias\/2026\/03\/14\/milei-surpreende-madrid-ao-usar-macacao-de-petrolifera-durante-reuniao-com-vox\/"]}]},{"@type":"ImageObject","inLanguage":"pt-PT","@id":"https:\/\/portaltela.pt\/noticias\/2026\/03\/14\/milei-surpreende-madrid-ao-usar-macacao-de-petrolifera-durante-reuniao-com-vox\/#primaryimage","url":"https:\/\/portaltela.pt\/s.01k8rhncp4jt1\/2026\/03\/image-964.jpg","contentUrl":"https:\/\/portaltela.pt\/s.01k8rhncp4jt1\/2026\/03\/image-964.jpg","width":796,"height":448,"caption":"Javier Milei com Santiago Abascal, l\u00edder do partido Vox, em Madrid"},{"@type":"BreadcrumbList","@id":"https:\/\/portaltela.pt\/noticias\/2026\/03\/14\/milei-surpreende-madrid-ao-usar-macacao-de-petrolifera-durante-reuniao-com-vox\/#breadcrumb","itemListElement":[{"@type":"ListItem","position":1,"name":"In\u00edcio","item":"https:\/\/portaltela.pt\/"},{"@type":"ListItem","position":2,"name":"Milei surpreende Madrid ao usar macac\u00e3o de petrol\u00edfera durante reuni\u00e3o com Vox"}]},{"@type":"WebSite","@id":"https:\/\/portaltela.pt\/#website","url":"https:\/\/portaltela.pt\/","name":"Portal Tela Portugal","description":"","potentialAction":[{"@type":"SearchAction","target":{"@type":"EntryPoint","urlTemplate":"https:\/\/portaltela.pt\/?s={search_term_string}"},"query-input":{"@type":"PropertyValueSpecification","valueRequired":true,"valueName":"search_term_string"}}],"inLanguage":"pt-PT"},{"@type":"Person","@id":"https:\/\/portaltela.pt\/#\/schema\/person\/c4278d4a6028830caff9ee44b42d32ed","name":"Telinha","image":{"@type":"ImageObject","inLanguage":"pt-PT","@id":"https:\/\/portaltela.pt\/s.01k8rhncp4jt1\/2025\/11\/talking-bot-125x125.png","url":"https:\/\/portaltela.pt\/s.01k8rhncp4jt1\/2025\/11\/talking-bot-125x125.png","contentUrl":"https:\/\/portaltela.pt\/s.01k8rhncp4jt1\/2025\/11\/talking-bot-125x125.png","caption":"Telinha"},"sameAs":["https:\/\/portaltela.pt\/"],"url":"https:\/\/portaltela.pt\/por\/367410592786\/"}]}},"_links":{"self":[{"href":"https:\/\/portaltela.pt\/api\/wp\/v2\/posts\/410384","targetHints":{"allow":["GET"]}}],"collection":[{"href":"https:\/\/portaltela.pt\/api\/wp\/v2\/posts"}],"about":[{"href":"https:\/\/portaltela.pt\/api\/wp\/v2\/types\/post"}],"author":[{"embeddable":true,"href":"https:\/\/portaltela.pt\/api\/wp\/v2\/users\/2"}],"replies":[{"embeddable":true,"href":"https:\/\/portaltela.pt\/api\/wp\/v2\/comments?post=410384"}],"version-history":[{"count":0,"href":"https:\/\/portaltela.pt\/api\/wp\/v2\/posts\/410384\/revisions"}],"wp:featuredmedia":[{"embeddable":true,"href":"https:\/\/portaltela.pt\/api\/wp\/v2\/media\/410390"}],"wp:attachment":[{"href":"https:\/\/portaltela.pt\/api\/wp\/v2\/media?parent=410384"}],"wp:term":[{"taxonomy":"category","embeddable":true,"href":"https:\/\/portaltela.pt\/api\/wp\/v2\/categories?post=410384"},{"taxonomy":"post_tag","embeddable":true,"href":"https:\/\/portaltela.pt\/api\/wp\/v2\/tags?post=410384"}],"curies":[{"name":"wp","href":"https:\/\/api.w.org\/{rel}","templated":true}]}}