{"id":410372,"date":"2026-03-14T18:04:00","date_gmt":"2026-03-14T21:04:00","guid":{"rendered":"https:\/\/portaltela.pt\/noticias\/2026\/03\/14\/armamar-pede-progressao-da-ligacao-a-a24\/"},"modified":"2026-03-14T18:04:00","modified_gmt":"2026-03-14T21:04:00","slug":"armamar-pede-progressao-da-ligacao-a-a24","status":"publish","type":"post","link":"https:\/\/portaltela.pt\/sociedade\/2026\/03\/14\/armamar-pede-progressao-da-ligacao-a-a24\/","title":{"rendered":"Armamar pede progress\u00e3o da liga\u00e7\u00e3o \u00e0 A24"},"content":{"rendered":"<p>Armamar volta a exigir a constru\u00e7\u00e3o de uma liga\u00e7\u00e3o \u00e0 Autoestrada A24, projeto que esteve perto de avan\u00e7ar antes da crise da troika e que hoje n\u00e3o saiu do papel. O objetivo \u00e9 facilitar o escoamento agr\u00edcola e atrair turismo para o concelho.<\/p>\n<p>H\u00e1 duas d\u00e9cadas que os autarcas defendem a obra. O ponto de viragem parece ter ficado pendente na altura de 2011, mas a prioridade voltou a ganhar for\u00e7a entre os tr\u00eas presidentes da C\u00e2mara, todos do PSD, que sublinharam a import\u00e2ncia de vencer a estagna\u00e7\u00e3o.<\/p>\n<p>Durante o debate radiof\u00f3nico com a TSF, o atual presidente, M\u00e1rcio Morais, afirmou que a liga\u00e7\u00e3o \u00e0 A24 n\u00e3o pode continuar na esfera da utopia e indicou que a obra \u00e9 um anseio partilhado entre executivos. O antigo autarca Jo\u00e3o Paulo Fonseca tamb\u00e9m reiterou a prioridade do projeto.<\/p>\n<p>M\u00e1rcio Morais ressaltou que a melhoria da conectividade permitiria atrair pessoas para morar em Armamar, destacando que uma casa T3 custa, em Armamar, cerca de um ter\u00e7o do valor em Vila Real. Contudo, admitiu que a atual estrada dificulta o tr\u00e1fego, especialmente na vila de Fontelo.<\/p>\n<h3>Perspetiva agr\u00edcola e infraestrutural<\/h3>\n<p>A nova rodovia apareceria como motor de escoamento de cerca de 100 mil toneladas de ma\u00e7\u00e3 e quatro milh\u00f5es de quilos de uvas produzidas no concelho anualmente. Al\u00e9m disso, os autarcas apontaram que a amplia\u00e7\u00e3o da rede de rega agr\u00edcola tamb\u00e9m \u00e9 priorit\u00e1ria.<\/p>\n<p>Jo\u00e3o Paulo Fonseca, ex-presidente, acrescentou que a gest\u00e3o local enfrenta limites de compet\u00eancias e que \u00e9 necess\u00e1rio fortalecer a autonomia em \u00e1reas como sa\u00fade, defendendo uma melhoria na transfer\u00eancia de compet\u00eancias.<\/p>\n<p>Hern\u00e2ni Almeida, que liderou a C\u00e2mara entre 1993 e 2013, lembrou a necessidade de reconhecimento do papel dos autarcas no desenvolvimento regional. Relembrou que a experi\u00eancia hist\u00f3rica mostra que a evolu\u00e7\u00e3o de infraestruturas foi resultado do esfor\u00e7o conjunto entre governos locais e nacionais.<\/p>\n<p>O debate tamb\u00e9m destacou que o interior do pa\u00eds, incluindo Armamar, tem contribu\u00eddo de forma relevante para a economia nacional pela produ\u00e7\u00e3o agr\u00edcola. O grupo concordou que o caminho para a melhoria passa pela valoriza\u00e7\u00e3o da gest\u00e3o local e por avan\u00e7os concretos em infraestruturas essenciais.<\/p>\n<h3>Dados e contexto<\/h3>\n<p>Armamar \u00e9 conhecido pela qualidade da ma\u00e7\u00e3 de montanha, produzida em pomares ao longo do Douro. A aposta na conectividade rodovi\u00e1ria \u00e9 apresentada como facilitadora da log\u00edstica agr\u00edcola e da atratividade tur\u00edstica, segundo os pol\u00edticos ouvidos.<\/p>\n","protected":false},"excerpt":{"rendered":"<ul>\n<li>Armamar quer avan\u00e7ar com a liga\u00e7\u00e3o \u00e0 Autoestrada A24, prioridade dos tr\u00eas presidentes da C\u00e2mara pelo PSD.<\/li>\n<li>O projeto esteve bem encaminhado antes da troika, mas ficou paralisado e n\u00e3o foi retomado desde ent\u00e3o.<\/li>\n<li>A nova via \u00e9 vista como crucial para escoar as cerca de cem mil toneladas de ma\u00e7\u00e3 e quatro milh\u00f5es de quilos de uvas que o concelho produz por ano.<\/li>\n<li>Al\u00e9m da estrada, \u00e9 apontada a amplia\u00e7\u00e3o da rede de rega agr\u00edcola e pol\u00edticas municipais que incentivem a fixa\u00e7\u00e3o de pessoas no concelho.<\/li>\n<li>Os autarcas destacam a import\u00e2ncia da gest\u00e3o de proximidade e da amplia\u00e7\u00e3o de compet\u00eancias locais, defendendo uma perspetiva de desenvolvimento regional sem perifra\u00e7\u00e3o excessiva.<\/li>\n<\/ul>\n","protected":false},"author":2,"featured_media":410374,"comment_status":"closed","ping_status":"closed","sticky":false,"template":"","format":"standard","meta":{"footnotes":""},"categories":[1,6871],"tags":[179,4267,1194,1083,1615,169],"class_list":["post-410372","post","type-post","status-publish","format-standard","has-post-thumbnail","hentry","category-noticias","category-sociedade","tag-agricultura","tag-armamar","tag-douro","tag-estradas","tag-infraestrutura","tag-turismo"],"yoast_head":"<!-- This site is optimized with the Yoast SEO plugin v27.2 - https:\/\/yoast.com\/product\/yoast-seo-wordpress\/ -->\n<title>Armamar pede progress\u00e3o da liga\u00e7\u00e3o \u00e0 A24 - Portal Tela Portugal<\/title>\n<meta name=\"robots\" content=\"index, follow, max-snippet:-1, max-image-preview:large, max-video-preview:-1\" \/>\n<meta property=\"og:locale\" content=\"pt_PT\" \/>\n<meta property=\"og:type\" content=\"article\" \/>\n<meta property=\"og:title\" content=\"Armamar pede progress\u00e3o da liga\u00e7\u00e3o \u00e0 A24 - Portal Tela Portugal\" \/>\n<meta property=\"og:description\" content=\"Armamar quer avan\u00e7ar com a liga\u00e7\u00e3o \u00e0 Autoestrada A24, prioridade dos tr\u00eas presidentes da C\u00e2mara pelo PSD. O projeto esteve bem encaminhado antes da troika, mas ficou paralisado e n\u00e3o foi retomado desde ent\u00e3o. A nova via \u00e9 vista como crucial para escoar as cerca de cem mil toneladas de ma\u00e7\u00e3 e quatro milh\u00f5es de quilos de uvas que o concelho produz por ano. Al\u00e9m da estrada, \u00e9 apontada a amplia\u00e7\u00e3o da rede de rega agr\u00edcola e pol\u00edticas municipais que incentivem a fixa\u00e7\u00e3o de pessoas no concelho. Os autarcas destacam a import\u00e2ncia da gest\u00e3o de proximidade e da amplia\u00e7\u00e3o de compet\u00eancias locais, defendendo uma perspetiva de desenvolvimento regional sem perifra\u00e7\u00e3o excessiva.\" \/>\n<meta property=\"og:url\" content=\"https:\/\/portaltela.pt\/noticias\/2026\/03\/14\/armamar-pede-progressao-da-ligacao-a-a24\/\" \/>\n<meta property=\"og:site_name\" content=\"Portal Tela Portugal\" \/>\n<meta property=\"article:published_time\" content=\"2026-03-14T21:04:00+00:00\" \/>\n<meta name=\"author\" content=\"Telinha\" \/>\n<meta name=\"twitter:card\" content=\"summary_large_image\" \/>\n<meta name=\"twitter:label1\" content=\"Escrito por\" \/>\n\t<meta name=\"twitter:data1\" content=\"Telinha\" \/>\n\t<meta name=\"twitter:label2\" content=\"Tempo estimado de leitura\" \/>\n\t<meta name=\"twitter:data2\" content=\"2 minutos\" \/>\n<script type=\"application\/ld+json\" class=\"yoast-schema-graph\">{\"@context\":\"https:\/\/schema.org\",\"@graph\":[{\"@type\":\"Article\",\"@id\":\"https:\/\/portaltela.pt\/noticias\/2026\/03\/14\/armamar-pede-progressao-da-ligacao-a-a24\/#article\",\"isPartOf\":{\"@id\":\"https:\/\/portaltela.pt\/noticias\/2026\/03\/14\/armamar-pede-progressao-da-ligacao-a-a24\/\"},\"author\":{\"name\":\"Telinha\",\"@id\":\"https:\/\/portaltela.pt\/#\/schema\/person\/c4278d4a6028830caff9ee44b42d32ed\"},\"headline\":\"Armamar pede progress\u00e3o da liga\u00e7\u00e3o \u00e0 A24\",\"datePublished\":\"2026-03-14T21:04:00+00:00\",\"mainEntityOfPage\":{\"@id\":\"https:\/\/portaltela.pt\/noticias\/2026\/03\/14\/armamar-pede-progressao-da-ligacao-a-a24\/\"},\"wordCount\":436,\"image\":{\"@id\":\"https:\/\/portaltela.pt\/noticias\/2026\/03\/14\/armamar-pede-progressao-da-ligacao-a-a24\/#primaryimage\"},\"thumbnailUrl\":\"https:\/\/portaltela.pt\/s.01k8rhncp4jt1\/2026\/03\/image-963.jpg\",\"keywords\":[\"agricultura\",\"Armamar\",\"Douro\",\"estradas\",\"infraestrutura\",\"turismo\"],\"articleSection\":[\"Not\u00edcias\",\"Sociedade\"],\"inLanguage\":\"pt-PT\"},{\"@type\":\"WebPage\",\"@id\":\"https:\/\/portaltela.pt\/noticias\/2026\/03\/14\/armamar-pede-progressao-da-ligacao-a-a24\/\",\"url\":\"https:\/\/portaltela.pt\/noticias\/2026\/03\/14\/armamar-pede-progressao-da-ligacao-a-a24\/\",\"name\":\"Armamar pede progress\u00e3o da liga\u00e7\u00e3o \u00e0 A24 - Portal Tela Portugal\",\"isPartOf\":{\"@id\":\"https:\/\/portaltela.pt\/#website\"},\"primaryImageOfPage\":{\"@id\":\"https:\/\/portaltela.pt\/noticias\/2026\/03\/14\/armamar-pede-progressao-da-ligacao-a-a24\/#primaryimage\"},\"image\":{\"@id\":\"https:\/\/portaltela.pt\/noticias\/2026\/03\/14\/armamar-pede-progressao-da-ligacao-a-a24\/#primaryimage\"},\"thumbnailUrl\":\"https:\/\/portaltela.pt\/s.01k8rhncp4jt1\/2026\/03\/image-963.jpg\",\"datePublished\":\"2026-03-14T21:04:00+00:00\",\"author\":{\"@id\":\"https:\/\/portaltela.pt\/#\/schema\/person\/c4278d4a6028830caff9ee44b42d32ed\"},\"breadcrumb\":{\"@id\":\"https:\/\/portaltela.pt\/noticias\/2026\/03\/14\/armamar-pede-progressao-da-ligacao-a-a24\/#breadcrumb\"},\"inLanguage\":\"pt-PT\",\"potentialAction\":[{\"@type\":\"ReadAction\",\"target\":[\"https:\/\/portaltela.pt\/noticias\/2026\/03\/14\/armamar-pede-progressao-da-ligacao-a-a24\/\"]}]},{\"@type\":\"ImageObject\",\"inLanguage\":\"pt-PT\",\"@id\":\"https:\/\/portaltela.pt\/noticias\/2026\/03\/14\/armamar-pede-progressao-da-ligacao-a-a24\/#primaryimage\",\"url\":\"https:\/\/portaltela.pt\/s.01k8rhncp4jt1\/2026\/03\/image-963.jpg\",\"contentUrl\":\"https:\/\/portaltela.pt\/s.01k8rhncp4jt1\/2026\/03\/image-963.jpg\",\"width\":796,\"height\":448,\"caption\":\"A igreja matriz de Armamar \u00e9 um dos ex-l\u00edbris do munic\u00edpio transmontano\"},{\"@type\":\"BreadcrumbList\",\"@id\":\"https:\/\/portaltela.pt\/noticias\/2026\/03\/14\/armamar-pede-progressao-da-ligacao-a-a24\/#breadcrumb\",\"itemListElement\":[{\"@type\":\"ListItem\",\"position\":1,\"name\":\"In\u00edcio\",\"item\":\"https:\/\/portaltela.pt\/\"},{\"@type\":\"ListItem\",\"position\":2,\"name\":\"Armamar pede progress\u00e3o da liga\u00e7\u00e3o \u00e0 A24\"}]},{\"@type\":\"WebSite\",\"@id\":\"https:\/\/portaltela.pt\/#website\",\"url\":\"https:\/\/portaltela.pt\/\",\"name\":\"Portal Tela Portugal\",\"description\":\"\",\"potentialAction\":[{\"@type\":\"SearchAction\",\"target\":{\"@type\":\"EntryPoint\",\"urlTemplate\":\"https:\/\/portaltela.pt\/?s={search_term_string}\"},\"query-input\":{\"@type\":\"PropertyValueSpecification\",\"valueRequired\":true,\"valueName\":\"search_term_string\"}}],\"inLanguage\":\"pt-PT\"},{\"@type\":\"Person\",\"@id\":\"https:\/\/portaltela.pt\/#\/schema\/person\/c4278d4a6028830caff9ee44b42d32ed\",\"name\":\"Telinha\",\"image\":{\"@type\":\"ImageObject\",\"inLanguage\":\"pt-PT\",\"@id\":\"https:\/\/portaltela.pt\/s.01k8rhncp4jt1\/2025\/11\/talking-bot-125x125.png\",\"url\":\"https:\/\/portaltela.pt\/s.01k8rhncp4jt1\/2025\/11\/talking-bot-125x125.png\",\"contentUrl\":\"https:\/\/portaltela.pt\/s.01k8rhncp4jt1\/2025\/11\/talking-bot-125x125.png\",\"caption\":\"Telinha\"},\"sameAs\":[\"https:\/\/portaltela.pt\/\"],\"url\":\"https:\/\/portaltela.pt\/por\/367410592786\/\"}]}<\/script>\n<!-- \/ Yoast SEO plugin. -->","yoast_head_json":{"title":"Armamar pede progress\u00e3o da liga\u00e7\u00e3o \u00e0 A24 - Portal Tela Portugal","robots":{"index":"index","follow":"follow","max-snippet":"max-snippet:-1","max-image-preview":"max-image-preview:large","max-video-preview":"max-video-preview:-1"},"og_locale":"pt_PT","og_type":"article","og_title":"Armamar pede progress\u00e3o da liga\u00e7\u00e3o \u00e0 A24 - Portal Tela Portugal","og_description":"Armamar quer avan\u00e7ar com a liga\u00e7\u00e3o \u00e0 Autoestrada A24, prioridade dos tr\u00eas presidentes da C\u00e2mara pelo PSD. O projeto esteve bem encaminhado antes da troika, mas ficou paralisado e n\u00e3o foi retomado desde ent\u00e3o. A nova via \u00e9 vista como crucial para escoar as cerca de cem mil toneladas de ma\u00e7\u00e3 e quatro milh\u00f5es de quilos de uvas que o concelho produz por ano. Al\u00e9m da estrada, \u00e9 apontada a amplia\u00e7\u00e3o da rede de rega agr\u00edcola e pol\u00edticas municipais que incentivem a fixa\u00e7\u00e3o de pessoas no concelho. Os autarcas destacam a import\u00e2ncia da gest\u00e3o de proximidade e da amplia\u00e7\u00e3o de compet\u00eancias locais, defendendo uma perspetiva de desenvolvimento regional sem perifra\u00e7\u00e3o excessiva.","og_url":"https:\/\/portaltela.pt\/noticias\/2026\/03\/14\/armamar-pede-progressao-da-ligacao-a-a24\/","og_site_name":"Portal Tela Portugal","article_published_time":"2026-03-14T21:04:00+00:00","author":"Telinha","twitter_card":"summary_large_image","twitter_misc":{"Escrito por":"Telinha","Tempo estimado de leitura":"2 minutos"},"schema":{"@context":"https:\/\/schema.org","@graph":[{"@type":"Article","@id":"https:\/\/portaltela.pt\/noticias\/2026\/03\/14\/armamar-pede-progressao-da-ligacao-a-a24\/#article","isPartOf":{"@id":"https:\/\/portaltela.pt\/noticias\/2026\/03\/14\/armamar-pede-progressao-da-ligacao-a-a24\/"},"author":{"name":"Telinha","@id":"https:\/\/portaltela.pt\/#\/schema\/person\/c4278d4a6028830caff9ee44b42d32ed"},"headline":"Armamar pede progress\u00e3o da liga\u00e7\u00e3o \u00e0 A24","datePublished":"2026-03-14T21:04:00+00:00","mainEntityOfPage":{"@id":"https:\/\/portaltela.pt\/noticias\/2026\/03\/14\/armamar-pede-progressao-da-ligacao-a-a24\/"},"wordCount":436,"image":{"@id":"https:\/\/portaltela.pt\/noticias\/2026\/03\/14\/armamar-pede-progressao-da-ligacao-a-a24\/#primaryimage"},"thumbnailUrl":"https:\/\/portaltela.pt\/s.01k8rhncp4jt1\/2026\/03\/image-963.jpg","keywords":["agricultura","Armamar","Douro","estradas","infraestrutura","turismo"],"articleSection":["Not\u00edcias","Sociedade"],"inLanguage":"pt-PT"},{"@type":"WebPage","@id":"https:\/\/portaltela.pt\/noticias\/2026\/03\/14\/armamar-pede-progressao-da-ligacao-a-a24\/","url":"https:\/\/portaltela.pt\/noticias\/2026\/03\/14\/armamar-pede-progressao-da-ligacao-a-a24\/","name":"Armamar pede progress\u00e3o da liga\u00e7\u00e3o \u00e0 A24 - Portal Tela Portugal","isPartOf":{"@id":"https:\/\/portaltela.pt\/#website"},"primaryImageOfPage":{"@id":"https:\/\/portaltela.pt\/noticias\/2026\/03\/14\/armamar-pede-progressao-da-ligacao-a-a24\/#primaryimage"},"image":{"@id":"https:\/\/portaltela.pt\/noticias\/2026\/03\/14\/armamar-pede-progressao-da-ligacao-a-a24\/#primaryimage"},"thumbnailUrl":"https:\/\/portaltela.pt\/s.01k8rhncp4jt1\/2026\/03\/image-963.jpg","datePublished":"2026-03-14T21:04:00+00:00","author":{"@id":"https:\/\/portaltela.pt\/#\/schema\/person\/c4278d4a6028830caff9ee44b42d32ed"},"breadcrumb":{"@id":"https:\/\/portaltela.pt\/noticias\/2026\/03\/14\/armamar-pede-progressao-da-ligacao-a-a24\/#breadcrumb"},"inLanguage":"pt-PT","potentialAction":[{"@type":"ReadAction","target":["https:\/\/portaltela.pt\/noticias\/2026\/03\/14\/armamar-pede-progressao-da-ligacao-a-a24\/"]}]},{"@type":"ImageObject","inLanguage":"pt-PT","@id":"https:\/\/portaltela.pt\/noticias\/2026\/03\/14\/armamar-pede-progressao-da-ligacao-a-a24\/#primaryimage","url":"https:\/\/portaltela.pt\/s.01k8rhncp4jt1\/2026\/03\/image-963.jpg","contentUrl":"https:\/\/portaltela.pt\/s.01k8rhncp4jt1\/2026\/03\/image-963.jpg","width":796,"height":448,"caption":"A igreja matriz de Armamar \u00e9 um dos ex-l\u00edbris do munic\u00edpio transmontano"},{"@type":"BreadcrumbList","@id":"https:\/\/portaltela.pt\/noticias\/2026\/03\/14\/armamar-pede-progressao-da-ligacao-a-a24\/#breadcrumb","itemListElement":[{"@type":"ListItem","position":1,"name":"In\u00edcio","item":"https:\/\/portaltela.pt\/"},{"@type":"ListItem","position":2,"name":"Armamar pede progress\u00e3o da liga\u00e7\u00e3o \u00e0 A24"}]},{"@type":"WebSite","@id":"https:\/\/portaltela.pt\/#website","url":"https:\/\/portaltela.pt\/","name":"Portal Tela Portugal","description":"","potentialAction":[{"@type":"SearchAction","target":{"@type":"EntryPoint","urlTemplate":"https:\/\/portaltela.pt\/?s={search_term_string}"},"query-input":{"@type":"PropertyValueSpecification","valueRequired":true,"valueName":"search_term_string"}}],"inLanguage":"pt-PT"},{"@type":"Person","@id":"https:\/\/portaltela.pt\/#\/schema\/person\/c4278d4a6028830caff9ee44b42d32ed","name":"Telinha","image":{"@type":"ImageObject","inLanguage":"pt-PT","@id":"https:\/\/portaltela.pt\/s.01k8rhncp4jt1\/2025\/11\/talking-bot-125x125.png","url":"https:\/\/portaltela.pt\/s.01k8rhncp4jt1\/2025\/11\/talking-bot-125x125.png","contentUrl":"https:\/\/portaltela.pt\/s.01k8rhncp4jt1\/2025\/11\/talking-bot-125x125.png","caption":"Telinha"},"sameAs":["https:\/\/portaltela.pt\/"],"url":"https:\/\/portaltela.pt\/por\/367410592786\/"}]}},"_links":{"self":[{"href":"https:\/\/portaltela.pt\/api\/wp\/v2\/posts\/410372","targetHints":{"allow":["GET"]}}],"collection":[{"href":"https:\/\/portaltela.pt\/api\/wp\/v2\/posts"}],"about":[{"href":"https:\/\/portaltela.pt\/api\/wp\/v2\/types\/post"}],"author":[{"embeddable":true,"href":"https:\/\/portaltela.pt\/api\/wp\/v2\/users\/2"}],"replies":[{"embeddable":true,"href":"https:\/\/portaltela.pt\/api\/wp\/v2\/comments?post=410372"}],"version-history":[{"count":0,"href":"https:\/\/portaltela.pt\/api\/wp\/v2\/posts\/410372\/revisions"}],"wp:featuredmedia":[{"embeddable":true,"href":"https:\/\/portaltela.pt\/api\/wp\/v2\/media\/410374"}],"wp:attachment":[{"href":"https:\/\/portaltela.pt\/api\/wp\/v2\/media?parent=410372"}],"wp:term":[{"taxonomy":"category","embeddable":true,"href":"https:\/\/portaltela.pt\/api\/wp\/v2\/categories?post=410372"},{"taxonomy":"post_tag","embeddable":true,"href":"https:\/\/portaltela.pt\/api\/wp\/v2\/tags?post=410372"}],"curies":[{"name":"wp","href":"https:\/\/api.w.org\/{rel}","templated":true}]}}