{"id":410363,"date":"2026-03-14T17:57:12","date_gmt":"2026-03-14T20:57:12","guid":{"rendered":"https:\/\/portaltela.pt\/noticias\/2026\/03\/14\/mariana-monteiro-volta-a-deslumbrar-desta-vez-com-temperaturas-negativas\/"},"modified":"2026-03-14T17:57:12","modified_gmt":"2026-03-14T20:57:12","slug":"mariana-monteiro-volta-a-deslumbrar-desta-vez-com-temperaturas-negativas","status":"publish","type":"post","link":"https:\/\/portaltela.pt\/entretenimento\/2026\/03\/14\/mariana-monteiro-volta-a-deslumbrar-desta-vez-com-temperaturas-negativas\/","title":{"rendered":"Mariana Monteiro volta a deslumbrar, desta vez com temperaturas negativas"},"content":{"rendered":"<p>Mariana Monteiro voltou a impressionar, desta vez nas montanhas com temperaturas negativas. A atriz de A Heran\u00e7a passeou pela neve ap\u00f3s um per\u00edodo de f\u00e9rias no Brasil, acompanhado pelo eurodeputado Bruno Gon\u00e7alves.<\/p>\n<p>Nas imagens partilhadas, a artista surge num cen\u00e1rio de montanha, a vestir roupa de banho num contraste pouco comum para as temperaturas locais. O registo gerou reac\u00e7\u00f5es entre os f\u00e3s, que acompanharam o momento nas redes sociais.<\/p>\n<p>Durante a viagem, Mariana Monteiro enfrentou a sua estreia na pr\u00e1tica de esqui, um desafio que exigiu esfor\u00e7o e determina\u00e7\u00e3o. O desporto, mais exigente do que esperava, levou-a a testar limites pessoais.<\/p>\n<p>A atriz admitiu, em entrevista, que chegou a pensar desistir, mas acabou por considerar que a experi\u00eancia valeu a pena e deixou-lhe vontade de repetir a atividade futuramente.<\/p>\n","protected":false},"excerpt":{"rendered":"<ul>\n<li>Mariana Monteiro, conhecida pela personagem em A Heran\u00e7a, voltou a deslumbrar, agora com temperaturas negativas durante as f\u00e9rias na neve.<\/li>\n<li>A atriz seguiu viagem acompanhada do eurodeputado Bruno Gon\u00e7alves, durante as f\u00e9rias na neve.<\/li>\n<li>Nas imagens, surge numa paisagem de montanha a posar em fato de banho, criando um contraste com o frio.<\/li>\n<li>Parte da viagem incluiu o desafio de aprender a esquiar, atividade que se revelou mais exigente do que esperava.<\/li>\n<li>A artista admitiu ter pensado em desistir, mas disse que valeu a pena e revelou vontade de repetir a experi\u00eancia.<\/li>\n<\/ul>\n","protected":false},"author":2,"featured_media":410366,"comment_status":"closed","ping_status":"closed","sticky":false,"template":"","format":"standard","meta":{"footnotes":""},"categories":[6675,12],"tags":[2547,3259,152,5008,5661,6037],"class_list":["post-410363","post","type-post","status-publish","format-standard","has-post-thumbnail","hentry","category-celebridades","category-entretenimento","tag-brasil","tag-celebidades","tag-desporto","tag-esqui-de-fundo","tag-pessoas-publicas","tag-viagens-internacionais"],"yoast_head":"<!-- This site is optimized with the Yoast SEO plugin v27.2 - https:\/\/yoast.com\/product\/yoast-seo-wordpress\/ -->\n<title>Mariana Monteiro volta a deslumbrar, desta vez com temperaturas negativas - Portal Tela Portugal<\/title>\n<meta name=\"robots\" content=\"index, follow, max-snippet:-1, max-image-preview:large, max-video-preview:-1\" \/>\n<meta property=\"og:locale\" content=\"pt_PT\" \/>\n<meta property=\"og:type\" content=\"article\" \/>\n<meta property=\"og:title\" content=\"Mariana Monteiro volta a deslumbrar, desta vez com temperaturas negativas - Portal Tela Portugal\" \/>\n<meta property=\"og:description\" content=\"Mariana Monteiro, conhecida pela personagem em A Heran\u00e7a, voltou a deslumbrar, agora com temperaturas negativas durante as f\u00e9rias na neve. A atriz seguiu viagem acompanhada do eurodeputado Bruno Gon\u00e7alves, durante as f\u00e9rias na neve. Nas imagens, surge numa paisagem de montanha a posar em fato de banho, criando um contraste com o frio. Parte da viagem incluiu o desafio de aprender a esquiar, atividade que se revelou mais exigente do que esperava. A artista admitiu ter pensado em desistir, mas disse que valeu a pena e revelou vontade de repetir a experi\u00eancia.\" \/>\n<meta property=\"og:url\" content=\"https:\/\/portaltela.pt\/noticias\/2026\/03\/14\/mariana-monteiro-volta-a-deslumbrar-desta-vez-com-temperaturas-negativas\/\" \/>\n<meta property=\"og:site_name\" content=\"Portal Tela Portugal\" \/>\n<meta property=\"article:published_time\" content=\"2026-03-14T20:57:12+00:00\" \/>\n<meta name=\"author\" content=\"Telinha\" \/>\n<meta name=\"twitter:card\" content=\"summary_large_image\" \/>\n<meta name=\"twitter:label1\" content=\"Escrito por\" \/>\n\t<meta name=\"twitter:data1\" content=\"Telinha\" \/>\n\t<meta name=\"twitter:label2\" content=\"Tempo estimado de leitura\" \/>\n\t<meta name=\"twitter:data2\" content=\"1 minuto\" \/>\n<script type=\"application\/ld+json\" class=\"yoast-schema-graph\">{\"@context\":\"https:\/\/schema.org\",\"@graph\":[{\"@type\":\"Article\",\"@id\":\"https:\/\/portaltela.pt\/noticias\/2026\/03\/14\/mariana-monteiro-volta-a-deslumbrar-desta-vez-com-temperaturas-negativas\/#article\",\"isPartOf\":{\"@id\":\"https:\/\/portaltela.pt\/noticias\/2026\/03\/14\/mariana-monteiro-volta-a-deslumbrar-desta-vez-com-temperaturas-negativas\/\"},\"author\":{\"name\":\"Telinha\",\"@id\":\"https:\/\/portaltela.pt\/#\/schema\/person\/c4278d4a6028830caff9ee44b42d32ed\"},\"headline\":\"Mariana Monteiro volta a deslumbrar, desta vez com temperaturas negativas\",\"datePublished\":\"2026-03-14T20:57:12+00:00\",\"mainEntityOfPage\":{\"@id\":\"https:\/\/portaltela.pt\/noticias\/2026\/03\/14\/mariana-monteiro-volta-a-deslumbrar-desta-vez-com-temperaturas-negativas\/\"},\"wordCount\":151,\"image\":{\"@id\":\"https:\/\/portaltela.pt\/noticias\/2026\/03\/14\/mariana-monteiro-volta-a-deslumbrar-desta-vez-com-temperaturas-negativas\/#primaryimage\"},\"thumbnailUrl\":\"https:\/\/portaltela.pt\/s.01k8rhncp4jt1\/2026\/03\/img_1280x718uu2026-03-10-11-49-22-2271512.jpg\",\"keywords\":[\"Brasil\",\"celebidades\",\"desporto\",\"esqui de fundo\",\"pessoas p\u00fablicas\",\"viagens internacionais\"],\"articleSection\":[\"Celebridades\",\"Entretenimento\"],\"inLanguage\":\"pt-PT\"},{\"@type\":\"WebPage\",\"@id\":\"https:\/\/portaltela.pt\/noticias\/2026\/03\/14\/mariana-monteiro-volta-a-deslumbrar-desta-vez-com-temperaturas-negativas\/\",\"url\":\"https:\/\/portaltela.pt\/noticias\/2026\/03\/14\/mariana-monteiro-volta-a-deslumbrar-desta-vez-com-temperaturas-negativas\/\",\"name\":\"Mariana Monteiro volta a deslumbrar, desta vez com temperaturas negativas - Portal Tela Portugal\",\"isPartOf\":{\"@id\":\"https:\/\/portaltela.pt\/#website\"},\"primaryImageOfPage\":{\"@id\":\"https:\/\/portaltela.pt\/noticias\/2026\/03\/14\/mariana-monteiro-volta-a-deslumbrar-desta-vez-com-temperaturas-negativas\/#primaryimage\"},\"image\":{\"@id\":\"https:\/\/portaltela.pt\/noticias\/2026\/03\/14\/mariana-monteiro-volta-a-deslumbrar-desta-vez-com-temperaturas-negativas\/#primaryimage\"},\"thumbnailUrl\":\"https:\/\/portaltela.pt\/s.01k8rhncp4jt1\/2026\/03\/img_1280x718uu2026-03-10-11-49-22-2271512.jpg\",\"datePublished\":\"2026-03-14T20:57:12+00:00\",\"author\":{\"@id\":\"https:\/\/portaltela.pt\/#\/schema\/person\/c4278d4a6028830caff9ee44b42d32ed\"},\"breadcrumb\":{\"@id\":\"https:\/\/portaltela.pt\/noticias\/2026\/03\/14\/mariana-monteiro-volta-a-deslumbrar-desta-vez-com-temperaturas-negativas\/#breadcrumb\"},\"inLanguage\":\"pt-PT\",\"potentialAction\":[{\"@type\":\"ReadAction\",\"target\":[\"https:\/\/portaltela.pt\/noticias\/2026\/03\/14\/mariana-monteiro-volta-a-deslumbrar-desta-vez-com-temperaturas-negativas\/\"]}]},{\"@type\":\"ImageObject\",\"inLanguage\":\"pt-PT\",\"@id\":\"https:\/\/portaltela.pt\/noticias\/2026\/03\/14\/mariana-monteiro-volta-a-deslumbrar-desta-vez-com-temperaturas-negativas\/#primaryimage\",\"url\":\"https:\/\/portaltela.pt\/s.01k8rhncp4jt1\/2026\/03\/img_1280x718uu2026-03-10-11-49-22-2271512.jpg\",\"contentUrl\":\"https:\/\/portaltela.pt\/s.01k8rhncp4jt1\/2026\/03\/img_1280x718uu2026-03-10-11-49-22-2271512.jpg\",\"width\":796,\"height\":448,\"caption\":\"Mariana Monteiro aproveita as f\u00e9rias na neve com Bruno Gon\u00e7alves\"},{\"@type\":\"BreadcrumbList\",\"@id\":\"https:\/\/portaltela.pt\/noticias\/2026\/03\/14\/mariana-monteiro-volta-a-deslumbrar-desta-vez-com-temperaturas-negativas\/#breadcrumb\",\"itemListElement\":[{\"@type\":\"ListItem\",\"position\":1,\"name\":\"In\u00edcio\",\"item\":\"https:\/\/portaltela.pt\/\"},{\"@type\":\"ListItem\",\"position\":2,\"name\":\"Mariana Monteiro volta a deslumbrar, desta vez com temperaturas negativas\"}]},{\"@type\":\"WebSite\",\"@id\":\"https:\/\/portaltela.pt\/#website\",\"url\":\"https:\/\/portaltela.pt\/\",\"name\":\"Portal Tela Portugal\",\"description\":\"\",\"potentialAction\":[{\"@type\":\"SearchAction\",\"target\":{\"@type\":\"EntryPoint\",\"urlTemplate\":\"https:\/\/portaltela.pt\/?s={search_term_string}\"},\"query-input\":{\"@type\":\"PropertyValueSpecification\",\"valueRequired\":true,\"valueName\":\"search_term_string\"}}],\"inLanguage\":\"pt-PT\"},{\"@type\":\"Person\",\"@id\":\"https:\/\/portaltela.pt\/#\/schema\/person\/c4278d4a6028830caff9ee44b42d32ed\",\"name\":\"Telinha\",\"image\":{\"@type\":\"ImageObject\",\"inLanguage\":\"pt-PT\",\"@id\":\"https:\/\/portaltela.pt\/s.01k8rhncp4jt1\/2025\/11\/talking-bot-125x125.png\",\"url\":\"https:\/\/portaltela.pt\/s.01k8rhncp4jt1\/2025\/11\/talking-bot-125x125.png\",\"contentUrl\":\"https:\/\/portaltela.pt\/s.01k8rhncp4jt1\/2025\/11\/talking-bot-125x125.png\",\"caption\":\"Telinha\"},\"sameAs\":[\"https:\/\/portaltela.pt\/\"],\"url\":\"https:\/\/portaltela.pt\/por\/367410592786\/\"}]}<\/script>\n<!-- \/ Yoast SEO plugin. -->","yoast_head_json":{"title":"Mariana Monteiro volta a deslumbrar, desta vez com temperaturas negativas - Portal Tela Portugal","robots":{"index":"index","follow":"follow","max-snippet":"max-snippet:-1","max-image-preview":"max-image-preview:large","max-video-preview":"max-video-preview:-1"},"og_locale":"pt_PT","og_type":"article","og_title":"Mariana Monteiro volta a deslumbrar, desta vez com temperaturas negativas - Portal Tela Portugal","og_description":"Mariana Monteiro, conhecida pela personagem em A Heran\u00e7a, voltou a deslumbrar, agora com temperaturas negativas durante as f\u00e9rias na neve. A atriz seguiu viagem acompanhada do eurodeputado Bruno Gon\u00e7alves, durante as f\u00e9rias na neve. Nas imagens, surge numa paisagem de montanha a posar em fato de banho, criando um contraste com o frio. Parte da viagem incluiu o desafio de aprender a esquiar, atividade que se revelou mais exigente do que esperava. A artista admitiu ter pensado em desistir, mas disse que valeu a pena e revelou vontade de repetir a experi\u00eancia.","og_url":"https:\/\/portaltela.pt\/noticias\/2026\/03\/14\/mariana-monteiro-volta-a-deslumbrar-desta-vez-com-temperaturas-negativas\/","og_site_name":"Portal Tela Portugal","article_published_time":"2026-03-14T20:57:12+00:00","author":"Telinha","twitter_card":"summary_large_image","twitter_misc":{"Escrito por":"Telinha","Tempo estimado de leitura":"1 minuto"},"schema":{"@context":"https:\/\/schema.org","@graph":[{"@type":"Article","@id":"https:\/\/portaltela.pt\/noticias\/2026\/03\/14\/mariana-monteiro-volta-a-deslumbrar-desta-vez-com-temperaturas-negativas\/#article","isPartOf":{"@id":"https:\/\/portaltela.pt\/noticias\/2026\/03\/14\/mariana-monteiro-volta-a-deslumbrar-desta-vez-com-temperaturas-negativas\/"},"author":{"name":"Telinha","@id":"https:\/\/portaltela.pt\/#\/schema\/person\/c4278d4a6028830caff9ee44b42d32ed"},"headline":"Mariana Monteiro volta a deslumbrar, desta vez com temperaturas negativas","datePublished":"2026-03-14T20:57:12+00:00","mainEntityOfPage":{"@id":"https:\/\/portaltela.pt\/noticias\/2026\/03\/14\/mariana-monteiro-volta-a-deslumbrar-desta-vez-com-temperaturas-negativas\/"},"wordCount":151,"image":{"@id":"https:\/\/portaltela.pt\/noticias\/2026\/03\/14\/mariana-monteiro-volta-a-deslumbrar-desta-vez-com-temperaturas-negativas\/#primaryimage"},"thumbnailUrl":"https:\/\/portaltela.pt\/s.01k8rhncp4jt1\/2026\/03\/img_1280x718uu2026-03-10-11-49-22-2271512.jpg","keywords":["Brasil","celebidades","desporto","esqui de fundo","pessoas p\u00fablicas","viagens internacionais"],"articleSection":["Celebridades","Entretenimento"],"inLanguage":"pt-PT"},{"@type":"WebPage","@id":"https:\/\/portaltela.pt\/noticias\/2026\/03\/14\/mariana-monteiro-volta-a-deslumbrar-desta-vez-com-temperaturas-negativas\/","url":"https:\/\/portaltela.pt\/noticias\/2026\/03\/14\/mariana-monteiro-volta-a-deslumbrar-desta-vez-com-temperaturas-negativas\/","name":"Mariana Monteiro volta a deslumbrar, desta vez com temperaturas negativas - Portal Tela Portugal","isPartOf":{"@id":"https:\/\/portaltela.pt\/#website"},"primaryImageOfPage":{"@id":"https:\/\/portaltela.pt\/noticias\/2026\/03\/14\/mariana-monteiro-volta-a-deslumbrar-desta-vez-com-temperaturas-negativas\/#primaryimage"},"image":{"@id":"https:\/\/portaltela.pt\/noticias\/2026\/03\/14\/mariana-monteiro-volta-a-deslumbrar-desta-vez-com-temperaturas-negativas\/#primaryimage"},"thumbnailUrl":"https:\/\/portaltela.pt\/s.01k8rhncp4jt1\/2026\/03\/img_1280x718uu2026-03-10-11-49-22-2271512.jpg","datePublished":"2026-03-14T20:57:12+00:00","author":{"@id":"https:\/\/portaltela.pt\/#\/schema\/person\/c4278d4a6028830caff9ee44b42d32ed"},"breadcrumb":{"@id":"https:\/\/portaltela.pt\/noticias\/2026\/03\/14\/mariana-monteiro-volta-a-deslumbrar-desta-vez-com-temperaturas-negativas\/#breadcrumb"},"inLanguage":"pt-PT","potentialAction":[{"@type":"ReadAction","target":["https:\/\/portaltela.pt\/noticias\/2026\/03\/14\/mariana-monteiro-volta-a-deslumbrar-desta-vez-com-temperaturas-negativas\/"]}]},{"@type":"ImageObject","inLanguage":"pt-PT","@id":"https:\/\/portaltela.pt\/noticias\/2026\/03\/14\/mariana-monteiro-volta-a-deslumbrar-desta-vez-com-temperaturas-negativas\/#primaryimage","url":"https:\/\/portaltela.pt\/s.01k8rhncp4jt1\/2026\/03\/img_1280x718uu2026-03-10-11-49-22-2271512.jpg","contentUrl":"https:\/\/portaltela.pt\/s.01k8rhncp4jt1\/2026\/03\/img_1280x718uu2026-03-10-11-49-22-2271512.jpg","width":796,"height":448,"caption":"Mariana Monteiro aproveita as f\u00e9rias na neve com Bruno Gon\u00e7alves"},{"@type":"BreadcrumbList","@id":"https:\/\/portaltela.pt\/noticias\/2026\/03\/14\/mariana-monteiro-volta-a-deslumbrar-desta-vez-com-temperaturas-negativas\/#breadcrumb","itemListElement":[{"@type":"ListItem","position":1,"name":"In\u00edcio","item":"https:\/\/portaltela.pt\/"},{"@type":"ListItem","position":2,"name":"Mariana Monteiro volta a deslumbrar, desta vez com temperaturas negativas"}]},{"@type":"WebSite","@id":"https:\/\/portaltela.pt\/#website","url":"https:\/\/portaltela.pt\/","name":"Portal Tela Portugal","description":"","potentialAction":[{"@type":"SearchAction","target":{"@type":"EntryPoint","urlTemplate":"https:\/\/portaltela.pt\/?s={search_term_string}"},"query-input":{"@type":"PropertyValueSpecification","valueRequired":true,"valueName":"search_term_string"}}],"inLanguage":"pt-PT"},{"@type":"Person","@id":"https:\/\/portaltela.pt\/#\/schema\/person\/c4278d4a6028830caff9ee44b42d32ed","name":"Telinha","image":{"@type":"ImageObject","inLanguage":"pt-PT","@id":"https:\/\/portaltela.pt\/s.01k8rhncp4jt1\/2025\/11\/talking-bot-125x125.png","url":"https:\/\/portaltela.pt\/s.01k8rhncp4jt1\/2025\/11\/talking-bot-125x125.png","contentUrl":"https:\/\/portaltela.pt\/s.01k8rhncp4jt1\/2025\/11\/talking-bot-125x125.png","caption":"Telinha"},"sameAs":["https:\/\/portaltela.pt\/"],"url":"https:\/\/portaltela.pt\/por\/367410592786\/"}]}},"_links":{"self":[{"href":"https:\/\/portaltela.pt\/api\/wp\/v2\/posts\/410363","targetHints":{"allow":["GET"]}}],"collection":[{"href":"https:\/\/portaltela.pt\/api\/wp\/v2\/posts"}],"about":[{"href":"https:\/\/portaltela.pt\/api\/wp\/v2\/types\/post"}],"author":[{"embeddable":true,"href":"https:\/\/portaltela.pt\/api\/wp\/v2\/users\/2"}],"replies":[{"embeddable":true,"href":"https:\/\/portaltela.pt\/api\/wp\/v2\/comments?post=410363"}],"version-history":[{"count":0,"href":"https:\/\/portaltela.pt\/api\/wp\/v2\/posts\/410363\/revisions"}],"wp:featuredmedia":[{"embeddable":true,"href":"https:\/\/portaltela.pt\/api\/wp\/v2\/media\/410366"}],"wp:attachment":[{"href":"https:\/\/portaltela.pt\/api\/wp\/v2\/media?parent=410363"}],"wp:term":[{"taxonomy":"category","embeddable":true,"href":"https:\/\/portaltela.pt\/api\/wp\/v2\/categories?post=410363"},{"taxonomy":"post_tag","embeddable":true,"href":"https:\/\/portaltela.pt\/api\/wp\/v2\/tags?post=410363"}],"curies":[{"name":"wp","href":"https:\/\/api.w.org\/{rel}","templated":true}]}}