{"id":410356,"date":"2026-03-14T17:53:00","date_gmt":"2026-03-14T20:53:00","guid":{"rendered":"https:\/\/portaltela.pt\/noticias\/2026\/03\/14\/golo-olimpico-de-ruben-oliveira-pelo-varzim-no-restelo\/"},"modified":"2026-03-14T17:53:00","modified_gmt":"2026-03-14T20:53:00","slug":"golo-olimpico-de-ruben-oliveira-pelo-varzim-no-restelo","status":"publish","type":"post","link":"https:\/\/portaltela.pt\/desporto\/futebol\/2026\/03\/14\/golo-olimpico-de-ruben-oliveira-pelo-varzim-no-restelo\/","title":{"rendered":"Golo ol\u00edmpico de R\u00faben Oliveira pelo Varzim no Restelo"},"content":{"rendered":"<p>No Est\u00e1dio do Restelo, em Lisboa, Belenenses e Varzim disputaram a fase de subida\/apuramento de campe\u00e3o da Liga 3. Aos 18 minutos, o Varzim empatou o jogo quando R\u00faben Martins marcou de canto direto.<\/p>\n<p>O lance arrancou na \u00e1rea advers\u00e1ria, com o remate a partir de um canto que surpreendeu defesa e p\u00fablico no Restelo. Foi considerado um golo ol\u00edmpico pela vivacidade da jogada.<\/p>\n<p>R\u00faben Martins, m\u00e9dio dos poveiros, foi o autor do golo que igualou a eliminat\u00f3ria a 1-1, num dos mais destacadas da atual edi\u00e7\u00e3o da competi\u00e7\u00e3o.<\/p>\n<p>Este encontro insere-se na luta pelo t\u00edtulo da Liga 3, com Belenenses e Varzim a procurar vantagem na fase final da subida. O jogo mostrou equil\u00edbrio entre as duas forma\u00e7\u00f5es.<\/p>\n<ul>\n<li>Foto: Frame Canal 11<\/li>\n<\/ul>\n","protected":false},"excerpt":{"rendered":"<ul>\n<li>Em jogo da fase de subida\/apuramento de campe\u00e3o da Liga 3, Belenenses recebeu o Varzim no Est\u00e1dio do Restelo.<\/li>\n<li>Aos 18 minutos, com o Belenenses a vencer 1-0, o m\u00e9dio R\u00faben Martins marcou um golo ol\u00edmpico de canto direto.<\/li>\n<li>O lance empatou a partida, dando for\u00e7a ao Varzim na persegui\u00e7\u00e3o ao resultado.<\/li>\n<li>O golo filtrou-se entre os momentos mais marcantes da jornada no Restelo.<\/li>\n<\/ul>\n","protected":false},"author":2,"featured_media":410357,"comment_status":"closed","ping_status":"closed","sticky":false,"template":"","format":"standard","meta":{"footnotes":""},"categories":[21,24],"tags":[4925,32,1786,981,3398],"class_list":["post-410356","post","type-post","status-publish","format-standard","has-post-thumbnail","hentry","category-desporto","category-futebol","tag-belenenses","tag-futebol","tag-liga","tag-lisboa","tag-varzim"],"yoast_head":"<!-- This site is optimized with the Yoast SEO plugin v27.2 - https:\/\/yoast.com\/product\/yoast-seo-wordpress\/ -->\n<title>Golo ol\u00edmpico de R\u00faben Oliveira pelo Varzim no Restelo - Portal Tela Portugal<\/title>\n<meta name=\"robots\" content=\"index, follow, max-snippet:-1, max-image-preview:large, max-video-preview:-1\" \/>\n<meta property=\"og:locale\" content=\"pt_PT\" \/>\n<meta property=\"og:type\" content=\"article\" \/>\n<meta property=\"og:title\" content=\"Golo ol\u00edmpico de R\u00faben Oliveira pelo Varzim no Restelo - Portal Tela Portugal\" \/>\n<meta property=\"og:description\" content=\"Em jogo da fase de subida\/apuramento de campe\u00e3o da Liga 3, Belenenses recebeu o Varzim no Est\u00e1dio do Restelo. Aos 18 minutos, com o Belenenses a vencer 1-0, o m\u00e9dio R\u00faben Martins marcou um golo ol\u00edmpico de canto direto. O lance empatou a partida, dando for\u00e7a ao Varzim na persegui\u00e7\u00e3o ao resultado. O golo filtrou-se entre os momentos mais marcantes da jornada no Restelo.\" \/>\n<meta property=\"og:url\" content=\"https:\/\/portaltela.pt\/noticias\/2026\/03\/14\/golo-olimpico-de-ruben-oliveira-pelo-varzim-no-restelo\/\" \/>\n<meta property=\"og:site_name\" content=\"Portal Tela Portugal\" \/>\n<meta property=\"article:published_time\" content=\"2026-03-14T20:53:00+00:00\" \/>\n<meta name=\"author\" content=\"Telinha\" \/>\n<meta name=\"twitter:card\" content=\"summary_large_image\" \/>\n<meta name=\"twitter:label1\" content=\"Escrito por\" \/>\n\t<meta name=\"twitter:data1\" content=\"Telinha\" \/>\n\t<meta name=\"twitter:label2\" content=\"Tempo estimado de leitura\" \/>\n\t<meta name=\"twitter:data2\" content=\"1 minuto\" \/>\n<script type=\"application\/ld+json\" class=\"yoast-schema-graph\">{\"@context\":\"https:\/\/schema.org\",\"@graph\":[{\"@type\":\"Article\",\"@id\":\"https:\/\/portaltela.pt\/noticias\/2026\/03\/14\/golo-olimpico-de-ruben-oliveira-pelo-varzim-no-restelo\/#article\",\"isPartOf\":{\"@id\":\"https:\/\/portaltela.pt\/noticias\/2026\/03\/14\/golo-olimpico-de-ruben-oliveira-pelo-varzim-no-restelo\/\"},\"author\":{\"name\":\"Telinha\",\"@id\":\"https:\/\/portaltela.pt\/#\/schema\/person\/c4278d4a6028830caff9ee44b42d32ed\"},\"headline\":\"Golo ol\u00edmpico de R\u00faben Oliveira pelo Varzim no Restelo\",\"datePublished\":\"2026-03-14T20:53:00+00:00\",\"mainEntityOfPage\":{\"@id\":\"https:\/\/portaltela.pt\/noticias\/2026\/03\/14\/golo-olimpico-de-ruben-oliveira-pelo-varzim-no-restelo\/\"},\"wordCount\":145,\"image\":{\"@id\":\"https:\/\/portaltela.pt\/noticias\/2026\/03\/14\/golo-olimpico-de-ruben-oliveira-pelo-varzim-no-restelo\/#primaryimage\"},\"thumbnailUrl\":\"https:\/\/portaltela.pt\/s.01k8rhncp4jt1\/2026\/03\/img_920x518uu2026-03-14-20-48-34-2426934.jpg\",\"keywords\":[\"Belenenses\",\"futebol\",\"Liga\",\"Lisboa\",\"Varzim\"],\"articleSection\":[\"Desporto\",\"Futebol\"],\"inLanguage\":\"pt-PT\"},{\"@type\":\"WebPage\",\"@id\":\"https:\/\/portaltela.pt\/noticias\/2026\/03\/14\/golo-olimpico-de-ruben-oliveira-pelo-varzim-no-restelo\/\",\"url\":\"https:\/\/portaltela.pt\/noticias\/2026\/03\/14\/golo-olimpico-de-ruben-oliveira-pelo-varzim-no-restelo\/\",\"name\":\"Golo ol\u00edmpico de R\u00faben Oliveira pelo Varzim no Restelo - Portal Tela Portugal\",\"isPartOf\":{\"@id\":\"https:\/\/portaltela.pt\/#website\"},\"primaryImageOfPage\":{\"@id\":\"https:\/\/portaltela.pt\/noticias\/2026\/03\/14\/golo-olimpico-de-ruben-oliveira-pelo-varzim-no-restelo\/#primaryimage\"},\"image\":{\"@id\":\"https:\/\/portaltela.pt\/noticias\/2026\/03\/14\/golo-olimpico-de-ruben-oliveira-pelo-varzim-no-restelo\/#primaryimage\"},\"thumbnailUrl\":\"https:\/\/portaltela.pt\/s.01k8rhncp4jt1\/2026\/03\/img_920x518uu2026-03-14-20-48-34-2426934.jpg\",\"datePublished\":\"2026-03-14T20:53:00+00:00\",\"author\":{\"@id\":\"https:\/\/portaltela.pt\/#\/schema\/person\/c4278d4a6028830caff9ee44b42d32ed\"},\"breadcrumb\":{\"@id\":\"https:\/\/portaltela.pt\/noticias\/2026\/03\/14\/golo-olimpico-de-ruben-oliveira-pelo-varzim-no-restelo\/#breadcrumb\"},\"inLanguage\":\"pt-PT\",\"potentialAction\":[{\"@type\":\"ReadAction\",\"target\":[\"https:\/\/portaltela.pt\/noticias\/2026\/03\/14\/golo-olimpico-de-ruben-oliveira-pelo-varzim-no-restelo\/\"]}]},{\"@type\":\"ImageObject\",\"inLanguage\":\"pt-PT\",\"@id\":\"https:\/\/portaltela.pt\/noticias\/2026\/03\/14\/golo-olimpico-de-ruben-oliveira-pelo-varzim-no-restelo\/#primaryimage\",\"url\":\"https:\/\/portaltela.pt\/s.01k8rhncp4jt1\/2026\/03\/img_920x518uu2026-03-14-20-48-34-2426934.jpg\",\"contentUrl\":\"https:\/\/portaltela.pt\/s.01k8rhncp4jt1\/2026\/03\/img_920x518uu2026-03-14-20-48-34-2426934.jpg\",\"width\":796,\"height\":448,\"caption\":\"Belenenses e Varzim em duelo da fase de subida\/apuramento de campe\u00e3o\"},{\"@type\":\"BreadcrumbList\",\"@id\":\"https:\/\/portaltela.pt\/noticias\/2026\/03\/14\/golo-olimpico-de-ruben-oliveira-pelo-varzim-no-restelo\/#breadcrumb\",\"itemListElement\":[{\"@type\":\"ListItem\",\"position\":1,\"name\":\"In\u00edcio\",\"item\":\"https:\/\/portaltela.pt\/\"},{\"@type\":\"ListItem\",\"position\":2,\"name\":\"Golo ol\u00edmpico de R\u00faben Oliveira pelo Varzim no Restelo\"}]},{\"@type\":\"WebSite\",\"@id\":\"https:\/\/portaltela.pt\/#website\",\"url\":\"https:\/\/portaltela.pt\/\",\"name\":\"Portal Tela Portugal\",\"description\":\"\",\"potentialAction\":[{\"@type\":\"SearchAction\",\"target\":{\"@type\":\"EntryPoint\",\"urlTemplate\":\"https:\/\/portaltela.pt\/?s={search_term_string}\"},\"query-input\":{\"@type\":\"PropertyValueSpecification\",\"valueRequired\":true,\"valueName\":\"search_term_string\"}}],\"inLanguage\":\"pt-PT\"},{\"@type\":\"Person\",\"@id\":\"https:\/\/portaltela.pt\/#\/schema\/person\/c4278d4a6028830caff9ee44b42d32ed\",\"name\":\"Telinha\",\"image\":{\"@type\":\"ImageObject\",\"inLanguage\":\"pt-PT\",\"@id\":\"https:\/\/portaltela.pt\/s.01k8rhncp4jt1\/2025\/11\/talking-bot-125x125.png\",\"url\":\"https:\/\/portaltela.pt\/s.01k8rhncp4jt1\/2025\/11\/talking-bot-125x125.png\",\"contentUrl\":\"https:\/\/portaltela.pt\/s.01k8rhncp4jt1\/2025\/11\/talking-bot-125x125.png\",\"caption\":\"Telinha\"},\"sameAs\":[\"https:\/\/portaltela.pt\/\"],\"url\":\"https:\/\/portaltela.pt\/por\/367410592786\/\"}]}<\/script>\n<!-- \/ Yoast SEO plugin. -->","yoast_head_json":{"title":"Golo ol\u00edmpico de R\u00faben Oliveira pelo Varzim no Restelo - Portal Tela Portugal","robots":{"index":"index","follow":"follow","max-snippet":"max-snippet:-1","max-image-preview":"max-image-preview:large","max-video-preview":"max-video-preview:-1"},"og_locale":"pt_PT","og_type":"article","og_title":"Golo ol\u00edmpico de R\u00faben Oliveira pelo Varzim no Restelo - Portal Tela Portugal","og_description":"Em jogo da fase de subida\/apuramento de campe\u00e3o da Liga 3, Belenenses recebeu o Varzim no Est\u00e1dio do Restelo. Aos 18 minutos, com o Belenenses a vencer 1-0, o m\u00e9dio R\u00faben Martins marcou um golo ol\u00edmpico de canto direto. O lance empatou a partida, dando for\u00e7a ao Varzim na persegui\u00e7\u00e3o ao resultado. O golo filtrou-se entre os momentos mais marcantes da jornada no Restelo.","og_url":"https:\/\/portaltela.pt\/noticias\/2026\/03\/14\/golo-olimpico-de-ruben-oliveira-pelo-varzim-no-restelo\/","og_site_name":"Portal Tela Portugal","article_published_time":"2026-03-14T20:53:00+00:00","author":"Telinha","twitter_card":"summary_large_image","twitter_misc":{"Escrito por":"Telinha","Tempo estimado de leitura":"1 minuto"},"schema":{"@context":"https:\/\/schema.org","@graph":[{"@type":"Article","@id":"https:\/\/portaltela.pt\/noticias\/2026\/03\/14\/golo-olimpico-de-ruben-oliveira-pelo-varzim-no-restelo\/#article","isPartOf":{"@id":"https:\/\/portaltela.pt\/noticias\/2026\/03\/14\/golo-olimpico-de-ruben-oliveira-pelo-varzim-no-restelo\/"},"author":{"name":"Telinha","@id":"https:\/\/portaltela.pt\/#\/schema\/person\/c4278d4a6028830caff9ee44b42d32ed"},"headline":"Golo ol\u00edmpico de R\u00faben Oliveira pelo Varzim no Restelo","datePublished":"2026-03-14T20:53:00+00:00","mainEntityOfPage":{"@id":"https:\/\/portaltela.pt\/noticias\/2026\/03\/14\/golo-olimpico-de-ruben-oliveira-pelo-varzim-no-restelo\/"},"wordCount":145,"image":{"@id":"https:\/\/portaltela.pt\/noticias\/2026\/03\/14\/golo-olimpico-de-ruben-oliveira-pelo-varzim-no-restelo\/#primaryimage"},"thumbnailUrl":"https:\/\/portaltela.pt\/s.01k8rhncp4jt1\/2026\/03\/img_920x518uu2026-03-14-20-48-34-2426934.jpg","keywords":["Belenenses","futebol","Liga","Lisboa","Varzim"],"articleSection":["Desporto","Futebol"],"inLanguage":"pt-PT"},{"@type":"WebPage","@id":"https:\/\/portaltela.pt\/noticias\/2026\/03\/14\/golo-olimpico-de-ruben-oliveira-pelo-varzim-no-restelo\/","url":"https:\/\/portaltela.pt\/noticias\/2026\/03\/14\/golo-olimpico-de-ruben-oliveira-pelo-varzim-no-restelo\/","name":"Golo ol\u00edmpico de R\u00faben Oliveira pelo Varzim no Restelo - Portal Tela Portugal","isPartOf":{"@id":"https:\/\/portaltela.pt\/#website"},"primaryImageOfPage":{"@id":"https:\/\/portaltela.pt\/noticias\/2026\/03\/14\/golo-olimpico-de-ruben-oliveira-pelo-varzim-no-restelo\/#primaryimage"},"image":{"@id":"https:\/\/portaltela.pt\/noticias\/2026\/03\/14\/golo-olimpico-de-ruben-oliveira-pelo-varzim-no-restelo\/#primaryimage"},"thumbnailUrl":"https:\/\/portaltela.pt\/s.01k8rhncp4jt1\/2026\/03\/img_920x518uu2026-03-14-20-48-34-2426934.jpg","datePublished":"2026-03-14T20:53:00+00:00","author":{"@id":"https:\/\/portaltela.pt\/#\/schema\/person\/c4278d4a6028830caff9ee44b42d32ed"},"breadcrumb":{"@id":"https:\/\/portaltela.pt\/noticias\/2026\/03\/14\/golo-olimpico-de-ruben-oliveira-pelo-varzim-no-restelo\/#breadcrumb"},"inLanguage":"pt-PT","potentialAction":[{"@type":"ReadAction","target":["https:\/\/portaltela.pt\/noticias\/2026\/03\/14\/golo-olimpico-de-ruben-oliveira-pelo-varzim-no-restelo\/"]}]},{"@type":"ImageObject","inLanguage":"pt-PT","@id":"https:\/\/portaltela.pt\/noticias\/2026\/03\/14\/golo-olimpico-de-ruben-oliveira-pelo-varzim-no-restelo\/#primaryimage","url":"https:\/\/portaltela.pt\/s.01k8rhncp4jt1\/2026\/03\/img_920x518uu2026-03-14-20-48-34-2426934.jpg","contentUrl":"https:\/\/portaltela.pt\/s.01k8rhncp4jt1\/2026\/03\/img_920x518uu2026-03-14-20-48-34-2426934.jpg","width":796,"height":448,"caption":"Belenenses e Varzim em duelo da fase de subida\/apuramento de campe\u00e3o"},{"@type":"BreadcrumbList","@id":"https:\/\/portaltela.pt\/noticias\/2026\/03\/14\/golo-olimpico-de-ruben-oliveira-pelo-varzim-no-restelo\/#breadcrumb","itemListElement":[{"@type":"ListItem","position":1,"name":"In\u00edcio","item":"https:\/\/portaltela.pt\/"},{"@type":"ListItem","position":2,"name":"Golo ol\u00edmpico de R\u00faben Oliveira pelo Varzim no Restelo"}]},{"@type":"WebSite","@id":"https:\/\/portaltela.pt\/#website","url":"https:\/\/portaltela.pt\/","name":"Portal Tela Portugal","description":"","potentialAction":[{"@type":"SearchAction","target":{"@type":"EntryPoint","urlTemplate":"https:\/\/portaltela.pt\/?s={search_term_string}"},"query-input":{"@type":"PropertyValueSpecification","valueRequired":true,"valueName":"search_term_string"}}],"inLanguage":"pt-PT"},{"@type":"Person","@id":"https:\/\/portaltela.pt\/#\/schema\/person\/c4278d4a6028830caff9ee44b42d32ed","name":"Telinha","image":{"@type":"ImageObject","inLanguage":"pt-PT","@id":"https:\/\/portaltela.pt\/s.01k8rhncp4jt1\/2025\/11\/talking-bot-125x125.png","url":"https:\/\/portaltela.pt\/s.01k8rhncp4jt1\/2025\/11\/talking-bot-125x125.png","contentUrl":"https:\/\/portaltela.pt\/s.01k8rhncp4jt1\/2025\/11\/talking-bot-125x125.png","caption":"Telinha"},"sameAs":["https:\/\/portaltela.pt\/"],"url":"https:\/\/portaltela.pt\/por\/367410592786\/"}]}},"_links":{"self":[{"href":"https:\/\/portaltela.pt\/api\/wp\/v2\/posts\/410356","targetHints":{"allow":["GET"]}}],"collection":[{"href":"https:\/\/portaltela.pt\/api\/wp\/v2\/posts"}],"about":[{"href":"https:\/\/portaltela.pt\/api\/wp\/v2\/types\/post"}],"author":[{"embeddable":true,"href":"https:\/\/portaltela.pt\/api\/wp\/v2\/users\/2"}],"replies":[{"embeddable":true,"href":"https:\/\/portaltela.pt\/api\/wp\/v2\/comments?post=410356"}],"version-history":[{"count":0,"href":"https:\/\/portaltela.pt\/api\/wp\/v2\/posts\/410356\/revisions"}],"wp:featuredmedia":[{"embeddable":true,"href":"https:\/\/portaltela.pt\/api\/wp\/v2\/media\/410357"}],"wp:attachment":[{"href":"https:\/\/portaltela.pt\/api\/wp\/v2\/media?parent=410356"}],"wp:term":[{"taxonomy":"category","embeddable":true,"href":"https:\/\/portaltela.pt\/api\/wp\/v2\/categories?post=410356"},{"taxonomy":"post_tag","embeddable":true,"href":"https:\/\/portaltela.pt\/api\/wp\/v2\/tags?post=410356"}],"curies":[{"name":"wp","href":"https:\/\/api.w.org\/{rel}","templated":true}]}}