{"id":410347,"date":"2026-03-14T17:31:00","date_gmt":"2026-03-14T20:31:00","guid":{"rendered":"https:\/\/portaltela.pt\/noticias\/2026\/03\/14\/autarquicas-em-franca-refugio-para-politicos-de-carreira-inclusive-condenados\/"},"modified":"2026-03-14T17:31:00","modified_gmt":"2026-03-14T20:31:00","slug":"autarquicas-em-franca-refugio-para-politicos-de-carreira-inclusive-condenados","status":"publish","type":"post","link":"https:\/\/portaltela.pt\/noticias\/politica\/2026\/03\/14\/autarquicas-em-franca-refugio-para-politicos-de-carreira-inclusive-condenados\/","title":{"rendered":"Aut\u00e1rquicas em Fran\u00e7a: ref\u00fagio para pol\u00edticos de carreira, inclusive condenados"},"content":{"rendered":"<p>As elei\u00e7\u00f5es municipais em Fran\u00e7a arrancam no pr\u00f3ximo dia 15, com 35 mil comunas em disputa. A primeira volta ocorre no domingo seguinte, e a segunda no dia 22, num escrut\u00ednio que re\u00fane candidatos de v\u00e1rias carreiras pol\u00edticas.<\/p>\n<p>Entre as candidaturas a tempo inteiro, surge a demiss\u00e3o de Rachida Dati, da \u00e1rea da Cultura, que comunicou a decis\u00e3o a Emmanuel Macron na \u00faltima sexta-feira de Fevereiro. A ex-ministra aponta Paris como o seu foco principal e pretende concorrer \u00e0 C\u00e2mara Municipal da capital.<\/p>\n<p>O fen\u00f3meno \u00e9 acompanhado por uma presen\u00e7a dominante de pol\u00edticos de carreira que concorrem sob v\u00e1rias fa\u00e7\u00f5es. Em Perpignan, o l\u00edder do partido de extrema-direita Uni\u00e3o Nacional, Louis Aliot, enfrenta uma candidatura de reelei\u00e7\u00e3o, ap\u00f3s ter sido condenado por desvio de fundos europeus.<\/p>\n<p>A elei\u00e7\u00e3o municipal em Fran\u00e7a ocorre em contexto de alto escrut\u00ednio p\u00fablico, com a cobertura televisiva a enfatizar a experi\u00eancia pol\u00edtica dos candidatos e as suas promessas de governa\u00e7\u00e3o local. As listas disputam 35 mil comunas, numa corrida marcada pela reputa\u00e7\u00e3o e pela capacidade de gest\u00e3o.<\/p>\n","protected":false},"excerpt":{"rendered":"<ul>\n<li>As aut\u00e1rquicas em Fran\u00e7a arrancam no dia quinze, com a primeira volta neste domingo e a segunda no dia vinte e dois, em trinta e cinco mil comunas em disputa.<\/li>\n<li>A corrida \u00e0 c\u00e2mara de Paris ganhou uma nova candidata a tempo inteiro, a conservadora Rachida Dati, que demitiu-se da pasta da Cultura para contestar a capital francesa.<\/li>\n<li>Dati disse \u00e0 BFMTV que a batalha de Paris \u00e9 \u201ca batalha da minha vida\u201d e que o cargo \u00e9 o seu objetivo principal.<\/li>\n<li>Louis Aliot, do partido Uni\u00e3o Nacional (extrema-direita), foi condenado por desvio de fundos europeus, mas procura a reelei\u00e7\u00e3o em Perpignan.<\/li>\n<li>O processo de favoritismo e respeito pelas regras continua a moldar o cen\u00e1rio das aut\u00e1rquicas francesas, com candidaturas de carreira a manterem-se em destaque.<\/li>\n<\/ul>\n","protected":false},"author":2,"featured_media":410350,"comment_status":"closed","ping_status":"closed","sticky":false,"template":"","format":"standard","meta":{"footnotes":""},"categories":[6912,5],"tags":[5480,5757,68,5517,1856,2832],"class_list":["post-410347","post","type-post","status-publish","format-standard","has-post-thumbnail","hentry","category-internacionais","category-politica","tag-condenacoes","tag-demissao","tag-eleicoes","tag-extrema-direita","tag-franca","tag-politica"],"yoast_head":"<!-- This site is optimized with the Yoast SEO plugin v27.2 - https:\/\/yoast.com\/product\/yoast-seo-wordpress\/ -->\n<title>Aut\u00e1rquicas em Fran\u00e7a: ref\u00fagio para pol\u00edticos de carreira, inclusive condenados - Portal Tela Portugal<\/title>\n<meta name=\"robots\" content=\"index, follow, max-snippet:-1, max-image-preview:large, max-video-preview:-1\" \/>\n<meta property=\"og:locale\" content=\"pt_PT\" \/>\n<meta property=\"og:type\" content=\"article\" \/>\n<meta property=\"og:title\" content=\"Aut\u00e1rquicas em Fran\u00e7a: ref\u00fagio para pol\u00edticos de carreira, inclusive condenados - Portal Tela Portugal\" \/>\n<meta property=\"og:description\" content=\"As aut\u00e1rquicas em Fran\u00e7a arrancam no dia quinze, com a primeira volta neste domingo e a segunda no dia vinte e dois, em trinta e cinco mil comunas em disputa. A corrida \u00e0 c\u00e2mara de Paris ganhou uma nova candidata a tempo inteiro, a conservadora Rachida Dati, que demitiu-se da pasta da Cultura para contestar a capital francesa. Dati disse \u00e0 BFMTV que a batalha de Paris \u00e9 \u201ca batalha da minha vida\u201d e que o cargo \u00e9 o seu objetivo principal. Louis Aliot, do partido Uni\u00e3o Nacional (extrema-direita), foi condenado por desvio de fundos europeus, mas procura a reelei\u00e7\u00e3o em Perpignan. O processo de favoritismo e respeito pelas regras continua a moldar o cen\u00e1rio das aut\u00e1rquicas francesas, com candidaturas de carreira a manterem-se em destaque.\" \/>\n<meta property=\"og:url\" content=\"https:\/\/portaltela.pt\/noticias\/2026\/03\/14\/autarquicas-em-franca-refugio-para-politicos-de-carreira-inclusive-condenados\/\" \/>\n<meta property=\"og:site_name\" content=\"Portal Tela Portugal\" \/>\n<meta property=\"article:published_time\" content=\"2026-03-14T20:31:00+00:00\" \/>\n<meta name=\"author\" content=\"Telinha\" \/>\n<meta name=\"twitter:card\" content=\"summary_large_image\" \/>\n<meta name=\"twitter:label1\" content=\"Escrito por\" \/>\n\t<meta name=\"twitter:data1\" content=\"Telinha\" \/>\n\t<meta name=\"twitter:label2\" content=\"Tempo estimado de leitura\" \/>\n\t<meta name=\"twitter:data2\" content=\"1 minuto\" \/>\n<script type=\"application\/ld+json\" class=\"yoast-schema-graph\">{\"@context\":\"https:\/\/schema.org\",\"@graph\":[{\"@type\":\"Article\",\"@id\":\"https:\/\/portaltela.pt\/noticias\/2026\/03\/14\/autarquicas-em-franca-refugio-para-politicos-de-carreira-inclusive-condenados\/#article\",\"isPartOf\":{\"@id\":\"https:\/\/portaltela.pt\/noticias\/2026\/03\/14\/autarquicas-em-franca-refugio-para-politicos-de-carreira-inclusive-condenados\/\"},\"author\":{\"name\":\"Telinha\",\"@id\":\"https:\/\/portaltela.pt\/#\/schema\/person\/c4278d4a6028830caff9ee44b42d32ed\"},\"headline\":\"Aut\u00e1rquicas em Fran\u00e7a: ref\u00fagio para pol\u00edticos de carreira, inclusive condenados\",\"datePublished\":\"2026-03-14T20:31:00+00:00\",\"mainEntityOfPage\":{\"@id\":\"https:\/\/portaltela.pt\/noticias\/2026\/03\/14\/autarquicas-em-franca-refugio-para-politicos-de-carreira-inclusive-condenados\/\"},\"wordCount\":208,\"image\":{\"@id\":\"https:\/\/portaltela.pt\/noticias\/2026\/03\/14\/autarquicas-em-franca-refugio-para-politicos-de-carreira-inclusive-condenados\/#primaryimage\"},\"thumbnailUrl\":\"https:\/\/portaltela.pt\/s.01k8rhncp4jt1\/2026\/03\/2072230.jpg\",\"keywords\":[\"condena\u00e7\u00f5es\",\"demiss\u00e3o\",\"elei\u00e7\u00f5es\",\"extrema-direita\",\"Fran\u00e7a\",\"pol\u00edtica\"],\"articleSection\":[\"Internacionais\",\"Pol\u00edtica\"],\"inLanguage\":\"pt-PT\"},{\"@type\":\"WebPage\",\"@id\":\"https:\/\/portaltela.pt\/noticias\/2026\/03\/14\/autarquicas-em-franca-refugio-para-politicos-de-carreira-inclusive-condenados\/\",\"url\":\"https:\/\/portaltela.pt\/noticias\/2026\/03\/14\/autarquicas-em-franca-refugio-para-politicos-de-carreira-inclusive-condenados\/\",\"name\":\"Aut\u00e1rquicas em Fran\u00e7a: ref\u00fagio para pol\u00edticos de carreira, inclusive condenados - Portal Tela Portugal\",\"isPartOf\":{\"@id\":\"https:\/\/portaltela.pt\/#website\"},\"primaryImageOfPage\":{\"@id\":\"https:\/\/portaltela.pt\/noticias\/2026\/03\/14\/autarquicas-em-franca-refugio-para-politicos-de-carreira-inclusive-condenados\/#primaryimage\"},\"image\":{\"@id\":\"https:\/\/portaltela.pt\/noticias\/2026\/03\/14\/autarquicas-em-franca-refugio-para-politicos-de-carreira-inclusive-condenados\/#primaryimage\"},\"thumbnailUrl\":\"https:\/\/portaltela.pt\/s.01k8rhncp4jt1\/2026\/03\/2072230.jpg\",\"datePublished\":\"2026-03-14T20:31:00+00:00\",\"author\":{\"@id\":\"https:\/\/portaltela.pt\/#\/schema\/person\/c4278d4a6028830caff9ee44b42d32ed\"},\"breadcrumb\":{\"@id\":\"https:\/\/portaltela.pt\/noticias\/2026\/03\/14\/autarquicas-em-franca-refugio-para-politicos-de-carreira-inclusive-condenados\/#breadcrumb\"},\"inLanguage\":\"pt-PT\",\"potentialAction\":[{\"@type\":\"ReadAction\",\"target\":[\"https:\/\/portaltela.pt\/noticias\/2026\/03\/14\/autarquicas-em-franca-refugio-para-politicos-de-carreira-inclusive-condenados\/\"]}]},{\"@type\":\"ImageObject\",\"inLanguage\":\"pt-PT\",\"@id\":\"https:\/\/portaltela.pt\/noticias\/2026\/03\/14\/autarquicas-em-franca-refugio-para-politicos-de-carreira-inclusive-condenados\/#primaryimage\",\"url\":\"https:\/\/portaltela.pt\/s.01k8rhncp4jt1\/2026\/03\/2072230.jpg\",\"contentUrl\":\"https:\/\/portaltela.pt\/s.01k8rhncp4jt1\/2026\/03\/2072230.jpg\",\"width\":796,\"height\":448,\"caption\":\"Louis Aliot, do partido de extrema-direita Uni\u00e3o Nacional, foi condenado por desvio de fundos europeus mas tenta a reelei\u00e7\u00e3o em Perpignan\"},{\"@type\":\"BreadcrumbList\",\"@id\":\"https:\/\/portaltela.pt\/noticias\/2026\/03\/14\/autarquicas-em-franca-refugio-para-politicos-de-carreira-inclusive-condenados\/#breadcrumb\",\"itemListElement\":[{\"@type\":\"ListItem\",\"position\":1,\"name\":\"In\u00edcio\",\"item\":\"https:\/\/portaltela.pt\/\"},{\"@type\":\"ListItem\",\"position\":2,\"name\":\"Aut\u00e1rquicas em Fran\u00e7a: ref\u00fagio para pol\u00edticos de carreira, inclusive condenados\"}]},{\"@type\":\"WebSite\",\"@id\":\"https:\/\/portaltela.pt\/#website\",\"url\":\"https:\/\/portaltela.pt\/\",\"name\":\"Portal Tela Portugal\",\"description\":\"\",\"potentialAction\":[{\"@type\":\"SearchAction\",\"target\":{\"@type\":\"EntryPoint\",\"urlTemplate\":\"https:\/\/portaltela.pt\/?s={search_term_string}\"},\"query-input\":{\"@type\":\"PropertyValueSpecification\",\"valueRequired\":true,\"valueName\":\"search_term_string\"}}],\"inLanguage\":\"pt-PT\"},{\"@type\":\"Person\",\"@id\":\"https:\/\/portaltela.pt\/#\/schema\/person\/c4278d4a6028830caff9ee44b42d32ed\",\"name\":\"Telinha\",\"image\":{\"@type\":\"ImageObject\",\"inLanguage\":\"pt-PT\",\"@id\":\"https:\/\/portaltela.pt\/s.01k8rhncp4jt1\/2025\/11\/talking-bot-125x125.png\",\"url\":\"https:\/\/portaltela.pt\/s.01k8rhncp4jt1\/2025\/11\/talking-bot-125x125.png\",\"contentUrl\":\"https:\/\/portaltela.pt\/s.01k8rhncp4jt1\/2025\/11\/talking-bot-125x125.png\",\"caption\":\"Telinha\"},\"sameAs\":[\"https:\/\/portaltela.pt\/\"],\"url\":\"https:\/\/portaltela.pt\/por\/367410592786\/\"}]}<\/script>\n<!-- \/ Yoast SEO plugin. -->","yoast_head_json":{"title":"Aut\u00e1rquicas em Fran\u00e7a: ref\u00fagio para pol\u00edticos de carreira, inclusive condenados - Portal Tela Portugal","robots":{"index":"index","follow":"follow","max-snippet":"max-snippet:-1","max-image-preview":"max-image-preview:large","max-video-preview":"max-video-preview:-1"},"og_locale":"pt_PT","og_type":"article","og_title":"Aut\u00e1rquicas em Fran\u00e7a: ref\u00fagio para pol\u00edticos de carreira, inclusive condenados - Portal Tela Portugal","og_description":"As aut\u00e1rquicas em Fran\u00e7a arrancam no dia quinze, com a primeira volta neste domingo e a segunda no dia vinte e dois, em trinta e cinco mil comunas em disputa. A corrida \u00e0 c\u00e2mara de Paris ganhou uma nova candidata a tempo inteiro, a conservadora Rachida Dati, que demitiu-se da pasta da Cultura para contestar a capital francesa. Dati disse \u00e0 BFMTV que a batalha de Paris \u00e9 \u201ca batalha da minha vida\u201d e que o cargo \u00e9 o seu objetivo principal. Louis Aliot, do partido Uni\u00e3o Nacional (extrema-direita), foi condenado por desvio de fundos europeus, mas procura a reelei\u00e7\u00e3o em Perpignan. O processo de favoritismo e respeito pelas regras continua a moldar o cen\u00e1rio das aut\u00e1rquicas francesas, com candidaturas de carreira a manterem-se em destaque.","og_url":"https:\/\/portaltela.pt\/noticias\/2026\/03\/14\/autarquicas-em-franca-refugio-para-politicos-de-carreira-inclusive-condenados\/","og_site_name":"Portal Tela Portugal","article_published_time":"2026-03-14T20:31:00+00:00","author":"Telinha","twitter_card":"summary_large_image","twitter_misc":{"Escrito por":"Telinha","Tempo estimado de leitura":"1 minuto"},"schema":{"@context":"https:\/\/schema.org","@graph":[{"@type":"Article","@id":"https:\/\/portaltela.pt\/noticias\/2026\/03\/14\/autarquicas-em-franca-refugio-para-politicos-de-carreira-inclusive-condenados\/#article","isPartOf":{"@id":"https:\/\/portaltela.pt\/noticias\/2026\/03\/14\/autarquicas-em-franca-refugio-para-politicos-de-carreira-inclusive-condenados\/"},"author":{"name":"Telinha","@id":"https:\/\/portaltela.pt\/#\/schema\/person\/c4278d4a6028830caff9ee44b42d32ed"},"headline":"Aut\u00e1rquicas em Fran\u00e7a: ref\u00fagio para pol\u00edticos de carreira, inclusive condenados","datePublished":"2026-03-14T20:31:00+00:00","mainEntityOfPage":{"@id":"https:\/\/portaltela.pt\/noticias\/2026\/03\/14\/autarquicas-em-franca-refugio-para-politicos-de-carreira-inclusive-condenados\/"},"wordCount":208,"image":{"@id":"https:\/\/portaltela.pt\/noticias\/2026\/03\/14\/autarquicas-em-franca-refugio-para-politicos-de-carreira-inclusive-condenados\/#primaryimage"},"thumbnailUrl":"https:\/\/portaltela.pt\/s.01k8rhncp4jt1\/2026\/03\/2072230.jpg","keywords":["condena\u00e7\u00f5es","demiss\u00e3o","elei\u00e7\u00f5es","extrema-direita","Fran\u00e7a","pol\u00edtica"],"articleSection":["Internacionais","Pol\u00edtica"],"inLanguage":"pt-PT"},{"@type":"WebPage","@id":"https:\/\/portaltela.pt\/noticias\/2026\/03\/14\/autarquicas-em-franca-refugio-para-politicos-de-carreira-inclusive-condenados\/","url":"https:\/\/portaltela.pt\/noticias\/2026\/03\/14\/autarquicas-em-franca-refugio-para-politicos-de-carreira-inclusive-condenados\/","name":"Aut\u00e1rquicas em Fran\u00e7a: ref\u00fagio para pol\u00edticos de carreira, inclusive condenados - Portal Tela Portugal","isPartOf":{"@id":"https:\/\/portaltela.pt\/#website"},"primaryImageOfPage":{"@id":"https:\/\/portaltela.pt\/noticias\/2026\/03\/14\/autarquicas-em-franca-refugio-para-politicos-de-carreira-inclusive-condenados\/#primaryimage"},"image":{"@id":"https:\/\/portaltela.pt\/noticias\/2026\/03\/14\/autarquicas-em-franca-refugio-para-politicos-de-carreira-inclusive-condenados\/#primaryimage"},"thumbnailUrl":"https:\/\/portaltela.pt\/s.01k8rhncp4jt1\/2026\/03\/2072230.jpg","datePublished":"2026-03-14T20:31:00+00:00","author":{"@id":"https:\/\/portaltela.pt\/#\/schema\/person\/c4278d4a6028830caff9ee44b42d32ed"},"breadcrumb":{"@id":"https:\/\/portaltela.pt\/noticias\/2026\/03\/14\/autarquicas-em-franca-refugio-para-politicos-de-carreira-inclusive-condenados\/#breadcrumb"},"inLanguage":"pt-PT","potentialAction":[{"@type":"ReadAction","target":["https:\/\/portaltela.pt\/noticias\/2026\/03\/14\/autarquicas-em-franca-refugio-para-politicos-de-carreira-inclusive-condenados\/"]}]},{"@type":"ImageObject","inLanguage":"pt-PT","@id":"https:\/\/portaltela.pt\/noticias\/2026\/03\/14\/autarquicas-em-franca-refugio-para-politicos-de-carreira-inclusive-condenados\/#primaryimage","url":"https:\/\/portaltela.pt\/s.01k8rhncp4jt1\/2026\/03\/2072230.jpg","contentUrl":"https:\/\/portaltela.pt\/s.01k8rhncp4jt1\/2026\/03\/2072230.jpg","width":796,"height":448,"caption":"Louis Aliot, do partido de extrema-direita Uni\u00e3o Nacional, foi condenado por desvio de fundos europeus mas tenta a reelei\u00e7\u00e3o em Perpignan"},{"@type":"BreadcrumbList","@id":"https:\/\/portaltela.pt\/noticias\/2026\/03\/14\/autarquicas-em-franca-refugio-para-politicos-de-carreira-inclusive-condenados\/#breadcrumb","itemListElement":[{"@type":"ListItem","position":1,"name":"In\u00edcio","item":"https:\/\/portaltela.pt\/"},{"@type":"ListItem","position":2,"name":"Aut\u00e1rquicas em Fran\u00e7a: ref\u00fagio para pol\u00edticos de carreira, inclusive condenados"}]},{"@type":"WebSite","@id":"https:\/\/portaltela.pt\/#website","url":"https:\/\/portaltela.pt\/","name":"Portal Tela Portugal","description":"","potentialAction":[{"@type":"SearchAction","target":{"@type":"EntryPoint","urlTemplate":"https:\/\/portaltela.pt\/?s={search_term_string}"},"query-input":{"@type":"PropertyValueSpecification","valueRequired":true,"valueName":"search_term_string"}}],"inLanguage":"pt-PT"},{"@type":"Person","@id":"https:\/\/portaltela.pt\/#\/schema\/person\/c4278d4a6028830caff9ee44b42d32ed","name":"Telinha","image":{"@type":"ImageObject","inLanguage":"pt-PT","@id":"https:\/\/portaltela.pt\/s.01k8rhncp4jt1\/2025\/11\/talking-bot-125x125.png","url":"https:\/\/portaltela.pt\/s.01k8rhncp4jt1\/2025\/11\/talking-bot-125x125.png","contentUrl":"https:\/\/portaltela.pt\/s.01k8rhncp4jt1\/2025\/11\/talking-bot-125x125.png","caption":"Telinha"},"sameAs":["https:\/\/portaltela.pt\/"],"url":"https:\/\/portaltela.pt\/por\/367410592786\/"}]}},"_links":{"self":[{"href":"https:\/\/portaltela.pt\/api\/wp\/v2\/posts\/410347","targetHints":{"allow":["GET"]}}],"collection":[{"href":"https:\/\/portaltela.pt\/api\/wp\/v2\/posts"}],"about":[{"href":"https:\/\/portaltela.pt\/api\/wp\/v2\/types\/post"}],"author":[{"embeddable":true,"href":"https:\/\/portaltela.pt\/api\/wp\/v2\/users\/2"}],"replies":[{"embeddable":true,"href":"https:\/\/portaltela.pt\/api\/wp\/v2\/comments?post=410347"}],"version-history":[{"count":0,"href":"https:\/\/portaltela.pt\/api\/wp\/v2\/posts\/410347\/revisions"}],"wp:featuredmedia":[{"embeddable":true,"href":"https:\/\/portaltela.pt\/api\/wp\/v2\/media\/410350"}],"wp:attachment":[{"href":"https:\/\/portaltela.pt\/api\/wp\/v2\/media?parent=410347"}],"wp:term":[{"taxonomy":"category","embeddable":true,"href":"https:\/\/portaltela.pt\/api\/wp\/v2\/categories?post=410347"},{"taxonomy":"post_tag","embeddable":true,"href":"https:\/\/portaltela.pt\/api\/wp\/v2\/tags?post=410347"}],"curies":[{"name":"wp","href":"https:\/\/api.w.org\/{rel}","templated":true}]}}