{"id":410346,"date":"2026-03-14T17:30:00","date_gmt":"2026-03-14T20:30:00","guid":{"rendered":"https:\/\/portaltela.pt\/noticias\/2026\/03\/14\/inspecao-da-educacao-arquiva-processo-de-assedio-contra-escola-de-capelo\/"},"modified":"2026-03-14T17:30:00","modified_gmt":"2026-03-14T20:30:00","slug":"inspecao-da-educacao-arquiva-processo-de-assedio-contra-escola-de-capelo","status":"publish","type":"post","link":"https:\/\/portaltela.pt\/seguranca\/2026\/03\/14\/inspecao-da-educacao-arquiva-processo-de-assedio-contra-escola-de-capelo\/","title":{"rendered":"Inspe\u00e7\u00e3o da Educa\u00e7\u00e3o arquiva processo de ass\u00e9dio contra escola de Capelo"},"content":{"rendered":"<p>A Inspe\u00e7\u00e3o-Geral da Educa\u00e7\u00e3o encerrou as averigua\u00e7\u00f5es \u00e0 ACE, a escola art\u00edstica fundada por Ant\u00f3nio Capelo, no Porto. O processou foi arquivado por n\u00e3o haver ind\u00edcios suficientes para confirmar as den\u00fancias. O despacho foi emitido a 29 de dezembro de 2025.<\/p>\n<p>As investiga\u00e7\u00f5es tinham aberto em setembro de 2025, ap\u00f3s den\u00fancias p\u00fablicas de ass\u00e9dio sexual e moral apresentadas por antigos alunos. Descreviam condutas ao longo de v\u00e1rios anos, com alegadas liga\u00e7\u00f5es a menores. O relat\u00f3rio foi encaminhado ao Minist\u00e9rio P\u00fablico.<\/p>\n<p>Capelo negou qualquer conduta impr\u00f3pria e escreveu que os gestos de proximidade tinham car\u00e1ter pedag\u00f3gico. Paralelamente, abriu uma queixa-crime contra a p\u00e1gina de Instagram que divulgou os relatos.<\/p>\n<p>A ACE cessou o v\u00ednculo de Capelo com a escola, e a dire\u00e7\u00e3o cessante apresentou a demiss\u00e3o. O cargo de gest\u00e3o passou a ficar apenas com a equipa provis\u00f3ria at\u00e9 \u00e0 elei\u00e7\u00e3o.<\/p>\n<h3>Nova dire\u00e7\u00e3o aposta em preven\u00e7\u00e3o e reconstru\u00e7\u00e3o da confian\u00e7a<\/h3>\n<p>A ACE elegeu nova dire\u00e7\u00e3o a 12 de fevereiro de 2026, liderada por In\u00eas Barbedo Maia, Lola Sousa e Liliana Moreira. As novas respons\u00e1veis v\u00e3o conduzir o projeto art\u00edstico e pedag\u00f3gico.<\/p>\n<p>Pretendem implementar c\u00f3digos de conduta, forma\u00e7\u00e3o e procedimentos internos para prevenir abusos. A prioridade \u00e9 criar mecanismos de prote\u00e7\u00e3o e assegurar a seguran\u00e7a de toda a comunidade educativa.<\/p>\n<p>A dire\u00e7\u00e3o sublinha a valoriza\u00e7\u00e3o de docentes, funcion\u00e1rios e alunos, o reencontro com antigos estudantes e a recupera\u00e7\u00e3o da reputa\u00e7\u00e3o da escola. Tamb\u00e9m visam fortalecer parcerias para manter a ACE como espa\u00e7o de ensino art\u00edstico seguro.<\/p>\n","protected":false},"excerpt":{"rendered":"<ul>\n<li>A Inspe\u00e7\u00e3o-Geral da Educa\u00e7\u00e3o e Ci\u00eancia arquivou o processo de averigua\u00e7\u00f5es sobre a ACE, com despacho de encerramento de 29 de dezembro de 2025, indicando aus\u00eancia de ind\u00edcios e envio do relat\u00f3rio ao Minist\u00e9rio P\u00fablico.<\/li>\n<li>As den\u00fancias partiram, sobretudo, de redes sociais, nomeadamente a p\u00e1gina de Instagram naotenhasmedo_, acusando Ant\u00f3nio Capelo de ass\u00e9dio ao longo de v\u00e1rios anos, incluindo casos envolvendo menores.<\/li>\n<li>O ator negou qualquer conduta impr\u00f3pria, afirmando que os gestos de proximidade tinham car\u00e1ter pedag\u00f3gico, e apresentou uma queixa-crime contra a p\u00e1gina que divulgou os relatos.<\/li>\n<li>Capelo deixou de estar ligado \u00e0 escola e a dire\u00e7\u00e3o em fun\u00e7\u00f5es apresentou demiss\u00e3o, at\u00e9 \u00e0 elei\u00e7\u00e3o de uma nova equipa em 12 de fevereiro de 2026.<\/li>\n<li>A nova dire\u00e7\u00e3o, composta por In\u00eas Barbedo Maia, Lola Sousa e Liliana Moreira, pretende implementar c\u00f3digos de conduta, forma\u00e7\u00e3o e mecanismos de prote\u00e7\u00e3o, visando prevenir ass\u00e9dio, recuperar a confian\u00e7a e refor\u00e7ar parcerias.<\/li>\n<\/ul>\n","protected":false},"author":2,"featured_media":410349,"comment_status":"closed","ping_status":"closed","sticky":false,"template":"","format":"standard","meta":{"footnotes":""},"categories":[1,6779],"tags":[5866,3200,163,2153,217,6425],"class_list":["post-410346","post","type-post","status-publish","format-standard","has-post-thumbnail","hentry","category-noticias","category-seguranca","tag-abusos","tag-assedio","tag-educacao","tag-educacao-escolar","tag-investigacao-criminal","tag-protecao-de-menores-dependentes-ou-em-situacao-vulneravel"],"yoast_head":"<!-- This site is optimized with the Yoast SEO plugin v27.2 - https:\/\/yoast.com\/product\/yoast-seo-wordpress\/ -->\n<title>Inspe\u00e7\u00e3o da Educa\u00e7\u00e3o arquiva processo de ass\u00e9dio contra escola de Capelo - Portal Tela Portugal<\/title>\n<meta name=\"robots\" content=\"index, follow, max-snippet:-1, max-image-preview:large, max-video-preview:-1\" \/>\n<meta property=\"og:locale\" content=\"pt_PT\" \/>\n<meta property=\"og:type\" content=\"article\" \/>\n<meta property=\"og:title\" content=\"Inspe\u00e7\u00e3o da Educa\u00e7\u00e3o arquiva processo de ass\u00e9dio contra escola de Capelo - Portal Tela Portugal\" \/>\n<meta property=\"og:description\" content=\"A Inspe\u00e7\u00e3o-Geral da Educa\u00e7\u00e3o e Ci\u00eancia arquivou o processo de averigua\u00e7\u00f5es sobre a ACE, com despacho de encerramento de 29 de dezembro de 2025, indicando aus\u00eancia de ind\u00edcios e envio do relat\u00f3rio ao Minist\u00e9rio P\u00fablico. As den\u00fancias partiram, sobretudo, de redes sociais, nomeadamente a p\u00e1gina de Instagram naotenhasmedo_, acusando Ant\u00f3nio Capelo de ass\u00e9dio ao longo de v\u00e1rios anos, incluindo casos envolvendo menores. O ator negou qualquer conduta impr\u00f3pria, afirmando que os gestos de proximidade tinham car\u00e1ter pedag\u00f3gico, e apresentou uma queixa-crime contra a p\u00e1gina que divulgou os relatos. Capelo deixou de estar ligado \u00e0 escola e a dire\u00e7\u00e3o em fun\u00e7\u00f5es apresentou demiss\u00e3o, at\u00e9 \u00e0 elei\u00e7\u00e3o de uma nova equipa em 12 de fevereiro de 2026. A nova dire\u00e7\u00e3o, composta por In\u00eas Barbedo Maia, Lola Sousa e Liliana Moreira, pretende implementar c\u00f3digos de conduta, forma\u00e7\u00e3o e mecanismos de prote\u00e7\u00e3o, visando prevenir ass\u00e9dio, recuperar a confian\u00e7a e refor\u00e7ar parcerias.\" \/>\n<meta property=\"og:url\" content=\"https:\/\/portaltela.pt\/noticias\/2026\/03\/14\/inspecao-da-educacao-arquiva-processo-de-assedio-contra-escola-de-capelo\/\" \/>\n<meta property=\"og:site_name\" content=\"Portal Tela Portugal\" \/>\n<meta property=\"article:published_time\" content=\"2026-03-14T20:30:00+00:00\" \/>\n<meta name=\"author\" content=\"Telinha\" \/>\n<meta name=\"twitter:card\" content=\"summary_large_image\" \/>\n<meta name=\"twitter:label1\" content=\"Escrito por\" \/>\n\t<meta name=\"twitter:data1\" content=\"Telinha\" \/>\n\t<meta name=\"twitter:label2\" content=\"Tempo estimado de leitura\" \/>\n\t<meta name=\"twitter:data2\" content=\"1 minuto\" \/>\n<script type=\"application\/ld+json\" class=\"yoast-schema-graph\">{\"@context\":\"https:\/\/schema.org\",\"@graph\":[{\"@type\":\"Article\",\"@id\":\"https:\/\/portaltela.pt\/noticias\/2026\/03\/14\/inspecao-da-educacao-arquiva-processo-de-assedio-contra-escola-de-capelo\/#article\",\"isPartOf\":{\"@id\":\"https:\/\/portaltela.pt\/noticias\/2026\/03\/14\/inspecao-da-educacao-arquiva-processo-de-assedio-contra-escola-de-capelo\/\"},\"author\":{\"name\":\"Telinha\",\"@id\":\"https:\/\/portaltela.pt\/#\/schema\/person\/c4278d4a6028830caff9ee44b42d32ed\"},\"headline\":\"Inspe\u00e7\u00e3o da Educa\u00e7\u00e3o arquiva processo de ass\u00e9dio contra escola de Capelo\",\"datePublished\":\"2026-03-14T20:30:00+00:00\",\"mainEntityOfPage\":{\"@id\":\"https:\/\/portaltela.pt\/noticias\/2026\/03\/14\/inspecao-da-educacao-arquiva-processo-de-assedio-contra-escola-de-capelo\/\"},\"wordCount\":300,\"image\":{\"@id\":\"https:\/\/portaltela.pt\/noticias\/2026\/03\/14\/inspecao-da-educacao-arquiva-processo-de-assedio-contra-escola-de-capelo\/#primaryimage\"},\"thumbnailUrl\":\"https:\/\/portaltela.pt\/s.01k8rhncp4jt1\/2026\/03\/e7f353ed-bda4-4f14-a830-d294316fd097_1200x675.jpg\",\"keywords\":[\"abusos\",\"ass\u00e9dio\",\"educa\u00e7\u00e3o\",\"educa\u00e7\u00e3o escolar\",\"investiga\u00e7\u00e3o criminal\",\"prote\u00e7\u00e3o de menores dependentes ou em situa\u00e7\u00e3o vulner\u00e1vel\"],\"articleSection\":[\"Not\u00edcias\",\"Seguran\u00e7a\"],\"inLanguage\":\"pt-PT\"},{\"@type\":\"WebPage\",\"@id\":\"https:\/\/portaltela.pt\/noticias\/2026\/03\/14\/inspecao-da-educacao-arquiva-processo-de-assedio-contra-escola-de-capelo\/\",\"url\":\"https:\/\/portaltela.pt\/noticias\/2026\/03\/14\/inspecao-da-educacao-arquiva-processo-de-assedio-contra-escola-de-capelo\/\",\"name\":\"Inspe\u00e7\u00e3o da Educa\u00e7\u00e3o arquiva processo de ass\u00e9dio contra escola de Capelo - Portal Tela Portugal\",\"isPartOf\":{\"@id\":\"https:\/\/portaltela.pt\/#website\"},\"primaryImageOfPage\":{\"@id\":\"https:\/\/portaltela.pt\/noticias\/2026\/03\/14\/inspecao-da-educacao-arquiva-processo-de-assedio-contra-escola-de-capelo\/#primaryimage\"},\"image\":{\"@id\":\"https:\/\/portaltela.pt\/noticias\/2026\/03\/14\/inspecao-da-educacao-arquiva-processo-de-assedio-contra-escola-de-capelo\/#primaryimage\"},\"thumbnailUrl\":\"https:\/\/portaltela.pt\/s.01k8rhncp4jt1\/2026\/03\/e7f353ed-bda4-4f14-a830-d294316fd097_1200x675.jpg\",\"datePublished\":\"2026-03-14T20:30:00+00:00\",\"author\":{\"@id\":\"https:\/\/portaltela.pt\/#\/schema\/person\/c4278d4a6028830caff9ee44b42d32ed\"},\"breadcrumb\":{\"@id\":\"https:\/\/portaltela.pt\/noticias\/2026\/03\/14\/inspecao-da-educacao-arquiva-processo-de-assedio-contra-escola-de-capelo\/#breadcrumb\"},\"inLanguage\":\"pt-PT\",\"potentialAction\":[{\"@type\":\"ReadAction\",\"target\":[\"https:\/\/portaltela.pt\/noticias\/2026\/03\/14\/inspecao-da-educacao-arquiva-processo-de-assedio-contra-escola-de-capelo\/\"]}]},{\"@type\":\"ImageObject\",\"inLanguage\":\"pt-PT\",\"@id\":\"https:\/\/portaltela.pt\/noticias\/2026\/03\/14\/inspecao-da-educacao-arquiva-processo-de-assedio-contra-escola-de-capelo\/#primaryimage\",\"url\":\"https:\/\/portaltela.pt\/s.01k8rhncp4jt1\/2026\/03\/e7f353ed-bda4-4f14-a830-d294316fd097_1200x675.jpg\",\"contentUrl\":\"https:\/\/portaltela.pt\/s.01k8rhncp4jt1\/2026\/03\/e7f353ed-bda4-4f14-a830-d294316fd097_1200x675.jpg\",\"width\":796,\"height\":448,\"caption\":\"Acusa\u00e7\u00f5es contra Ant\u00f3nio Capelo foram lan\u00e7adas num perfil an\u00f3nimo do Instagram\"},{\"@type\":\"BreadcrumbList\",\"@id\":\"https:\/\/portaltela.pt\/noticias\/2026\/03\/14\/inspecao-da-educacao-arquiva-processo-de-assedio-contra-escola-de-capelo\/#breadcrumb\",\"itemListElement\":[{\"@type\":\"ListItem\",\"position\":1,\"name\":\"In\u00edcio\",\"item\":\"https:\/\/portaltela.pt\/\"},{\"@type\":\"ListItem\",\"position\":2,\"name\":\"Inspe\u00e7\u00e3o da Educa\u00e7\u00e3o arquiva processo de ass\u00e9dio contra escola de Capelo\"}]},{\"@type\":\"WebSite\",\"@id\":\"https:\/\/portaltela.pt\/#website\",\"url\":\"https:\/\/portaltela.pt\/\",\"name\":\"Portal Tela Portugal\",\"description\":\"\",\"potentialAction\":[{\"@type\":\"SearchAction\",\"target\":{\"@type\":\"EntryPoint\",\"urlTemplate\":\"https:\/\/portaltela.pt\/?s={search_term_string}\"},\"query-input\":{\"@type\":\"PropertyValueSpecification\",\"valueRequired\":true,\"valueName\":\"search_term_string\"}}],\"inLanguage\":\"pt-PT\"},{\"@type\":\"Person\",\"@id\":\"https:\/\/portaltela.pt\/#\/schema\/person\/c4278d4a6028830caff9ee44b42d32ed\",\"name\":\"Telinha\",\"image\":{\"@type\":\"ImageObject\",\"inLanguage\":\"pt-PT\",\"@id\":\"https:\/\/portaltela.pt\/s.01k8rhncp4jt1\/2025\/11\/talking-bot-125x125.png\",\"url\":\"https:\/\/portaltela.pt\/s.01k8rhncp4jt1\/2025\/11\/talking-bot-125x125.png\",\"contentUrl\":\"https:\/\/portaltela.pt\/s.01k8rhncp4jt1\/2025\/11\/talking-bot-125x125.png\",\"caption\":\"Telinha\"},\"sameAs\":[\"https:\/\/portaltela.pt\/\"],\"url\":\"https:\/\/portaltela.pt\/por\/367410592786\/\"}]}<\/script>\n<!-- \/ Yoast SEO plugin. -->","yoast_head_json":{"title":"Inspe\u00e7\u00e3o da Educa\u00e7\u00e3o arquiva processo de ass\u00e9dio contra escola de Capelo - Portal Tela Portugal","robots":{"index":"index","follow":"follow","max-snippet":"max-snippet:-1","max-image-preview":"max-image-preview:large","max-video-preview":"max-video-preview:-1"},"og_locale":"pt_PT","og_type":"article","og_title":"Inspe\u00e7\u00e3o da Educa\u00e7\u00e3o arquiva processo de ass\u00e9dio contra escola de Capelo - Portal Tela Portugal","og_description":"A Inspe\u00e7\u00e3o-Geral da Educa\u00e7\u00e3o e Ci\u00eancia arquivou o processo de averigua\u00e7\u00f5es sobre a ACE, com despacho de encerramento de 29 de dezembro de 2025, indicando aus\u00eancia de ind\u00edcios e envio do relat\u00f3rio ao Minist\u00e9rio P\u00fablico. As den\u00fancias partiram, sobretudo, de redes sociais, nomeadamente a p\u00e1gina de Instagram naotenhasmedo_, acusando Ant\u00f3nio Capelo de ass\u00e9dio ao longo de v\u00e1rios anos, incluindo casos envolvendo menores. O ator negou qualquer conduta impr\u00f3pria, afirmando que os gestos de proximidade tinham car\u00e1ter pedag\u00f3gico, e apresentou uma queixa-crime contra a p\u00e1gina que divulgou os relatos. Capelo deixou de estar ligado \u00e0 escola e a dire\u00e7\u00e3o em fun\u00e7\u00f5es apresentou demiss\u00e3o, at\u00e9 \u00e0 elei\u00e7\u00e3o de uma nova equipa em 12 de fevereiro de 2026. A nova dire\u00e7\u00e3o, composta por In\u00eas Barbedo Maia, Lola Sousa e Liliana Moreira, pretende implementar c\u00f3digos de conduta, forma\u00e7\u00e3o e mecanismos de prote\u00e7\u00e3o, visando prevenir ass\u00e9dio, recuperar a confian\u00e7a e refor\u00e7ar parcerias.","og_url":"https:\/\/portaltela.pt\/noticias\/2026\/03\/14\/inspecao-da-educacao-arquiva-processo-de-assedio-contra-escola-de-capelo\/","og_site_name":"Portal Tela Portugal","article_published_time":"2026-03-14T20:30:00+00:00","author":"Telinha","twitter_card":"summary_large_image","twitter_misc":{"Escrito por":"Telinha","Tempo estimado de leitura":"1 minuto"},"schema":{"@context":"https:\/\/schema.org","@graph":[{"@type":"Article","@id":"https:\/\/portaltela.pt\/noticias\/2026\/03\/14\/inspecao-da-educacao-arquiva-processo-de-assedio-contra-escola-de-capelo\/#article","isPartOf":{"@id":"https:\/\/portaltela.pt\/noticias\/2026\/03\/14\/inspecao-da-educacao-arquiva-processo-de-assedio-contra-escola-de-capelo\/"},"author":{"name":"Telinha","@id":"https:\/\/portaltela.pt\/#\/schema\/person\/c4278d4a6028830caff9ee44b42d32ed"},"headline":"Inspe\u00e7\u00e3o da Educa\u00e7\u00e3o arquiva processo de ass\u00e9dio contra escola de Capelo","datePublished":"2026-03-14T20:30:00+00:00","mainEntityOfPage":{"@id":"https:\/\/portaltela.pt\/noticias\/2026\/03\/14\/inspecao-da-educacao-arquiva-processo-de-assedio-contra-escola-de-capelo\/"},"wordCount":300,"image":{"@id":"https:\/\/portaltela.pt\/noticias\/2026\/03\/14\/inspecao-da-educacao-arquiva-processo-de-assedio-contra-escola-de-capelo\/#primaryimage"},"thumbnailUrl":"https:\/\/portaltela.pt\/s.01k8rhncp4jt1\/2026\/03\/e7f353ed-bda4-4f14-a830-d294316fd097_1200x675.jpg","keywords":["abusos","ass\u00e9dio","educa\u00e7\u00e3o","educa\u00e7\u00e3o escolar","investiga\u00e7\u00e3o criminal","prote\u00e7\u00e3o de menores dependentes ou em situa\u00e7\u00e3o vulner\u00e1vel"],"articleSection":["Not\u00edcias","Seguran\u00e7a"],"inLanguage":"pt-PT"},{"@type":"WebPage","@id":"https:\/\/portaltela.pt\/noticias\/2026\/03\/14\/inspecao-da-educacao-arquiva-processo-de-assedio-contra-escola-de-capelo\/","url":"https:\/\/portaltela.pt\/noticias\/2026\/03\/14\/inspecao-da-educacao-arquiva-processo-de-assedio-contra-escola-de-capelo\/","name":"Inspe\u00e7\u00e3o da Educa\u00e7\u00e3o arquiva processo de ass\u00e9dio contra escola de Capelo - Portal Tela Portugal","isPartOf":{"@id":"https:\/\/portaltela.pt\/#website"},"primaryImageOfPage":{"@id":"https:\/\/portaltela.pt\/noticias\/2026\/03\/14\/inspecao-da-educacao-arquiva-processo-de-assedio-contra-escola-de-capelo\/#primaryimage"},"image":{"@id":"https:\/\/portaltela.pt\/noticias\/2026\/03\/14\/inspecao-da-educacao-arquiva-processo-de-assedio-contra-escola-de-capelo\/#primaryimage"},"thumbnailUrl":"https:\/\/portaltela.pt\/s.01k8rhncp4jt1\/2026\/03\/e7f353ed-bda4-4f14-a830-d294316fd097_1200x675.jpg","datePublished":"2026-03-14T20:30:00+00:00","author":{"@id":"https:\/\/portaltela.pt\/#\/schema\/person\/c4278d4a6028830caff9ee44b42d32ed"},"breadcrumb":{"@id":"https:\/\/portaltela.pt\/noticias\/2026\/03\/14\/inspecao-da-educacao-arquiva-processo-de-assedio-contra-escola-de-capelo\/#breadcrumb"},"inLanguage":"pt-PT","potentialAction":[{"@type":"ReadAction","target":["https:\/\/portaltela.pt\/noticias\/2026\/03\/14\/inspecao-da-educacao-arquiva-processo-de-assedio-contra-escola-de-capelo\/"]}]},{"@type":"ImageObject","inLanguage":"pt-PT","@id":"https:\/\/portaltela.pt\/noticias\/2026\/03\/14\/inspecao-da-educacao-arquiva-processo-de-assedio-contra-escola-de-capelo\/#primaryimage","url":"https:\/\/portaltela.pt\/s.01k8rhncp4jt1\/2026\/03\/e7f353ed-bda4-4f14-a830-d294316fd097_1200x675.jpg","contentUrl":"https:\/\/portaltela.pt\/s.01k8rhncp4jt1\/2026\/03\/e7f353ed-bda4-4f14-a830-d294316fd097_1200x675.jpg","width":796,"height":448,"caption":"Acusa\u00e7\u00f5es contra Ant\u00f3nio Capelo foram lan\u00e7adas num perfil an\u00f3nimo do Instagram"},{"@type":"BreadcrumbList","@id":"https:\/\/portaltela.pt\/noticias\/2026\/03\/14\/inspecao-da-educacao-arquiva-processo-de-assedio-contra-escola-de-capelo\/#breadcrumb","itemListElement":[{"@type":"ListItem","position":1,"name":"In\u00edcio","item":"https:\/\/portaltela.pt\/"},{"@type":"ListItem","position":2,"name":"Inspe\u00e7\u00e3o da Educa\u00e7\u00e3o arquiva processo de ass\u00e9dio contra escola de Capelo"}]},{"@type":"WebSite","@id":"https:\/\/portaltela.pt\/#website","url":"https:\/\/portaltela.pt\/","name":"Portal Tela Portugal","description":"","potentialAction":[{"@type":"SearchAction","target":{"@type":"EntryPoint","urlTemplate":"https:\/\/portaltela.pt\/?s={search_term_string}"},"query-input":{"@type":"PropertyValueSpecification","valueRequired":true,"valueName":"search_term_string"}}],"inLanguage":"pt-PT"},{"@type":"Person","@id":"https:\/\/portaltela.pt\/#\/schema\/person\/c4278d4a6028830caff9ee44b42d32ed","name":"Telinha","image":{"@type":"ImageObject","inLanguage":"pt-PT","@id":"https:\/\/portaltela.pt\/s.01k8rhncp4jt1\/2025\/11\/talking-bot-125x125.png","url":"https:\/\/portaltela.pt\/s.01k8rhncp4jt1\/2025\/11\/talking-bot-125x125.png","contentUrl":"https:\/\/portaltela.pt\/s.01k8rhncp4jt1\/2025\/11\/talking-bot-125x125.png","caption":"Telinha"},"sameAs":["https:\/\/portaltela.pt\/"],"url":"https:\/\/portaltela.pt\/por\/367410592786\/"}]}},"_links":{"self":[{"href":"https:\/\/portaltela.pt\/api\/wp\/v2\/posts\/410346","targetHints":{"allow":["GET"]}}],"collection":[{"href":"https:\/\/portaltela.pt\/api\/wp\/v2\/posts"}],"about":[{"href":"https:\/\/portaltela.pt\/api\/wp\/v2\/types\/post"}],"author":[{"embeddable":true,"href":"https:\/\/portaltela.pt\/api\/wp\/v2\/users\/2"}],"replies":[{"embeddable":true,"href":"https:\/\/portaltela.pt\/api\/wp\/v2\/comments?post=410346"}],"version-history":[{"count":0,"href":"https:\/\/portaltela.pt\/api\/wp\/v2\/posts\/410346\/revisions"}],"wp:featuredmedia":[{"embeddable":true,"href":"https:\/\/portaltela.pt\/api\/wp\/v2\/media\/410349"}],"wp:attachment":[{"href":"https:\/\/portaltela.pt\/api\/wp\/v2\/media?parent=410346"}],"wp:term":[{"taxonomy":"category","embeddable":true,"href":"https:\/\/portaltela.pt\/api\/wp\/v2\/categories?post=410346"},{"taxonomy":"post_tag","embeddable":true,"href":"https:\/\/portaltela.pt\/api\/wp\/v2\/tags?post=410346"}],"curies":[{"name":"wp","href":"https:\/\/api.w.org\/{rel}","templated":true}]}}