{"id":410338,"date":"2026-03-14T17:17:00","date_gmt":"2026-03-14T20:17:00","guid":{"rendered":"https:\/\/portaltela.pt\/noticias\/2026\/03\/14\/a-nuvem-tambem-e-alvo-na-guerra-do-seculo-xxi\/"},"modified":"2026-03-14T17:17:00","modified_gmt":"2026-03-14T20:17:00","slug":"a-nuvem-tambem-e-alvo-na-guerra-do-seculo-xxi","status":"publish","type":"post","link":"https:\/\/portaltela.pt\/tecnologia\/2026\/03\/14\/a-nuvem-tambem-e-alvo-na-guerra-do-seculo-xxi\/","title":{"rendered":"A nuvem tamb\u00e9m \u00e9 alvo na guerra do s\u00e9culo XXI"},"content":{"rendered":"<p>O incidente envolveu ataques a centros de dados da Amazon Web Services (AWS) nos Emirados \u00c1rabes Unidos e no Bahrain, que ocorreram nos primeiros dias de um conflito na regi\u00e3o. Destro\u00e7os atingiram ao menos um centro no Bahrain e dois nos EAU, levando \u00e0 danifica\u00e7\u00e3o de infraestruturas cr\u00edticas usadas para servi\u00e7os na nuvem. O ataque foi associado a a\u00e7\u00f5es de retalia\u00e7\u00e3o a bombardeamentos norte-americanos e israelitas na regi\u00e3o.<\/p>\n<p>A contagem de impactos aponta para interrup\u00e7\u00f5es em servi\u00e7os que afetaram cerca de 11 milh\u00f5es de pessoas. Embora se saiba que houve falhas generalizadas, n\u00e3o est\u00e1 claro se servi\u00e7os militares ou de informa\u00e7\u00e3o alojados nesses servidores foram atingidos. A AWS \u00e9 cliente de v\u00e1rias entidades, incluindo a CIA, e muitos sistemas militares modernos dependem de dados processados ou armazenados nestas infraestruturas.<\/p>\n<h3>Impacto e contextos de seguran\u00e7a<\/h3>\n<p>Esta \u00e9 considerada a primeira vez que infraestruturas de nuvem de grande escala ficam visadas num conflito armado. As autoridades n\u00e3o confirmam detalhes sobre quais servi\u00e7os foram afetados al\u00e9m das interrup\u00e7\u00f5es p\u00fablicas, nem a extens\u00e3o exata dos danos t\u00e9cnicos. Observadores destacam que a depend\u00eancia global de servi\u00e7os em nuvem torna relevantes as quest\u00f5es de resili\u00eancia, redund\u00e2ncia e seguran\u00e7a cibern\u00e9tica.<\/p>\n<p>As autoridades de seguran\u00e7a e as empresas de tecnologia aguardam dados de diagn\u00f3stico e de restaura\u00e7\u00e3o para entender plenamente o alcance das falhas. O caso levanta ainda discuss\u00f5es sobre a prote\u00e7\u00e3o de dados privados, civis, militares e de servi\u00e7os de informa\u00e7\u00f5es que persistem em ambientes de nuvem em regi\u00f5es de conflito. As investiga\u00e7\u00f5es continuam em busca de respons\u00e1veis e de estrat\u00e9gias de mitiga\u00e7\u00e3o.<\/p>\n","protected":false},"excerpt":{"rendered":"<ul>\n<li>Ataques iranianos atingiram dois centros de dados da Amazon Web Services (AWS) nos Emirados \u00c1rabes Unidos e um no Bahrain, que ficou atingido por destro\u00e7os.<\/li>\n<li>A interven\u00e7\u00e3o ocorreu logo nos primeiros dias de guerra, em retalia\u00e7\u00e3o aos bombardeamentos norte-americanos e israelitas no pa\u00eds.<\/li>\n<li>Os ataques causaram interrup\u00e7\u00f5es no servi\u00e7o, afetando cerca de 11 milh\u00f5es de pessoas na regi\u00e3o.<\/li>\n<li>Este seria o primeiro ataque a infraestruturas cr\u00edticas de computa\u00e7\u00e3o na nuvem, usadas para servi\u00e7os como Gmail, Netflix, Spotify e Office 365.<\/li>\n<li>N\u00e3o est\u00e1 claro se servi\u00e7os militares alojados nesses servidores tamb\u00e9m ficaram afetados; sabe-se apenas que a CIA \u00e9 cliente da AWS.<\/li>\n<\/ul>\n","protected":false},"author":2,"featured_media":410341,"comment_status":"closed","ping_status":"closed","sticky":false,"template":"","format":"standard","meta":{"footnotes":""},"categories":[6779,6716],"tags":[6492,3195,2085,2370,1615,6641],"class_list":["post-410338","post","type-post","status-publish","format-standard","has-post-thumbnail","hentry","category-seguranca","category-tecnologia","tag-bahrein","tag-ciberseguranca","tag-computacao-em-nuvem","tag-emirados-arabes-unidos","tag-infraestrutura","tag-protecao-de-dados"],"yoast_head":"<!-- This site is optimized with the Yoast SEO plugin v27.2 - https:\/\/yoast.com\/product\/yoast-seo-wordpress\/ -->\n<title>A nuvem tamb\u00e9m \u00e9 alvo na guerra do s\u00e9culo XXI - Portal Tela Portugal<\/title>\n<meta name=\"robots\" content=\"index, follow, max-snippet:-1, max-image-preview:large, max-video-preview:-1\" \/>\n<meta property=\"og:locale\" content=\"pt_PT\" \/>\n<meta property=\"og:type\" content=\"article\" \/>\n<meta property=\"og:title\" content=\"A nuvem tamb\u00e9m \u00e9 alvo na guerra do s\u00e9culo XXI - Portal Tela Portugal\" \/>\n<meta property=\"og:description\" content=\"Ataques iranianos atingiram dois centros de dados da Amazon Web Services (AWS) nos Emirados \u00c1rabes Unidos e um no Bahrain, que ficou atingido por destro\u00e7os. A interven\u00e7\u00e3o ocorreu logo nos primeiros dias de guerra, em retalia\u00e7\u00e3o aos bombardeamentos norte-americanos e israelitas no pa\u00eds. Os ataques causaram interrup\u00e7\u00f5es no servi\u00e7o, afetando cerca de 11 milh\u00f5es de pessoas na regi\u00e3o. Este seria o primeiro ataque a infraestruturas cr\u00edticas de computa\u00e7\u00e3o na nuvem, usadas para servi\u00e7os como Gmail, Netflix, Spotify e Office 365. N\u00e3o est\u00e1 claro se servi\u00e7os militares alojados nesses servidores tamb\u00e9m ficaram afetados; sabe-se apenas que a CIA \u00e9 cliente da AWS.\" \/>\n<meta property=\"og:url\" content=\"https:\/\/portaltela.pt\/noticias\/2026\/03\/14\/a-nuvem-tambem-e-alvo-na-guerra-do-seculo-xxi\/\" \/>\n<meta property=\"og:site_name\" content=\"Portal Tela Portugal\" \/>\n<meta property=\"article:published_time\" content=\"2026-03-14T20:17:00+00:00\" \/>\n<meta name=\"author\" content=\"Telinha\" \/>\n<meta name=\"twitter:card\" content=\"summary_large_image\" \/>\n<meta name=\"twitter:label1\" content=\"Escrito por\" \/>\n\t<meta name=\"twitter:data1\" content=\"Telinha\" \/>\n\t<meta name=\"twitter:label2\" content=\"Tempo estimado de leitura\" \/>\n\t<meta name=\"twitter:data2\" content=\"1 minuto\" \/>\n<script type=\"application\/ld+json\" class=\"yoast-schema-graph\">{\"@context\":\"https:\/\/schema.org\",\"@graph\":[{\"@type\":\"Article\",\"@id\":\"https:\/\/portaltela.pt\/noticias\/2026\/03\/14\/a-nuvem-tambem-e-alvo-na-guerra-do-seculo-xxi\/#article\",\"isPartOf\":{\"@id\":\"https:\/\/portaltela.pt\/noticias\/2026\/03\/14\/a-nuvem-tambem-e-alvo-na-guerra-do-seculo-xxi\/\"},\"author\":{\"name\":\"Telinha\",\"@id\":\"https:\/\/portaltela.pt\/#\/schema\/person\/c4278d4a6028830caff9ee44b42d32ed\"},\"headline\":\"A nuvem tamb\u00e9m \u00e9 alvo na guerra do s\u00e9culo XXI\",\"datePublished\":\"2026-03-14T20:17:00+00:00\",\"mainEntityOfPage\":{\"@id\":\"https:\/\/portaltela.pt\/noticias\/2026\/03\/14\/a-nuvem-tambem-e-alvo-na-guerra-do-seculo-xxi\/\"},\"wordCount\":305,\"image\":{\"@id\":\"https:\/\/portaltela.pt\/noticias\/2026\/03\/14\/a-nuvem-tambem-e-alvo-na-guerra-do-seculo-xxi\/#primaryimage\"},\"thumbnailUrl\":\"https:\/\/portaltela.pt\/s.01k8rhncp4jt1\/2026\/03\/image-961.jpg\",\"keywords\":[\"Bahrein\",\"ciberseguran\u00e7a\",\"computa\u00e7\u00e3o em nuvem\",\"Emirados \u00c1rabes Unidos\",\"infraestrutura\",\"prote\u00e7\u00e3o de dados\"],\"articleSection\":[\"Seguran\u00e7a\",\"Tecnologia\"],\"inLanguage\":\"pt-PT\"},{\"@type\":\"WebPage\",\"@id\":\"https:\/\/portaltela.pt\/noticias\/2026\/03\/14\/a-nuvem-tambem-e-alvo-na-guerra-do-seculo-xxi\/\",\"url\":\"https:\/\/portaltela.pt\/noticias\/2026\/03\/14\/a-nuvem-tambem-e-alvo-na-guerra-do-seculo-xxi\/\",\"name\":\"A nuvem tamb\u00e9m \u00e9 alvo na guerra do s\u00e9culo XXI - Portal Tela Portugal\",\"isPartOf\":{\"@id\":\"https:\/\/portaltela.pt\/#website\"},\"primaryImageOfPage\":{\"@id\":\"https:\/\/portaltela.pt\/noticias\/2026\/03\/14\/a-nuvem-tambem-e-alvo-na-guerra-do-seculo-xxi\/#primaryimage\"},\"image\":{\"@id\":\"https:\/\/portaltela.pt\/noticias\/2026\/03\/14\/a-nuvem-tambem-e-alvo-na-guerra-do-seculo-xxi\/#primaryimage\"},\"thumbnailUrl\":\"https:\/\/portaltela.pt\/s.01k8rhncp4jt1\/2026\/03\/image-961.jpg\",\"datePublished\":\"2026-03-14T20:17:00+00:00\",\"author\":{\"@id\":\"https:\/\/portaltela.pt\/#\/schema\/person\/c4278d4a6028830caff9ee44b42d32ed\"},\"breadcrumb\":{\"@id\":\"https:\/\/portaltela.pt\/noticias\/2026\/03\/14\/a-nuvem-tambem-e-alvo-na-guerra-do-seculo-xxi\/#breadcrumb\"},\"inLanguage\":\"pt-PT\",\"potentialAction\":[{\"@type\":\"ReadAction\",\"target\":[\"https:\/\/portaltela.pt\/noticias\/2026\/03\/14\/a-nuvem-tambem-e-alvo-na-guerra-do-seculo-xxi\/\"]}]},{\"@type\":\"ImageObject\",\"inLanguage\":\"pt-PT\",\"@id\":\"https:\/\/portaltela.pt\/noticias\/2026\/03\/14\/a-nuvem-tambem-e-alvo-na-guerra-do-seculo-xxi\/#primaryimage\",\"url\":\"https:\/\/portaltela.pt\/s.01k8rhncp4jt1\/2026\/03\/image-961.jpg\",\"contentUrl\":\"https:\/\/portaltela.pt\/s.01k8rhncp4jt1\/2026\/03\/image-961.jpg\",\"width\":796,\"height\":448,\"caption\":\"Dois centros de dados no Dubai foram atingidos durante os bombardeamentos iranianos na regi\u00e3o\"},{\"@type\":\"BreadcrumbList\",\"@id\":\"https:\/\/portaltela.pt\/noticias\/2026\/03\/14\/a-nuvem-tambem-e-alvo-na-guerra-do-seculo-xxi\/#breadcrumb\",\"itemListElement\":[{\"@type\":\"ListItem\",\"position\":1,\"name\":\"In\u00edcio\",\"item\":\"https:\/\/portaltela.pt\/\"},{\"@type\":\"ListItem\",\"position\":2,\"name\":\"A nuvem tamb\u00e9m \u00e9 alvo na guerra do s\u00e9culo XXI\"}]},{\"@type\":\"WebSite\",\"@id\":\"https:\/\/portaltela.pt\/#website\",\"url\":\"https:\/\/portaltela.pt\/\",\"name\":\"Portal Tela Portugal\",\"description\":\"\",\"potentialAction\":[{\"@type\":\"SearchAction\",\"target\":{\"@type\":\"EntryPoint\",\"urlTemplate\":\"https:\/\/portaltela.pt\/?s={search_term_string}\"},\"query-input\":{\"@type\":\"PropertyValueSpecification\",\"valueRequired\":true,\"valueName\":\"search_term_string\"}}],\"inLanguage\":\"pt-PT\"},{\"@type\":\"Person\",\"@id\":\"https:\/\/portaltela.pt\/#\/schema\/person\/c4278d4a6028830caff9ee44b42d32ed\",\"name\":\"Telinha\",\"image\":{\"@type\":\"ImageObject\",\"inLanguage\":\"pt-PT\",\"@id\":\"https:\/\/portaltela.pt\/s.01k8rhncp4jt1\/2025\/11\/talking-bot-125x125.png\",\"url\":\"https:\/\/portaltela.pt\/s.01k8rhncp4jt1\/2025\/11\/talking-bot-125x125.png\",\"contentUrl\":\"https:\/\/portaltela.pt\/s.01k8rhncp4jt1\/2025\/11\/talking-bot-125x125.png\",\"caption\":\"Telinha\"},\"sameAs\":[\"https:\/\/portaltela.pt\/\"],\"url\":\"https:\/\/portaltela.pt\/por\/367410592786\/\"}]}<\/script>\n<!-- \/ Yoast SEO plugin. -->","yoast_head_json":{"title":"A nuvem tamb\u00e9m \u00e9 alvo na guerra do s\u00e9culo XXI - Portal Tela Portugal","robots":{"index":"index","follow":"follow","max-snippet":"max-snippet:-1","max-image-preview":"max-image-preview:large","max-video-preview":"max-video-preview:-1"},"og_locale":"pt_PT","og_type":"article","og_title":"A nuvem tamb\u00e9m \u00e9 alvo na guerra do s\u00e9culo XXI - Portal Tela Portugal","og_description":"Ataques iranianos atingiram dois centros de dados da Amazon Web Services (AWS) nos Emirados \u00c1rabes Unidos e um no Bahrain, que ficou atingido por destro\u00e7os. A interven\u00e7\u00e3o ocorreu logo nos primeiros dias de guerra, em retalia\u00e7\u00e3o aos bombardeamentos norte-americanos e israelitas no pa\u00eds. Os ataques causaram interrup\u00e7\u00f5es no servi\u00e7o, afetando cerca de 11 milh\u00f5es de pessoas na regi\u00e3o. Este seria o primeiro ataque a infraestruturas cr\u00edticas de computa\u00e7\u00e3o na nuvem, usadas para servi\u00e7os como Gmail, Netflix, Spotify e Office 365. N\u00e3o est\u00e1 claro se servi\u00e7os militares alojados nesses servidores tamb\u00e9m ficaram afetados; sabe-se apenas que a CIA \u00e9 cliente da AWS.","og_url":"https:\/\/portaltela.pt\/noticias\/2026\/03\/14\/a-nuvem-tambem-e-alvo-na-guerra-do-seculo-xxi\/","og_site_name":"Portal Tela Portugal","article_published_time":"2026-03-14T20:17:00+00:00","author":"Telinha","twitter_card":"summary_large_image","twitter_misc":{"Escrito por":"Telinha","Tempo estimado de leitura":"1 minuto"},"schema":{"@context":"https:\/\/schema.org","@graph":[{"@type":"Article","@id":"https:\/\/portaltela.pt\/noticias\/2026\/03\/14\/a-nuvem-tambem-e-alvo-na-guerra-do-seculo-xxi\/#article","isPartOf":{"@id":"https:\/\/portaltela.pt\/noticias\/2026\/03\/14\/a-nuvem-tambem-e-alvo-na-guerra-do-seculo-xxi\/"},"author":{"name":"Telinha","@id":"https:\/\/portaltela.pt\/#\/schema\/person\/c4278d4a6028830caff9ee44b42d32ed"},"headline":"A nuvem tamb\u00e9m \u00e9 alvo na guerra do s\u00e9culo XXI","datePublished":"2026-03-14T20:17:00+00:00","mainEntityOfPage":{"@id":"https:\/\/portaltela.pt\/noticias\/2026\/03\/14\/a-nuvem-tambem-e-alvo-na-guerra-do-seculo-xxi\/"},"wordCount":305,"image":{"@id":"https:\/\/portaltela.pt\/noticias\/2026\/03\/14\/a-nuvem-tambem-e-alvo-na-guerra-do-seculo-xxi\/#primaryimage"},"thumbnailUrl":"https:\/\/portaltela.pt\/s.01k8rhncp4jt1\/2026\/03\/image-961.jpg","keywords":["Bahrein","ciberseguran\u00e7a","computa\u00e7\u00e3o em nuvem","Emirados \u00c1rabes Unidos","infraestrutura","prote\u00e7\u00e3o de dados"],"articleSection":["Seguran\u00e7a","Tecnologia"],"inLanguage":"pt-PT"},{"@type":"WebPage","@id":"https:\/\/portaltela.pt\/noticias\/2026\/03\/14\/a-nuvem-tambem-e-alvo-na-guerra-do-seculo-xxi\/","url":"https:\/\/portaltela.pt\/noticias\/2026\/03\/14\/a-nuvem-tambem-e-alvo-na-guerra-do-seculo-xxi\/","name":"A nuvem tamb\u00e9m \u00e9 alvo na guerra do s\u00e9culo XXI - Portal Tela Portugal","isPartOf":{"@id":"https:\/\/portaltela.pt\/#website"},"primaryImageOfPage":{"@id":"https:\/\/portaltela.pt\/noticias\/2026\/03\/14\/a-nuvem-tambem-e-alvo-na-guerra-do-seculo-xxi\/#primaryimage"},"image":{"@id":"https:\/\/portaltela.pt\/noticias\/2026\/03\/14\/a-nuvem-tambem-e-alvo-na-guerra-do-seculo-xxi\/#primaryimage"},"thumbnailUrl":"https:\/\/portaltela.pt\/s.01k8rhncp4jt1\/2026\/03\/image-961.jpg","datePublished":"2026-03-14T20:17:00+00:00","author":{"@id":"https:\/\/portaltela.pt\/#\/schema\/person\/c4278d4a6028830caff9ee44b42d32ed"},"breadcrumb":{"@id":"https:\/\/portaltela.pt\/noticias\/2026\/03\/14\/a-nuvem-tambem-e-alvo-na-guerra-do-seculo-xxi\/#breadcrumb"},"inLanguage":"pt-PT","potentialAction":[{"@type":"ReadAction","target":["https:\/\/portaltela.pt\/noticias\/2026\/03\/14\/a-nuvem-tambem-e-alvo-na-guerra-do-seculo-xxi\/"]}]},{"@type":"ImageObject","inLanguage":"pt-PT","@id":"https:\/\/portaltela.pt\/noticias\/2026\/03\/14\/a-nuvem-tambem-e-alvo-na-guerra-do-seculo-xxi\/#primaryimage","url":"https:\/\/portaltela.pt\/s.01k8rhncp4jt1\/2026\/03\/image-961.jpg","contentUrl":"https:\/\/portaltela.pt\/s.01k8rhncp4jt1\/2026\/03\/image-961.jpg","width":796,"height":448,"caption":"Dois centros de dados no Dubai foram atingidos durante os bombardeamentos iranianos na regi\u00e3o"},{"@type":"BreadcrumbList","@id":"https:\/\/portaltela.pt\/noticias\/2026\/03\/14\/a-nuvem-tambem-e-alvo-na-guerra-do-seculo-xxi\/#breadcrumb","itemListElement":[{"@type":"ListItem","position":1,"name":"In\u00edcio","item":"https:\/\/portaltela.pt\/"},{"@type":"ListItem","position":2,"name":"A nuvem tamb\u00e9m \u00e9 alvo na guerra do s\u00e9culo XXI"}]},{"@type":"WebSite","@id":"https:\/\/portaltela.pt\/#website","url":"https:\/\/portaltela.pt\/","name":"Portal Tela Portugal","description":"","potentialAction":[{"@type":"SearchAction","target":{"@type":"EntryPoint","urlTemplate":"https:\/\/portaltela.pt\/?s={search_term_string}"},"query-input":{"@type":"PropertyValueSpecification","valueRequired":true,"valueName":"search_term_string"}}],"inLanguage":"pt-PT"},{"@type":"Person","@id":"https:\/\/portaltela.pt\/#\/schema\/person\/c4278d4a6028830caff9ee44b42d32ed","name":"Telinha","image":{"@type":"ImageObject","inLanguage":"pt-PT","@id":"https:\/\/portaltela.pt\/s.01k8rhncp4jt1\/2025\/11\/talking-bot-125x125.png","url":"https:\/\/portaltela.pt\/s.01k8rhncp4jt1\/2025\/11\/talking-bot-125x125.png","contentUrl":"https:\/\/portaltela.pt\/s.01k8rhncp4jt1\/2025\/11\/talking-bot-125x125.png","caption":"Telinha"},"sameAs":["https:\/\/portaltela.pt\/"],"url":"https:\/\/portaltela.pt\/por\/367410592786\/"}]}},"_links":{"self":[{"href":"https:\/\/portaltela.pt\/api\/wp\/v2\/posts\/410338","targetHints":{"allow":["GET"]}}],"collection":[{"href":"https:\/\/portaltela.pt\/api\/wp\/v2\/posts"}],"about":[{"href":"https:\/\/portaltela.pt\/api\/wp\/v2\/types\/post"}],"author":[{"embeddable":true,"href":"https:\/\/portaltela.pt\/api\/wp\/v2\/users\/2"}],"replies":[{"embeddable":true,"href":"https:\/\/portaltela.pt\/api\/wp\/v2\/comments?post=410338"}],"version-history":[{"count":0,"href":"https:\/\/portaltela.pt\/api\/wp\/v2\/posts\/410338\/revisions"}],"wp:featuredmedia":[{"embeddable":true,"href":"https:\/\/portaltela.pt\/api\/wp\/v2\/media\/410341"}],"wp:attachment":[{"href":"https:\/\/portaltela.pt\/api\/wp\/v2\/media?parent=410338"}],"wp:term":[{"taxonomy":"category","embeddable":true,"href":"https:\/\/portaltela.pt\/api\/wp\/v2\/categories?post=410338"},{"taxonomy":"post_tag","embeddable":true,"href":"https:\/\/portaltela.pt\/api\/wp\/v2\/tags?post=410338"}],"curies":[{"name":"wp","href":"https:\/\/api.w.org\/{rel}","templated":true}]}}