{"id":410299,"date":"2026-03-14T16:44:37","date_gmt":"2026-03-14T19:44:37","guid":{"rendered":"https:\/\/portaltela.pt\/noticias\/2026\/03\/14\/gala-da-federacao-de-patinagem-de-portugal-tera-transmissao-em-direto-no-record\/"},"modified":"2026-03-14T16:44:37","modified_gmt":"2026-03-14T19:44:37","slug":"gala-da-federacao-de-patinagem-de-portugal-tera-transmissao-em-direto-no-record","status":"publish","type":"post","link":"https:\/\/portaltela.pt\/desporto\/futebol\/2026\/03\/14\/gala-da-federacao-de-patinagem-de-portugal-tera-transmissao-em-direto-no-record\/","title":{"rendered":"Gala da Federa\u00e7\u00e3o de Patinagem de Portugal ter\u00e1 transmiss\u00e3o em direto no Record"},"content":{"rendered":"<p>A Federa\u00e7\u00e3o de Patinagem de Portugal (FPP) realiza este domingo, no Cineteatro Pax J\u00edlia, em Beja, a sua gala anual, onde ser\u00e3o entregues v\u00e1rios galard\u00f5es. A cerim\u00f3nia come\u00e7a \u00e0s 17h00.<\/p>\n<p>Entre os distinguidos estar\u00e3o os atletas medalhados em Campeonatos da Europa e do Mundo, bem como o melhor marcador do Campeonato Placard. Tamb\u00e9m ser\u00e3o entregues os Trof\u00e9us Serpa, para quatro atletas revela\u00e7\u00e3o de cada disciplina.<\/p>\n<p>A gala contar\u00e1 ainda com a entrega de pr\u00e9mios aos treinadores do ano e aos melhores atletas masculinos e femininos de cada especialidade. O evento ter\u00e1 transmiss\u00e3o em direto no site Record a partir das 17h00.<\/p>\n<h3>Cerim\u00f3nia e galard\u00f5es<\/h3>\n<ul>\n<li>O conjunto de pr\u00e9mios contempla as quatro disciplinas: h\u00f3quei em patins, patinagem art\u00edstica, patinagem de velocidade e skateboarding.<\/li>\n<li>Al\u00e9m disso, ser\u00e3o premiados quatro atletas revela\u00e7\u00e3o de cada modalidade e os treinadores do ano.<\/li>\n<\/ul>\n","protected":false},"excerpt":{"rendered":"<ul>\n<li>A Gala da Federa\u00e7\u00e3o de Patinagem de Portugal realiza-se este domingo no Cineteatro Pax J\u00edlia, em Beja, com entrega de v\u00e1rios galard\u00f5es.<\/li>\n<li>Est\u00e3o entre os distinguidos atletas medalhados em Campeonatos da Europa e do Mundo, bem como o melhor marcador do Campeonato Placard.<\/li>\n<li>Ser\u00e3o ainda entregues os Trof\u00e9us Serpa, que premiam quatro atletas revela\u00e7\u00e3o de cada disciplina (h\u00f3quei em patins, patinagem art\u00edstica, patinagem de velocidade e skateboarding), al\u00e9m dos treinadores do ano e dos melhores atletas masculino e feminino de cada especialidade.<\/li>\n<li>A gala ter\u00e1 transmiss\u00e3o em direto no site do Record, a partir das 17h00.<\/li>\n<\/ul>\n","protected":false},"author":2,"featured_media":410306,"comment_status":"closed","ping_status":"closed","sticky":false,"template":"","format":"standard","meta":{"footnotes":""},"categories":[21,24],"tags":[943,152,171,1864,5309,4603],"class_list":["post-410299","post","type-post","status-publish","format-standard","has-post-thumbnail","hentry","category-desporto","category-futebol","tag-beja","tag-desporto","tag-hoquei-em-patins","tag-patinagem","tag-patinagem-artistica","tag-patinagem-de-velocidade"],"yoast_head":"<!-- This site is optimized with the Yoast SEO plugin v27.2 - https:\/\/yoast.com\/product\/yoast-seo-wordpress\/ -->\n<title>Gala da Federa\u00e7\u00e3o de Patinagem de Portugal ter\u00e1 transmiss\u00e3o em direto no Record - Portal Tela Portugal<\/title>\n<meta name=\"robots\" content=\"index, follow, max-snippet:-1, max-image-preview:large, max-video-preview:-1\" \/>\n<meta property=\"og:locale\" content=\"pt_PT\" \/>\n<meta property=\"og:type\" content=\"article\" \/>\n<meta property=\"og:title\" content=\"Gala da Federa\u00e7\u00e3o de Patinagem de Portugal ter\u00e1 transmiss\u00e3o em direto no Record - Portal Tela Portugal\" \/>\n<meta property=\"og:description\" content=\"A Gala da Federa\u00e7\u00e3o de Patinagem de Portugal realiza-se este domingo no Cineteatro Pax J\u00edlia, em Beja, com entrega de v\u00e1rios galard\u00f5es. Est\u00e3o entre os distinguidos atletas medalhados em Campeonatos da Europa e do Mundo, bem como o melhor marcador do Campeonato Placard. Ser\u00e3o ainda entregues os Trof\u00e9us Serpa, que premiam quatro atletas revela\u00e7\u00e3o de cada disciplina (h\u00f3quei em patins, patinagem art\u00edstica, patinagem de velocidade e skateboarding), al\u00e9m dos treinadores do ano e dos melhores atletas masculino e feminino de cada especialidade. A gala ter\u00e1 transmiss\u00e3o em direto no site do Record, a partir das 17h00.\" \/>\n<meta property=\"og:url\" content=\"https:\/\/portaltela.pt\/noticias\/2026\/03\/14\/gala-da-federacao-de-patinagem-de-portugal-tera-transmissao-em-direto-no-record\/\" \/>\n<meta property=\"og:site_name\" content=\"Portal Tela Portugal\" \/>\n<meta property=\"article:published_time\" content=\"2026-03-14T19:44:37+00:00\" \/>\n<meta name=\"author\" content=\"Telinha\" \/>\n<meta name=\"twitter:card\" content=\"summary_large_image\" \/>\n<meta name=\"twitter:label1\" content=\"Escrito por\" \/>\n\t<meta name=\"twitter:data1\" content=\"Telinha\" \/>\n\t<meta name=\"twitter:label2\" content=\"Tempo estimado de leitura\" \/>\n\t<meta name=\"twitter:data2\" content=\"1 minuto\" \/>\n<script type=\"application\/ld+json\" class=\"yoast-schema-graph\">{\"@context\":\"https:\/\/schema.org\",\"@graph\":[{\"@type\":\"Article\",\"@id\":\"https:\/\/portaltela.pt\/noticias\/2026\/03\/14\/gala-da-federacao-de-patinagem-de-portugal-tera-transmissao-em-direto-no-record\/#article\",\"isPartOf\":{\"@id\":\"https:\/\/portaltela.pt\/noticias\/2026\/03\/14\/gala-da-federacao-de-patinagem-de-portugal-tera-transmissao-em-direto-no-record\/\"},\"author\":{\"name\":\"Telinha\",\"@id\":\"https:\/\/portaltela.pt\/#\/schema\/person\/c4278d4a6028830caff9ee44b42d32ed\"},\"headline\":\"Gala da Federa\u00e7\u00e3o de Patinagem de Portugal ter\u00e1 transmiss\u00e3o em direto no Record\",\"datePublished\":\"2026-03-14T19:44:37+00:00\",\"mainEntityOfPage\":{\"@id\":\"https:\/\/portaltela.pt\/noticias\/2026\/03\/14\/gala-da-federacao-de-patinagem-de-portugal-tera-transmissao-em-direto-no-record\/\"},\"wordCount\":174,\"image\":{\"@id\":\"https:\/\/portaltela.pt\/noticias\/2026\/03\/14\/gala-da-federacao-de-patinagem-de-portugal-tera-transmissao-em-direto-no-record\/#primaryimage\"},\"thumbnailUrl\":\"https:\/\/portaltela.pt\/s.01k8rhncp4jt1\/2026\/03\/img_920x518uu2026-03-14-19-42-41-2426915.jpg\",\"keywords\":[\"Beja\",\"desporto\",\"h\u00f3quei em patins\",\"patinagem\",\"patinagem art\u00edstica\",\"patinagem de velocidade\"],\"articleSection\":[\"Desporto\",\"Futebol\"],\"inLanguage\":\"pt-PT\"},{\"@type\":\"WebPage\",\"@id\":\"https:\/\/portaltela.pt\/noticias\/2026\/03\/14\/gala-da-federacao-de-patinagem-de-portugal-tera-transmissao-em-direto-no-record\/\",\"url\":\"https:\/\/portaltela.pt\/noticias\/2026\/03\/14\/gala-da-federacao-de-patinagem-de-portugal-tera-transmissao-em-direto-no-record\/\",\"name\":\"Gala da Federa\u00e7\u00e3o de Patinagem de Portugal ter\u00e1 transmiss\u00e3o em direto no Record - Portal Tela Portugal\",\"isPartOf\":{\"@id\":\"https:\/\/portaltela.pt\/#website\"},\"primaryImageOfPage\":{\"@id\":\"https:\/\/portaltela.pt\/noticias\/2026\/03\/14\/gala-da-federacao-de-patinagem-de-portugal-tera-transmissao-em-direto-no-record\/#primaryimage\"},\"image\":{\"@id\":\"https:\/\/portaltela.pt\/noticias\/2026\/03\/14\/gala-da-federacao-de-patinagem-de-portugal-tera-transmissao-em-direto-no-record\/#primaryimage\"},\"thumbnailUrl\":\"https:\/\/portaltela.pt\/s.01k8rhncp4jt1\/2026\/03\/img_920x518uu2026-03-14-19-42-41-2426915.jpg\",\"datePublished\":\"2026-03-14T19:44:37+00:00\",\"author\":{\"@id\":\"https:\/\/portaltela.pt\/#\/schema\/person\/c4278d4a6028830caff9ee44b42d32ed\"},\"breadcrumb\":{\"@id\":\"https:\/\/portaltela.pt\/noticias\/2026\/03\/14\/gala-da-federacao-de-patinagem-de-portugal-tera-transmissao-em-direto-no-record\/#breadcrumb\"},\"inLanguage\":\"pt-PT\",\"potentialAction\":[{\"@type\":\"ReadAction\",\"target\":[\"https:\/\/portaltela.pt\/noticias\/2026\/03\/14\/gala-da-federacao-de-patinagem-de-portugal-tera-transmissao-em-direto-no-record\/\"]}]},{\"@type\":\"ImageObject\",\"inLanguage\":\"pt-PT\",\"@id\":\"https:\/\/portaltela.pt\/noticias\/2026\/03\/14\/gala-da-federacao-de-patinagem-de-portugal-tera-transmissao-em-direto-no-record\/#primaryimage\",\"url\":\"https:\/\/portaltela.pt\/s.01k8rhncp4jt1\/2026\/03\/img_920x518uu2026-03-14-19-42-41-2426915.jpg\",\"contentUrl\":\"https:\/\/portaltela.pt\/s.01k8rhncp4jt1\/2026\/03\/img_920x518uu2026-03-14-19-42-41-2426915.jpg\",\"width\":796,\"height\":448,\"caption\":\"Gala da Federa\u00e7\u00e3o de Portugal de Patinagem ser\u00e1 em Beja\"},{\"@type\":\"BreadcrumbList\",\"@id\":\"https:\/\/portaltela.pt\/noticias\/2026\/03\/14\/gala-da-federacao-de-patinagem-de-portugal-tera-transmissao-em-direto-no-record\/#breadcrumb\",\"itemListElement\":[{\"@type\":\"ListItem\",\"position\":1,\"name\":\"In\u00edcio\",\"item\":\"https:\/\/portaltela.pt\/\"},{\"@type\":\"ListItem\",\"position\":2,\"name\":\"Gala da Federa\u00e7\u00e3o de Patinagem de Portugal ter\u00e1 transmiss\u00e3o em direto no Record\"}]},{\"@type\":\"WebSite\",\"@id\":\"https:\/\/portaltela.pt\/#website\",\"url\":\"https:\/\/portaltela.pt\/\",\"name\":\"Portal Tela Portugal\",\"description\":\"\",\"potentialAction\":[{\"@type\":\"SearchAction\",\"target\":{\"@type\":\"EntryPoint\",\"urlTemplate\":\"https:\/\/portaltela.pt\/?s={search_term_string}\"},\"query-input\":{\"@type\":\"PropertyValueSpecification\",\"valueRequired\":true,\"valueName\":\"search_term_string\"}}],\"inLanguage\":\"pt-PT\"},{\"@type\":\"Person\",\"@id\":\"https:\/\/portaltela.pt\/#\/schema\/person\/c4278d4a6028830caff9ee44b42d32ed\",\"name\":\"Telinha\",\"image\":{\"@type\":\"ImageObject\",\"inLanguage\":\"pt-PT\",\"@id\":\"https:\/\/portaltela.pt\/s.01k8rhncp4jt1\/2025\/11\/talking-bot-125x125.png\",\"url\":\"https:\/\/portaltela.pt\/s.01k8rhncp4jt1\/2025\/11\/talking-bot-125x125.png\",\"contentUrl\":\"https:\/\/portaltela.pt\/s.01k8rhncp4jt1\/2025\/11\/talking-bot-125x125.png\",\"caption\":\"Telinha\"},\"sameAs\":[\"https:\/\/portaltela.pt\/\"],\"url\":\"https:\/\/portaltela.pt\/por\/367410592786\/\"}]}<\/script>\n<!-- \/ Yoast SEO plugin. -->","yoast_head_json":{"title":"Gala da Federa\u00e7\u00e3o de Patinagem de Portugal ter\u00e1 transmiss\u00e3o em direto no Record - Portal Tela Portugal","robots":{"index":"index","follow":"follow","max-snippet":"max-snippet:-1","max-image-preview":"max-image-preview:large","max-video-preview":"max-video-preview:-1"},"og_locale":"pt_PT","og_type":"article","og_title":"Gala da Federa\u00e7\u00e3o de Patinagem de Portugal ter\u00e1 transmiss\u00e3o em direto no Record - Portal Tela Portugal","og_description":"A Gala da Federa\u00e7\u00e3o de Patinagem de Portugal realiza-se este domingo no Cineteatro Pax J\u00edlia, em Beja, com entrega de v\u00e1rios galard\u00f5es. Est\u00e3o entre os distinguidos atletas medalhados em Campeonatos da Europa e do Mundo, bem como o melhor marcador do Campeonato Placard. Ser\u00e3o ainda entregues os Trof\u00e9us Serpa, que premiam quatro atletas revela\u00e7\u00e3o de cada disciplina (h\u00f3quei em patins, patinagem art\u00edstica, patinagem de velocidade e skateboarding), al\u00e9m dos treinadores do ano e dos melhores atletas masculino e feminino de cada especialidade. A gala ter\u00e1 transmiss\u00e3o em direto no site do Record, a partir das 17h00.","og_url":"https:\/\/portaltela.pt\/noticias\/2026\/03\/14\/gala-da-federacao-de-patinagem-de-portugal-tera-transmissao-em-direto-no-record\/","og_site_name":"Portal Tela Portugal","article_published_time":"2026-03-14T19:44:37+00:00","author":"Telinha","twitter_card":"summary_large_image","twitter_misc":{"Escrito por":"Telinha","Tempo estimado de leitura":"1 minuto"},"schema":{"@context":"https:\/\/schema.org","@graph":[{"@type":"Article","@id":"https:\/\/portaltela.pt\/noticias\/2026\/03\/14\/gala-da-federacao-de-patinagem-de-portugal-tera-transmissao-em-direto-no-record\/#article","isPartOf":{"@id":"https:\/\/portaltela.pt\/noticias\/2026\/03\/14\/gala-da-federacao-de-patinagem-de-portugal-tera-transmissao-em-direto-no-record\/"},"author":{"name":"Telinha","@id":"https:\/\/portaltela.pt\/#\/schema\/person\/c4278d4a6028830caff9ee44b42d32ed"},"headline":"Gala da Federa\u00e7\u00e3o de Patinagem de Portugal ter\u00e1 transmiss\u00e3o em direto no Record","datePublished":"2026-03-14T19:44:37+00:00","mainEntityOfPage":{"@id":"https:\/\/portaltela.pt\/noticias\/2026\/03\/14\/gala-da-federacao-de-patinagem-de-portugal-tera-transmissao-em-direto-no-record\/"},"wordCount":174,"image":{"@id":"https:\/\/portaltela.pt\/noticias\/2026\/03\/14\/gala-da-federacao-de-patinagem-de-portugal-tera-transmissao-em-direto-no-record\/#primaryimage"},"thumbnailUrl":"https:\/\/portaltela.pt\/s.01k8rhncp4jt1\/2026\/03\/img_920x518uu2026-03-14-19-42-41-2426915.jpg","keywords":["Beja","desporto","h\u00f3quei em patins","patinagem","patinagem art\u00edstica","patinagem de velocidade"],"articleSection":["Desporto","Futebol"],"inLanguage":"pt-PT"},{"@type":"WebPage","@id":"https:\/\/portaltela.pt\/noticias\/2026\/03\/14\/gala-da-federacao-de-patinagem-de-portugal-tera-transmissao-em-direto-no-record\/","url":"https:\/\/portaltela.pt\/noticias\/2026\/03\/14\/gala-da-federacao-de-patinagem-de-portugal-tera-transmissao-em-direto-no-record\/","name":"Gala da Federa\u00e7\u00e3o de Patinagem de Portugal ter\u00e1 transmiss\u00e3o em direto no Record - Portal Tela Portugal","isPartOf":{"@id":"https:\/\/portaltela.pt\/#website"},"primaryImageOfPage":{"@id":"https:\/\/portaltela.pt\/noticias\/2026\/03\/14\/gala-da-federacao-de-patinagem-de-portugal-tera-transmissao-em-direto-no-record\/#primaryimage"},"image":{"@id":"https:\/\/portaltela.pt\/noticias\/2026\/03\/14\/gala-da-federacao-de-patinagem-de-portugal-tera-transmissao-em-direto-no-record\/#primaryimage"},"thumbnailUrl":"https:\/\/portaltela.pt\/s.01k8rhncp4jt1\/2026\/03\/img_920x518uu2026-03-14-19-42-41-2426915.jpg","datePublished":"2026-03-14T19:44:37+00:00","author":{"@id":"https:\/\/portaltela.pt\/#\/schema\/person\/c4278d4a6028830caff9ee44b42d32ed"},"breadcrumb":{"@id":"https:\/\/portaltela.pt\/noticias\/2026\/03\/14\/gala-da-federacao-de-patinagem-de-portugal-tera-transmissao-em-direto-no-record\/#breadcrumb"},"inLanguage":"pt-PT","potentialAction":[{"@type":"ReadAction","target":["https:\/\/portaltela.pt\/noticias\/2026\/03\/14\/gala-da-federacao-de-patinagem-de-portugal-tera-transmissao-em-direto-no-record\/"]}]},{"@type":"ImageObject","inLanguage":"pt-PT","@id":"https:\/\/portaltela.pt\/noticias\/2026\/03\/14\/gala-da-federacao-de-patinagem-de-portugal-tera-transmissao-em-direto-no-record\/#primaryimage","url":"https:\/\/portaltela.pt\/s.01k8rhncp4jt1\/2026\/03\/img_920x518uu2026-03-14-19-42-41-2426915.jpg","contentUrl":"https:\/\/portaltela.pt\/s.01k8rhncp4jt1\/2026\/03\/img_920x518uu2026-03-14-19-42-41-2426915.jpg","width":796,"height":448,"caption":"Gala da Federa\u00e7\u00e3o de Portugal de Patinagem ser\u00e1 em Beja"},{"@type":"BreadcrumbList","@id":"https:\/\/portaltela.pt\/noticias\/2026\/03\/14\/gala-da-federacao-de-patinagem-de-portugal-tera-transmissao-em-direto-no-record\/#breadcrumb","itemListElement":[{"@type":"ListItem","position":1,"name":"In\u00edcio","item":"https:\/\/portaltela.pt\/"},{"@type":"ListItem","position":2,"name":"Gala da Federa\u00e7\u00e3o de Patinagem de Portugal ter\u00e1 transmiss\u00e3o em direto no Record"}]},{"@type":"WebSite","@id":"https:\/\/portaltela.pt\/#website","url":"https:\/\/portaltela.pt\/","name":"Portal Tela Portugal","description":"","potentialAction":[{"@type":"SearchAction","target":{"@type":"EntryPoint","urlTemplate":"https:\/\/portaltela.pt\/?s={search_term_string}"},"query-input":{"@type":"PropertyValueSpecification","valueRequired":true,"valueName":"search_term_string"}}],"inLanguage":"pt-PT"},{"@type":"Person","@id":"https:\/\/portaltela.pt\/#\/schema\/person\/c4278d4a6028830caff9ee44b42d32ed","name":"Telinha","image":{"@type":"ImageObject","inLanguage":"pt-PT","@id":"https:\/\/portaltela.pt\/s.01k8rhncp4jt1\/2025\/11\/talking-bot-125x125.png","url":"https:\/\/portaltela.pt\/s.01k8rhncp4jt1\/2025\/11\/talking-bot-125x125.png","contentUrl":"https:\/\/portaltela.pt\/s.01k8rhncp4jt1\/2025\/11\/talking-bot-125x125.png","caption":"Telinha"},"sameAs":["https:\/\/portaltela.pt\/"],"url":"https:\/\/portaltela.pt\/por\/367410592786\/"}]}},"_links":{"self":[{"href":"https:\/\/portaltela.pt\/api\/wp\/v2\/posts\/410299","targetHints":{"allow":["GET"]}}],"collection":[{"href":"https:\/\/portaltela.pt\/api\/wp\/v2\/posts"}],"about":[{"href":"https:\/\/portaltela.pt\/api\/wp\/v2\/types\/post"}],"author":[{"embeddable":true,"href":"https:\/\/portaltela.pt\/api\/wp\/v2\/users\/2"}],"replies":[{"embeddable":true,"href":"https:\/\/portaltela.pt\/api\/wp\/v2\/comments?post=410299"}],"version-history":[{"count":0,"href":"https:\/\/portaltela.pt\/api\/wp\/v2\/posts\/410299\/revisions"}],"wp:featuredmedia":[{"embeddable":true,"href":"https:\/\/portaltela.pt\/api\/wp\/v2\/media\/410306"}],"wp:attachment":[{"href":"https:\/\/portaltela.pt\/api\/wp\/v2\/media?parent=410299"}],"wp:term":[{"taxonomy":"category","embeddable":true,"href":"https:\/\/portaltela.pt\/api\/wp\/v2\/categories?post=410299"},{"taxonomy":"post_tag","embeddable":true,"href":"https:\/\/portaltela.pt\/api\/wp\/v2\/tags?post=410299"}],"curies":[{"name":"wp","href":"https:\/\/api.w.org\/{rel}","templated":true}]}}