{"id":410296,"date":"2026-03-14T16:44:53","date_gmt":"2026-03-14T19:44:53","guid":{"rendered":"https:\/\/portaltela.pt\/noticias\/2026\/03\/14\/rita-matias-e-o-pai-pedem-demissao-de-bruno-mascarenhas\/"},"modified":"2026-03-14T16:44:53","modified_gmt":"2026-03-14T19:44:53","slug":"rita-matias-e-o-pai-pedem-demissao-de-bruno-mascarenhas","status":"publish","type":"post","link":"https:\/\/portaltela.pt\/noticias\/politica\/2026\/03\/14\/rita-matias-e-o-pai-pedem-demissao-de-bruno-mascarenhas\/","title":{"rendered":"Rita Matias e o pai pedem demiss\u00e3o de Bruno Mascarenhas"},"content":{"rendered":"<p>O caso envolvendo Mafalda Livermore, namorada do vereador do Chega na C\u00e2mara Municipal de Lisboa, levou a um afastamento dos servi\u00e7os sociais da autarquia por alegadas loca\u00e7\u00f5es de casas clandestinas a imigrantes. A situa\u00e7\u00e3o gerou cr\u00edticas internas e abriu uma crise no partido.<\/p>\n<p>Na sequ\u00eancia, a deputada Rita Matias pediu a demiss\u00e3o de Bruno Mascarenhas, com a afirma\u00e7\u00e3o de que n\u00e3o pode haver algu\u00e9m que envergonhe o partido ou defenda os seus interesses. Manuel Matias, antigo candidato \u00e0 C\u00e2mara de Odemira, tamb\u00e9m pediu a demiss\u00e3o de Mascarenhas, afirmando que n\u00e3o h\u00e1 lugar para esse tipo de pessoas no Chega.<\/p>\n<p>Uma s\u00e9rie de nomea\u00e7\u00f5es pol\u00e9micas para o gabinete do Chega na C\u00e2mara de Lisboa levou a que a segunda vereadora do partido, Ana Sim\u00f5es Silva, passasse a independente. A ARTP reportou que entre os nomes questionados est\u00e1 Sofia Borges Neves, prima de Mascarenhas, designada para chefiar as redes sociais.<\/p>\n<h3>Desdobramentos no Chega em Lisboa<\/h3>\n<p>A den\u00fancia sobre Mafalda Livermore acionou cr\u00edticas p\u00fablicas contra a lideran\u00e7a do partido. Rita Matias refor\u00e7ou a necessidade de responsabiliza\u00e7\u00e3o e de preservar a integridade institucional, sem emitir ju\u00edzos de valor externos. A mobiliza\u00e7\u00e3o de base, segundo fontes, tem aumentado a press\u00e3o interna.<\/p>\n<p>As declara\u00e7\u00f5es de Manuel Matias refletiram indigna\u00e7\u00e3o entre militantes, com avalia\u00e7\u00f5es de que a gest\u00e3o anterior pode ter impactos eleitorais. O Chega n\u00e3o confirmou ainda eventuais san\u00e7\u00f5es formais ou mudan\u00e7as adicionais na equipa municipal.<\/p>\n<p>A escolha para a \u00e1rea de comunica\u00e7\u00e3o na C\u00e2mara de Lisboa permanecer\u00e1 sob observa\u00e7\u00e3o, face \u00e0s controv\u00e9rsias envolvendo rela\u00e7\u00f5es familiares com membros do grupo dirigente. O partido n\u00e3o divulgou coment\u00e1rios oficiais sobre o tema at\u00e9 ao momento.<\/p>\n","protected":false},"excerpt":{"rendered":"<ul>\n<li>O caso de Mafalda Livermore, namorada de um vereador do Chega na C\u00e2mara de Lisboa, ter sido exonerada de servi\u00e7os sociais por alegadamente arrendar casas a imigrantes gerou tens\u00e3o interna no partido.<\/li>\n<li>A deputada Rita Matias pediu a demiss\u00e3o de Bruno Mascarenhas, afirmando desejar que haja consequ\u00eancias para quem envergonhe o partido.<\/li>\n<li>Manuel Matias, candidato \u00e0 C\u00e2mara de Odemira, tamb\u00e9m pediu a demiss\u00e3o de Mascarenhas e criticou quem o defende, referindo que n\u00e3o h\u00e1 lugar para esse tipo de pessoas no Chega.<\/li>\n<li>A imprensa revelou v\u00e1rias nomea\u00e7\u00f5es pol\u00e9micas no gabinete do Chega na C\u00e2mara de Lisboa, que contribu\u00edram para a mudan\u00e7a de Ana Sim\u00f5es Silva para independente.<\/li>\n<li>Entre as escolhas contestadas est\u00e1 Sofia Borges Neves, prima de Mascarenhas, designada para respons\u00e1vel pelas redes sociais.<\/li>\n<\/ul>\n","protected":false},"author":2,"featured_media":410301,"comment_status":"closed","ping_status":"closed","sticky":false,"template":"","format":"standard","meta":{"footnotes":""},"categories":[1,5],"tags":[4657,2142,712,981,4523,2832],"class_list":["post-410296","post","type-post","status-publish","format-standard","has-post-thumbnail","hentry","category-noticias","category-politica","tag-afastamentos","tag-chega","tag-imigracao","tag-lisboa","tag-nomeacoes","tag-politica"],"yoast_head":"<!-- This site is optimized with the Yoast SEO plugin v27.2 - https:\/\/yoast.com\/product\/yoast-seo-wordpress\/ -->\n<title>Rita Matias e o pai pedem demiss\u00e3o de Bruno Mascarenhas - Portal Tela Portugal<\/title>\n<meta name=\"robots\" content=\"index, follow, max-snippet:-1, max-image-preview:large, max-video-preview:-1\" \/>\n<meta property=\"og:locale\" content=\"pt_PT\" \/>\n<meta property=\"og:type\" content=\"article\" \/>\n<meta property=\"og:title\" content=\"Rita Matias e o pai pedem demiss\u00e3o de Bruno Mascarenhas - Portal Tela Portugal\" \/>\n<meta property=\"og:description\" content=\"O caso de Mafalda Livermore, namorada de um vereador do Chega na C\u00e2mara de Lisboa, ter sido exonerada de servi\u00e7os sociais por alegadamente arrendar casas a imigrantes gerou tens\u00e3o interna no partido. A deputada Rita Matias pediu a demiss\u00e3o de Bruno Mascarenhas, afirmando desejar que haja consequ\u00eancias para quem envergonhe o partido. Manuel Matias, candidato \u00e0 C\u00e2mara de Odemira, tamb\u00e9m pediu a demiss\u00e3o de Mascarenhas e criticou quem o defende, referindo que n\u00e3o h\u00e1 lugar para esse tipo de pessoas no Chega. A imprensa revelou v\u00e1rias nomea\u00e7\u00f5es pol\u00e9micas no gabinete do Chega na C\u00e2mara de Lisboa, que contribu\u00edram para a mudan\u00e7a de Ana Sim\u00f5es Silva para independente. Entre as escolhas contestadas est\u00e1 Sofia Borges Neves, prima de Mascarenhas, designada para respons\u00e1vel pelas redes sociais.\" \/>\n<meta property=\"og:url\" content=\"https:\/\/portaltela.pt\/noticias\/2026\/03\/14\/rita-matias-e-o-pai-pedem-demissao-de-bruno-mascarenhas\/\" \/>\n<meta property=\"og:site_name\" content=\"Portal Tela Portugal\" \/>\n<meta property=\"article:published_time\" content=\"2026-03-14T19:44:53+00:00\" \/>\n<meta name=\"author\" content=\"Telinha\" \/>\n<meta name=\"twitter:card\" content=\"summary_large_image\" \/>\n<meta name=\"twitter:label1\" content=\"Escrito por\" \/>\n\t<meta name=\"twitter:data1\" content=\"Telinha\" \/>\n\t<meta name=\"twitter:label2\" content=\"Tempo estimado de leitura\" \/>\n\t<meta name=\"twitter:data2\" content=\"2 minutos\" \/>\n<script type=\"application\/ld+json\" class=\"yoast-schema-graph\">{\"@context\":\"https:\/\/schema.org\",\"@graph\":[{\"@type\":\"Article\",\"@id\":\"https:\/\/portaltela.pt\/noticias\/2026\/03\/14\/rita-matias-e-o-pai-pedem-demissao-de-bruno-mascarenhas\/#article\",\"isPartOf\":{\"@id\":\"https:\/\/portaltela.pt\/noticias\/2026\/03\/14\/rita-matias-e-o-pai-pedem-demissao-de-bruno-mascarenhas\/\"},\"author\":{\"name\":\"Telinha\",\"@id\":\"https:\/\/portaltela.pt\/#\/schema\/person\/c4278d4a6028830caff9ee44b42d32ed\"},\"headline\":\"Rita Matias e o pai pedem demiss\u00e3o de Bruno Mascarenhas\",\"datePublished\":\"2026-03-14T19:44:53+00:00\",\"mainEntityOfPage\":{\"@id\":\"https:\/\/portaltela.pt\/noticias\/2026\/03\/14\/rita-matias-e-o-pai-pedem-demissao-de-bruno-mascarenhas\/\"},\"wordCount\":319,\"image\":{\"@id\":\"https:\/\/portaltela.pt\/noticias\/2026\/03\/14\/rita-matias-e-o-pai-pedem-demissao-de-bruno-mascarenhas\/#primaryimage\"},\"thumbnailUrl\":\"https:\/\/portaltela.pt\/s.01k8rhncp4jt1\/2026\/03\/img_1500x1000uu2025-06-13-20-48-45-2216125-im-639091142021231989.jpg\",\"keywords\":[\"afastamentos\",\"CHEGA\",\"imigra\u00e7\u00e3o\",\"Lisboa\",\"nomea\u00e7\u00f5es\",\"pol\u00edtica\"],\"articleSection\":[\"Not\u00edcias\",\"Pol\u00edtica\"],\"inLanguage\":\"pt-PT\"},{\"@type\":\"WebPage\",\"@id\":\"https:\/\/portaltela.pt\/noticias\/2026\/03\/14\/rita-matias-e-o-pai-pedem-demissao-de-bruno-mascarenhas\/\",\"url\":\"https:\/\/portaltela.pt\/noticias\/2026\/03\/14\/rita-matias-e-o-pai-pedem-demissao-de-bruno-mascarenhas\/\",\"name\":\"Rita Matias e o pai pedem demiss\u00e3o de Bruno Mascarenhas - Portal Tela Portugal\",\"isPartOf\":{\"@id\":\"https:\/\/portaltela.pt\/#website\"},\"primaryImageOfPage\":{\"@id\":\"https:\/\/portaltela.pt\/noticias\/2026\/03\/14\/rita-matias-e-o-pai-pedem-demissao-de-bruno-mascarenhas\/#primaryimage\"},\"image\":{\"@id\":\"https:\/\/portaltela.pt\/noticias\/2026\/03\/14\/rita-matias-e-o-pai-pedem-demissao-de-bruno-mascarenhas\/#primaryimage\"},\"thumbnailUrl\":\"https:\/\/portaltela.pt\/s.01k8rhncp4jt1\/2026\/03\/img_1500x1000uu2025-06-13-20-48-45-2216125-im-639091142021231989.jpg\",\"datePublished\":\"2026-03-14T19:44:53+00:00\",\"author\":{\"@id\":\"https:\/\/portaltela.pt\/#\/schema\/person\/c4278d4a6028830caff9ee44b42d32ed\"},\"breadcrumb\":{\"@id\":\"https:\/\/portaltela.pt\/noticias\/2026\/03\/14\/rita-matias-e-o-pai-pedem-demissao-de-bruno-mascarenhas\/#breadcrumb\"},\"inLanguage\":\"pt-PT\",\"potentialAction\":[{\"@type\":\"ReadAction\",\"target\":[\"https:\/\/portaltela.pt\/noticias\/2026\/03\/14\/rita-matias-e-o-pai-pedem-demissao-de-bruno-mascarenhas\/\"]}]},{\"@type\":\"ImageObject\",\"inLanguage\":\"pt-PT\",\"@id\":\"https:\/\/portaltela.pt\/noticias\/2026\/03\/14\/rita-matias-e-o-pai-pedem-demissao-de-bruno-mascarenhas\/#primaryimage\",\"url\":\"https:\/\/portaltela.pt\/s.01k8rhncp4jt1\/2026\/03\/img_1500x1000uu2025-06-13-20-48-45-2216125-im-639091142021231989.jpg\",\"contentUrl\":\"https:\/\/portaltela.pt\/s.01k8rhncp4jt1\/2026\/03\/img_1500x1000uu2025-06-13-20-48-45-2216125-im-639091142021231989.jpg\",\"width\":796,\"height\":448,\"caption\":\"Rita Matias\"},{\"@type\":\"BreadcrumbList\",\"@id\":\"https:\/\/portaltela.pt\/noticias\/2026\/03\/14\/rita-matias-e-o-pai-pedem-demissao-de-bruno-mascarenhas\/#breadcrumb\",\"itemListElement\":[{\"@type\":\"ListItem\",\"position\":1,\"name\":\"In\u00edcio\",\"item\":\"https:\/\/portaltela.pt\/\"},{\"@type\":\"ListItem\",\"position\":2,\"name\":\"Rita Matias e o pai pedem demiss\u00e3o de Bruno Mascarenhas\"}]},{\"@type\":\"WebSite\",\"@id\":\"https:\/\/portaltela.pt\/#website\",\"url\":\"https:\/\/portaltela.pt\/\",\"name\":\"Portal Tela Portugal\",\"description\":\"\",\"potentialAction\":[{\"@type\":\"SearchAction\",\"target\":{\"@type\":\"EntryPoint\",\"urlTemplate\":\"https:\/\/portaltela.pt\/?s={search_term_string}\"},\"query-input\":{\"@type\":\"PropertyValueSpecification\",\"valueRequired\":true,\"valueName\":\"search_term_string\"}}],\"inLanguage\":\"pt-PT\"},{\"@type\":\"Person\",\"@id\":\"https:\/\/portaltela.pt\/#\/schema\/person\/c4278d4a6028830caff9ee44b42d32ed\",\"name\":\"Telinha\",\"image\":{\"@type\":\"ImageObject\",\"inLanguage\":\"pt-PT\",\"@id\":\"https:\/\/portaltela.pt\/s.01k8rhncp4jt1\/2025\/11\/talking-bot-125x125.png\",\"url\":\"https:\/\/portaltela.pt\/s.01k8rhncp4jt1\/2025\/11\/talking-bot-125x125.png\",\"contentUrl\":\"https:\/\/portaltela.pt\/s.01k8rhncp4jt1\/2025\/11\/talking-bot-125x125.png\",\"caption\":\"Telinha\"},\"sameAs\":[\"https:\/\/portaltela.pt\/\"],\"url\":\"https:\/\/portaltela.pt\/por\/367410592786\/\"}]}<\/script>\n<!-- \/ Yoast SEO plugin. -->","yoast_head_json":{"title":"Rita Matias e o pai pedem demiss\u00e3o de Bruno Mascarenhas - Portal Tela Portugal","robots":{"index":"index","follow":"follow","max-snippet":"max-snippet:-1","max-image-preview":"max-image-preview:large","max-video-preview":"max-video-preview:-1"},"og_locale":"pt_PT","og_type":"article","og_title":"Rita Matias e o pai pedem demiss\u00e3o de Bruno Mascarenhas - Portal Tela Portugal","og_description":"O caso de Mafalda Livermore, namorada de um vereador do Chega na C\u00e2mara de Lisboa, ter sido exonerada de servi\u00e7os sociais por alegadamente arrendar casas a imigrantes gerou tens\u00e3o interna no partido. A deputada Rita Matias pediu a demiss\u00e3o de Bruno Mascarenhas, afirmando desejar que haja consequ\u00eancias para quem envergonhe o partido. Manuel Matias, candidato \u00e0 C\u00e2mara de Odemira, tamb\u00e9m pediu a demiss\u00e3o de Mascarenhas e criticou quem o defende, referindo que n\u00e3o h\u00e1 lugar para esse tipo de pessoas no Chega. A imprensa revelou v\u00e1rias nomea\u00e7\u00f5es pol\u00e9micas no gabinete do Chega na C\u00e2mara de Lisboa, que contribu\u00edram para a mudan\u00e7a de Ana Sim\u00f5es Silva para independente. Entre as escolhas contestadas est\u00e1 Sofia Borges Neves, prima de Mascarenhas, designada para respons\u00e1vel pelas redes sociais.","og_url":"https:\/\/portaltela.pt\/noticias\/2026\/03\/14\/rita-matias-e-o-pai-pedem-demissao-de-bruno-mascarenhas\/","og_site_name":"Portal Tela Portugal","article_published_time":"2026-03-14T19:44:53+00:00","author":"Telinha","twitter_card":"summary_large_image","twitter_misc":{"Escrito por":"Telinha","Tempo estimado de leitura":"2 minutos"},"schema":{"@context":"https:\/\/schema.org","@graph":[{"@type":"Article","@id":"https:\/\/portaltela.pt\/noticias\/2026\/03\/14\/rita-matias-e-o-pai-pedem-demissao-de-bruno-mascarenhas\/#article","isPartOf":{"@id":"https:\/\/portaltela.pt\/noticias\/2026\/03\/14\/rita-matias-e-o-pai-pedem-demissao-de-bruno-mascarenhas\/"},"author":{"name":"Telinha","@id":"https:\/\/portaltela.pt\/#\/schema\/person\/c4278d4a6028830caff9ee44b42d32ed"},"headline":"Rita Matias e o pai pedem demiss\u00e3o de Bruno Mascarenhas","datePublished":"2026-03-14T19:44:53+00:00","mainEntityOfPage":{"@id":"https:\/\/portaltela.pt\/noticias\/2026\/03\/14\/rita-matias-e-o-pai-pedem-demissao-de-bruno-mascarenhas\/"},"wordCount":319,"image":{"@id":"https:\/\/portaltela.pt\/noticias\/2026\/03\/14\/rita-matias-e-o-pai-pedem-demissao-de-bruno-mascarenhas\/#primaryimage"},"thumbnailUrl":"https:\/\/portaltela.pt\/s.01k8rhncp4jt1\/2026\/03\/img_1500x1000uu2025-06-13-20-48-45-2216125-im-639091142021231989.jpg","keywords":["afastamentos","CHEGA","imigra\u00e7\u00e3o","Lisboa","nomea\u00e7\u00f5es","pol\u00edtica"],"articleSection":["Not\u00edcias","Pol\u00edtica"],"inLanguage":"pt-PT"},{"@type":"WebPage","@id":"https:\/\/portaltela.pt\/noticias\/2026\/03\/14\/rita-matias-e-o-pai-pedem-demissao-de-bruno-mascarenhas\/","url":"https:\/\/portaltela.pt\/noticias\/2026\/03\/14\/rita-matias-e-o-pai-pedem-demissao-de-bruno-mascarenhas\/","name":"Rita Matias e o pai pedem demiss\u00e3o de Bruno Mascarenhas - Portal Tela Portugal","isPartOf":{"@id":"https:\/\/portaltela.pt\/#website"},"primaryImageOfPage":{"@id":"https:\/\/portaltela.pt\/noticias\/2026\/03\/14\/rita-matias-e-o-pai-pedem-demissao-de-bruno-mascarenhas\/#primaryimage"},"image":{"@id":"https:\/\/portaltela.pt\/noticias\/2026\/03\/14\/rita-matias-e-o-pai-pedem-demissao-de-bruno-mascarenhas\/#primaryimage"},"thumbnailUrl":"https:\/\/portaltela.pt\/s.01k8rhncp4jt1\/2026\/03\/img_1500x1000uu2025-06-13-20-48-45-2216125-im-639091142021231989.jpg","datePublished":"2026-03-14T19:44:53+00:00","author":{"@id":"https:\/\/portaltela.pt\/#\/schema\/person\/c4278d4a6028830caff9ee44b42d32ed"},"breadcrumb":{"@id":"https:\/\/portaltela.pt\/noticias\/2026\/03\/14\/rita-matias-e-o-pai-pedem-demissao-de-bruno-mascarenhas\/#breadcrumb"},"inLanguage":"pt-PT","potentialAction":[{"@type":"ReadAction","target":["https:\/\/portaltela.pt\/noticias\/2026\/03\/14\/rita-matias-e-o-pai-pedem-demissao-de-bruno-mascarenhas\/"]}]},{"@type":"ImageObject","inLanguage":"pt-PT","@id":"https:\/\/portaltela.pt\/noticias\/2026\/03\/14\/rita-matias-e-o-pai-pedem-demissao-de-bruno-mascarenhas\/#primaryimage","url":"https:\/\/portaltela.pt\/s.01k8rhncp4jt1\/2026\/03\/img_1500x1000uu2025-06-13-20-48-45-2216125-im-639091142021231989.jpg","contentUrl":"https:\/\/portaltela.pt\/s.01k8rhncp4jt1\/2026\/03\/img_1500x1000uu2025-06-13-20-48-45-2216125-im-639091142021231989.jpg","width":796,"height":448,"caption":"Rita Matias"},{"@type":"BreadcrumbList","@id":"https:\/\/portaltela.pt\/noticias\/2026\/03\/14\/rita-matias-e-o-pai-pedem-demissao-de-bruno-mascarenhas\/#breadcrumb","itemListElement":[{"@type":"ListItem","position":1,"name":"In\u00edcio","item":"https:\/\/portaltela.pt\/"},{"@type":"ListItem","position":2,"name":"Rita Matias e o pai pedem demiss\u00e3o de Bruno Mascarenhas"}]},{"@type":"WebSite","@id":"https:\/\/portaltela.pt\/#website","url":"https:\/\/portaltela.pt\/","name":"Portal Tela Portugal","description":"","potentialAction":[{"@type":"SearchAction","target":{"@type":"EntryPoint","urlTemplate":"https:\/\/portaltela.pt\/?s={search_term_string}"},"query-input":{"@type":"PropertyValueSpecification","valueRequired":true,"valueName":"search_term_string"}}],"inLanguage":"pt-PT"},{"@type":"Person","@id":"https:\/\/portaltela.pt\/#\/schema\/person\/c4278d4a6028830caff9ee44b42d32ed","name":"Telinha","image":{"@type":"ImageObject","inLanguage":"pt-PT","@id":"https:\/\/portaltela.pt\/s.01k8rhncp4jt1\/2025\/11\/talking-bot-125x125.png","url":"https:\/\/portaltela.pt\/s.01k8rhncp4jt1\/2025\/11\/talking-bot-125x125.png","contentUrl":"https:\/\/portaltela.pt\/s.01k8rhncp4jt1\/2025\/11\/talking-bot-125x125.png","caption":"Telinha"},"sameAs":["https:\/\/portaltela.pt\/"],"url":"https:\/\/portaltela.pt\/por\/367410592786\/"}]}},"_links":{"self":[{"href":"https:\/\/portaltela.pt\/api\/wp\/v2\/posts\/410296","targetHints":{"allow":["GET"]}}],"collection":[{"href":"https:\/\/portaltela.pt\/api\/wp\/v2\/posts"}],"about":[{"href":"https:\/\/portaltela.pt\/api\/wp\/v2\/types\/post"}],"author":[{"embeddable":true,"href":"https:\/\/portaltela.pt\/api\/wp\/v2\/users\/2"}],"replies":[{"embeddable":true,"href":"https:\/\/portaltela.pt\/api\/wp\/v2\/comments?post=410296"}],"version-history":[{"count":0,"href":"https:\/\/portaltela.pt\/api\/wp\/v2\/posts\/410296\/revisions"}],"wp:featuredmedia":[{"embeddable":true,"href":"https:\/\/portaltela.pt\/api\/wp\/v2\/media\/410301"}],"wp:attachment":[{"href":"https:\/\/portaltela.pt\/api\/wp\/v2\/media?parent=410296"}],"wp:term":[{"taxonomy":"category","embeddable":true,"href":"https:\/\/portaltela.pt\/api\/wp\/v2\/categories?post=410296"},{"taxonomy":"post_tag","embeddable":true,"href":"https:\/\/portaltela.pt\/api\/wp\/v2\/tags?post=410296"}],"curies":[{"name":"wp","href":"https:\/\/api.w.org\/{rel}","templated":true}]}}