{"id":410282,"date":"2026-03-14T16:22:00","date_gmt":"2026-03-14T19:22:00","guid":{"rendered":"https:\/\/portaltela.pt\/noticias\/2026\/03\/14\/incendio-na-garagem-de-predio-em-setubal-desalojou-30-moradores\/"},"modified":"2026-03-14T16:22:00","modified_gmt":"2026-03-14T19:22:00","slug":"incendio-na-garagem-de-predio-em-setubal-desalojou-30-moradores","status":"publish","type":"post","link":"https:\/\/portaltela.pt\/noticias\/2026\/03\/14\/incendio-na-garagem-de-predio-em-setubal-desalojou-30-moradores\/","title":{"rendered":"Inc\u00eandio na garagem de pr\u00e9dio em Set\u00fabal desalojou 30 moradores"},"content":{"rendered":"<p>Um inc\u00eandio na garagem de um pr\u00e9dio em Set\u00fabal deixou 30 moradores desalojados neste s\u00e1bado. O alerta foi recebido \u00e0s 12h24 na Rua da F\u00e9, e a origem permanece a ser investigada pela Pol\u00edcia Judici\u00e1ria (PJ), segundo a Prote\u00e7\u00e3o Civil.<\/p>\n<p>A mesma fonte explicou que o fogo comprometeu as instala\u00e7\u00f5es el\u00e9tricas do edif\u00edcio, tornando-o sem energia el\u00e9ctrica e impossibilitando a ocupa\u00e7\u00e3o dos moradores.<\/p>\n<p>O inc\u00eandio destruiu na totalidade um carro estacionado na garagem e provocou danos em mais tr\u00eas ve\u00edculos. A situa\u00e7\u00e3o levou ao desalojamento de todos os residentes do pr\u00e9dio.<\/p>\n<h3>Investiga\u00e7\u00e3o em curso<\/h3>\n<p>Vinte desalojados ficaram a residir com familiares, enquanto os outros dez foram realojados pelos servi\u00e7os municipais. As opera\u00e7\u00f5es envolveram 24 operacionais, com oito ve\u00edculos, dos Bombeiros Sapadores de Set\u00fabal, PSP, PJ e a empresa E-redes.<\/p>\n<p>A PJ esteve no local para per\u00edcias com o objetivo de determinar a origem do fogo, sem ainda indicar causas definidas. A Prote\u00e7\u00e3o Civil coordenou as a\u00e7\u00f5es no terreno, em conjunto com as autoridades presentes.<\/p>\n","protected":false},"excerpt":{"rendered":"<ul>\n<li>Trinta moradores de um pr\u00e9dio em Set\u00fabal ficaram desalojados ap\u00f3s um inc\u00eandio na garagem, cuja origem est\u00e1 a ser investigada pela Pol\u00edcia Judici\u00e1ria.<\/li>\n<li>O alerta foi dado \u00e0s 12.24 horas e o pr\u00e9dio ficou sem condi\u00e7\u00f5es de habitabilidade devido a danos nas instala\u00e7\u00f5es el\u00e9tricas.<\/li>\n<li>O fogo destruiu na totalidade um carro e danificou outros tr\u00eas que estavam na garagem.<\/li>\n<li>Duzentos moradores ficaram com casa de familiares, enquanto dez foram realojados pelos servi\u00e7os municipais.<\/li>\n<li>As opera\u00e7\u00f5es envolveram 24 operacionais, com apoio de oito ve\u00edculos, incluindo Bombeiros Sapadores de Set\u00fabal, PSP, PJ e E-redes.<\/li>\n<\/ul>\n","protected":false},"author":2,"featured_media":410285,"comment_status":"closed","ping_status":"closed","sticky":false,"template":"","format":"standard","meta":{"footnotes":""},"categories":[1],"tags":[3741,3004,1438,1802,320,994],"class_list":["post-410282","post","type-post","status-publish","format-standard","has-post-thumbnail","hentry","category-noticias","tag-bombeiros-sapadores","tag-desalojados","tag-incendio","tag-policia-judiciaria","tag-protecao-civil","tag-setubal"],"yoast_head":"<!-- This site is optimized with the Yoast SEO plugin v27.2 - https:\/\/yoast.com\/product\/yoast-seo-wordpress\/ -->\n<title>Inc\u00eandio na garagem de pr\u00e9dio em Set\u00fabal desalojou 30 moradores - Portal Tela Portugal<\/title>\n<meta name=\"robots\" content=\"index, follow, max-snippet:-1, max-image-preview:large, max-video-preview:-1\" \/>\n<meta property=\"og:locale\" content=\"pt_PT\" \/>\n<meta property=\"og:type\" content=\"article\" \/>\n<meta property=\"og:title\" content=\"Inc\u00eandio na garagem de pr\u00e9dio em Set\u00fabal desalojou 30 moradores - Portal Tela Portugal\" \/>\n<meta property=\"og:description\" content=\"Trinta moradores de um pr\u00e9dio em Set\u00fabal ficaram desalojados ap\u00f3s um inc\u00eandio na garagem, cuja origem est\u00e1 a ser investigada pela Pol\u00edcia Judici\u00e1ria. O alerta foi dado \u00e0s 12.24 horas e o pr\u00e9dio ficou sem condi\u00e7\u00f5es de habitabilidade devido a danos nas instala\u00e7\u00f5es el\u00e9tricas. O fogo destruiu na totalidade um carro e danificou outros tr\u00eas que estavam na garagem. Duzentos moradores ficaram com casa de familiares, enquanto dez foram realojados pelos servi\u00e7os municipais. As opera\u00e7\u00f5es envolveram 24 operacionais, com apoio de oito ve\u00edculos, incluindo Bombeiros Sapadores de Set\u00fabal, PSP, PJ e E-redes.\" \/>\n<meta property=\"og:url\" content=\"https:\/\/portaltela.pt\/noticias\/2026\/03\/14\/incendio-na-garagem-de-predio-em-setubal-desalojou-30-moradores\/\" \/>\n<meta property=\"og:site_name\" content=\"Portal Tela Portugal\" \/>\n<meta property=\"article:published_time\" content=\"2026-03-14T19:22:00+00:00\" \/>\n<meta name=\"author\" content=\"Telinha\" \/>\n<meta name=\"twitter:card\" content=\"summary_large_image\" \/>\n<meta name=\"twitter:label1\" content=\"Escrito por\" \/>\n\t<meta name=\"twitter:data1\" content=\"Telinha\" \/>\n\t<meta name=\"twitter:label2\" content=\"Tempo estimado de leitura\" \/>\n\t<meta name=\"twitter:data2\" content=\"1 minuto\" \/>\n<script type=\"application\/ld+json\" class=\"yoast-schema-graph\">{\"@context\":\"https:\/\/schema.org\",\"@graph\":[{\"@type\":\"Article\",\"@id\":\"https:\/\/portaltela.pt\/noticias\/2026\/03\/14\/incendio-na-garagem-de-predio-em-setubal-desalojou-30-moradores\/#article\",\"isPartOf\":{\"@id\":\"https:\/\/portaltela.pt\/noticias\/2026\/03\/14\/incendio-na-garagem-de-predio-em-setubal-desalojou-30-moradores\/\"},\"author\":{\"name\":\"Telinha\",\"@id\":\"https:\/\/portaltela.pt\/#\/schema\/person\/c4278d4a6028830caff9ee44b42d32ed\"},\"headline\":\"Inc\u00eandio na garagem de pr\u00e9dio em Set\u00fabal desalojou 30 moradores\",\"datePublished\":\"2026-03-14T19:22:00+00:00\",\"mainEntityOfPage\":{\"@id\":\"https:\/\/portaltela.pt\/noticias\/2026\/03\/14\/incendio-na-garagem-de-predio-em-setubal-desalojou-30-moradores\/\"},\"wordCount\":199,\"image\":{\"@id\":\"https:\/\/portaltela.pt\/noticias\/2026\/03\/14\/incendio-na-garagem-de-predio-em-setubal-desalojou-30-moradores\/#primaryimage\"},\"thumbnailUrl\":\"https:\/\/portaltela.pt\/s.01k8rhncp4jt1\/2026\/03\/image-954.jpg\",\"keywords\":[\"Bombeiros Sapadores\",\"desalojados\",\"inc\u00eandio\",\"Pol\u00edcia Judici\u00e1ria\",\"prote\u00e7\u00e3o civil\",\"Set\u00fabal\"],\"articleSection\":[\"Not\u00edcias\"],\"inLanguage\":\"pt-PT\"},{\"@type\":\"WebPage\",\"@id\":\"https:\/\/portaltela.pt\/noticias\/2026\/03\/14\/incendio-na-garagem-de-predio-em-setubal-desalojou-30-moradores\/\",\"url\":\"https:\/\/portaltela.pt\/noticias\/2026\/03\/14\/incendio-na-garagem-de-predio-em-setubal-desalojou-30-moradores\/\",\"name\":\"Inc\u00eandio na garagem de pr\u00e9dio em Set\u00fabal desalojou 30 moradores - Portal Tela Portugal\",\"isPartOf\":{\"@id\":\"https:\/\/portaltela.pt\/#website\"},\"primaryImageOfPage\":{\"@id\":\"https:\/\/portaltela.pt\/noticias\/2026\/03\/14\/incendio-na-garagem-de-predio-em-setubal-desalojou-30-moradores\/#primaryimage\"},\"image\":{\"@id\":\"https:\/\/portaltela.pt\/noticias\/2026\/03\/14\/incendio-na-garagem-de-predio-em-setubal-desalojou-30-moradores\/#primaryimage\"},\"thumbnailUrl\":\"https:\/\/portaltela.pt\/s.01k8rhncp4jt1\/2026\/03\/image-954.jpg\",\"datePublished\":\"2026-03-14T19:22:00+00:00\",\"author\":{\"@id\":\"https:\/\/portaltela.pt\/#\/schema\/person\/c4278d4a6028830caff9ee44b42d32ed\"},\"breadcrumb\":{\"@id\":\"https:\/\/portaltela.pt\/noticias\/2026\/03\/14\/incendio-na-garagem-de-predio-em-setubal-desalojou-30-moradores\/#breadcrumb\"},\"inLanguage\":\"pt-PT\",\"potentialAction\":[{\"@type\":\"ReadAction\",\"target\":[\"https:\/\/portaltela.pt\/noticias\/2026\/03\/14\/incendio-na-garagem-de-predio-em-setubal-desalojou-30-moradores\/\"]}]},{\"@type\":\"ImageObject\",\"inLanguage\":\"pt-PT\",\"@id\":\"https:\/\/portaltela.pt\/noticias\/2026\/03\/14\/incendio-na-garagem-de-predio-em-setubal-desalojou-30-moradores\/#primaryimage\",\"url\":\"https:\/\/portaltela.pt\/s.01k8rhncp4jt1\/2026\/03\/image-954.jpg\",\"contentUrl\":\"https:\/\/portaltela.pt\/s.01k8rhncp4jt1\/2026\/03\/image-954.jpg\",\"width\":796,\"height\":448,\"caption\":\"Inc\u00eandio deixou 30 pessoas desalojadas\"},{\"@type\":\"BreadcrumbList\",\"@id\":\"https:\/\/portaltela.pt\/noticias\/2026\/03\/14\/incendio-na-garagem-de-predio-em-setubal-desalojou-30-moradores\/#breadcrumb\",\"itemListElement\":[{\"@type\":\"ListItem\",\"position\":1,\"name\":\"In\u00edcio\",\"item\":\"https:\/\/portaltela.pt\/\"},{\"@type\":\"ListItem\",\"position\":2,\"name\":\"Inc\u00eandio na garagem de pr\u00e9dio em Set\u00fabal desalojou 30 moradores\"}]},{\"@type\":\"WebSite\",\"@id\":\"https:\/\/portaltela.pt\/#website\",\"url\":\"https:\/\/portaltela.pt\/\",\"name\":\"Portal Tela Portugal\",\"description\":\"\",\"potentialAction\":[{\"@type\":\"SearchAction\",\"target\":{\"@type\":\"EntryPoint\",\"urlTemplate\":\"https:\/\/portaltela.pt\/?s={search_term_string}\"},\"query-input\":{\"@type\":\"PropertyValueSpecification\",\"valueRequired\":true,\"valueName\":\"search_term_string\"}}],\"inLanguage\":\"pt-PT\"},{\"@type\":\"Person\",\"@id\":\"https:\/\/portaltela.pt\/#\/schema\/person\/c4278d4a6028830caff9ee44b42d32ed\",\"name\":\"Telinha\",\"image\":{\"@type\":\"ImageObject\",\"inLanguage\":\"pt-PT\",\"@id\":\"https:\/\/portaltela.pt\/s.01k8rhncp4jt1\/2025\/11\/talking-bot-125x125.png\",\"url\":\"https:\/\/portaltela.pt\/s.01k8rhncp4jt1\/2025\/11\/talking-bot-125x125.png\",\"contentUrl\":\"https:\/\/portaltela.pt\/s.01k8rhncp4jt1\/2025\/11\/talking-bot-125x125.png\",\"caption\":\"Telinha\"},\"sameAs\":[\"https:\/\/portaltela.pt\/\"],\"url\":\"https:\/\/portaltela.pt\/por\/367410592786\/\"}]}<\/script>\n<!-- \/ Yoast SEO plugin. -->","yoast_head_json":{"title":"Inc\u00eandio na garagem de pr\u00e9dio em Set\u00fabal desalojou 30 moradores - Portal Tela Portugal","robots":{"index":"index","follow":"follow","max-snippet":"max-snippet:-1","max-image-preview":"max-image-preview:large","max-video-preview":"max-video-preview:-1"},"og_locale":"pt_PT","og_type":"article","og_title":"Inc\u00eandio na garagem de pr\u00e9dio em Set\u00fabal desalojou 30 moradores - Portal Tela Portugal","og_description":"Trinta moradores de um pr\u00e9dio em Set\u00fabal ficaram desalojados ap\u00f3s um inc\u00eandio na garagem, cuja origem est\u00e1 a ser investigada pela Pol\u00edcia Judici\u00e1ria. O alerta foi dado \u00e0s 12.24 horas e o pr\u00e9dio ficou sem condi\u00e7\u00f5es de habitabilidade devido a danos nas instala\u00e7\u00f5es el\u00e9tricas. O fogo destruiu na totalidade um carro e danificou outros tr\u00eas que estavam na garagem. Duzentos moradores ficaram com casa de familiares, enquanto dez foram realojados pelos servi\u00e7os municipais. As opera\u00e7\u00f5es envolveram 24 operacionais, com apoio de oito ve\u00edculos, incluindo Bombeiros Sapadores de Set\u00fabal, PSP, PJ e E-redes.","og_url":"https:\/\/portaltela.pt\/noticias\/2026\/03\/14\/incendio-na-garagem-de-predio-em-setubal-desalojou-30-moradores\/","og_site_name":"Portal Tela Portugal","article_published_time":"2026-03-14T19:22:00+00:00","author":"Telinha","twitter_card":"summary_large_image","twitter_misc":{"Escrito por":"Telinha","Tempo estimado de leitura":"1 minuto"},"schema":{"@context":"https:\/\/schema.org","@graph":[{"@type":"Article","@id":"https:\/\/portaltela.pt\/noticias\/2026\/03\/14\/incendio-na-garagem-de-predio-em-setubal-desalojou-30-moradores\/#article","isPartOf":{"@id":"https:\/\/portaltela.pt\/noticias\/2026\/03\/14\/incendio-na-garagem-de-predio-em-setubal-desalojou-30-moradores\/"},"author":{"name":"Telinha","@id":"https:\/\/portaltela.pt\/#\/schema\/person\/c4278d4a6028830caff9ee44b42d32ed"},"headline":"Inc\u00eandio na garagem de pr\u00e9dio em Set\u00fabal desalojou 30 moradores","datePublished":"2026-03-14T19:22:00+00:00","mainEntityOfPage":{"@id":"https:\/\/portaltela.pt\/noticias\/2026\/03\/14\/incendio-na-garagem-de-predio-em-setubal-desalojou-30-moradores\/"},"wordCount":199,"image":{"@id":"https:\/\/portaltela.pt\/noticias\/2026\/03\/14\/incendio-na-garagem-de-predio-em-setubal-desalojou-30-moradores\/#primaryimage"},"thumbnailUrl":"https:\/\/portaltela.pt\/s.01k8rhncp4jt1\/2026\/03\/image-954.jpg","keywords":["Bombeiros Sapadores","desalojados","inc\u00eandio","Pol\u00edcia Judici\u00e1ria","prote\u00e7\u00e3o civil","Set\u00fabal"],"articleSection":["Not\u00edcias"],"inLanguage":"pt-PT"},{"@type":"WebPage","@id":"https:\/\/portaltela.pt\/noticias\/2026\/03\/14\/incendio-na-garagem-de-predio-em-setubal-desalojou-30-moradores\/","url":"https:\/\/portaltela.pt\/noticias\/2026\/03\/14\/incendio-na-garagem-de-predio-em-setubal-desalojou-30-moradores\/","name":"Inc\u00eandio na garagem de pr\u00e9dio em Set\u00fabal desalojou 30 moradores - Portal Tela Portugal","isPartOf":{"@id":"https:\/\/portaltela.pt\/#website"},"primaryImageOfPage":{"@id":"https:\/\/portaltela.pt\/noticias\/2026\/03\/14\/incendio-na-garagem-de-predio-em-setubal-desalojou-30-moradores\/#primaryimage"},"image":{"@id":"https:\/\/portaltela.pt\/noticias\/2026\/03\/14\/incendio-na-garagem-de-predio-em-setubal-desalojou-30-moradores\/#primaryimage"},"thumbnailUrl":"https:\/\/portaltela.pt\/s.01k8rhncp4jt1\/2026\/03\/image-954.jpg","datePublished":"2026-03-14T19:22:00+00:00","author":{"@id":"https:\/\/portaltela.pt\/#\/schema\/person\/c4278d4a6028830caff9ee44b42d32ed"},"breadcrumb":{"@id":"https:\/\/portaltela.pt\/noticias\/2026\/03\/14\/incendio-na-garagem-de-predio-em-setubal-desalojou-30-moradores\/#breadcrumb"},"inLanguage":"pt-PT","potentialAction":[{"@type":"ReadAction","target":["https:\/\/portaltela.pt\/noticias\/2026\/03\/14\/incendio-na-garagem-de-predio-em-setubal-desalojou-30-moradores\/"]}]},{"@type":"ImageObject","inLanguage":"pt-PT","@id":"https:\/\/portaltela.pt\/noticias\/2026\/03\/14\/incendio-na-garagem-de-predio-em-setubal-desalojou-30-moradores\/#primaryimage","url":"https:\/\/portaltela.pt\/s.01k8rhncp4jt1\/2026\/03\/image-954.jpg","contentUrl":"https:\/\/portaltela.pt\/s.01k8rhncp4jt1\/2026\/03\/image-954.jpg","width":796,"height":448,"caption":"Inc\u00eandio deixou 30 pessoas desalojadas"},{"@type":"BreadcrumbList","@id":"https:\/\/portaltela.pt\/noticias\/2026\/03\/14\/incendio-na-garagem-de-predio-em-setubal-desalojou-30-moradores\/#breadcrumb","itemListElement":[{"@type":"ListItem","position":1,"name":"In\u00edcio","item":"https:\/\/portaltela.pt\/"},{"@type":"ListItem","position":2,"name":"Inc\u00eandio na garagem de pr\u00e9dio em Set\u00fabal desalojou 30 moradores"}]},{"@type":"WebSite","@id":"https:\/\/portaltela.pt\/#website","url":"https:\/\/portaltela.pt\/","name":"Portal Tela Portugal","description":"","potentialAction":[{"@type":"SearchAction","target":{"@type":"EntryPoint","urlTemplate":"https:\/\/portaltela.pt\/?s={search_term_string}"},"query-input":{"@type":"PropertyValueSpecification","valueRequired":true,"valueName":"search_term_string"}}],"inLanguage":"pt-PT"},{"@type":"Person","@id":"https:\/\/portaltela.pt\/#\/schema\/person\/c4278d4a6028830caff9ee44b42d32ed","name":"Telinha","image":{"@type":"ImageObject","inLanguage":"pt-PT","@id":"https:\/\/portaltela.pt\/s.01k8rhncp4jt1\/2025\/11\/talking-bot-125x125.png","url":"https:\/\/portaltela.pt\/s.01k8rhncp4jt1\/2025\/11\/talking-bot-125x125.png","contentUrl":"https:\/\/portaltela.pt\/s.01k8rhncp4jt1\/2025\/11\/talking-bot-125x125.png","caption":"Telinha"},"sameAs":["https:\/\/portaltela.pt\/"],"url":"https:\/\/portaltela.pt\/por\/367410592786\/"}]}},"_links":{"self":[{"href":"https:\/\/portaltela.pt\/api\/wp\/v2\/posts\/410282","targetHints":{"allow":["GET"]}}],"collection":[{"href":"https:\/\/portaltela.pt\/api\/wp\/v2\/posts"}],"about":[{"href":"https:\/\/portaltela.pt\/api\/wp\/v2\/types\/post"}],"author":[{"embeddable":true,"href":"https:\/\/portaltela.pt\/api\/wp\/v2\/users\/2"}],"replies":[{"embeddable":true,"href":"https:\/\/portaltela.pt\/api\/wp\/v2\/comments?post=410282"}],"version-history":[{"count":0,"href":"https:\/\/portaltela.pt\/api\/wp\/v2\/posts\/410282\/revisions"}],"wp:featuredmedia":[{"embeddable":true,"href":"https:\/\/portaltela.pt\/api\/wp\/v2\/media\/410285"}],"wp:attachment":[{"href":"https:\/\/portaltela.pt\/api\/wp\/v2\/media?parent=410282"}],"wp:term":[{"taxonomy":"category","embeddable":true,"href":"https:\/\/portaltela.pt\/api\/wp\/v2\/categories?post=410282"},{"taxonomy":"post_tag","embeddable":true,"href":"https:\/\/portaltela.pt\/api\/wp\/v2\/tags?post=410282"}],"curies":[{"name":"wp","href":"https:\/\/api.w.org\/{rel}","templated":true}]}}