{"id":410262,"date":"2026-03-14T15:59:00","date_gmt":"2026-03-14T18:59:00","guid":{"rendered":"https:\/\/portaltela.pt\/noticias\/2026\/03\/14\/protesto-contra-fecho-da-urgencia-de-obstetricia-em-vila-franca-de-xira\/"},"modified":"2026-03-14T15:59:00","modified_gmt":"2026-03-14T18:59:00","slug":"protesto-contra-fecho-da-urgencia-de-obstetricia-em-vila-franca-de-xira","status":"publish","type":"post","link":"https:\/\/portaltela.pt\/saude\/2026\/03\/14\/protesto-contra-fecho-da-urgencia-de-obstetricia-em-vila-franca-de-xira\/","title":{"rendered":"Protesto contra fecho da urg\u00eancia de Obstetr\u00edcia em Vila Franca de Xira"},"content":{"rendered":"<p>O protesto realizou-se neste s\u00e1bado junto ao Hospital de Vila Franca de Xira, com utentes a contestarem o encerramento das urg\u00eancias de obstetr\u00edcia e ginecologia. A desloca\u00e7\u00e3o abrange uma regi\u00e3o de cerca de 250 mil habitantes, que inclui Arruda dos Vinhos, Alenquer, Azambuja e Benavente.<\/p>\n<p>Promoveram a a\u00e7\u00e3o o Movimento de Utentes dos Servi\u00e7os P\u00fablicos (MUSP), as comiss\u00f5es de utentes do Estu\u00e1rio do Tejo e a Plataforma Lisboa em Defesa do SNS. Os organizadores defendem que a medida dificulta o acesso a cuidados de sa\u00fade na \u00e1rea.<\/p>\n<p>O encerramento implica encaminhar os utentes para o Hospital Beatriz \u00c2ngelo, em Loures, desde segunda-feira. N\u00e9lia Ferreira, do MUSP, vincou que a concentra\u00e7\u00e3o de emerg\u00eancias em Loures aumenta dist\u00e2ncias para quem v\u00ea origem em v\u00e1rias freguesias da regi\u00e3o.<\/p>\n<p>Ela sublinhou que situa\u00e7\u00f5es de urg\u00eancia s\u00e3o cr\u00edticas e que maiores desloca\u00e7\u00f5es podem comprometer a interven\u00e7\u00e3o m\u00e9dica. O MUSP teme ainda que o encerramento de obstetr\u00edcia e ginecologia antecipe o encerramento de outros servi\u00e7os no Hospital de Vila Franca de Xira.<\/p>\n<h3>Impacto na regi\u00e3o<\/h3>\n<p>Segundo a Dire\u00e7\u00e3o Executiva do SNS, a urg\u00eancia regional de obstetr\u00edcia e ginecologia de Loures come\u00e7a a funcionar \u00e0s 9h00 de segunda-feira, com avalia\u00e7\u00e3o semestral do modelo em vigor. A mudan\u00e7a insere-se num processo de reorganiza\u00e7\u00e3o hospitalar em \u00e1reas periurbanas.<\/p>\n","protected":false},"excerpt":{"rendered":"<ul>\n<li>Utentes do Hospital de Vila Franca de Xira realizaram, neste s\u00e1bado, uma concentra\u00e7\u00e3o contra o encerramento das urg\u00eancias de obstetr\u00edcia e ginecologia.<\/li>\n<li>A medida afeta uma regi\u00e3o de cerca de 250 mil habitantes e inclui os concelhos de Arruda dos Vinhos, Alenquer, Azambuja e Benavente, com os utentes agora encaminhados para o Hospital Beatriz \u00c2ngelo, em Loures.<\/li>\n<li>O protesto foi promovido pelo Movimento de Utentes dos Servi\u00e7os P\u00fablicos (MUSP), pelas comiss\u00f5es de utentes do Estu\u00e1rio do Tejo e pela Plataforma Lisboa em Defesa do SNS.<\/li>\n<li>Os representantes temem maior dificuldade de acesso aos cuidados de sa\u00fade e apontam que a dist\u00e2ncia extra pode colocar em risco situa\u00e7\u00f5es de urg\u00eancia, especialmente para residentes de localidades mais afastadas.<\/li>\n<li>A dire\u00e7\u00e3o do SNS informou que a urg\u00eancia regional de obstetr\u00edcia e ginecologia de Loures come\u00e7a a funcionar \u00e0s 9h00 de segunda-feira, com o modelo a ser avaliado semestralmente.<\/li>\n<\/ul>\n","protected":false},"author":2,"featured_media":410265,"comment_status":"closed","ping_status":"closed","sticky":false,"template":"","format":"standard","meta":{"footnotes":""},"categories":[1,6745],"tags":[4180,4770,1133,1402,1775,1899],"class_list":["post-410262","post","type-post","status-publish","format-standard","has-post-thumbnail","hentry","category-noticias","category-saude","tag-alenquer","tag-arruda-dos-vinhos","tag-azambuja","tag-obstetricia","tag-sns","tag-urgencias"],"yoast_head":"<!-- This site is optimized with the Yoast SEO plugin v27.2 - https:\/\/yoast.com\/product\/yoast-seo-wordpress\/ -->\n<title>Protesto contra fecho da urg\u00eancia de Obstetr\u00edcia em Vila Franca de Xira - Portal Tela Portugal<\/title>\n<meta name=\"robots\" content=\"index, follow, max-snippet:-1, max-image-preview:large, max-video-preview:-1\" \/>\n<meta property=\"og:locale\" content=\"pt_PT\" \/>\n<meta property=\"og:type\" content=\"article\" \/>\n<meta property=\"og:title\" content=\"Protesto contra fecho da urg\u00eancia de Obstetr\u00edcia em Vila Franca de Xira - Portal Tela Portugal\" \/>\n<meta property=\"og:description\" content=\"Utentes do Hospital de Vila Franca de Xira realizaram, neste s\u00e1bado, uma concentra\u00e7\u00e3o contra o encerramento das urg\u00eancias de obstetr\u00edcia e ginecologia. A medida afeta uma regi\u00e3o de cerca de 250 mil habitantes e inclui os concelhos de Arruda dos Vinhos, Alenquer, Azambuja e Benavente, com os utentes agora encaminhados para o Hospital Beatriz \u00c2ngelo, em Loures. O protesto foi promovido pelo Movimento de Utentes dos Servi\u00e7os P\u00fablicos (MUSP), pelas comiss\u00f5es de utentes do Estu\u00e1rio do Tejo e pela Plataforma Lisboa em Defesa do SNS. Os representantes temem maior dificuldade de acesso aos cuidados de sa\u00fade e apontam que a dist\u00e2ncia extra pode colocar em risco situa\u00e7\u00f5es de urg\u00eancia, especialmente para residentes de localidades mais afastadas. A dire\u00e7\u00e3o do SNS informou que a urg\u00eancia regional de obstetr\u00edcia e ginecologia de Loures come\u00e7a a funcionar \u00e0s 9h00 de segunda-feira, com o modelo a ser avaliado semestralmente.\" \/>\n<meta property=\"og:url\" content=\"https:\/\/portaltela.pt\/noticias\/2026\/03\/14\/protesto-contra-fecho-da-urgencia-de-obstetricia-em-vila-franca-de-xira\/\" \/>\n<meta property=\"og:site_name\" content=\"Portal Tela Portugal\" \/>\n<meta property=\"article:published_time\" content=\"2026-03-14T18:59:00+00:00\" \/>\n<meta name=\"author\" content=\"Telinha\" \/>\n<meta name=\"twitter:card\" content=\"summary_large_image\" \/>\n<meta name=\"twitter:label1\" content=\"Escrito por\" \/>\n\t<meta name=\"twitter:data1\" content=\"Telinha\" \/>\n\t<meta name=\"twitter:label2\" content=\"Tempo estimado de leitura\" \/>\n\t<meta name=\"twitter:data2\" content=\"1 minuto\" \/>\n<script type=\"application\/ld+json\" class=\"yoast-schema-graph\">{\"@context\":\"https:\/\/schema.org\",\"@graph\":[{\"@type\":\"Article\",\"@id\":\"https:\/\/portaltela.pt\/noticias\/2026\/03\/14\/protesto-contra-fecho-da-urgencia-de-obstetricia-em-vila-franca-de-xira\/#article\",\"isPartOf\":{\"@id\":\"https:\/\/portaltela.pt\/noticias\/2026\/03\/14\/protesto-contra-fecho-da-urgencia-de-obstetricia-em-vila-franca-de-xira\/\"},\"author\":{\"name\":\"Telinha\",\"@id\":\"https:\/\/portaltela.pt\/#\/schema\/person\/c4278d4a6028830caff9ee44b42d32ed\"},\"headline\":\"Protesto contra fecho da urg\u00eancia de Obstetr\u00edcia em Vila Franca de Xira\",\"datePublished\":\"2026-03-14T18:59:00+00:00\",\"mainEntityOfPage\":{\"@id\":\"https:\/\/portaltela.pt\/noticias\/2026\/03\/14\/protesto-contra-fecho-da-urgencia-de-obstetricia-em-vila-franca-de-xira\/\"},\"wordCount\":256,\"image\":{\"@id\":\"https:\/\/portaltela.pt\/noticias\/2026\/03\/14\/protesto-contra-fecho-da-urgencia-de-obstetricia-em-vila-franca-de-xira\/#primaryimage\"},\"thumbnailUrl\":\"https:\/\/portaltela.pt\/s.01k8rhncp4jt1\/2026\/03\/img_1500x1000uu2026-03-14-18-49-08-2272343.jpg\",\"keywords\":[\"Alenquer\",\"Arruda dos Vinhos\",\"Azambuja\",\"Obstetr\u00edcia\",\"SNS\",\"urg\u00eancias\"],\"articleSection\":[\"Not\u00edcias\",\"Sa\u00fade\"],\"inLanguage\":\"pt-PT\"},{\"@type\":\"WebPage\",\"@id\":\"https:\/\/portaltela.pt\/noticias\/2026\/03\/14\/protesto-contra-fecho-da-urgencia-de-obstetricia-em-vila-franca-de-xira\/\",\"url\":\"https:\/\/portaltela.pt\/noticias\/2026\/03\/14\/protesto-contra-fecho-da-urgencia-de-obstetricia-em-vila-franca-de-xira\/\",\"name\":\"Protesto contra fecho da urg\u00eancia de Obstetr\u00edcia em Vila Franca de Xira - Portal Tela Portugal\",\"isPartOf\":{\"@id\":\"https:\/\/portaltela.pt\/#website\"},\"primaryImageOfPage\":{\"@id\":\"https:\/\/portaltela.pt\/noticias\/2026\/03\/14\/protesto-contra-fecho-da-urgencia-de-obstetricia-em-vila-franca-de-xira\/#primaryimage\"},\"image\":{\"@id\":\"https:\/\/portaltela.pt\/noticias\/2026\/03\/14\/protesto-contra-fecho-da-urgencia-de-obstetricia-em-vila-franca-de-xira\/#primaryimage\"},\"thumbnailUrl\":\"https:\/\/portaltela.pt\/s.01k8rhncp4jt1\/2026\/03\/img_1500x1000uu2026-03-14-18-49-08-2272343.jpg\",\"datePublished\":\"2026-03-14T18:59:00+00:00\",\"author\":{\"@id\":\"https:\/\/portaltela.pt\/#\/schema\/person\/c4278d4a6028830caff9ee44b42d32ed\"},\"breadcrumb\":{\"@id\":\"https:\/\/portaltela.pt\/noticias\/2026\/03\/14\/protesto-contra-fecho-da-urgencia-de-obstetricia-em-vila-franca-de-xira\/#breadcrumb\"},\"inLanguage\":\"pt-PT\",\"potentialAction\":[{\"@type\":\"ReadAction\",\"target\":[\"https:\/\/portaltela.pt\/noticias\/2026\/03\/14\/protesto-contra-fecho-da-urgencia-de-obstetricia-em-vila-franca-de-xira\/\"]}]},{\"@type\":\"ImageObject\",\"inLanguage\":\"pt-PT\",\"@id\":\"https:\/\/portaltela.pt\/noticias\/2026\/03\/14\/protesto-contra-fecho-da-urgencia-de-obstetricia-em-vila-franca-de-xira\/#primaryimage\",\"url\":\"https:\/\/portaltela.pt\/s.01k8rhncp4jt1\/2026\/03\/img_1500x1000uu2026-03-14-18-49-08-2272343.jpg\",\"contentUrl\":\"https:\/\/portaltela.pt\/s.01k8rhncp4jt1\/2026\/03\/img_1500x1000uu2026-03-14-18-49-08-2272343.jpg\",\"width\":796,\"height\":448,\"caption\":\"Protesto em Vila Franca de Xira defende o direito \u00e0 sa\u00fade e critica o encerramento de servi\u00e7os\"},{\"@type\":\"BreadcrumbList\",\"@id\":\"https:\/\/portaltela.pt\/noticias\/2026\/03\/14\/protesto-contra-fecho-da-urgencia-de-obstetricia-em-vila-franca-de-xira\/#breadcrumb\",\"itemListElement\":[{\"@type\":\"ListItem\",\"position\":1,\"name\":\"In\u00edcio\",\"item\":\"https:\/\/portaltela.pt\/\"},{\"@type\":\"ListItem\",\"position\":2,\"name\":\"Protesto contra fecho da urg\u00eancia de Obstetr\u00edcia em Vila Franca de Xira\"}]},{\"@type\":\"WebSite\",\"@id\":\"https:\/\/portaltela.pt\/#website\",\"url\":\"https:\/\/portaltela.pt\/\",\"name\":\"Portal Tela Portugal\",\"description\":\"\",\"potentialAction\":[{\"@type\":\"SearchAction\",\"target\":{\"@type\":\"EntryPoint\",\"urlTemplate\":\"https:\/\/portaltela.pt\/?s={search_term_string}\"},\"query-input\":{\"@type\":\"PropertyValueSpecification\",\"valueRequired\":true,\"valueName\":\"search_term_string\"}}],\"inLanguage\":\"pt-PT\"},{\"@type\":\"Person\",\"@id\":\"https:\/\/portaltela.pt\/#\/schema\/person\/c4278d4a6028830caff9ee44b42d32ed\",\"name\":\"Telinha\",\"image\":{\"@type\":\"ImageObject\",\"inLanguage\":\"pt-PT\",\"@id\":\"https:\/\/portaltela.pt\/s.01k8rhncp4jt1\/2025\/11\/talking-bot-125x125.png\",\"url\":\"https:\/\/portaltela.pt\/s.01k8rhncp4jt1\/2025\/11\/talking-bot-125x125.png\",\"contentUrl\":\"https:\/\/portaltela.pt\/s.01k8rhncp4jt1\/2025\/11\/talking-bot-125x125.png\",\"caption\":\"Telinha\"},\"sameAs\":[\"https:\/\/portaltela.pt\/\"],\"url\":\"https:\/\/portaltela.pt\/por\/367410592786\/\"}]}<\/script>\n<!-- \/ Yoast SEO plugin. -->","yoast_head_json":{"title":"Protesto contra fecho da urg\u00eancia de Obstetr\u00edcia em Vila Franca de Xira - Portal Tela Portugal","robots":{"index":"index","follow":"follow","max-snippet":"max-snippet:-1","max-image-preview":"max-image-preview:large","max-video-preview":"max-video-preview:-1"},"og_locale":"pt_PT","og_type":"article","og_title":"Protesto contra fecho da urg\u00eancia de Obstetr\u00edcia em Vila Franca de Xira - Portal Tela Portugal","og_description":"Utentes do Hospital de Vila Franca de Xira realizaram, neste s\u00e1bado, uma concentra\u00e7\u00e3o contra o encerramento das urg\u00eancias de obstetr\u00edcia e ginecologia. A medida afeta uma regi\u00e3o de cerca de 250 mil habitantes e inclui os concelhos de Arruda dos Vinhos, Alenquer, Azambuja e Benavente, com os utentes agora encaminhados para o Hospital Beatriz \u00c2ngelo, em Loures. O protesto foi promovido pelo Movimento de Utentes dos Servi\u00e7os P\u00fablicos (MUSP), pelas comiss\u00f5es de utentes do Estu\u00e1rio do Tejo e pela Plataforma Lisboa em Defesa do SNS. Os representantes temem maior dificuldade de acesso aos cuidados de sa\u00fade e apontam que a dist\u00e2ncia extra pode colocar em risco situa\u00e7\u00f5es de urg\u00eancia, especialmente para residentes de localidades mais afastadas. A dire\u00e7\u00e3o do SNS informou que a urg\u00eancia regional de obstetr\u00edcia e ginecologia de Loures come\u00e7a a funcionar \u00e0s 9h00 de segunda-feira, com o modelo a ser avaliado semestralmente.","og_url":"https:\/\/portaltela.pt\/noticias\/2026\/03\/14\/protesto-contra-fecho-da-urgencia-de-obstetricia-em-vila-franca-de-xira\/","og_site_name":"Portal Tela Portugal","article_published_time":"2026-03-14T18:59:00+00:00","author":"Telinha","twitter_card":"summary_large_image","twitter_misc":{"Escrito por":"Telinha","Tempo estimado de leitura":"1 minuto"},"schema":{"@context":"https:\/\/schema.org","@graph":[{"@type":"Article","@id":"https:\/\/portaltela.pt\/noticias\/2026\/03\/14\/protesto-contra-fecho-da-urgencia-de-obstetricia-em-vila-franca-de-xira\/#article","isPartOf":{"@id":"https:\/\/portaltela.pt\/noticias\/2026\/03\/14\/protesto-contra-fecho-da-urgencia-de-obstetricia-em-vila-franca-de-xira\/"},"author":{"name":"Telinha","@id":"https:\/\/portaltela.pt\/#\/schema\/person\/c4278d4a6028830caff9ee44b42d32ed"},"headline":"Protesto contra fecho da urg\u00eancia de Obstetr\u00edcia em Vila Franca de Xira","datePublished":"2026-03-14T18:59:00+00:00","mainEntityOfPage":{"@id":"https:\/\/portaltela.pt\/noticias\/2026\/03\/14\/protesto-contra-fecho-da-urgencia-de-obstetricia-em-vila-franca-de-xira\/"},"wordCount":256,"image":{"@id":"https:\/\/portaltela.pt\/noticias\/2026\/03\/14\/protesto-contra-fecho-da-urgencia-de-obstetricia-em-vila-franca-de-xira\/#primaryimage"},"thumbnailUrl":"https:\/\/portaltela.pt\/s.01k8rhncp4jt1\/2026\/03\/img_1500x1000uu2026-03-14-18-49-08-2272343.jpg","keywords":["Alenquer","Arruda dos Vinhos","Azambuja","Obstetr\u00edcia","SNS","urg\u00eancias"],"articleSection":["Not\u00edcias","Sa\u00fade"],"inLanguage":"pt-PT"},{"@type":"WebPage","@id":"https:\/\/portaltela.pt\/noticias\/2026\/03\/14\/protesto-contra-fecho-da-urgencia-de-obstetricia-em-vila-franca-de-xira\/","url":"https:\/\/portaltela.pt\/noticias\/2026\/03\/14\/protesto-contra-fecho-da-urgencia-de-obstetricia-em-vila-franca-de-xira\/","name":"Protesto contra fecho da urg\u00eancia de Obstetr\u00edcia em Vila Franca de Xira - Portal Tela Portugal","isPartOf":{"@id":"https:\/\/portaltela.pt\/#website"},"primaryImageOfPage":{"@id":"https:\/\/portaltela.pt\/noticias\/2026\/03\/14\/protesto-contra-fecho-da-urgencia-de-obstetricia-em-vila-franca-de-xira\/#primaryimage"},"image":{"@id":"https:\/\/portaltela.pt\/noticias\/2026\/03\/14\/protesto-contra-fecho-da-urgencia-de-obstetricia-em-vila-franca-de-xira\/#primaryimage"},"thumbnailUrl":"https:\/\/portaltela.pt\/s.01k8rhncp4jt1\/2026\/03\/img_1500x1000uu2026-03-14-18-49-08-2272343.jpg","datePublished":"2026-03-14T18:59:00+00:00","author":{"@id":"https:\/\/portaltela.pt\/#\/schema\/person\/c4278d4a6028830caff9ee44b42d32ed"},"breadcrumb":{"@id":"https:\/\/portaltela.pt\/noticias\/2026\/03\/14\/protesto-contra-fecho-da-urgencia-de-obstetricia-em-vila-franca-de-xira\/#breadcrumb"},"inLanguage":"pt-PT","potentialAction":[{"@type":"ReadAction","target":["https:\/\/portaltela.pt\/noticias\/2026\/03\/14\/protesto-contra-fecho-da-urgencia-de-obstetricia-em-vila-franca-de-xira\/"]}]},{"@type":"ImageObject","inLanguage":"pt-PT","@id":"https:\/\/portaltela.pt\/noticias\/2026\/03\/14\/protesto-contra-fecho-da-urgencia-de-obstetricia-em-vila-franca-de-xira\/#primaryimage","url":"https:\/\/portaltela.pt\/s.01k8rhncp4jt1\/2026\/03\/img_1500x1000uu2026-03-14-18-49-08-2272343.jpg","contentUrl":"https:\/\/portaltela.pt\/s.01k8rhncp4jt1\/2026\/03\/img_1500x1000uu2026-03-14-18-49-08-2272343.jpg","width":796,"height":448,"caption":"Protesto em Vila Franca de Xira defende o direito \u00e0 sa\u00fade e critica o encerramento de servi\u00e7os"},{"@type":"BreadcrumbList","@id":"https:\/\/portaltela.pt\/noticias\/2026\/03\/14\/protesto-contra-fecho-da-urgencia-de-obstetricia-em-vila-franca-de-xira\/#breadcrumb","itemListElement":[{"@type":"ListItem","position":1,"name":"In\u00edcio","item":"https:\/\/portaltela.pt\/"},{"@type":"ListItem","position":2,"name":"Protesto contra fecho da urg\u00eancia de Obstetr\u00edcia em Vila Franca de Xira"}]},{"@type":"WebSite","@id":"https:\/\/portaltela.pt\/#website","url":"https:\/\/portaltela.pt\/","name":"Portal Tela Portugal","description":"","potentialAction":[{"@type":"SearchAction","target":{"@type":"EntryPoint","urlTemplate":"https:\/\/portaltela.pt\/?s={search_term_string}"},"query-input":{"@type":"PropertyValueSpecification","valueRequired":true,"valueName":"search_term_string"}}],"inLanguage":"pt-PT"},{"@type":"Person","@id":"https:\/\/portaltela.pt\/#\/schema\/person\/c4278d4a6028830caff9ee44b42d32ed","name":"Telinha","image":{"@type":"ImageObject","inLanguage":"pt-PT","@id":"https:\/\/portaltela.pt\/s.01k8rhncp4jt1\/2025\/11\/talking-bot-125x125.png","url":"https:\/\/portaltela.pt\/s.01k8rhncp4jt1\/2025\/11\/talking-bot-125x125.png","contentUrl":"https:\/\/portaltela.pt\/s.01k8rhncp4jt1\/2025\/11\/talking-bot-125x125.png","caption":"Telinha"},"sameAs":["https:\/\/portaltela.pt\/"],"url":"https:\/\/portaltela.pt\/por\/367410592786\/"}]}},"_links":{"self":[{"href":"https:\/\/portaltela.pt\/api\/wp\/v2\/posts\/410262","targetHints":{"allow":["GET"]}}],"collection":[{"href":"https:\/\/portaltela.pt\/api\/wp\/v2\/posts"}],"about":[{"href":"https:\/\/portaltela.pt\/api\/wp\/v2\/types\/post"}],"author":[{"embeddable":true,"href":"https:\/\/portaltela.pt\/api\/wp\/v2\/users\/2"}],"replies":[{"embeddable":true,"href":"https:\/\/portaltela.pt\/api\/wp\/v2\/comments?post=410262"}],"version-history":[{"count":0,"href":"https:\/\/portaltela.pt\/api\/wp\/v2\/posts\/410262\/revisions"}],"wp:featuredmedia":[{"embeddable":true,"href":"https:\/\/portaltela.pt\/api\/wp\/v2\/media\/410265"}],"wp:attachment":[{"href":"https:\/\/portaltela.pt\/api\/wp\/v2\/media?parent=410262"}],"wp:term":[{"taxonomy":"category","embeddable":true,"href":"https:\/\/portaltela.pt\/api\/wp\/v2\/categories?post=410262"},{"taxonomy":"post_tag","embeddable":true,"href":"https:\/\/portaltela.pt\/api\/wp\/v2\/tags?post=410262"}],"curies":[{"name":"wp","href":"https:\/\/api.w.org\/{rel}","templated":true}]}}