{"id":410248,"date":"2026-03-14T15:32:36","date_gmt":"2026-03-14T18:32:36","guid":{"rendered":"https:\/\/portaltela.pt\/noticias\/2026\/03\/14\/centenas-em-lisboa-exigem-paz-e-o-fim-da-guerra-no-medio-oriente\/"},"modified":"2026-03-14T15:32:36","modified_gmt":"2026-03-14T18:32:36","slug":"centenas-em-lisboa-exigem-paz-e-o-fim-da-guerra-no-medio-oriente","status":"publish","type":"post","link":"https:\/\/portaltela.pt\/sociedade\/2026\/03\/14\/centenas-em-lisboa-exigem-paz-e-o-fim-da-guerra-no-medio-oriente\/","title":{"rendered":"Centenas em Lisboa exigem paz e o fim da guerra no M\u00e9dio Oriente"},"content":{"rendered":"<p>V\u00e1rias centenas de pessoas manifestaram-se este s\u00e1bado em Lisboa, exigindo o fim das agress\u00f5es dos EUA e de Israel contra o Ir\u00e3o. A a\u00e7\u00e3o foi organizada pelo Conselho Portugu\u00eas para a Paz e Coopera\u00e7\u00e3o, com in\u00edcio na Cidade Universit\u00e1ria e cortejo at\u00e9 \u00e0 Embaixada dos EUA, terminando em Sete Rios por volta das 16h30.<\/p>\n<p>O protesto decorreu sob c\u00e9u cinzento e chuva miudinha. Os participantes entoaram o lema Paz sim, guerra n\u00e3o, e avan\u00e7aram em dire\u00e7\u00e3o \u00e0 Avenida das For\u00e7as Armadas, onde repetiram consignas contra o aumento de armas no mundo.<\/p>\n<p>Colocados em faixas e cartazes, apelos ao desarmamento, \u00e0 independ\u00eancia da Palestina e ao fim da inger\u00eancia na Venezuela e do embargo a Cuba foram vis\u00edveis entre os manifestantes. Muitos usaram len\u00e7os palestinianos.<\/p>\n<p>A manifesta\u00e7\u00e3o contou com o apoio de mais de 70 organiza\u00e7\u00f5es, sob a grava\u00e7\u00e3o central do mote Paz, Soberania e Solidariedade. Os organizadores afirmaram que o ato tamb\u00e9m questionava o alinhamento do Governo com posi\u00e7\u00f5es militares.<\/p>\n<p>Isabel, 79 anos, explicou que participou para agir em defesa da paz, referindo que a\u00e7\u00f5es internacionais recentes despertaram preocupa\u00e7\u00e3o com novas ofensivas. Outra participante, Teresa, 34, defendeu a independ\u00eancia dos povos e o fim do imperialismo.<\/p>\n<p>Luan, 29, criticou o que qualificou como agress\u00f5es de Trump contra a Am\u00e9rica Latina e o clima de guerra mundial, apontando decis\u00f5es da NATO como parte do problema. Concei\u00e7\u00e3o, 78, mostrou insatisfa\u00e7\u00e3o com o papel do Governo portugu\u00eas.<\/p>\n<p>A organizadora do protesto afirmou que a a\u00e7\u00e3o visa responsabilizar os governos pelos conflitos atuais e exigir di\u00e1logo diplom\u00e1tico. Segundo os participantes, a atua\u00e7\u00e3o internacional n\u00e3o pode normalizar interven\u00e7\u00f5es militares sem vias pol\u00edticas.<\/p>\n<h3>Organiza\u00e7\u00e3o e contexto<\/h3>\n<p>A iniciativa reuniu diversas associa\u00e7\u00f5es sob o lema Paz, Soberania e Solidariedade. Os participantes destacaram a necessidade de defesa da independ\u00eancia de povos atingidos por conflitos no M\u00e9dio Oriente e nas Am\u00e9ricas.<\/p>\n<h3>Rea\u00e7\u00f5es locais e ponto de chegada<\/h3>\n<p>O conjunto de apoiantes concluiu o protesto em Sete Rios, mantendo o foco na den\u00fancia de pol\u00edticas externas militares. As mensagens centrais mantiveram o apelo ao desarmamento global e \u00e0 cessa\u00e7\u00e3o de a\u00e7\u00f5es b\u00e9licas.<\/p>\n","protected":false},"excerpt":{"rendered":"<ul>\n<li>V\u00e1rias centenas de pessoas manifestaram-se em Lisboa, este s\u00e1bado, exigindo o fim das agress\u00f5es dos EUA e de Israel contra o Ir\u00e3o, numa organiza\u00e7\u00e3o do Conselho Portugu\u00eas para a Paz e Coopera\u00e7\u00e3o.<\/li>\n<li>O protesto come\u00e7ou na Cidade Universit\u00e1ria e seguiu at\u00e9 \u00e0 Embaixada dos Estados Unidos, terminando em Sete Rios, entre as 15h00 e as 16h30.<\/li>\n<li>O slogan dominante foi &#8220;Paz sim, guerra n\u00e3o&#8221;, com c\u00e2nticos contra o armamento e em defesa da independ\u00eancia da Palestina.<\/li>\n<li>O ato contou com mais de setenta organiza\u00e7\u00f5es, sob o mote &#8220;Paz, Soberania e Solidariedade! Fim \u00e0s amea\u00e7as e \u00e0s agress\u00f5es dos EUA!&#8221;.<\/li>\n<li>Entre as fa\u00e7\u00f5es exibidas, estavam pedidos de desarmamento, fim da inger\u00eancia na Venezuela, fim do bloqueio a Cuba e oposi\u00e7\u00e3o ao imperialismo no M\u00e9dio Oriente.<\/li>\n<\/ul>\n","protected":false},"author":2,"featured_media":410250,"comment_status":"closed","ping_status":"closed","sticky":false,"template":"","format":"standard","meta":{"footnotes":""},"categories":[1,6871],"tags":[2198,3205,4894,1293,5698,2857],"class_list":["post-410248","post","type-post","status-publish","format-standard","has-post-thumbnail","hentry","category-noticias","category-sociedade","tag-conflitos-internacionais","tag-embaixadas","tag-embargo-economico","tag-independencia","tag-politica-internacional","tag-protestos"],"yoast_head":"<!-- This site is optimized with the Yoast SEO plugin v27.2 - https:\/\/yoast.com\/product\/yoast-seo-wordpress\/ -->\n<title>Centenas em Lisboa exigem paz e o fim da guerra no M\u00e9dio Oriente - Portal Tela Portugal<\/title>\n<meta name=\"robots\" content=\"index, follow, max-snippet:-1, max-image-preview:large, max-video-preview:-1\" \/>\n<meta property=\"og:locale\" content=\"pt_PT\" \/>\n<meta property=\"og:type\" content=\"article\" \/>\n<meta property=\"og:title\" content=\"Centenas em Lisboa exigem paz e o fim da guerra no M\u00e9dio Oriente - Portal Tela Portugal\" \/>\n<meta property=\"og:description\" content=\"V\u00e1rias centenas de pessoas manifestaram-se em Lisboa, este s\u00e1bado, exigindo o fim das agress\u00f5es dos EUA e de Israel contra o Ir\u00e3o, numa organiza\u00e7\u00e3o do Conselho Portugu\u00eas para a Paz e Coopera\u00e7\u00e3o. O protesto come\u00e7ou na Cidade Universit\u00e1ria e seguiu at\u00e9 \u00e0 Embaixada dos Estados Unidos, terminando em Sete Rios, entre as 15h00 e as 16h30. O slogan dominante foi &quot;Paz sim, guerra n\u00e3o&quot;, com c\u00e2nticos contra o armamento e em defesa da independ\u00eancia da Palestina. O ato contou com mais de setenta organiza\u00e7\u00f5es, sob o mote &quot;Paz, Soberania e Solidariedade! Fim \u00e0s amea\u00e7as e \u00e0s agress\u00f5es dos EUA!&quot;. Entre as fa\u00e7\u00f5es exibidas, estavam pedidos de desarmamento, fim da inger\u00eancia na Venezuela, fim do bloqueio a Cuba e oposi\u00e7\u00e3o ao imperialismo no M\u00e9dio Oriente.\" \/>\n<meta property=\"og:url\" content=\"https:\/\/portaltela.pt\/noticias\/2026\/03\/14\/centenas-em-lisboa-exigem-paz-e-o-fim-da-guerra-no-medio-oriente\/\" \/>\n<meta property=\"og:site_name\" content=\"Portal Tela Portugal\" \/>\n<meta property=\"article:published_time\" content=\"2026-03-14T18:32:36+00:00\" \/>\n<meta name=\"author\" content=\"Telinha\" \/>\n<meta name=\"twitter:card\" content=\"summary_large_image\" \/>\n<meta name=\"twitter:label1\" content=\"Escrito por\" \/>\n\t<meta name=\"twitter:data1\" content=\"Telinha\" \/>\n\t<meta name=\"twitter:label2\" content=\"Tempo estimado de leitura\" \/>\n\t<meta name=\"twitter:data2\" content=\"2 minutos\" \/>\n<script type=\"application\/ld+json\" class=\"yoast-schema-graph\">{\"@context\":\"https:\/\/schema.org\",\"@graph\":[{\"@type\":\"Article\",\"@id\":\"https:\/\/portaltela.pt\/noticias\/2026\/03\/14\/centenas-em-lisboa-exigem-paz-e-o-fim-da-guerra-no-medio-oriente\/#article\",\"isPartOf\":{\"@id\":\"https:\/\/portaltela.pt\/noticias\/2026\/03\/14\/centenas-em-lisboa-exigem-paz-e-o-fim-da-guerra-no-medio-oriente\/\"},\"author\":{\"name\":\"Telinha\",\"@id\":\"https:\/\/portaltela.pt\/#\/schema\/person\/c4278d4a6028830caff9ee44b42d32ed\"},\"headline\":\"Centenas em Lisboa exigem paz e o fim da guerra no M\u00e9dio Oriente\",\"datePublished\":\"2026-03-14T18:32:36+00:00\",\"mainEntityOfPage\":{\"@id\":\"https:\/\/portaltela.pt\/noticias\/2026\/03\/14\/centenas-em-lisboa-exigem-paz-e-o-fim-da-guerra-no-medio-oriente\/\"},\"wordCount\":397,\"image\":{\"@id\":\"https:\/\/portaltela.pt\/noticias\/2026\/03\/14\/centenas-em-lisboa-exigem-paz-e-o-fim-da-guerra-no-medio-oriente\/#primaryimage\"},\"thumbnailUrl\":\"https:\/\/portaltela.pt\/s.01k8rhncp4jt1\/2026\/03\/img_1500x1000uu2026-03-14-18-32-15-2272340.jpg\",\"keywords\":[\"conflitos internacionais\",\"embaixadas\",\"embargo econ\u00f4mico\",\"independ\u00eancia\",\"pol\u00edtica internacional\",\"protestos\"],\"articleSection\":[\"Not\u00edcias\",\"Sociedade\"],\"inLanguage\":\"pt-PT\"},{\"@type\":\"WebPage\",\"@id\":\"https:\/\/portaltela.pt\/noticias\/2026\/03\/14\/centenas-em-lisboa-exigem-paz-e-o-fim-da-guerra-no-medio-oriente\/\",\"url\":\"https:\/\/portaltela.pt\/noticias\/2026\/03\/14\/centenas-em-lisboa-exigem-paz-e-o-fim-da-guerra-no-medio-oriente\/\",\"name\":\"Centenas em Lisboa exigem paz e o fim da guerra no M\u00e9dio Oriente - Portal Tela Portugal\",\"isPartOf\":{\"@id\":\"https:\/\/portaltela.pt\/#website\"},\"primaryImageOfPage\":{\"@id\":\"https:\/\/portaltela.pt\/noticias\/2026\/03\/14\/centenas-em-lisboa-exigem-paz-e-o-fim-da-guerra-no-medio-oriente\/#primaryimage\"},\"image\":{\"@id\":\"https:\/\/portaltela.pt\/noticias\/2026\/03\/14\/centenas-em-lisboa-exigem-paz-e-o-fim-da-guerra-no-medio-oriente\/#primaryimage\"},\"thumbnailUrl\":\"https:\/\/portaltela.pt\/s.01k8rhncp4jt1\/2026\/03\/img_1500x1000uu2026-03-14-18-32-15-2272340.jpg\",\"datePublished\":\"2026-03-14T18:32:36+00:00\",\"author\":{\"@id\":\"https:\/\/portaltela.pt\/#\/schema\/person\/c4278d4a6028830caff9ee44b42d32ed\"},\"breadcrumb\":{\"@id\":\"https:\/\/portaltela.pt\/noticias\/2026\/03\/14\/centenas-em-lisboa-exigem-paz-e-o-fim-da-guerra-no-medio-oriente\/#breadcrumb\"},\"inLanguage\":\"pt-PT\",\"potentialAction\":[{\"@type\":\"ReadAction\",\"target\":[\"https:\/\/portaltela.pt\/noticias\/2026\/03\/14\/centenas-em-lisboa-exigem-paz-e-o-fim-da-guerra-no-medio-oriente\/\"]}]},{\"@type\":\"ImageObject\",\"inLanguage\":\"pt-PT\",\"@id\":\"https:\/\/portaltela.pt\/noticias\/2026\/03\/14\/centenas-em-lisboa-exigem-paz-e-o-fim-da-guerra-no-medio-oriente\/#primaryimage\",\"url\":\"https:\/\/portaltela.pt\/s.01k8rhncp4jt1\/2026\/03\/img_1500x1000uu2026-03-14-18-32-15-2272340.jpg\",\"contentUrl\":\"https:\/\/portaltela.pt\/s.01k8rhncp4jt1\/2026\/03\/img_1500x1000uu2026-03-14-18-32-15-2272340.jpg\",\"width\":796,\"height\":448,\"caption\":\"Centenas manifestam-se em Lisboa pela paz e contra a guerra no M\u00e9dio Oriente\"},{\"@type\":\"BreadcrumbList\",\"@id\":\"https:\/\/portaltela.pt\/noticias\/2026\/03\/14\/centenas-em-lisboa-exigem-paz-e-o-fim-da-guerra-no-medio-oriente\/#breadcrumb\",\"itemListElement\":[{\"@type\":\"ListItem\",\"position\":1,\"name\":\"In\u00edcio\",\"item\":\"https:\/\/portaltela.pt\/\"},{\"@type\":\"ListItem\",\"position\":2,\"name\":\"Centenas em Lisboa exigem paz e o fim da guerra no M\u00e9dio Oriente\"}]},{\"@type\":\"WebSite\",\"@id\":\"https:\/\/portaltela.pt\/#website\",\"url\":\"https:\/\/portaltela.pt\/\",\"name\":\"Portal Tela Portugal\",\"description\":\"\",\"potentialAction\":[{\"@type\":\"SearchAction\",\"target\":{\"@type\":\"EntryPoint\",\"urlTemplate\":\"https:\/\/portaltela.pt\/?s={search_term_string}\"},\"query-input\":{\"@type\":\"PropertyValueSpecification\",\"valueRequired\":true,\"valueName\":\"search_term_string\"}}],\"inLanguage\":\"pt-PT\"},{\"@type\":\"Person\",\"@id\":\"https:\/\/portaltela.pt\/#\/schema\/person\/c4278d4a6028830caff9ee44b42d32ed\",\"name\":\"Telinha\",\"image\":{\"@type\":\"ImageObject\",\"inLanguage\":\"pt-PT\",\"@id\":\"https:\/\/portaltela.pt\/s.01k8rhncp4jt1\/2025\/11\/talking-bot-125x125.png\",\"url\":\"https:\/\/portaltela.pt\/s.01k8rhncp4jt1\/2025\/11\/talking-bot-125x125.png\",\"contentUrl\":\"https:\/\/portaltela.pt\/s.01k8rhncp4jt1\/2025\/11\/talking-bot-125x125.png\",\"caption\":\"Telinha\"},\"sameAs\":[\"https:\/\/portaltela.pt\/\"],\"url\":\"https:\/\/portaltela.pt\/por\/367410592786\/\"}]}<\/script>\n<!-- \/ Yoast SEO plugin. -->","yoast_head_json":{"title":"Centenas em Lisboa exigem paz e o fim da guerra no M\u00e9dio Oriente - Portal Tela Portugal","robots":{"index":"index","follow":"follow","max-snippet":"max-snippet:-1","max-image-preview":"max-image-preview:large","max-video-preview":"max-video-preview:-1"},"og_locale":"pt_PT","og_type":"article","og_title":"Centenas em Lisboa exigem paz e o fim da guerra no M\u00e9dio Oriente - Portal Tela Portugal","og_description":"V\u00e1rias centenas de pessoas manifestaram-se em Lisboa, este s\u00e1bado, exigindo o fim das agress\u00f5es dos EUA e de Israel contra o Ir\u00e3o, numa organiza\u00e7\u00e3o do Conselho Portugu\u00eas para a Paz e Coopera\u00e7\u00e3o. O protesto come\u00e7ou na Cidade Universit\u00e1ria e seguiu at\u00e9 \u00e0 Embaixada dos Estados Unidos, terminando em Sete Rios, entre as 15h00 e as 16h30. O slogan dominante foi \"Paz sim, guerra n\u00e3o\", com c\u00e2nticos contra o armamento e em defesa da independ\u00eancia da Palestina. O ato contou com mais de setenta organiza\u00e7\u00f5es, sob o mote \"Paz, Soberania e Solidariedade! Fim \u00e0s amea\u00e7as e \u00e0s agress\u00f5es dos EUA!\". Entre as fa\u00e7\u00f5es exibidas, estavam pedidos de desarmamento, fim da inger\u00eancia na Venezuela, fim do bloqueio a Cuba e oposi\u00e7\u00e3o ao imperialismo no M\u00e9dio Oriente.","og_url":"https:\/\/portaltela.pt\/noticias\/2026\/03\/14\/centenas-em-lisboa-exigem-paz-e-o-fim-da-guerra-no-medio-oriente\/","og_site_name":"Portal Tela Portugal","article_published_time":"2026-03-14T18:32:36+00:00","author":"Telinha","twitter_card":"summary_large_image","twitter_misc":{"Escrito por":"Telinha","Tempo estimado de leitura":"2 minutos"},"schema":{"@context":"https:\/\/schema.org","@graph":[{"@type":"Article","@id":"https:\/\/portaltela.pt\/noticias\/2026\/03\/14\/centenas-em-lisboa-exigem-paz-e-o-fim-da-guerra-no-medio-oriente\/#article","isPartOf":{"@id":"https:\/\/portaltela.pt\/noticias\/2026\/03\/14\/centenas-em-lisboa-exigem-paz-e-o-fim-da-guerra-no-medio-oriente\/"},"author":{"name":"Telinha","@id":"https:\/\/portaltela.pt\/#\/schema\/person\/c4278d4a6028830caff9ee44b42d32ed"},"headline":"Centenas em Lisboa exigem paz e o fim da guerra no M\u00e9dio Oriente","datePublished":"2026-03-14T18:32:36+00:00","mainEntityOfPage":{"@id":"https:\/\/portaltela.pt\/noticias\/2026\/03\/14\/centenas-em-lisboa-exigem-paz-e-o-fim-da-guerra-no-medio-oriente\/"},"wordCount":397,"image":{"@id":"https:\/\/portaltela.pt\/noticias\/2026\/03\/14\/centenas-em-lisboa-exigem-paz-e-o-fim-da-guerra-no-medio-oriente\/#primaryimage"},"thumbnailUrl":"https:\/\/portaltela.pt\/s.01k8rhncp4jt1\/2026\/03\/img_1500x1000uu2026-03-14-18-32-15-2272340.jpg","keywords":["conflitos internacionais","embaixadas","embargo econ\u00f4mico","independ\u00eancia","pol\u00edtica internacional","protestos"],"articleSection":["Not\u00edcias","Sociedade"],"inLanguage":"pt-PT"},{"@type":"WebPage","@id":"https:\/\/portaltela.pt\/noticias\/2026\/03\/14\/centenas-em-lisboa-exigem-paz-e-o-fim-da-guerra-no-medio-oriente\/","url":"https:\/\/portaltela.pt\/noticias\/2026\/03\/14\/centenas-em-lisboa-exigem-paz-e-o-fim-da-guerra-no-medio-oriente\/","name":"Centenas em Lisboa exigem paz e o fim da guerra no M\u00e9dio Oriente - Portal Tela Portugal","isPartOf":{"@id":"https:\/\/portaltela.pt\/#website"},"primaryImageOfPage":{"@id":"https:\/\/portaltela.pt\/noticias\/2026\/03\/14\/centenas-em-lisboa-exigem-paz-e-o-fim-da-guerra-no-medio-oriente\/#primaryimage"},"image":{"@id":"https:\/\/portaltela.pt\/noticias\/2026\/03\/14\/centenas-em-lisboa-exigem-paz-e-o-fim-da-guerra-no-medio-oriente\/#primaryimage"},"thumbnailUrl":"https:\/\/portaltela.pt\/s.01k8rhncp4jt1\/2026\/03\/img_1500x1000uu2026-03-14-18-32-15-2272340.jpg","datePublished":"2026-03-14T18:32:36+00:00","author":{"@id":"https:\/\/portaltela.pt\/#\/schema\/person\/c4278d4a6028830caff9ee44b42d32ed"},"breadcrumb":{"@id":"https:\/\/portaltela.pt\/noticias\/2026\/03\/14\/centenas-em-lisboa-exigem-paz-e-o-fim-da-guerra-no-medio-oriente\/#breadcrumb"},"inLanguage":"pt-PT","potentialAction":[{"@type":"ReadAction","target":["https:\/\/portaltela.pt\/noticias\/2026\/03\/14\/centenas-em-lisboa-exigem-paz-e-o-fim-da-guerra-no-medio-oriente\/"]}]},{"@type":"ImageObject","inLanguage":"pt-PT","@id":"https:\/\/portaltela.pt\/noticias\/2026\/03\/14\/centenas-em-lisboa-exigem-paz-e-o-fim-da-guerra-no-medio-oriente\/#primaryimage","url":"https:\/\/portaltela.pt\/s.01k8rhncp4jt1\/2026\/03\/img_1500x1000uu2026-03-14-18-32-15-2272340.jpg","contentUrl":"https:\/\/portaltela.pt\/s.01k8rhncp4jt1\/2026\/03\/img_1500x1000uu2026-03-14-18-32-15-2272340.jpg","width":796,"height":448,"caption":"Centenas manifestam-se em Lisboa pela paz e contra a guerra no M\u00e9dio Oriente"},{"@type":"BreadcrumbList","@id":"https:\/\/portaltela.pt\/noticias\/2026\/03\/14\/centenas-em-lisboa-exigem-paz-e-o-fim-da-guerra-no-medio-oriente\/#breadcrumb","itemListElement":[{"@type":"ListItem","position":1,"name":"In\u00edcio","item":"https:\/\/portaltela.pt\/"},{"@type":"ListItem","position":2,"name":"Centenas em Lisboa exigem paz e o fim da guerra no M\u00e9dio Oriente"}]},{"@type":"WebSite","@id":"https:\/\/portaltela.pt\/#website","url":"https:\/\/portaltela.pt\/","name":"Portal Tela Portugal","description":"","potentialAction":[{"@type":"SearchAction","target":{"@type":"EntryPoint","urlTemplate":"https:\/\/portaltela.pt\/?s={search_term_string}"},"query-input":{"@type":"PropertyValueSpecification","valueRequired":true,"valueName":"search_term_string"}}],"inLanguage":"pt-PT"},{"@type":"Person","@id":"https:\/\/portaltela.pt\/#\/schema\/person\/c4278d4a6028830caff9ee44b42d32ed","name":"Telinha","image":{"@type":"ImageObject","inLanguage":"pt-PT","@id":"https:\/\/portaltela.pt\/s.01k8rhncp4jt1\/2025\/11\/talking-bot-125x125.png","url":"https:\/\/portaltela.pt\/s.01k8rhncp4jt1\/2025\/11\/talking-bot-125x125.png","contentUrl":"https:\/\/portaltela.pt\/s.01k8rhncp4jt1\/2025\/11\/talking-bot-125x125.png","caption":"Telinha"},"sameAs":["https:\/\/portaltela.pt\/"],"url":"https:\/\/portaltela.pt\/por\/367410592786\/"}]}},"_links":{"self":[{"href":"https:\/\/portaltela.pt\/api\/wp\/v2\/posts\/410248","targetHints":{"allow":["GET"]}}],"collection":[{"href":"https:\/\/portaltela.pt\/api\/wp\/v2\/posts"}],"about":[{"href":"https:\/\/portaltela.pt\/api\/wp\/v2\/types\/post"}],"author":[{"embeddable":true,"href":"https:\/\/portaltela.pt\/api\/wp\/v2\/users\/2"}],"replies":[{"embeddable":true,"href":"https:\/\/portaltela.pt\/api\/wp\/v2\/comments?post=410248"}],"version-history":[{"count":0,"href":"https:\/\/portaltela.pt\/api\/wp\/v2\/posts\/410248\/revisions"}],"wp:featuredmedia":[{"embeddable":true,"href":"https:\/\/portaltela.pt\/api\/wp\/v2\/media\/410250"}],"wp:attachment":[{"href":"https:\/\/portaltela.pt\/api\/wp\/v2\/media?parent=410248"}],"wp:term":[{"taxonomy":"category","embeddable":true,"href":"https:\/\/portaltela.pt\/api\/wp\/v2\/categories?post=410248"},{"taxonomy":"post_tag","embeddable":true,"href":"https:\/\/portaltela.pt\/api\/wp\/v2\/tags?post=410248"}],"curies":[{"name":"wp","href":"https:\/\/api.w.org\/{rel}","templated":true}]}}