{"id":410218,"date":"2026-03-14T14:47:03","date_gmt":"2026-03-14T17:47:03","guid":{"rendered":"https:\/\/portaltela.pt\/noticias\/2026\/03\/14\/lider-do-ps-afirma-haver-grande-esperanca-de-o-partido-voltar-a-ser-alternativa\/"},"modified":"2026-03-14T14:47:03","modified_gmt":"2026-03-14T17:47:03","slug":"lider-do-ps-afirma-haver-grande-esperanca-de-o-partido-voltar-a-ser-alternativa","status":"publish","type":"post","link":"https:\/\/portaltela.pt\/noticias\/politica\/2026\/03\/14\/lider-do-ps-afirma-haver-grande-esperanca-de-o-partido-voltar-a-ser-alternativa\/","title":{"rendered":"L\u00edder do PS afirma haver grande esperan\u00e7a de o partido voltar a ser alternativa"},"content":{"rendered":"<p>O secret\u00e1rio-geral do PS, Jos\u00e9 Lu\u00eds Carneiro, afirmou haver uma forte esperan\u00e7a no caminho do partido para voltar a ser a alternativa democr\u00e1tica. Em Bai\u00e3o, no distrito do Porto, ap\u00f3s votar nas elei\u00e7\u00f5es diretas, salientou a elevada aceita\u00e7\u00e3o da sua candidatura, destacando que falou com milhares de pessoas, incluindo participantes de fora do PS.<\/p>\n<p>Carneiro referiu ter conversado com diferentes setores da sociedade, como cultura, desporto, institui\u00e7\u00f5es de solidariedade social, Miseric\u00f3rdias, empresas e autarquias, sublinhando que a participa\u00e7\u00e3o tem sido superior \u00e0 de oito meses anteriores. Disse ainda que a taxa de aceita\u00e7\u00e3o da sua lideran\u00e7a \u00e9 elevada entre os militantes.<\/p>\n<p>Segundo o candidato \u00fanico, a taxa de aceita\u00e7\u00e3o poder\u00e1 superar os 95%, o que indicaria que os militantes se sentem representados no caminho e na forma de construir uma oposi\u00e7\u00e3o respons\u00e1vel ao Governo. Assinalou a necessidade de cr\u00edtica quando pertinente, acompanhada de propostas execut\u00e1veis.<\/p>\n<h3>Progresso da elei\u00e7\u00e3o e contexto<\/h3>\n<p>A vota\u00e7\u00e3o direta para escolher o secret\u00e1rio-geral do PS termina hoje, com Carneiro j\u00e1 em posi\u00e7\u00e3o de reelei\u00e7\u00e3o garantida. O congresso da consagra\u00e7\u00e3o est\u00e1 agendado para o final do m\u00eas.<\/p>\n<p>Carneiro assumiu a lideran\u00e7a interinamente para completar o mandato anterior e, nas \u00faltimas elei\u00e7\u00f5es, concorreu sozinho, sem oposi\u00e7\u00e3o. Em 2025, foi eleito com 95,4% dos votos, num universo de 39.487 militantes aptos a votar, com 701 brancos e 128 nulos. A participa\u00e7\u00e3o hist\u00f3rica dessa elei\u00e7\u00e3o registou 48,9%.<\/p>\n<h3>Participa\u00e7\u00e3o e perspetivas<\/h3>\n<p>Fontes oficiais indicam um aumento de cerca de cinco mil militantes no universo eleitoral face \u00e0s diretas de junho de 2025. Os n\u00fameros refletem, segundo o PS, um clima de expectativa entre os trabalhadores e entidades locais sobre o papel do partido na pr\u00f3xima legislatura.<\/p>\n","protected":false},"excerpt":{"rendered":"<ul>\n<li>Jos\u00e9 Lu\u00eds Carneiro afirmou haver \u201cgrande esperan\u00e7a\u201d de o PS voltar a ser a alternativa democr\u00e1tica.<\/li>\n<li>Disse ter falado com mais de 3.104 pessoas, incluindo mais de 800 fora do PS, para medir aceita\u00e7\u00e3o da sua candidatura.<\/li>\n<li>Segundo o secret\u00e1rio-geral, a taxa de aceita\u00e7\u00e3o poder\u00e1 superar os 95%, com militantes a sentir-se representados no caminho do partido.<\/li>\n<li>A vota\u00e7\u00e3o direta para o secret\u00e1rio-geral decorre hoje, Carneiro \u00e9 o \u00fanico candidato e tem a reelei\u00e7\u00e3o garantida; o congresso de consagra\u00e7\u00e3o ocorre no final do m\u00eas.<\/li>\n<li>O universo eleitoral \u00e9 de 39.487 militantes, mais cerca de cinco mil que em junho de 2025; em 2025 Carneiro foi eleito com 95,4%.<\/li>\n<\/ul>\n","protected":false},"author":2,"featured_media":410219,"comment_status":"closed","ping_status":"closed","sticky":false,"template":"","format":"standard","meta":{"footnotes":""},"categories":[1,5],"tags":[1369,68,3676,2832,982,2144],"class_list":["post-410218","post","type-post","status-publish","format-standard","has-post-thumbnail","hentry","category-noticias","category-politica","tag-baiao","tag-eleicoes","tag-partido-socialista","tag-politica","tag-porto","tag-ps"],"yoast_head":"<!-- This site is optimized with the Yoast SEO plugin v27.2 - https:\/\/yoast.com\/product\/yoast-seo-wordpress\/ -->\n<title>L\u00edder do PS afirma haver grande esperan\u00e7a de o partido voltar a ser alternativa - Portal Tela Portugal<\/title>\n<meta name=\"robots\" content=\"index, follow, max-snippet:-1, max-image-preview:large, max-video-preview:-1\" \/>\n<meta property=\"og:locale\" content=\"pt_PT\" \/>\n<meta property=\"og:type\" content=\"article\" \/>\n<meta property=\"og:title\" content=\"L\u00edder do PS afirma haver grande esperan\u00e7a de o partido voltar a ser alternativa - Portal Tela Portugal\" \/>\n<meta property=\"og:description\" content=\"Jos\u00e9 Lu\u00eds Carneiro afirmou haver \u201cgrande esperan\u00e7a\u201d de o PS voltar a ser a alternativa democr\u00e1tica. Disse ter falado com mais de 3.104 pessoas, incluindo mais de 800 fora do PS, para medir aceita\u00e7\u00e3o da sua candidatura. Segundo o secret\u00e1rio-geral, a taxa de aceita\u00e7\u00e3o poder\u00e1 superar os 95%, com militantes a sentir-se representados no caminho do partido. A vota\u00e7\u00e3o direta para o secret\u00e1rio-geral decorre hoje, Carneiro \u00e9 o \u00fanico candidato e tem a reelei\u00e7\u00e3o garantida; o congresso de consagra\u00e7\u00e3o ocorre no final do m\u00eas. O universo eleitoral \u00e9 de 39.487 militantes, mais cerca de cinco mil que em junho de 2025; em 2025 Carneiro foi eleito com 95,4%.\" \/>\n<meta property=\"og:url\" content=\"https:\/\/portaltela.pt\/noticias\/2026\/03\/14\/lider-do-ps-afirma-haver-grande-esperanca-de-o-partido-voltar-a-ser-alternativa\/\" \/>\n<meta property=\"og:site_name\" content=\"Portal Tela Portugal\" \/>\n<meta property=\"article:published_time\" content=\"2026-03-14T17:47:03+00:00\" \/>\n<meta name=\"author\" content=\"Telinha\" \/>\n<meta name=\"twitter:card\" content=\"summary_large_image\" \/>\n<meta name=\"twitter:label1\" content=\"Escrito por\" \/>\n\t<meta name=\"twitter:data1\" content=\"Telinha\" \/>\n\t<meta name=\"twitter:label2\" content=\"Tempo estimado de leitura\" \/>\n\t<meta name=\"twitter:data2\" content=\"1 minuto\" \/>\n<script type=\"application\/ld+json\" class=\"yoast-schema-graph\">{\"@context\":\"https:\/\/schema.org\",\"@graph\":[{\"@type\":\"Article\",\"@id\":\"https:\/\/portaltela.pt\/noticias\/2026\/03\/14\/lider-do-ps-afirma-haver-grande-esperanca-de-o-partido-voltar-a-ser-alternativa\/#article\",\"isPartOf\":{\"@id\":\"https:\/\/portaltela.pt\/noticias\/2026\/03\/14\/lider-do-ps-afirma-haver-grande-esperanca-de-o-partido-voltar-a-ser-alternativa\/\"},\"author\":{\"name\":\"Telinha\",\"@id\":\"https:\/\/portaltela.pt\/#\/schema\/person\/c4278d4a6028830caff9ee44b42d32ed\"},\"headline\":\"L\u00edder do PS afirma haver grande esperan\u00e7a de o partido voltar a ser alternativa\",\"datePublished\":\"2026-03-14T17:47:03+00:00\",\"mainEntityOfPage\":{\"@id\":\"https:\/\/portaltela.pt\/noticias\/2026\/03\/14\/lider-do-ps-afirma-haver-grande-esperanca-de-o-partido-voltar-a-ser-alternativa\/\"},\"wordCount\":315,\"image\":{\"@id\":\"https:\/\/portaltela.pt\/noticias\/2026\/03\/14\/lider-do-ps-afirma-haver-grande-esperanca-de-o-partido-voltar-a-ser-alternativa\/#primaryimage\"},\"thumbnailUrl\":\"https:\/\/portaltela.pt\/s.01k8rhncp4jt1\/2026\/03\/img_1500x1000uu2026-03-14-17-45-21-2272320.jpg\",\"keywords\":[\"Bai\u00e3o\",\"elei\u00e7\u00f5es\",\"Partido Socialista\",\"pol\u00edtica\",\"Porto\",\"PS\"],\"articleSection\":[\"Not\u00edcias\",\"Pol\u00edtica\"],\"inLanguage\":\"pt-PT\"},{\"@type\":\"WebPage\",\"@id\":\"https:\/\/portaltela.pt\/noticias\/2026\/03\/14\/lider-do-ps-afirma-haver-grande-esperanca-de-o-partido-voltar-a-ser-alternativa\/\",\"url\":\"https:\/\/portaltela.pt\/noticias\/2026\/03\/14\/lider-do-ps-afirma-haver-grande-esperanca-de-o-partido-voltar-a-ser-alternativa\/\",\"name\":\"L\u00edder do PS afirma haver grande esperan\u00e7a de o partido voltar a ser alternativa - Portal Tela Portugal\",\"isPartOf\":{\"@id\":\"https:\/\/portaltela.pt\/#website\"},\"primaryImageOfPage\":{\"@id\":\"https:\/\/portaltela.pt\/noticias\/2026\/03\/14\/lider-do-ps-afirma-haver-grande-esperanca-de-o-partido-voltar-a-ser-alternativa\/#primaryimage\"},\"image\":{\"@id\":\"https:\/\/portaltela.pt\/noticias\/2026\/03\/14\/lider-do-ps-afirma-haver-grande-esperanca-de-o-partido-voltar-a-ser-alternativa\/#primaryimage\"},\"thumbnailUrl\":\"https:\/\/portaltela.pt\/s.01k8rhncp4jt1\/2026\/03\/img_1500x1000uu2026-03-14-17-45-21-2272320.jpg\",\"datePublished\":\"2026-03-14T17:47:03+00:00\",\"author\":{\"@id\":\"https:\/\/portaltela.pt\/#\/schema\/person\/c4278d4a6028830caff9ee44b42d32ed\"},\"breadcrumb\":{\"@id\":\"https:\/\/portaltela.pt\/noticias\/2026\/03\/14\/lider-do-ps-afirma-haver-grande-esperanca-de-o-partido-voltar-a-ser-alternativa\/#breadcrumb\"},\"inLanguage\":\"pt-PT\",\"potentialAction\":[{\"@type\":\"ReadAction\",\"target\":[\"https:\/\/portaltela.pt\/noticias\/2026\/03\/14\/lider-do-ps-afirma-haver-grande-esperanca-de-o-partido-voltar-a-ser-alternativa\/\"]}]},{\"@type\":\"ImageObject\",\"inLanguage\":\"pt-PT\",\"@id\":\"https:\/\/portaltela.pt\/noticias\/2026\/03\/14\/lider-do-ps-afirma-haver-grande-esperanca-de-o-partido-voltar-a-ser-alternativa\/#primaryimage\",\"url\":\"https:\/\/portaltela.pt\/s.01k8rhncp4jt1\/2026\/03\/img_1500x1000uu2026-03-14-17-45-21-2272320.jpg\",\"contentUrl\":\"https:\/\/portaltela.pt\/s.01k8rhncp4jt1\/2026\/03\/img_1500x1000uu2026-03-14-17-45-21-2272320.jpg\",\"width\":796,\"height\":448,\"caption\":\"L\u00edder do PS expressa esperan\u00e7a no futuro do partido durante vota\u00e7\u00e3o\"},{\"@type\":\"BreadcrumbList\",\"@id\":\"https:\/\/portaltela.pt\/noticias\/2026\/03\/14\/lider-do-ps-afirma-haver-grande-esperanca-de-o-partido-voltar-a-ser-alternativa\/#breadcrumb\",\"itemListElement\":[{\"@type\":\"ListItem\",\"position\":1,\"name\":\"In\u00edcio\",\"item\":\"https:\/\/portaltela.pt\/\"},{\"@type\":\"ListItem\",\"position\":2,\"name\":\"L\u00edder do PS afirma haver grande esperan\u00e7a de o partido voltar a ser alternativa\"}]},{\"@type\":\"WebSite\",\"@id\":\"https:\/\/portaltela.pt\/#website\",\"url\":\"https:\/\/portaltela.pt\/\",\"name\":\"Portal Tela Portugal\",\"description\":\"\",\"potentialAction\":[{\"@type\":\"SearchAction\",\"target\":{\"@type\":\"EntryPoint\",\"urlTemplate\":\"https:\/\/portaltela.pt\/?s={search_term_string}\"},\"query-input\":{\"@type\":\"PropertyValueSpecification\",\"valueRequired\":true,\"valueName\":\"search_term_string\"}}],\"inLanguage\":\"pt-PT\"},{\"@type\":\"Person\",\"@id\":\"https:\/\/portaltela.pt\/#\/schema\/person\/c4278d4a6028830caff9ee44b42d32ed\",\"name\":\"Telinha\",\"image\":{\"@type\":\"ImageObject\",\"inLanguage\":\"pt-PT\",\"@id\":\"https:\/\/portaltela.pt\/s.01k8rhncp4jt1\/2025\/11\/talking-bot-125x125.png\",\"url\":\"https:\/\/portaltela.pt\/s.01k8rhncp4jt1\/2025\/11\/talking-bot-125x125.png\",\"contentUrl\":\"https:\/\/portaltela.pt\/s.01k8rhncp4jt1\/2025\/11\/talking-bot-125x125.png\",\"caption\":\"Telinha\"},\"sameAs\":[\"https:\/\/portaltela.pt\/\"],\"url\":\"https:\/\/portaltela.pt\/por\/367410592786\/\"}]}<\/script>\n<!-- \/ Yoast SEO plugin. -->","yoast_head_json":{"title":"L\u00edder do PS afirma haver grande esperan\u00e7a de o partido voltar a ser alternativa - Portal Tela Portugal","robots":{"index":"index","follow":"follow","max-snippet":"max-snippet:-1","max-image-preview":"max-image-preview:large","max-video-preview":"max-video-preview:-1"},"og_locale":"pt_PT","og_type":"article","og_title":"L\u00edder do PS afirma haver grande esperan\u00e7a de o partido voltar a ser alternativa - Portal Tela Portugal","og_description":"Jos\u00e9 Lu\u00eds Carneiro afirmou haver \u201cgrande esperan\u00e7a\u201d de o PS voltar a ser a alternativa democr\u00e1tica. Disse ter falado com mais de 3.104 pessoas, incluindo mais de 800 fora do PS, para medir aceita\u00e7\u00e3o da sua candidatura. Segundo o secret\u00e1rio-geral, a taxa de aceita\u00e7\u00e3o poder\u00e1 superar os 95%, com militantes a sentir-se representados no caminho do partido. A vota\u00e7\u00e3o direta para o secret\u00e1rio-geral decorre hoje, Carneiro \u00e9 o \u00fanico candidato e tem a reelei\u00e7\u00e3o garantida; o congresso de consagra\u00e7\u00e3o ocorre no final do m\u00eas. O universo eleitoral \u00e9 de 39.487 militantes, mais cerca de cinco mil que em junho de 2025; em 2025 Carneiro foi eleito com 95,4%.","og_url":"https:\/\/portaltela.pt\/noticias\/2026\/03\/14\/lider-do-ps-afirma-haver-grande-esperanca-de-o-partido-voltar-a-ser-alternativa\/","og_site_name":"Portal Tela Portugal","article_published_time":"2026-03-14T17:47:03+00:00","author":"Telinha","twitter_card":"summary_large_image","twitter_misc":{"Escrito por":"Telinha","Tempo estimado de leitura":"1 minuto"},"schema":{"@context":"https:\/\/schema.org","@graph":[{"@type":"Article","@id":"https:\/\/portaltela.pt\/noticias\/2026\/03\/14\/lider-do-ps-afirma-haver-grande-esperanca-de-o-partido-voltar-a-ser-alternativa\/#article","isPartOf":{"@id":"https:\/\/portaltela.pt\/noticias\/2026\/03\/14\/lider-do-ps-afirma-haver-grande-esperanca-de-o-partido-voltar-a-ser-alternativa\/"},"author":{"name":"Telinha","@id":"https:\/\/portaltela.pt\/#\/schema\/person\/c4278d4a6028830caff9ee44b42d32ed"},"headline":"L\u00edder do PS afirma haver grande esperan\u00e7a de o partido voltar a ser alternativa","datePublished":"2026-03-14T17:47:03+00:00","mainEntityOfPage":{"@id":"https:\/\/portaltela.pt\/noticias\/2026\/03\/14\/lider-do-ps-afirma-haver-grande-esperanca-de-o-partido-voltar-a-ser-alternativa\/"},"wordCount":315,"image":{"@id":"https:\/\/portaltela.pt\/noticias\/2026\/03\/14\/lider-do-ps-afirma-haver-grande-esperanca-de-o-partido-voltar-a-ser-alternativa\/#primaryimage"},"thumbnailUrl":"https:\/\/portaltela.pt\/s.01k8rhncp4jt1\/2026\/03\/img_1500x1000uu2026-03-14-17-45-21-2272320.jpg","keywords":["Bai\u00e3o","elei\u00e7\u00f5es","Partido Socialista","pol\u00edtica","Porto","PS"],"articleSection":["Not\u00edcias","Pol\u00edtica"],"inLanguage":"pt-PT"},{"@type":"WebPage","@id":"https:\/\/portaltela.pt\/noticias\/2026\/03\/14\/lider-do-ps-afirma-haver-grande-esperanca-de-o-partido-voltar-a-ser-alternativa\/","url":"https:\/\/portaltela.pt\/noticias\/2026\/03\/14\/lider-do-ps-afirma-haver-grande-esperanca-de-o-partido-voltar-a-ser-alternativa\/","name":"L\u00edder do PS afirma haver grande esperan\u00e7a de o partido voltar a ser alternativa - Portal Tela Portugal","isPartOf":{"@id":"https:\/\/portaltela.pt\/#website"},"primaryImageOfPage":{"@id":"https:\/\/portaltela.pt\/noticias\/2026\/03\/14\/lider-do-ps-afirma-haver-grande-esperanca-de-o-partido-voltar-a-ser-alternativa\/#primaryimage"},"image":{"@id":"https:\/\/portaltela.pt\/noticias\/2026\/03\/14\/lider-do-ps-afirma-haver-grande-esperanca-de-o-partido-voltar-a-ser-alternativa\/#primaryimage"},"thumbnailUrl":"https:\/\/portaltela.pt\/s.01k8rhncp4jt1\/2026\/03\/img_1500x1000uu2026-03-14-17-45-21-2272320.jpg","datePublished":"2026-03-14T17:47:03+00:00","author":{"@id":"https:\/\/portaltela.pt\/#\/schema\/person\/c4278d4a6028830caff9ee44b42d32ed"},"breadcrumb":{"@id":"https:\/\/portaltela.pt\/noticias\/2026\/03\/14\/lider-do-ps-afirma-haver-grande-esperanca-de-o-partido-voltar-a-ser-alternativa\/#breadcrumb"},"inLanguage":"pt-PT","potentialAction":[{"@type":"ReadAction","target":["https:\/\/portaltela.pt\/noticias\/2026\/03\/14\/lider-do-ps-afirma-haver-grande-esperanca-de-o-partido-voltar-a-ser-alternativa\/"]}]},{"@type":"ImageObject","inLanguage":"pt-PT","@id":"https:\/\/portaltela.pt\/noticias\/2026\/03\/14\/lider-do-ps-afirma-haver-grande-esperanca-de-o-partido-voltar-a-ser-alternativa\/#primaryimage","url":"https:\/\/portaltela.pt\/s.01k8rhncp4jt1\/2026\/03\/img_1500x1000uu2026-03-14-17-45-21-2272320.jpg","contentUrl":"https:\/\/portaltela.pt\/s.01k8rhncp4jt1\/2026\/03\/img_1500x1000uu2026-03-14-17-45-21-2272320.jpg","width":796,"height":448,"caption":"L\u00edder do PS expressa esperan\u00e7a no futuro do partido durante vota\u00e7\u00e3o"},{"@type":"BreadcrumbList","@id":"https:\/\/portaltela.pt\/noticias\/2026\/03\/14\/lider-do-ps-afirma-haver-grande-esperanca-de-o-partido-voltar-a-ser-alternativa\/#breadcrumb","itemListElement":[{"@type":"ListItem","position":1,"name":"In\u00edcio","item":"https:\/\/portaltela.pt\/"},{"@type":"ListItem","position":2,"name":"L\u00edder do PS afirma haver grande esperan\u00e7a de o partido voltar a ser alternativa"}]},{"@type":"WebSite","@id":"https:\/\/portaltela.pt\/#website","url":"https:\/\/portaltela.pt\/","name":"Portal Tela Portugal","description":"","potentialAction":[{"@type":"SearchAction","target":{"@type":"EntryPoint","urlTemplate":"https:\/\/portaltela.pt\/?s={search_term_string}"},"query-input":{"@type":"PropertyValueSpecification","valueRequired":true,"valueName":"search_term_string"}}],"inLanguage":"pt-PT"},{"@type":"Person","@id":"https:\/\/portaltela.pt\/#\/schema\/person\/c4278d4a6028830caff9ee44b42d32ed","name":"Telinha","image":{"@type":"ImageObject","inLanguage":"pt-PT","@id":"https:\/\/portaltela.pt\/s.01k8rhncp4jt1\/2025\/11\/talking-bot-125x125.png","url":"https:\/\/portaltela.pt\/s.01k8rhncp4jt1\/2025\/11\/talking-bot-125x125.png","contentUrl":"https:\/\/portaltela.pt\/s.01k8rhncp4jt1\/2025\/11\/talking-bot-125x125.png","caption":"Telinha"},"sameAs":["https:\/\/portaltela.pt\/"],"url":"https:\/\/portaltela.pt\/por\/367410592786\/"}]}},"_links":{"self":[{"href":"https:\/\/portaltela.pt\/api\/wp\/v2\/posts\/410218","targetHints":{"allow":["GET"]}}],"collection":[{"href":"https:\/\/portaltela.pt\/api\/wp\/v2\/posts"}],"about":[{"href":"https:\/\/portaltela.pt\/api\/wp\/v2\/types\/post"}],"author":[{"embeddable":true,"href":"https:\/\/portaltela.pt\/api\/wp\/v2\/users\/2"}],"replies":[{"embeddable":true,"href":"https:\/\/portaltela.pt\/api\/wp\/v2\/comments?post=410218"}],"version-history":[{"count":0,"href":"https:\/\/portaltela.pt\/api\/wp\/v2\/posts\/410218\/revisions"}],"wp:featuredmedia":[{"embeddable":true,"href":"https:\/\/portaltela.pt\/api\/wp\/v2\/media\/410219"}],"wp:attachment":[{"href":"https:\/\/portaltela.pt\/api\/wp\/v2\/media?parent=410218"}],"wp:term":[{"taxonomy":"category","embeddable":true,"href":"https:\/\/portaltela.pt\/api\/wp\/v2\/categories?post=410218"},{"taxonomy":"post_tag","embeddable":true,"href":"https:\/\/portaltela.pt\/api\/wp\/v2\/tags?post=410218"}],"curies":[{"name":"wp","href":"https:\/\/api.w.org\/{rel}","templated":true}]}}