{"id":410214,"date":"2026-03-14T14:45:00","date_gmt":"2026-03-14T17:45:00","guid":{"rendered":"https:\/\/portaltela.pt\/noticias\/2026\/03\/14\/defesa-do-getafe-ve-vermelho-por-toque-inadequado-a-avancado-do-atletico\/"},"modified":"2026-03-14T14:45:00","modified_gmt":"2026-03-14T17:45:00","slug":"defesa-do-getafe-ve-vermelho-por-toque-inadequado-a-avancado-do-atletico","status":"publish","type":"post","link":"https:\/\/portaltela.pt\/desporto\/futebol\/2026\/03\/14\/defesa-do-getafe-ve-vermelho-por-toque-inadequado-a-avancado-do-atletico\/","title":{"rendered":"Defesa do Getafe v\u00ea vermelho por toque inadequado a avan\u00e7ado do Atl\u00e9tico"},"content":{"rendered":"<p>O Atl\u00e9tico de Madrid venceu o Getafe por 1-0, num encontro da liga espanhola disputado na tarde de s\u00e1bado. Durante o jogo, ocorreu um incidente entre Abqar, defesa do Getafe, e Sorloth, avan\u00e7ado do Atl\u00e9tico, que acabou por desencadear a expuls\u00e3o.<\/p>\n<p>O defesa marroquino foi expulso aos 55 minutos depois de o \u00e1rbitro analisar imagens da a\u00e7\u00e3o que envolveu uma outra incurs\u00e3o f\u00edsica junto do advers\u00e1rio. O avan\u00e7ado noruegu\u00eas reagiu ao sucedido, levando a que o Getafe terminasse o encontro com dez jogadores.<\/p>\n<p>No decorrer da partida, o Atl\u00e9tico de Madrid criou as melhores oportunidades e acabou por impor o resultado pela margem m\u00ednima, mantendo-se na corrida pela parte alta da classifica\u00e7\u00e3o. A influ\u00eancia do incidente na din\u00e2mica do jogo foi determinante para o desfecho.<\/p>\n<p>Determinante para a equipa anfitri\u00e3, a vit\u00f3ria manteve o Atl\u00e9tico na posi\u00e7\u00e3o de contenders, enquanto o Getafe continua a lutar pela estabilidade na tabela. N\u00e3o foram divulgados comunicados adicionais sobre o incidente pela Liga ou pelos clubes envolvidos.<\/p>\n","protected":false},"excerpt":{"rendered":"<ul>\n<li>O Atl\u00e9tico de Madrid venceu o Getafe por 1-0, em casa, em jogo da liga espanhola.<\/li>\n<li>O incidente acabou por ter lugar aos 55 minutos, quando Abqar foi expulso.<\/li>\n<li>Abqar agarrou nos genitais de Sorloth, provocando o desentendimento entre ambos os jogadores.<\/li>\n<li>O avan\u00e7ado noruegu\u00eas reagiu de forma agressiva e lan\u00e7ou o defesa marroquino para o relvado.<\/li>\n<li>O \u00e1rbitro mostrou o cart\u00e3o vermelho a Abqar ap\u00f3s a revis\u00e3o das imagens.<\/li>\n<\/ul>\n","protected":false},"author":2,"featured_media":410215,"comment_status":"closed","ping_status":"closed","sticky":false,"template":"","format":"standard","meta":{"footnotes":""},"categories":[21,24],"tags":[3341,4951,32,1715,4159,1789],"class_list":["post-410214","post","type-post","status-publish","format-standard","has-post-thumbnail","hentry","category-desporto","category-futebol","tag-atletico-madrid","tag-cartoes-vermelhos","tag-futebol","tag-getafe","tag-jogo","tag-la-liga"],"yoast_head":"<!-- This site is optimized with the Yoast SEO plugin v27.2 - https:\/\/yoast.com\/product\/yoast-seo-wordpress\/ -->\n<title>Defesa do Getafe v\u00ea vermelho por toque inadequado a avan\u00e7ado do Atl\u00e9tico - Portal Tela Portugal<\/title>\n<meta name=\"robots\" content=\"index, follow, max-snippet:-1, max-image-preview:large, max-video-preview:-1\" \/>\n<meta property=\"og:locale\" content=\"pt_PT\" \/>\n<meta property=\"og:type\" content=\"article\" \/>\n<meta property=\"og:title\" content=\"Defesa do Getafe v\u00ea vermelho por toque inadequado a avan\u00e7ado do Atl\u00e9tico - Portal Tela Portugal\" \/>\n<meta property=\"og:description\" content=\"O Atl\u00e9tico de Madrid venceu o Getafe por 1-0, em casa, em jogo da liga espanhola. O incidente acabou por ter lugar aos 55 minutos, quando Abqar foi expulso. Abqar agarrou nos genitais de Sorloth, provocando o desentendimento entre ambos os jogadores. O avan\u00e7ado noruegu\u00eas reagiu de forma agressiva e lan\u00e7ou o defesa marroquino para o relvado. O \u00e1rbitro mostrou o cart\u00e3o vermelho a Abqar ap\u00f3s a revis\u00e3o das imagens.\" \/>\n<meta property=\"og:url\" content=\"https:\/\/portaltela.pt\/noticias\/2026\/03\/14\/defesa-do-getafe-ve-vermelho-por-toque-inadequado-a-avancado-do-atletico\/\" \/>\n<meta property=\"og:site_name\" content=\"Portal Tela Portugal\" \/>\n<meta property=\"article:published_time\" content=\"2026-03-14T17:45:00+00:00\" \/>\n<meta name=\"author\" content=\"Telinha\" \/>\n<meta name=\"twitter:card\" content=\"summary_large_image\" \/>\n<meta name=\"twitter:label1\" content=\"Escrito por\" \/>\n\t<meta name=\"twitter:data1\" content=\"Telinha\" \/>\n\t<meta name=\"twitter:label2\" content=\"Tempo estimado de leitura\" \/>\n\t<meta name=\"twitter:data2\" content=\"1 minuto\" \/>\n<script type=\"application\/ld+json\" class=\"yoast-schema-graph\">{\"@context\":\"https:\/\/schema.org\",\"@graph\":[{\"@type\":\"Article\",\"@id\":\"https:\/\/portaltela.pt\/noticias\/2026\/03\/14\/defesa-do-getafe-ve-vermelho-por-toque-inadequado-a-avancado-do-atletico\/#article\",\"isPartOf\":{\"@id\":\"https:\/\/portaltela.pt\/noticias\/2026\/03\/14\/defesa-do-getafe-ve-vermelho-por-toque-inadequado-a-avancado-do-atletico\/\"},\"author\":{\"name\":\"Telinha\",\"@id\":\"https:\/\/portaltela.pt\/#\/schema\/person\/c4278d4a6028830caff9ee44b42d32ed\"},\"headline\":\"Defesa do Getafe v\u00ea vermelho por toque inadequado a avan\u00e7ado do Atl\u00e9tico\",\"datePublished\":\"2026-03-14T17:45:00+00:00\",\"mainEntityOfPage\":{\"@id\":\"https:\/\/portaltela.pt\/noticias\/2026\/03\/14\/defesa-do-getafe-ve-vermelho-por-toque-inadequado-a-avancado-do-atletico\/\"},\"wordCount\":196,\"image\":{\"@id\":\"https:\/\/portaltela.pt\/noticias\/2026\/03\/14\/defesa-do-getafe-ve-vermelho-por-toque-inadequado-a-avancado-do-atletico\/#primaryimage\"},\"thumbnailUrl\":\"https:\/\/portaltela.pt\/s.01k8rhncp4jt1\/2026\/03\/img_920x518uu2026-03-14-17-41-02-2426892-im-639091068775075921.jpg\",\"keywords\":[\"Atl\u00e9tico Madrid\",\"cart\u00f5es vermelhos\",\"futebol\",\"Getafe\",\"jogo\",\"La Liga\"],\"articleSection\":[\"Desporto\",\"Futebol\"],\"inLanguage\":\"pt-PT\"},{\"@type\":\"WebPage\",\"@id\":\"https:\/\/portaltela.pt\/noticias\/2026\/03\/14\/defesa-do-getafe-ve-vermelho-por-toque-inadequado-a-avancado-do-atletico\/\",\"url\":\"https:\/\/portaltela.pt\/noticias\/2026\/03\/14\/defesa-do-getafe-ve-vermelho-por-toque-inadequado-a-avancado-do-atletico\/\",\"name\":\"Defesa do Getafe v\u00ea vermelho por toque inadequado a avan\u00e7ado do Atl\u00e9tico - Portal Tela Portugal\",\"isPartOf\":{\"@id\":\"https:\/\/portaltela.pt\/#website\"},\"primaryImageOfPage\":{\"@id\":\"https:\/\/portaltela.pt\/noticias\/2026\/03\/14\/defesa-do-getafe-ve-vermelho-por-toque-inadequado-a-avancado-do-atletico\/#primaryimage\"},\"image\":{\"@id\":\"https:\/\/portaltela.pt\/noticias\/2026\/03\/14\/defesa-do-getafe-ve-vermelho-por-toque-inadequado-a-avancado-do-atletico\/#primaryimage\"},\"thumbnailUrl\":\"https:\/\/portaltela.pt\/s.01k8rhncp4jt1\/2026\/03\/img_920x518uu2026-03-14-17-41-02-2426892-im-639091068775075921.jpg\",\"datePublished\":\"2026-03-14T17:45:00+00:00\",\"author\":{\"@id\":\"https:\/\/portaltela.pt\/#\/schema\/person\/c4278d4a6028830caff9ee44b42d32ed\"},\"breadcrumb\":{\"@id\":\"https:\/\/portaltela.pt\/noticias\/2026\/03\/14\/defesa-do-getafe-ve-vermelho-por-toque-inadequado-a-avancado-do-atletico\/#breadcrumb\"},\"inLanguage\":\"pt-PT\",\"potentialAction\":[{\"@type\":\"ReadAction\",\"target\":[\"https:\/\/portaltela.pt\/noticias\/2026\/03\/14\/defesa-do-getafe-ve-vermelho-por-toque-inadequado-a-avancado-do-atletico\/\"]}]},{\"@type\":\"ImageObject\",\"inLanguage\":\"pt-PT\",\"@id\":\"https:\/\/portaltela.pt\/noticias\/2026\/03\/14\/defesa-do-getafe-ve-vermelho-por-toque-inadequado-a-avancado-do-atletico\/#primaryimage\",\"url\":\"https:\/\/portaltela.pt\/s.01k8rhncp4jt1\/2026\/03\/img_920x518uu2026-03-14-17-41-02-2426892-im-639091068775075921.jpg\",\"contentUrl\":\"https:\/\/portaltela.pt\/s.01k8rhncp4jt1\/2026\/03\/img_920x518uu2026-03-14-17-41-02-2426892-im-639091068775075921.jpg\",\"width\":796,\"height\":448,\"caption\":\"Jogador do Getafe expulso por apertar genitais a um advers\u00e1rio\"},{\"@type\":\"BreadcrumbList\",\"@id\":\"https:\/\/portaltela.pt\/noticias\/2026\/03\/14\/defesa-do-getafe-ve-vermelho-por-toque-inadequado-a-avancado-do-atletico\/#breadcrumb\",\"itemListElement\":[{\"@type\":\"ListItem\",\"position\":1,\"name\":\"In\u00edcio\",\"item\":\"https:\/\/portaltela.pt\/\"},{\"@type\":\"ListItem\",\"position\":2,\"name\":\"Defesa do Getafe v\u00ea vermelho por toque inadequado a avan\u00e7ado do Atl\u00e9tico\"}]},{\"@type\":\"WebSite\",\"@id\":\"https:\/\/portaltela.pt\/#website\",\"url\":\"https:\/\/portaltela.pt\/\",\"name\":\"Portal Tela Portugal\",\"description\":\"\",\"potentialAction\":[{\"@type\":\"SearchAction\",\"target\":{\"@type\":\"EntryPoint\",\"urlTemplate\":\"https:\/\/portaltela.pt\/?s={search_term_string}\"},\"query-input\":{\"@type\":\"PropertyValueSpecification\",\"valueRequired\":true,\"valueName\":\"search_term_string\"}}],\"inLanguage\":\"pt-PT\"},{\"@type\":\"Person\",\"@id\":\"https:\/\/portaltela.pt\/#\/schema\/person\/c4278d4a6028830caff9ee44b42d32ed\",\"name\":\"Telinha\",\"image\":{\"@type\":\"ImageObject\",\"inLanguage\":\"pt-PT\",\"@id\":\"https:\/\/portaltela.pt\/s.01k8rhncp4jt1\/2025\/11\/talking-bot-125x125.png\",\"url\":\"https:\/\/portaltela.pt\/s.01k8rhncp4jt1\/2025\/11\/talking-bot-125x125.png\",\"contentUrl\":\"https:\/\/portaltela.pt\/s.01k8rhncp4jt1\/2025\/11\/talking-bot-125x125.png\",\"caption\":\"Telinha\"},\"sameAs\":[\"https:\/\/portaltela.pt\/\"],\"url\":\"https:\/\/portaltela.pt\/por\/367410592786\/\"}]}<\/script>\n<!-- \/ Yoast SEO plugin. -->","yoast_head_json":{"title":"Defesa do Getafe v\u00ea vermelho por toque inadequado a avan\u00e7ado do Atl\u00e9tico - Portal Tela Portugal","robots":{"index":"index","follow":"follow","max-snippet":"max-snippet:-1","max-image-preview":"max-image-preview:large","max-video-preview":"max-video-preview:-1"},"og_locale":"pt_PT","og_type":"article","og_title":"Defesa do Getafe v\u00ea vermelho por toque inadequado a avan\u00e7ado do Atl\u00e9tico - Portal Tela Portugal","og_description":"O Atl\u00e9tico de Madrid venceu o Getafe por 1-0, em casa, em jogo da liga espanhola. O incidente acabou por ter lugar aos 55 minutos, quando Abqar foi expulso. Abqar agarrou nos genitais de Sorloth, provocando o desentendimento entre ambos os jogadores. O avan\u00e7ado noruegu\u00eas reagiu de forma agressiva e lan\u00e7ou o defesa marroquino para o relvado. O \u00e1rbitro mostrou o cart\u00e3o vermelho a Abqar ap\u00f3s a revis\u00e3o das imagens.","og_url":"https:\/\/portaltela.pt\/noticias\/2026\/03\/14\/defesa-do-getafe-ve-vermelho-por-toque-inadequado-a-avancado-do-atletico\/","og_site_name":"Portal Tela Portugal","article_published_time":"2026-03-14T17:45:00+00:00","author":"Telinha","twitter_card":"summary_large_image","twitter_misc":{"Escrito por":"Telinha","Tempo estimado de leitura":"1 minuto"},"schema":{"@context":"https:\/\/schema.org","@graph":[{"@type":"Article","@id":"https:\/\/portaltela.pt\/noticias\/2026\/03\/14\/defesa-do-getafe-ve-vermelho-por-toque-inadequado-a-avancado-do-atletico\/#article","isPartOf":{"@id":"https:\/\/portaltela.pt\/noticias\/2026\/03\/14\/defesa-do-getafe-ve-vermelho-por-toque-inadequado-a-avancado-do-atletico\/"},"author":{"name":"Telinha","@id":"https:\/\/portaltela.pt\/#\/schema\/person\/c4278d4a6028830caff9ee44b42d32ed"},"headline":"Defesa do Getafe v\u00ea vermelho por toque inadequado a avan\u00e7ado do Atl\u00e9tico","datePublished":"2026-03-14T17:45:00+00:00","mainEntityOfPage":{"@id":"https:\/\/portaltela.pt\/noticias\/2026\/03\/14\/defesa-do-getafe-ve-vermelho-por-toque-inadequado-a-avancado-do-atletico\/"},"wordCount":196,"image":{"@id":"https:\/\/portaltela.pt\/noticias\/2026\/03\/14\/defesa-do-getafe-ve-vermelho-por-toque-inadequado-a-avancado-do-atletico\/#primaryimage"},"thumbnailUrl":"https:\/\/portaltela.pt\/s.01k8rhncp4jt1\/2026\/03\/img_920x518uu2026-03-14-17-41-02-2426892-im-639091068775075921.jpg","keywords":["Atl\u00e9tico Madrid","cart\u00f5es vermelhos","futebol","Getafe","jogo","La Liga"],"articleSection":["Desporto","Futebol"],"inLanguage":"pt-PT"},{"@type":"WebPage","@id":"https:\/\/portaltela.pt\/noticias\/2026\/03\/14\/defesa-do-getafe-ve-vermelho-por-toque-inadequado-a-avancado-do-atletico\/","url":"https:\/\/portaltela.pt\/noticias\/2026\/03\/14\/defesa-do-getafe-ve-vermelho-por-toque-inadequado-a-avancado-do-atletico\/","name":"Defesa do Getafe v\u00ea vermelho por toque inadequado a avan\u00e7ado do Atl\u00e9tico - Portal Tela Portugal","isPartOf":{"@id":"https:\/\/portaltela.pt\/#website"},"primaryImageOfPage":{"@id":"https:\/\/portaltela.pt\/noticias\/2026\/03\/14\/defesa-do-getafe-ve-vermelho-por-toque-inadequado-a-avancado-do-atletico\/#primaryimage"},"image":{"@id":"https:\/\/portaltela.pt\/noticias\/2026\/03\/14\/defesa-do-getafe-ve-vermelho-por-toque-inadequado-a-avancado-do-atletico\/#primaryimage"},"thumbnailUrl":"https:\/\/portaltela.pt\/s.01k8rhncp4jt1\/2026\/03\/img_920x518uu2026-03-14-17-41-02-2426892-im-639091068775075921.jpg","datePublished":"2026-03-14T17:45:00+00:00","author":{"@id":"https:\/\/portaltela.pt\/#\/schema\/person\/c4278d4a6028830caff9ee44b42d32ed"},"breadcrumb":{"@id":"https:\/\/portaltela.pt\/noticias\/2026\/03\/14\/defesa-do-getafe-ve-vermelho-por-toque-inadequado-a-avancado-do-atletico\/#breadcrumb"},"inLanguage":"pt-PT","potentialAction":[{"@type":"ReadAction","target":["https:\/\/portaltela.pt\/noticias\/2026\/03\/14\/defesa-do-getafe-ve-vermelho-por-toque-inadequado-a-avancado-do-atletico\/"]}]},{"@type":"ImageObject","inLanguage":"pt-PT","@id":"https:\/\/portaltela.pt\/noticias\/2026\/03\/14\/defesa-do-getafe-ve-vermelho-por-toque-inadequado-a-avancado-do-atletico\/#primaryimage","url":"https:\/\/portaltela.pt\/s.01k8rhncp4jt1\/2026\/03\/img_920x518uu2026-03-14-17-41-02-2426892-im-639091068775075921.jpg","contentUrl":"https:\/\/portaltela.pt\/s.01k8rhncp4jt1\/2026\/03\/img_920x518uu2026-03-14-17-41-02-2426892-im-639091068775075921.jpg","width":796,"height":448,"caption":"Jogador do Getafe expulso por apertar genitais a um advers\u00e1rio"},{"@type":"BreadcrumbList","@id":"https:\/\/portaltela.pt\/noticias\/2026\/03\/14\/defesa-do-getafe-ve-vermelho-por-toque-inadequado-a-avancado-do-atletico\/#breadcrumb","itemListElement":[{"@type":"ListItem","position":1,"name":"In\u00edcio","item":"https:\/\/portaltela.pt\/"},{"@type":"ListItem","position":2,"name":"Defesa do Getafe v\u00ea vermelho por toque inadequado a avan\u00e7ado do Atl\u00e9tico"}]},{"@type":"WebSite","@id":"https:\/\/portaltela.pt\/#website","url":"https:\/\/portaltela.pt\/","name":"Portal Tela Portugal","description":"","potentialAction":[{"@type":"SearchAction","target":{"@type":"EntryPoint","urlTemplate":"https:\/\/portaltela.pt\/?s={search_term_string}"},"query-input":{"@type":"PropertyValueSpecification","valueRequired":true,"valueName":"search_term_string"}}],"inLanguage":"pt-PT"},{"@type":"Person","@id":"https:\/\/portaltela.pt\/#\/schema\/person\/c4278d4a6028830caff9ee44b42d32ed","name":"Telinha","image":{"@type":"ImageObject","inLanguage":"pt-PT","@id":"https:\/\/portaltela.pt\/s.01k8rhncp4jt1\/2025\/11\/talking-bot-125x125.png","url":"https:\/\/portaltela.pt\/s.01k8rhncp4jt1\/2025\/11\/talking-bot-125x125.png","contentUrl":"https:\/\/portaltela.pt\/s.01k8rhncp4jt1\/2025\/11\/talking-bot-125x125.png","caption":"Telinha"},"sameAs":["https:\/\/portaltela.pt\/"],"url":"https:\/\/portaltela.pt\/por\/367410592786\/"}]}},"_links":{"self":[{"href":"https:\/\/portaltela.pt\/api\/wp\/v2\/posts\/410214","targetHints":{"allow":["GET"]}}],"collection":[{"href":"https:\/\/portaltela.pt\/api\/wp\/v2\/posts"}],"about":[{"href":"https:\/\/portaltela.pt\/api\/wp\/v2\/types\/post"}],"author":[{"embeddable":true,"href":"https:\/\/portaltela.pt\/api\/wp\/v2\/users\/2"}],"replies":[{"embeddable":true,"href":"https:\/\/portaltela.pt\/api\/wp\/v2\/comments?post=410214"}],"version-history":[{"count":0,"href":"https:\/\/portaltela.pt\/api\/wp\/v2\/posts\/410214\/revisions"}],"wp:featuredmedia":[{"embeddable":true,"href":"https:\/\/portaltela.pt\/api\/wp\/v2\/media\/410215"}],"wp:attachment":[{"href":"https:\/\/portaltela.pt\/api\/wp\/v2\/media?parent=410214"}],"wp:term":[{"taxonomy":"category","embeddable":true,"href":"https:\/\/portaltela.pt\/api\/wp\/v2\/categories?post=410214"},{"taxonomy":"post_tag","embeddable":true,"href":"https:\/\/portaltela.pt\/api\/wp\/v2\/tags?post=410214"}],"curies":[{"name":"wp","href":"https:\/\/api.w.org\/{rel}","templated":true}]}}