{"id":410200,"date":"2026-03-14T14:38:00","date_gmt":"2026-03-14T17:38:00","guid":{"rendered":"https:\/\/portaltela.pt\/noticias\/2026\/03\/14\/populacao-de-paredes-sofre-ha-anos-com-poluicao-do-concelho-vizinho\/"},"modified":"2026-03-14T14:38:00","modified_gmt":"2026-03-14T17:38:00","slug":"populacao-de-paredes-sofre-ha-anos-com-poluicao-do-concelho-vizinho","status":"publish","type":"post","link":"https:\/\/portaltela.pt\/noticias\/2026\/03\/14\/populacao-de-paredes-sofre-ha-anos-com-poluicao-do-concelho-vizinho\/","title":{"rendered":"Popula\u00e7\u00e3o de Paredes sofre h\u00e1 anos com polui\u00e7\u00e3o do concelho vizinho"},"content":{"rendered":"<p>Em Paredes, habitantes denunciam a polui\u00e7\u00e3o causada pelo rio Ferreira, resultante do tratamento em Pa\u00e7os de Ferreira. O foco \u00e9 a poss\u00edvel amplia\u00e7\u00e3o da ETAR de Arreigada, em Pa\u00e7os de Ferreira, para travar o problema que persiste h\u00e1 d\u00e9cadas.<\/p>\n<p>Ao longo dos anos, o rio Ferreira j\u00e1 apresentou fases de polui\u00e7\u00e3o extrema, com cheiros fortes e \u00e1gua turva. A cambiante qualidade da \u00e1gua varia com as tempestades, que aumentam o caudal e diluem parcialmente a polui\u00e7\u00e3o.<\/p>\n<p>Para muitos moradores de Lordelo, o rio \u00e9 parte da mem\u00f3ria local, associada a mem\u00f3rias de inf\u00e2ncia junto \u00e0 Levada do Souto. A hist\u00f3ria envolve decis\u00f5es t\u00e9cnicas falhadas e falta de prioridade pol\u00edtica, refletindo uma tentativa de requalifica\u00e7\u00e3o que falhou em 2019.<\/p>\n<p>O processo envolve votos e iniciativas locais, incluindo interven\u00e7\u00f5es da Junta de Freguesia de Lordelo desde 2013. A press\u00e3o pol\u00edtica e social ficou marcada por resist\u00eancia e por pedidos cont\u00ednuos de solu\u00e7\u00f5es mais eficazes para a polui\u00e7\u00e3o fluvial.<\/p>\n<p>A expectativa atual envolve o concurso para a amplia\u00e7\u00e3o da ETAR de Arreigada. A promessa \u00e9 de que as obras ocorram dentro de dois anos e meio, com a adjudica\u00e7\u00e3o conclu\u00edda e a infraestrutura a entrar em funcionamento em cerca de tr\u00eas anos, conforme an\u00fancio oficial.<\/p>\n<p>Entretanto, h\u00e1 ceticismo entre moradores e ex-autarcas sobre o ritmo das obras. A esperan\u00e7a \u00e9 que a interven\u00e7\u00e3o finalmente avance sem novos atrasos, criando condi\u00e7\u00f5es para uma melhoria vis\u00edvel da qualidade da \u00e1gua e do ambiente ribeirinho.<\/p>\n<p>As \u00c1guas de Pa\u00e7os de Ferreira informaram que o in\u00edcio das obras est\u00e1 previsto para este ano, ap\u00f3s a conclus\u00e3o dos procedimentos de contrata\u00e7\u00e3o p\u00fablica em curso. O prazo global estimado para execu\u00e7\u00e3o e entrada em funcionamento \u00e9 de aproximadamente tr\u00eas anos.<\/p>\n","protected":false},"excerpt":{"rendered":"<ul>\n<li>Freguesias de Paredes reivindicam a amplia\u00e7\u00e3o da Esta\u00e7\u00e3o de Tratamento de \u00c1guas Residuais (ETAR) de Arreigada, em Pa\u00e7os de Ferreira, para resolver a polui\u00e7\u00e3o cr\u00f3nica do rio Ferreira.<\/li>\n<li>A polui\u00e7\u00e3o do rio aumentou ap\u00f3s tempestades, com per\u00edodos em que o caudal diluiu parte dos contaminantes, e relatos de cheiros fortes em dias quentes h\u00e1 cerca de dois anos.<\/li>\n<li>A popula\u00e7\u00e3o recorda que o rio era um espa\u00e7o de inf\u00e2ncia e encontro, com hist\u00f3ria de praias fluviais e pesca nocturna, antes de v\u00e1rias interven\u00e7\u00f5es t\u00e9cnicas falhadas.<\/li>\n<li>Autarcas e moradores criticam a aus\u00eancia de prioridade pol\u00edtica ao longo de d\u00e9cadas, associada a uma tentativa de requalifica\u00e7\u00e3o da ETAR em 2019 que custou cinco milh\u00f5es de euros e n\u00e3o resultou.<\/li>\n<li>As \u00c1guas de Pa\u00e7os de Ferreira indicam que o in\u00edcio das obras est\u00e1 previsto para este ano, com conclus\u00e3o e entrada em funcionamento estimatedas em cerca de tr\u00eas anos, ap\u00f3s os procedimentos de contrata\u00e7\u00e3o p\u00fablica.<\/li>\n<\/ul>\n","protected":false},"author":2,"featured_media":410207,"comment_status":"closed","ping_status":"closed","sticky":false,"template":"","format":"standard","meta":{"footnotes":""},"categories":[6725,1],"tags":[1090,167,5293,1499,2832,3750],"class_list":["post-410200","post","type-post","status-publish","format-standard","has-post-thumbnail","hentry","category-meio-ambiente","category-noticias","tag-agua","tag-ambiente","tag-junta-de-freguesia","tag-pacos-de-ferreira","tag-politica","tag-poluicao-ambiental"],"yoast_head":"<!-- This site is optimized with the Yoast SEO plugin v27.2 - https:\/\/yoast.com\/product\/yoast-seo-wordpress\/ -->\n<title>Popula\u00e7\u00e3o de Paredes sofre h\u00e1 anos com polui\u00e7\u00e3o do concelho vizinho - Portal Tela Portugal<\/title>\n<meta name=\"robots\" content=\"index, follow, max-snippet:-1, max-image-preview:large, max-video-preview:-1\" \/>\n<meta property=\"og:locale\" content=\"pt_PT\" \/>\n<meta property=\"og:type\" content=\"article\" \/>\n<meta property=\"og:title\" content=\"Popula\u00e7\u00e3o de Paredes sofre h\u00e1 anos com polui\u00e7\u00e3o do concelho vizinho - Portal Tela Portugal\" \/>\n<meta property=\"og:description\" content=\"Freguesias de Paredes reivindicam a amplia\u00e7\u00e3o da Esta\u00e7\u00e3o de Tratamento de \u00c1guas Residuais (ETAR) de Arreigada, em Pa\u00e7os de Ferreira, para resolver a polui\u00e7\u00e3o cr\u00f3nica do rio Ferreira. A polui\u00e7\u00e3o do rio aumentou ap\u00f3s tempestades, com per\u00edodos em que o caudal diluiu parte dos contaminantes, e relatos de cheiros fortes em dias quentes h\u00e1 cerca de dois anos. A popula\u00e7\u00e3o recorda que o rio era um espa\u00e7o de inf\u00e2ncia e encontro, com hist\u00f3ria de praias fluviais e pesca nocturna, antes de v\u00e1rias interven\u00e7\u00f5es t\u00e9cnicas falhadas. Autarcas e moradores criticam a aus\u00eancia de prioridade pol\u00edtica ao longo de d\u00e9cadas, associada a uma tentativa de requalifica\u00e7\u00e3o da ETAR em 2019 que custou cinco milh\u00f5es de euros e n\u00e3o resultou. As \u00c1guas de Pa\u00e7os de Ferreira indicam que o in\u00edcio das obras est\u00e1 previsto para este ano, com conclus\u00e3o e entrada em funcionamento estimatedas em cerca de tr\u00eas anos, ap\u00f3s os procedimentos de contrata\u00e7\u00e3o p\u00fablica.\" \/>\n<meta property=\"og:url\" content=\"https:\/\/portaltela.pt\/noticias\/2026\/03\/14\/populacao-de-paredes-sofre-ha-anos-com-poluicao-do-concelho-vizinho\/\" \/>\n<meta property=\"og:site_name\" content=\"Portal Tela Portugal\" \/>\n<meta property=\"article:published_time\" content=\"2026-03-14T17:38:00+00:00\" \/>\n<meta name=\"author\" content=\"Telinha\" \/>\n<meta name=\"twitter:card\" content=\"summary_large_image\" \/>\n<meta name=\"twitter:label1\" content=\"Escrito por\" \/>\n\t<meta name=\"twitter:data1\" content=\"Telinha\" \/>\n\t<meta name=\"twitter:label2\" content=\"Tempo estimado de leitura\" \/>\n\t<meta name=\"twitter:data2\" content=\"2 minutos\" \/>\n<script type=\"application\/ld+json\" class=\"yoast-schema-graph\">{\"@context\":\"https:\/\/schema.org\",\"@graph\":[{\"@type\":\"Article\",\"@id\":\"https:\/\/portaltela.pt\/noticias\/2026\/03\/14\/populacao-de-paredes-sofre-ha-anos-com-poluicao-do-concelho-vizinho\/#article\",\"isPartOf\":{\"@id\":\"https:\/\/portaltela.pt\/noticias\/2026\/03\/14\/populacao-de-paredes-sofre-ha-anos-com-poluicao-do-concelho-vizinho\/\"},\"author\":{\"name\":\"Telinha\",\"@id\":\"https:\/\/portaltela.pt\/#\/schema\/person\/c4278d4a6028830caff9ee44b42d32ed\"},\"headline\":\"Popula\u00e7\u00e3o de Paredes sofre h\u00e1 anos com polui\u00e7\u00e3o do concelho vizinho\",\"datePublished\":\"2026-03-14T17:38:00+00:00\",\"mainEntityOfPage\":{\"@id\":\"https:\/\/portaltela.pt\/noticias\/2026\/03\/14\/populacao-de-paredes-sofre-ha-anos-com-poluicao-do-concelho-vizinho\/\"},\"wordCount\":326,\"image\":{\"@id\":\"https:\/\/portaltela.pt\/noticias\/2026\/03\/14\/populacao-de-paredes-sofre-ha-anos-com-poluicao-do-concelho-vizinho\/#primaryimage\"},\"thumbnailUrl\":\"https:\/\/portaltela.pt\/s.01k8rhncp4jt1\/2026\/03\/2074095.jpg\",\"keywords\":[\"\u00e1gua\",\"ambiente\",\"Junta de Freguesia\",\"Pa\u00e7os de Ferreira\",\"pol\u00edtica\",\"polui\u00e7\u00e3o ambiental\"],\"articleSection\":[\"Meio Ambiente\",\"Not\u00edcias\"],\"inLanguage\":\"pt-PT\"},{\"@type\":\"WebPage\",\"@id\":\"https:\/\/portaltela.pt\/noticias\/2026\/03\/14\/populacao-de-paredes-sofre-ha-anos-com-poluicao-do-concelho-vizinho\/\",\"url\":\"https:\/\/portaltela.pt\/noticias\/2026\/03\/14\/populacao-de-paredes-sofre-ha-anos-com-poluicao-do-concelho-vizinho\/\",\"name\":\"Popula\u00e7\u00e3o de Paredes sofre h\u00e1 anos com polui\u00e7\u00e3o do concelho vizinho - Portal Tela Portugal\",\"isPartOf\":{\"@id\":\"https:\/\/portaltela.pt\/#website\"},\"primaryImageOfPage\":{\"@id\":\"https:\/\/portaltela.pt\/noticias\/2026\/03\/14\/populacao-de-paredes-sofre-ha-anos-com-poluicao-do-concelho-vizinho\/#primaryimage\"},\"image\":{\"@id\":\"https:\/\/portaltela.pt\/noticias\/2026\/03\/14\/populacao-de-paredes-sofre-ha-anos-com-poluicao-do-concelho-vizinho\/#primaryimage\"},\"thumbnailUrl\":\"https:\/\/portaltela.pt\/s.01k8rhncp4jt1\/2026\/03\/2074095.jpg\",\"datePublished\":\"2026-03-14T17:38:00+00:00\",\"author\":{\"@id\":\"https:\/\/portaltela.pt\/#\/schema\/person\/c4278d4a6028830caff9ee44b42d32ed\"},\"breadcrumb\":{\"@id\":\"https:\/\/portaltela.pt\/noticias\/2026\/03\/14\/populacao-de-paredes-sofre-ha-anos-com-poluicao-do-concelho-vizinho\/#breadcrumb\"},\"inLanguage\":\"pt-PT\",\"potentialAction\":[{\"@type\":\"ReadAction\",\"target\":[\"https:\/\/portaltela.pt\/noticias\/2026\/03\/14\/populacao-de-paredes-sofre-ha-anos-com-poluicao-do-concelho-vizinho\/\"]}]},{\"@type\":\"ImageObject\",\"inLanguage\":\"pt-PT\",\"@id\":\"https:\/\/portaltela.pt\/noticias\/2026\/03\/14\/populacao-de-paredes-sofre-ha-anos-com-poluicao-do-concelho-vizinho\/#primaryimage\",\"url\":\"https:\/\/portaltela.pt\/s.01k8rhncp4jt1\/2026\/03\/2074095.jpg\",\"contentUrl\":\"https:\/\/portaltela.pt\/s.01k8rhncp4jt1\/2026\/03\/2074095.jpg\",\"width\":796,\"height\":448,\"caption\":\"O rio Ferreira atravessa quatro concelhos e padece, h\u00e1 20 anos, de problemas de polui\u00e7\u00e3o devido ao mau funcionamento de uma ETAR\"},{\"@type\":\"BreadcrumbList\",\"@id\":\"https:\/\/portaltela.pt\/noticias\/2026\/03\/14\/populacao-de-paredes-sofre-ha-anos-com-poluicao-do-concelho-vizinho\/#breadcrumb\",\"itemListElement\":[{\"@type\":\"ListItem\",\"position\":1,\"name\":\"In\u00edcio\",\"item\":\"https:\/\/portaltela.pt\/\"},{\"@type\":\"ListItem\",\"position\":2,\"name\":\"Popula\u00e7\u00e3o de Paredes sofre h\u00e1 anos com polui\u00e7\u00e3o do concelho vizinho\"}]},{\"@type\":\"WebSite\",\"@id\":\"https:\/\/portaltela.pt\/#website\",\"url\":\"https:\/\/portaltela.pt\/\",\"name\":\"Portal Tela Portugal\",\"description\":\"\",\"potentialAction\":[{\"@type\":\"SearchAction\",\"target\":{\"@type\":\"EntryPoint\",\"urlTemplate\":\"https:\/\/portaltela.pt\/?s={search_term_string}\"},\"query-input\":{\"@type\":\"PropertyValueSpecification\",\"valueRequired\":true,\"valueName\":\"search_term_string\"}}],\"inLanguage\":\"pt-PT\"},{\"@type\":\"Person\",\"@id\":\"https:\/\/portaltela.pt\/#\/schema\/person\/c4278d4a6028830caff9ee44b42d32ed\",\"name\":\"Telinha\",\"image\":{\"@type\":\"ImageObject\",\"inLanguage\":\"pt-PT\",\"@id\":\"https:\/\/portaltela.pt\/s.01k8rhncp4jt1\/2025\/11\/talking-bot-125x125.png\",\"url\":\"https:\/\/portaltela.pt\/s.01k8rhncp4jt1\/2025\/11\/talking-bot-125x125.png\",\"contentUrl\":\"https:\/\/portaltela.pt\/s.01k8rhncp4jt1\/2025\/11\/talking-bot-125x125.png\",\"caption\":\"Telinha\"},\"sameAs\":[\"https:\/\/portaltela.pt\/\"],\"url\":\"https:\/\/portaltela.pt\/por\/367410592786\/\"}]}<\/script>\n<!-- \/ Yoast SEO plugin. -->","yoast_head_json":{"title":"Popula\u00e7\u00e3o de Paredes sofre h\u00e1 anos com polui\u00e7\u00e3o do concelho vizinho - Portal Tela Portugal","robots":{"index":"index","follow":"follow","max-snippet":"max-snippet:-1","max-image-preview":"max-image-preview:large","max-video-preview":"max-video-preview:-1"},"og_locale":"pt_PT","og_type":"article","og_title":"Popula\u00e7\u00e3o de Paredes sofre h\u00e1 anos com polui\u00e7\u00e3o do concelho vizinho - Portal Tela Portugal","og_description":"Freguesias de Paredes reivindicam a amplia\u00e7\u00e3o da Esta\u00e7\u00e3o de Tratamento de \u00c1guas Residuais (ETAR) de Arreigada, em Pa\u00e7os de Ferreira, para resolver a polui\u00e7\u00e3o cr\u00f3nica do rio Ferreira. A polui\u00e7\u00e3o do rio aumentou ap\u00f3s tempestades, com per\u00edodos em que o caudal diluiu parte dos contaminantes, e relatos de cheiros fortes em dias quentes h\u00e1 cerca de dois anos. A popula\u00e7\u00e3o recorda que o rio era um espa\u00e7o de inf\u00e2ncia e encontro, com hist\u00f3ria de praias fluviais e pesca nocturna, antes de v\u00e1rias interven\u00e7\u00f5es t\u00e9cnicas falhadas. Autarcas e moradores criticam a aus\u00eancia de prioridade pol\u00edtica ao longo de d\u00e9cadas, associada a uma tentativa de requalifica\u00e7\u00e3o da ETAR em 2019 que custou cinco milh\u00f5es de euros e n\u00e3o resultou. As \u00c1guas de Pa\u00e7os de Ferreira indicam que o in\u00edcio das obras est\u00e1 previsto para este ano, com conclus\u00e3o e entrada em funcionamento estimatedas em cerca de tr\u00eas anos, ap\u00f3s os procedimentos de contrata\u00e7\u00e3o p\u00fablica.","og_url":"https:\/\/portaltela.pt\/noticias\/2026\/03\/14\/populacao-de-paredes-sofre-ha-anos-com-poluicao-do-concelho-vizinho\/","og_site_name":"Portal Tela Portugal","article_published_time":"2026-03-14T17:38:00+00:00","author":"Telinha","twitter_card":"summary_large_image","twitter_misc":{"Escrito por":"Telinha","Tempo estimado de leitura":"2 minutos"},"schema":{"@context":"https:\/\/schema.org","@graph":[{"@type":"Article","@id":"https:\/\/portaltela.pt\/noticias\/2026\/03\/14\/populacao-de-paredes-sofre-ha-anos-com-poluicao-do-concelho-vizinho\/#article","isPartOf":{"@id":"https:\/\/portaltela.pt\/noticias\/2026\/03\/14\/populacao-de-paredes-sofre-ha-anos-com-poluicao-do-concelho-vizinho\/"},"author":{"name":"Telinha","@id":"https:\/\/portaltela.pt\/#\/schema\/person\/c4278d4a6028830caff9ee44b42d32ed"},"headline":"Popula\u00e7\u00e3o de Paredes sofre h\u00e1 anos com polui\u00e7\u00e3o do concelho vizinho","datePublished":"2026-03-14T17:38:00+00:00","mainEntityOfPage":{"@id":"https:\/\/portaltela.pt\/noticias\/2026\/03\/14\/populacao-de-paredes-sofre-ha-anos-com-poluicao-do-concelho-vizinho\/"},"wordCount":326,"image":{"@id":"https:\/\/portaltela.pt\/noticias\/2026\/03\/14\/populacao-de-paredes-sofre-ha-anos-com-poluicao-do-concelho-vizinho\/#primaryimage"},"thumbnailUrl":"https:\/\/portaltela.pt\/s.01k8rhncp4jt1\/2026\/03\/2074095.jpg","keywords":["\u00e1gua","ambiente","Junta de Freguesia","Pa\u00e7os de Ferreira","pol\u00edtica","polui\u00e7\u00e3o ambiental"],"articleSection":["Meio Ambiente","Not\u00edcias"],"inLanguage":"pt-PT"},{"@type":"WebPage","@id":"https:\/\/portaltela.pt\/noticias\/2026\/03\/14\/populacao-de-paredes-sofre-ha-anos-com-poluicao-do-concelho-vizinho\/","url":"https:\/\/portaltela.pt\/noticias\/2026\/03\/14\/populacao-de-paredes-sofre-ha-anos-com-poluicao-do-concelho-vizinho\/","name":"Popula\u00e7\u00e3o de Paredes sofre h\u00e1 anos com polui\u00e7\u00e3o do concelho vizinho - Portal Tela Portugal","isPartOf":{"@id":"https:\/\/portaltela.pt\/#website"},"primaryImageOfPage":{"@id":"https:\/\/portaltela.pt\/noticias\/2026\/03\/14\/populacao-de-paredes-sofre-ha-anos-com-poluicao-do-concelho-vizinho\/#primaryimage"},"image":{"@id":"https:\/\/portaltela.pt\/noticias\/2026\/03\/14\/populacao-de-paredes-sofre-ha-anos-com-poluicao-do-concelho-vizinho\/#primaryimage"},"thumbnailUrl":"https:\/\/portaltela.pt\/s.01k8rhncp4jt1\/2026\/03\/2074095.jpg","datePublished":"2026-03-14T17:38:00+00:00","author":{"@id":"https:\/\/portaltela.pt\/#\/schema\/person\/c4278d4a6028830caff9ee44b42d32ed"},"breadcrumb":{"@id":"https:\/\/portaltela.pt\/noticias\/2026\/03\/14\/populacao-de-paredes-sofre-ha-anos-com-poluicao-do-concelho-vizinho\/#breadcrumb"},"inLanguage":"pt-PT","potentialAction":[{"@type":"ReadAction","target":["https:\/\/portaltela.pt\/noticias\/2026\/03\/14\/populacao-de-paredes-sofre-ha-anos-com-poluicao-do-concelho-vizinho\/"]}]},{"@type":"ImageObject","inLanguage":"pt-PT","@id":"https:\/\/portaltela.pt\/noticias\/2026\/03\/14\/populacao-de-paredes-sofre-ha-anos-com-poluicao-do-concelho-vizinho\/#primaryimage","url":"https:\/\/portaltela.pt\/s.01k8rhncp4jt1\/2026\/03\/2074095.jpg","contentUrl":"https:\/\/portaltela.pt\/s.01k8rhncp4jt1\/2026\/03\/2074095.jpg","width":796,"height":448,"caption":"O rio Ferreira atravessa quatro concelhos e padece, h\u00e1 20 anos, de problemas de polui\u00e7\u00e3o devido ao mau funcionamento de uma ETAR"},{"@type":"BreadcrumbList","@id":"https:\/\/portaltela.pt\/noticias\/2026\/03\/14\/populacao-de-paredes-sofre-ha-anos-com-poluicao-do-concelho-vizinho\/#breadcrumb","itemListElement":[{"@type":"ListItem","position":1,"name":"In\u00edcio","item":"https:\/\/portaltela.pt\/"},{"@type":"ListItem","position":2,"name":"Popula\u00e7\u00e3o de Paredes sofre h\u00e1 anos com polui\u00e7\u00e3o do concelho vizinho"}]},{"@type":"WebSite","@id":"https:\/\/portaltela.pt\/#website","url":"https:\/\/portaltela.pt\/","name":"Portal Tela Portugal","description":"","potentialAction":[{"@type":"SearchAction","target":{"@type":"EntryPoint","urlTemplate":"https:\/\/portaltela.pt\/?s={search_term_string}"},"query-input":{"@type":"PropertyValueSpecification","valueRequired":true,"valueName":"search_term_string"}}],"inLanguage":"pt-PT"},{"@type":"Person","@id":"https:\/\/portaltela.pt\/#\/schema\/person\/c4278d4a6028830caff9ee44b42d32ed","name":"Telinha","image":{"@type":"ImageObject","inLanguage":"pt-PT","@id":"https:\/\/portaltela.pt\/s.01k8rhncp4jt1\/2025\/11\/talking-bot-125x125.png","url":"https:\/\/portaltela.pt\/s.01k8rhncp4jt1\/2025\/11\/talking-bot-125x125.png","contentUrl":"https:\/\/portaltela.pt\/s.01k8rhncp4jt1\/2025\/11\/talking-bot-125x125.png","caption":"Telinha"},"sameAs":["https:\/\/portaltela.pt\/"],"url":"https:\/\/portaltela.pt\/por\/367410592786\/"}]}},"_links":{"self":[{"href":"https:\/\/portaltela.pt\/api\/wp\/v2\/posts\/410200","targetHints":{"allow":["GET"]}}],"collection":[{"href":"https:\/\/portaltela.pt\/api\/wp\/v2\/posts"}],"about":[{"href":"https:\/\/portaltela.pt\/api\/wp\/v2\/types\/post"}],"author":[{"embeddable":true,"href":"https:\/\/portaltela.pt\/api\/wp\/v2\/users\/2"}],"replies":[{"embeddable":true,"href":"https:\/\/portaltela.pt\/api\/wp\/v2\/comments?post=410200"}],"version-history":[{"count":0,"href":"https:\/\/portaltela.pt\/api\/wp\/v2\/posts\/410200\/revisions"}],"wp:featuredmedia":[{"embeddable":true,"href":"https:\/\/portaltela.pt\/api\/wp\/v2\/media\/410207"}],"wp:attachment":[{"href":"https:\/\/portaltela.pt\/api\/wp\/v2\/media?parent=410200"}],"wp:term":[{"taxonomy":"category","embeddable":true,"href":"https:\/\/portaltela.pt\/api\/wp\/v2\/categories?post=410200"},{"taxonomy":"post_tag","embeddable":true,"href":"https:\/\/portaltela.pt\/api\/wp\/v2\/tags?post=410200"}],"curies":[{"name":"wp","href":"https:\/\/api.w.org\/{rel}","templated":true}]}}