{"id":410190,"date":"2026-03-14T14:32:16","date_gmt":"2026-03-14T17:32:16","guid":{"rendered":"https:\/\/portaltela.pt\/noticias\/2026\/03\/14\/ia-redefine-trabalho-anthropic-aponta-empregos-mais-expostos\/"},"modified":"2026-03-14T14:32:16","modified_gmt":"2026-03-14T17:32:16","slug":"ia-redefine-trabalho-anthropic-aponta-empregos-mais-expostos","status":"publish","type":"post","link":"https:\/\/portaltela.pt\/noticias\/2026\/03\/14\/ia-redefine-trabalho-anthropic-aponta-empregos-mais-expostos\/","title":{"rendered":"IA redefine trabalho: Anthropic aponta empregos mais expostos"},"content":{"rendered":"<p>A Anthropic, gigante da intelig\u00eancia artificial, divulgou um relat\u00f3rio que compara a capacidade te\u00f3rica da IA com a exposi\u00e7\u00e3o observada no mercado de trabalho. O estudo usa dados de utiliza\u00e7\u00e3o real do Claude para medir o impacto j\u00e1 vis\u00edvel. O objetivo \u00e9 entender onde a IA j\u00e1 atua e onde ainda est\u00e1 longe de alcan\u00e7ar o potencial.<\/p>\n<p>A an\u00e1lise apresenta uma nova m\u00e9trica, a exposi\u00e7\u00e3o observada, que distingue o que a IA poderia fazer em teoria do que j\u00e1 faz na pr\u00e1tica. Enquanto a capacidade te\u00f3rica indica o potencial, a exposi\u00e7\u00e3o observada mostra a aplica\u00e7\u00e3o efetiva nas tarefas di\u00e1rias.<\/p>\n<p>A pesquisa cobre 22 grupos profissionais e aponta que a cobertura te\u00f3rica da IA ultrapassa 80% em v\u00e1rios setores, com inform\u00e1tica, matem\u00e1tica, neg\u00f3cios e finan\u00e7as no topo, ambas as \u00e1reas com 94,3% de potencial te\u00f3rico.<\/p>\n<h3>Capacidade te\u00f3rica vs exposi\u00e7\u00e3o observada<\/h3>\n<p>Entre os grupos com maior capta\u00e7\u00e3o te\u00f3rica, surgem gest\u00e3o (91,3%), apoio de escrit\u00f3rio (90%), jur\u00eddico (89%) e artes e media (83,7%). Em cinco grupos, o potencial supera 50%, incluindo ci\u00eancias da vida e sociais (77%), vendas (62%) e educa\u00e7\u00e3o e bibliotecas (61,7%).<\/p>\n<p>A \u00e1rea demonstrada em vermelho no relat\u00f3rio mostra onde a ado\u00e7\u00e3o do Claude j\u00e1 est\u00e1 mais presente em contextos profissionais, destacando tamb\u00e9m tarefas fora do alcance da IA, como algumas fun\u00e7\u00f5es jur\u00eddicas ou agr\u00edcolas f\u00edsicas.<\/p>\n<h3>Setores com maior e menor potencial<\/h3>\n<p>A an\u00e1lise indica menor potencial em manuten\u00e7\u00e3o de espa\u00e7os exteriores (3,9%) e em setores como transportes (12,1%), agricultura (15,7%), restaura\u00e7\u00e3o (16,9%), constru\u00e7\u00e3o (16,9%), cuidados pessoais (18,2%) e instala\u00e7\u00e3o\/repara\u00e7\u00e3o (18,4%). Estes grupos apresentam cobertura te\u00f3rica abaixo de 20%.<\/p>\n<p>Ainda assim, h\u00e1 setores com cobertura observada relevante, incluindo inform\u00e1tica e matem\u00e1tica (35,8%), e apoio administrativo (34,3%). Neg\u00f3cios e finan\u00e7as (28,4%) e vendas (26,9%) tamb\u00e9m mostram exposi\u00e7\u00e3o expressiva.<\/p>\n<h3>Exposi\u00e7\u00e3o observada por fun\u00e7\u00e3o<\/h3>\n<p>A rela\u00e7\u00e3o entre capacidade te\u00f3rica e exposi\u00e7\u00e3o observada revela onde o potencial j\u00e1 est\u00e1 a ser aproveitado. Vendas lideram com 43% de exposi\u00e7\u00e3o (27% face \u00e0 capacidade de 62%), seguidas de secretariado (38%) e de inform\u00e1tica e matem\u00e1tica (38%).<\/p>\n<p>A exposi\u00e7\u00e3o observada em rela\u00e7\u00e3o \u00e0 capacidade te\u00f3rica situa-se em 30% para neg\u00f3cios e finan\u00e7as e para educa\u00e7\u00e3o e bibliotecas. Apesar de arquitetura e engenharia terem alta capacidade te\u00f3rica (85%), a exposi\u00e7\u00e3o fica em 5%.<\/p>\n<h3>Profiss\u00f5es mais expostas<\/h3>\n<p>Entre cargos espec\u00edficos, programadores inform\u00e1ticos apresentam a maior exposi\u00e7\u00e3o observada, 74,5%. Seguem-se assistentes de apoio ao cliente (70,1%), operadores de introdu\u00e7\u00e3o de dados (67,1%) e especialistas em registos m\u00e9dicos (66,7%).<\/p>\n<p>Outros lugares de destaque v\u00e3o para analistas de estudos de mercado (64,8%) e representantes comerciais no sector de grosso e ind\u00fastria transformadora (62,8%). A investiga\u00e7\u00e3o aponta que trabalhadores mais velhos, com maior escolaridade e sal\u00e1rio, tendem a ter maior exposi\u00e7\u00e3o, com maior probabilidade de serem mulheres.<\/p>\n<h3>Observa\u00e7\u00f5es finais do estudo<\/h3>\n<p>O relat\u00f3rio n\u00e3o identificou um aumento sistem\u00e1tico do desemprego entre profiss\u00f5es fortemente expostas desde o final de 2022. No entanto, indica sinais de travagem na contrata\u00e7\u00e3o de jovens nesses setores, a necessitar de monitoriza\u00e7\u00e3o.<\/p>\n","protected":false},"excerpt":{"rendered":"<ul>\n<li>A Anthropic publicou um relat\u00f3rio com a m\u00e9trica &#8220;exposi\u00e7\u00e3o observada&#8221;, distinguindo o que a IA poderia fazer teoricamente do que j\u00e1 est\u00e1 a ser efetivamente utilizado no mercado de trabalho.<\/li>\n<li>A cobertura te\u00f3rica da IA \u00e9 elevada em inform\u00e1tica e matem\u00e1tica (94,3%), bem como em neg\u00f3cios e finan\u00e7as (94,3%), com outros grupos acima de oitenta por cento, incluindo gest\u00e3o, apoio de escrit\u00f3rio, jur\u00eddico, arquitetura e engenharia e artes e m\u00e9dia.<\/li>\n<li>Setores com menor potencial de IA incluem transportses (12,1%), agricultura (15,7%), restaura\u00e7\u00e3o (16,9%), constru\u00e7\u00e3o (16,9%), cuidados pessoais (18,2%) e produ\u00e7\u00e3o industrial (19 %).<\/li>\n<li>A exposi\u00e7\u00e3o observada \u00e9 mais alta em inform\u00e1tica e matem\u00e1tica (35,8%), seguida de secretariado\/apoio administrativo (34,3%), neg\u00f3cios e finan\u00e7as (28,4%) e vendas (26,9%).<\/li>\n<li>Entre profiss\u00f5es, programadores inform\u00e1ticos t\u00eam a maior exposi\u00e7\u00e3o observada (74,5%), seguidos de assistentes de apoio ao cliente (70,1%), operadores de introdu\u00e7\u00e3o de dados (67,1%) e especialistas em registos m\u00e9dicos (66,7%); at\u00e9 ao momento n\u00e3o houve aumento sistem\u00e1tico do desemprego em \u00e1reas fortemente expostas desde final de 2022.<\/li>\n<\/ul>\n","protected":false},"author":2,"featured_media":410193,"comment_status":"closed","ping_status":"closed","sticky":false,"template":"","format":"standard","meta":{"footnotes":""},"categories":[1],"tags":[163,2584,223,51,3167,31],"class_list":["post-410190","post","type-post","status-publish","format-standard","has-post-thumbnail","hentry","category-noticias","tag-educacao","tag-financas","tag-informatica","tag-inteligencia-artificial","tag-matematica","tag-negocios"],"yoast_head":"<!-- This site is optimized with the Yoast SEO plugin v27.2 - https:\/\/yoast.com\/product\/yoast-seo-wordpress\/ -->\n<title>IA redefine trabalho: Anthropic aponta empregos mais expostos - Portal Tela Portugal<\/title>\n<meta name=\"robots\" content=\"index, follow, max-snippet:-1, max-image-preview:large, max-video-preview:-1\" \/>\n<meta property=\"og:locale\" content=\"pt_PT\" \/>\n<meta property=\"og:type\" content=\"article\" \/>\n<meta property=\"og:title\" content=\"IA redefine trabalho: Anthropic aponta empregos mais expostos - Portal Tela Portugal\" \/>\n<meta property=\"og:description\" content=\"A Anthropic publicou um relat\u00f3rio com a m\u00e9trica &quot;exposi\u00e7\u00e3o observada&quot;, distinguindo o que a IA poderia fazer teoricamente do que j\u00e1 est\u00e1 a ser efetivamente utilizado no mercado de trabalho. A cobertura te\u00f3rica da IA \u00e9 elevada em inform\u00e1tica e matem\u00e1tica (94,3%), bem como em neg\u00f3cios e finan\u00e7as (94,3%), com outros grupos acima de oitenta por cento, incluindo gest\u00e3o, apoio de escrit\u00f3rio, jur\u00eddico, arquitetura e engenharia e artes e m\u00e9dia. Setores com menor potencial de IA incluem transportses (12,1%), agricultura (15,7%), restaura\u00e7\u00e3o (16,9%), constru\u00e7\u00e3o (16,9%), cuidados pessoais (18,2%) e produ\u00e7\u00e3o industrial (19 %). A exposi\u00e7\u00e3o observada \u00e9 mais alta em inform\u00e1tica e matem\u00e1tica (35,8%), seguida de secretariado\/apoio administrativo (34,3%), neg\u00f3cios e finan\u00e7as (28,4%) e vendas (26,9%). Entre profiss\u00f5es, programadores inform\u00e1ticos t\u00eam a maior exposi\u00e7\u00e3o observada (74,5%), seguidos de assistentes de apoio ao cliente (70,1%), operadores de introdu\u00e7\u00e3o de dados (67,1%) e especialistas em registos m\u00e9dicos (66,7%); at\u00e9 ao momento n\u00e3o houve aumento sistem\u00e1tico do desemprego em \u00e1reas fortemente expostas desde final de 2022.\" \/>\n<meta property=\"og:url\" content=\"https:\/\/portaltela.pt\/noticias\/2026\/03\/14\/ia-redefine-trabalho-anthropic-aponta-empregos-mais-expostos\/\" \/>\n<meta property=\"og:site_name\" content=\"Portal Tela Portugal\" \/>\n<meta property=\"article:published_time\" content=\"2026-03-14T17:32:16+00:00\" \/>\n<meta name=\"author\" content=\"Telinha\" \/>\n<meta name=\"twitter:card\" content=\"summary_large_image\" \/>\n<meta name=\"twitter:label1\" content=\"Escrito por\" \/>\n\t<meta name=\"twitter:data1\" content=\"Telinha\" \/>\n\t<meta name=\"twitter:label2\" content=\"Tempo estimado de leitura\" \/>\n\t<meta name=\"twitter:data2\" content=\"3 minutos\" \/>\n<script type=\"application\/ld+json\" class=\"yoast-schema-graph\">{\"@context\":\"https:\/\/schema.org\",\"@graph\":[{\"@type\":\"Article\",\"@id\":\"https:\/\/portaltela.pt\/noticias\/2026\/03\/14\/ia-redefine-trabalho-anthropic-aponta-empregos-mais-expostos\/#article\",\"isPartOf\":{\"@id\":\"https:\/\/portaltela.pt\/noticias\/2026\/03\/14\/ia-redefine-trabalho-anthropic-aponta-empregos-mais-expostos\/\"},\"author\":{\"name\":\"Telinha\",\"@id\":\"https:\/\/portaltela.pt\/#\/schema\/person\/c4278d4a6028830caff9ee44b42d32ed\"},\"headline\":\"IA redefine trabalho: Anthropic aponta empregos mais expostos\",\"datePublished\":\"2026-03-14T17:32:16+00:00\",\"mainEntityOfPage\":{\"@id\":\"https:\/\/portaltela.pt\/noticias\/2026\/03\/14\/ia-redefine-trabalho-anthropic-aponta-empregos-mais-expostos\/\"},\"wordCount\":536,\"image\":{\"@id\":\"https:\/\/portaltela.pt\/noticias\/2026\/03\/14\/ia-redefine-trabalho-anthropic-aponta-empregos-mais-expostos\/#primaryimage\"},\"thumbnailUrl\":\"https:\/\/portaltela.pt\/s.01k8rhncp4jt1\/2026\/03\/1536x864_cmsv2_851935d5-dacb-5c75-8a3b-a74be6c05903-9679227.jpg\",\"keywords\":[\"educa\u00e7\u00e3o\",\"finan\u00e7as\",\"inform\u00e1tica\",\"intelig\u00eancia artificial\",\"matem\u00e1tica\",\"neg\u00f3cios\"],\"articleSection\":[\"Not\u00edcias\"],\"inLanguage\":\"pt-PT\"},{\"@type\":\"WebPage\",\"@id\":\"https:\/\/portaltela.pt\/noticias\/2026\/03\/14\/ia-redefine-trabalho-anthropic-aponta-empregos-mais-expostos\/\",\"url\":\"https:\/\/portaltela.pt\/noticias\/2026\/03\/14\/ia-redefine-trabalho-anthropic-aponta-empregos-mais-expostos\/\",\"name\":\"IA redefine trabalho: Anthropic aponta empregos mais expostos - Portal Tela Portugal\",\"isPartOf\":{\"@id\":\"https:\/\/portaltela.pt\/#website\"},\"primaryImageOfPage\":{\"@id\":\"https:\/\/portaltela.pt\/noticias\/2026\/03\/14\/ia-redefine-trabalho-anthropic-aponta-empregos-mais-expostos\/#primaryimage\"},\"image\":{\"@id\":\"https:\/\/portaltela.pt\/noticias\/2026\/03\/14\/ia-redefine-trabalho-anthropic-aponta-empregos-mais-expostos\/#primaryimage\"},\"thumbnailUrl\":\"https:\/\/portaltela.pt\/s.01k8rhncp4jt1\/2026\/03\/1536x864_cmsv2_851935d5-dacb-5c75-8a3b-a74be6c05903-9679227.jpg\",\"datePublished\":\"2026-03-14T17:32:16+00:00\",\"author\":{\"@id\":\"https:\/\/portaltela.pt\/#\/schema\/person\/c4278d4a6028830caff9ee44b42d32ed\"},\"breadcrumb\":{\"@id\":\"https:\/\/portaltela.pt\/noticias\/2026\/03\/14\/ia-redefine-trabalho-anthropic-aponta-empregos-mais-expostos\/#breadcrumb\"},\"inLanguage\":\"pt-PT\",\"potentialAction\":[{\"@type\":\"ReadAction\",\"target\":[\"https:\/\/portaltela.pt\/noticias\/2026\/03\/14\/ia-redefine-trabalho-anthropic-aponta-empregos-mais-expostos\/\"]}]},{\"@type\":\"ImageObject\",\"inLanguage\":\"pt-PT\",\"@id\":\"https:\/\/portaltela.pt\/noticias\/2026\/03\/14\/ia-redefine-trabalho-anthropic-aponta-empregos-mais-expostos\/#primaryimage\",\"url\":\"https:\/\/portaltela.pt\/s.01k8rhncp4jt1\/2026\/03\/1536x864_cmsv2_851935d5-dacb-5c75-8a3b-a74be6c05903-9679227.jpg\",\"contentUrl\":\"https:\/\/portaltela.pt\/s.01k8rhncp4jt1\/2026\/03\/1536x864_cmsv2_851935d5-dacb-5c75-8a3b-a74be6c05903-9679227.jpg\",\"width\":796,\"height\":448,\"caption\":\"Mercado de trabalho da IA: especialista em experi\u00eancia do cliente Rico Thomas atende chamadas num centro Alorica, segunda, 19 ago. 2024, em San Antonio\"},{\"@type\":\"BreadcrumbList\",\"@id\":\"https:\/\/portaltela.pt\/noticias\/2026\/03\/14\/ia-redefine-trabalho-anthropic-aponta-empregos-mais-expostos\/#breadcrumb\",\"itemListElement\":[{\"@type\":\"ListItem\",\"position\":1,\"name\":\"In\u00edcio\",\"item\":\"https:\/\/portaltela.pt\/\"},{\"@type\":\"ListItem\",\"position\":2,\"name\":\"IA redefine trabalho: Anthropic aponta empregos mais expostos\"}]},{\"@type\":\"WebSite\",\"@id\":\"https:\/\/portaltela.pt\/#website\",\"url\":\"https:\/\/portaltela.pt\/\",\"name\":\"Portal Tela Portugal\",\"description\":\"\",\"potentialAction\":[{\"@type\":\"SearchAction\",\"target\":{\"@type\":\"EntryPoint\",\"urlTemplate\":\"https:\/\/portaltela.pt\/?s={search_term_string}\"},\"query-input\":{\"@type\":\"PropertyValueSpecification\",\"valueRequired\":true,\"valueName\":\"search_term_string\"}}],\"inLanguage\":\"pt-PT\"},{\"@type\":\"Person\",\"@id\":\"https:\/\/portaltela.pt\/#\/schema\/person\/c4278d4a6028830caff9ee44b42d32ed\",\"name\":\"Telinha\",\"image\":{\"@type\":\"ImageObject\",\"inLanguage\":\"pt-PT\",\"@id\":\"https:\/\/portaltela.pt\/s.01k8rhncp4jt1\/2025\/11\/talking-bot-125x125.png\",\"url\":\"https:\/\/portaltela.pt\/s.01k8rhncp4jt1\/2025\/11\/talking-bot-125x125.png\",\"contentUrl\":\"https:\/\/portaltela.pt\/s.01k8rhncp4jt1\/2025\/11\/talking-bot-125x125.png\",\"caption\":\"Telinha\"},\"sameAs\":[\"https:\/\/portaltela.pt\/\"],\"url\":\"https:\/\/portaltela.pt\/por\/367410592786\/\"}]}<\/script>\n<!-- \/ Yoast SEO plugin. -->","yoast_head_json":{"title":"IA redefine trabalho: Anthropic aponta empregos mais expostos - Portal Tela Portugal","robots":{"index":"index","follow":"follow","max-snippet":"max-snippet:-1","max-image-preview":"max-image-preview:large","max-video-preview":"max-video-preview:-1"},"og_locale":"pt_PT","og_type":"article","og_title":"IA redefine trabalho: Anthropic aponta empregos mais expostos - Portal Tela Portugal","og_description":"A Anthropic publicou um relat\u00f3rio com a m\u00e9trica \"exposi\u00e7\u00e3o observada\", distinguindo o que a IA poderia fazer teoricamente do que j\u00e1 est\u00e1 a ser efetivamente utilizado no mercado de trabalho. A cobertura te\u00f3rica da IA \u00e9 elevada em inform\u00e1tica e matem\u00e1tica (94,3%), bem como em neg\u00f3cios e finan\u00e7as (94,3%), com outros grupos acima de oitenta por cento, incluindo gest\u00e3o, apoio de escrit\u00f3rio, jur\u00eddico, arquitetura e engenharia e artes e m\u00e9dia. Setores com menor potencial de IA incluem transportses (12,1%), agricultura (15,7%), restaura\u00e7\u00e3o (16,9%), constru\u00e7\u00e3o (16,9%), cuidados pessoais (18,2%) e produ\u00e7\u00e3o industrial (19 %). A exposi\u00e7\u00e3o observada \u00e9 mais alta em inform\u00e1tica e matem\u00e1tica (35,8%), seguida de secretariado\/apoio administrativo (34,3%), neg\u00f3cios e finan\u00e7as (28,4%) e vendas (26,9%). Entre profiss\u00f5es, programadores inform\u00e1ticos t\u00eam a maior exposi\u00e7\u00e3o observada (74,5%), seguidos de assistentes de apoio ao cliente (70,1%), operadores de introdu\u00e7\u00e3o de dados (67,1%) e especialistas em registos m\u00e9dicos (66,7%); at\u00e9 ao momento n\u00e3o houve aumento sistem\u00e1tico do desemprego em \u00e1reas fortemente expostas desde final de 2022.","og_url":"https:\/\/portaltela.pt\/noticias\/2026\/03\/14\/ia-redefine-trabalho-anthropic-aponta-empregos-mais-expostos\/","og_site_name":"Portal Tela Portugal","article_published_time":"2026-03-14T17:32:16+00:00","author":"Telinha","twitter_card":"summary_large_image","twitter_misc":{"Escrito por":"Telinha","Tempo estimado de leitura":"3 minutos"},"schema":{"@context":"https:\/\/schema.org","@graph":[{"@type":"Article","@id":"https:\/\/portaltela.pt\/noticias\/2026\/03\/14\/ia-redefine-trabalho-anthropic-aponta-empregos-mais-expostos\/#article","isPartOf":{"@id":"https:\/\/portaltela.pt\/noticias\/2026\/03\/14\/ia-redefine-trabalho-anthropic-aponta-empregos-mais-expostos\/"},"author":{"name":"Telinha","@id":"https:\/\/portaltela.pt\/#\/schema\/person\/c4278d4a6028830caff9ee44b42d32ed"},"headline":"IA redefine trabalho: Anthropic aponta empregos mais expostos","datePublished":"2026-03-14T17:32:16+00:00","mainEntityOfPage":{"@id":"https:\/\/portaltela.pt\/noticias\/2026\/03\/14\/ia-redefine-trabalho-anthropic-aponta-empregos-mais-expostos\/"},"wordCount":536,"image":{"@id":"https:\/\/portaltela.pt\/noticias\/2026\/03\/14\/ia-redefine-trabalho-anthropic-aponta-empregos-mais-expostos\/#primaryimage"},"thumbnailUrl":"https:\/\/portaltela.pt\/s.01k8rhncp4jt1\/2026\/03\/1536x864_cmsv2_851935d5-dacb-5c75-8a3b-a74be6c05903-9679227.jpg","keywords":["educa\u00e7\u00e3o","finan\u00e7as","inform\u00e1tica","intelig\u00eancia artificial","matem\u00e1tica","neg\u00f3cios"],"articleSection":["Not\u00edcias"],"inLanguage":"pt-PT"},{"@type":"WebPage","@id":"https:\/\/portaltela.pt\/noticias\/2026\/03\/14\/ia-redefine-trabalho-anthropic-aponta-empregos-mais-expostos\/","url":"https:\/\/portaltela.pt\/noticias\/2026\/03\/14\/ia-redefine-trabalho-anthropic-aponta-empregos-mais-expostos\/","name":"IA redefine trabalho: Anthropic aponta empregos mais expostos - Portal Tela Portugal","isPartOf":{"@id":"https:\/\/portaltela.pt\/#website"},"primaryImageOfPage":{"@id":"https:\/\/portaltela.pt\/noticias\/2026\/03\/14\/ia-redefine-trabalho-anthropic-aponta-empregos-mais-expostos\/#primaryimage"},"image":{"@id":"https:\/\/portaltela.pt\/noticias\/2026\/03\/14\/ia-redefine-trabalho-anthropic-aponta-empregos-mais-expostos\/#primaryimage"},"thumbnailUrl":"https:\/\/portaltela.pt\/s.01k8rhncp4jt1\/2026\/03\/1536x864_cmsv2_851935d5-dacb-5c75-8a3b-a74be6c05903-9679227.jpg","datePublished":"2026-03-14T17:32:16+00:00","author":{"@id":"https:\/\/portaltela.pt\/#\/schema\/person\/c4278d4a6028830caff9ee44b42d32ed"},"breadcrumb":{"@id":"https:\/\/portaltela.pt\/noticias\/2026\/03\/14\/ia-redefine-trabalho-anthropic-aponta-empregos-mais-expostos\/#breadcrumb"},"inLanguage":"pt-PT","potentialAction":[{"@type":"ReadAction","target":["https:\/\/portaltela.pt\/noticias\/2026\/03\/14\/ia-redefine-trabalho-anthropic-aponta-empregos-mais-expostos\/"]}]},{"@type":"ImageObject","inLanguage":"pt-PT","@id":"https:\/\/portaltela.pt\/noticias\/2026\/03\/14\/ia-redefine-trabalho-anthropic-aponta-empregos-mais-expostos\/#primaryimage","url":"https:\/\/portaltela.pt\/s.01k8rhncp4jt1\/2026\/03\/1536x864_cmsv2_851935d5-dacb-5c75-8a3b-a74be6c05903-9679227.jpg","contentUrl":"https:\/\/portaltela.pt\/s.01k8rhncp4jt1\/2026\/03\/1536x864_cmsv2_851935d5-dacb-5c75-8a3b-a74be6c05903-9679227.jpg","width":796,"height":448,"caption":"Mercado de trabalho da IA: especialista em experi\u00eancia do cliente Rico Thomas atende chamadas num centro Alorica, segunda, 19 ago. 2024, em San Antonio"},{"@type":"BreadcrumbList","@id":"https:\/\/portaltela.pt\/noticias\/2026\/03\/14\/ia-redefine-trabalho-anthropic-aponta-empregos-mais-expostos\/#breadcrumb","itemListElement":[{"@type":"ListItem","position":1,"name":"In\u00edcio","item":"https:\/\/portaltela.pt\/"},{"@type":"ListItem","position":2,"name":"IA redefine trabalho: Anthropic aponta empregos mais expostos"}]},{"@type":"WebSite","@id":"https:\/\/portaltela.pt\/#website","url":"https:\/\/portaltela.pt\/","name":"Portal Tela Portugal","description":"","potentialAction":[{"@type":"SearchAction","target":{"@type":"EntryPoint","urlTemplate":"https:\/\/portaltela.pt\/?s={search_term_string}"},"query-input":{"@type":"PropertyValueSpecification","valueRequired":true,"valueName":"search_term_string"}}],"inLanguage":"pt-PT"},{"@type":"Person","@id":"https:\/\/portaltela.pt\/#\/schema\/person\/c4278d4a6028830caff9ee44b42d32ed","name":"Telinha","image":{"@type":"ImageObject","inLanguage":"pt-PT","@id":"https:\/\/portaltela.pt\/s.01k8rhncp4jt1\/2025\/11\/talking-bot-125x125.png","url":"https:\/\/portaltela.pt\/s.01k8rhncp4jt1\/2025\/11\/talking-bot-125x125.png","contentUrl":"https:\/\/portaltela.pt\/s.01k8rhncp4jt1\/2025\/11\/talking-bot-125x125.png","caption":"Telinha"},"sameAs":["https:\/\/portaltela.pt\/"],"url":"https:\/\/portaltela.pt\/por\/367410592786\/"}]}},"_links":{"self":[{"href":"https:\/\/portaltela.pt\/api\/wp\/v2\/posts\/410190","targetHints":{"allow":["GET"]}}],"collection":[{"href":"https:\/\/portaltela.pt\/api\/wp\/v2\/posts"}],"about":[{"href":"https:\/\/portaltela.pt\/api\/wp\/v2\/types\/post"}],"author":[{"embeddable":true,"href":"https:\/\/portaltela.pt\/api\/wp\/v2\/users\/2"}],"replies":[{"embeddable":true,"href":"https:\/\/portaltela.pt\/api\/wp\/v2\/comments?post=410190"}],"version-history":[{"count":0,"href":"https:\/\/portaltela.pt\/api\/wp\/v2\/posts\/410190\/revisions"}],"wp:featuredmedia":[{"embeddable":true,"href":"https:\/\/portaltela.pt\/api\/wp\/v2\/media\/410193"}],"wp:attachment":[{"href":"https:\/\/portaltela.pt\/api\/wp\/v2\/media?parent=410190"}],"wp:term":[{"taxonomy":"category","embeddable":true,"href":"https:\/\/portaltela.pt\/api\/wp\/v2\/categories?post=410190"},{"taxonomy":"post_tag","embeddable":true,"href":"https:\/\/portaltela.pt\/api\/wp\/v2\/tags?post=410190"}],"curies":[{"name":"wp","href":"https:\/\/api.w.org\/{rel}","templated":true}]}}