{"id":410179,"date":"2026-03-14T14:16:18","date_gmt":"2026-03-14T17:16:18","guid":{"rendered":"https:\/\/portaltela.pt\/noticias\/2026\/03\/14\/plataforma-pede-inspecao-de-navio-suspeito-de-material-militar-para-israel\/"},"modified":"2026-03-14T14:16:18","modified_gmt":"2026-03-14T17:16:18","slug":"plataforma-pede-inspecao-de-navio-suspeito-de-material-militar-para-israel","status":"publish","type":"post","link":"https:\/\/portaltela.pt\/seguranca\/2026\/03\/14\/plataforma-pede-inspecao-de-navio-suspeito-de-material-militar-para-israel\/","title":{"rendered":"Plataforma pede inspe\u00e7\u00e3o de navio suspeito de material militar para Israel"},"content":{"rendered":"<p>A plataforma informal TAMLA, que re\u00fane associa\u00e7\u00f5es e movimentos da regi\u00e3o, pediu ao Governo a inspe\u00e7\u00e3o dos contentores de um navio suspeito de transportar material militar para Israel, com escala prevista no Porto de Sines. A iniciativa surge no contexto de alertas de dois navios envolvidos numa cadeia log\u00edstica associada aos fornecimentos ao Ex\u00e9rcito israelita.<\/p>\n<p>Segundo a TAMLA, o navio MSC Danit tem uma escala marcada para este s\u00e1bado, 14 de mar\u00e7o de 2026, \u00e0s 23:00, em Sines. A plataforma afirma que a paragem faz parte de uma rota ligada a uma ind\u00fastria indiana, com rela\u00e7\u00e3o a empresas que fornecem muni\u00e7\u00f5es. O segundo navio, o MSC Siena, j\u00e1 ter\u00e1 passado por Sines e segue para Val\u00eancia, sem inspe\u00e7\u00e3o.<\/p>\n<p>A plataforma defende que as autoridades portuguesas devem exercer o controlo com base no Tratado de Com\u00e9rcio de Armas e na Conven\u00e7\u00e3o para Preven\u00e7\u00e3o e Repress\u00e3o do Crime de Genoc\u00eddio, impedindo o tr\u00e2nsito de material que possa sustentar crimes de guerra. Tamb\u00e9m pede que n\u00e3o haja uso do porto como entreposto militar.<\/p>\n<p>A TAMLA aponta que, segundo an\u00e1lise de transporte, podem estar envolvidos a\u00e7o militar, c\u00e1psulas de muni\u00e7\u00e3o e outros componentes usados na produ\u00e7\u00e3o de muni\u00e7\u00f5es e proj\u00e9teis. A defesa de direitos humanos \u00e9 apresentada como prioridade, com foco em justi\u00e7a social e ambiental.<\/p>\n<p>Na esfera pol\u00edtica, o deputado \u00fanico do Bloco de Esquerda, Fabian Figueiredo, questionou o Governo sobre a escala em Sines. Pergunta se h\u00e1 conhecimento da opera\u00e7\u00e3o e que dilig\u00eancias foram tomadas para verificar o manifesto de carga, garantindo que n\u00e3o haja material militar destinado a Israel.<\/p>\n<p>Figueiredo tamb\u00e9m indaga se o Governo est\u00e1 dispon\u00edvel para negar entrada em porto ou servi\u00e7os log\u00edsticos a navios que integrem a cadeia de abastecimento militar do Estado de Israel, \u00e0 luz de decis\u00f5es do Tribunal Internacional de Justi\u00e7a sobre preven\u00e7\u00e3o de atos de genoc\u00eddio em Gaza. O deputado quer saber que medidas cabem aos portos portugueses para evitar entraves a embargos regionais.<\/p>\n","protected":false},"excerpt":{"rendered":"<ul>\n<li>A plataforma TAMLA pediu ao Governo a inspe\u00e7\u00e3o dos contentores do navio MSC Danit, suspeito de transportar material militar para Israel, com escala prevista no Porto de Sines.<\/li>\n<li>Exige ainda que o Governo impe\u00e7a a entrada no porto de qualquer navio que fa\u00e7a parte da cadeia militar de Israel e garanta que Sines n\u00e3o seja utilizado como entreposto militar.<\/li>\n<li>O navio MSC Danit dever\u00e1 chegar a Sines no s\u00e1bado, 14 de mar\u00e7o de 2026, por volta das 23:00, segundo as informa\u00e7\u00f5es divulgadas.<\/li>\n<li>A TAMLA associa a passagem a um trajeto log\u00edstico da ind\u00fastria indiana ligada \u00e0 Elbit Systems e \u00e0 IMI Systems, fornecedoras de muni\u00e7\u00f5es ao ex\u00e9rcito israelita; o outro navio suspeito, MSC Siena, j\u00e1 passou por Sines com destino a Val\u00eancia.<\/li>\n<li>O deputado do Bloco de Esquerda Fabian Figueiredo questionou o Governo sobre a escala, dilig\u00eancias ao manifesto de carga e medidas para evitar que portos portugueses sejam usados como entreposto de armas.<\/li>\n<\/ul>\n","protected":false},"author":2,"featured_media":410186,"comment_status":"closed","ping_status":"closed","sticky":false,"template":"","format":"standard","meta":{"footnotes":""},"categories":[1,6779],"tags":[3368,2633,5698,5013,2423,5565],"class_list":["post-410179","post","type-post","status-publish","format-standard","has-post-thumbnail","hentry","category-noticias","category-seguranca","tag-comercio-internacional","tag-direitos-humanos","tag-politica-internacional","tag-portos","tag-trafico-de-armas","tag-tratados-internacionais"],"yoast_head":"<!-- This site is optimized with the Yoast SEO plugin v27.2 - https:\/\/yoast.com\/product\/yoast-seo-wordpress\/ -->\n<title>Plataforma pede inspe\u00e7\u00e3o de navio suspeito de material militar para Israel - Portal Tela Portugal<\/title>\n<meta name=\"robots\" content=\"index, follow, max-snippet:-1, max-image-preview:large, max-video-preview:-1\" \/>\n<meta property=\"og:locale\" content=\"pt_PT\" \/>\n<meta property=\"og:type\" content=\"article\" \/>\n<meta property=\"og:title\" content=\"Plataforma pede inspe\u00e7\u00e3o de navio suspeito de material militar para Israel - Portal Tela Portugal\" \/>\n<meta property=\"og:description\" content=\"A plataforma TAMLA pediu ao Governo a inspe\u00e7\u00e3o dos contentores do navio MSC Danit, suspeito de transportar material militar para Israel, com escala prevista no Porto de Sines. Exige ainda que o Governo impe\u00e7a a entrada no porto de qualquer navio que fa\u00e7a parte da cadeia militar de Israel e garanta que Sines n\u00e3o seja utilizado como entreposto militar. O navio MSC Danit dever\u00e1 chegar a Sines no s\u00e1bado, 14 de mar\u00e7o de 2026, por volta das 23:00, segundo as informa\u00e7\u00f5es divulgadas. A TAMLA associa a passagem a um trajeto log\u00edstico da ind\u00fastria indiana ligada \u00e0 Elbit Systems e \u00e0 IMI Systems, fornecedoras de muni\u00e7\u00f5es ao ex\u00e9rcito israelita; o outro navio suspeito, MSC Siena, j\u00e1 passou por Sines com destino a Val\u00eancia. O deputado do Bloco de Esquerda Fabian Figueiredo questionou o Governo sobre a escala, dilig\u00eancias ao manifesto de carga e medidas para evitar que portos portugueses sejam usados como entreposto de armas.\" \/>\n<meta property=\"og:url\" content=\"https:\/\/portaltela.pt\/noticias\/2026\/03\/14\/plataforma-pede-inspecao-de-navio-suspeito-de-material-militar-para-israel\/\" \/>\n<meta property=\"og:site_name\" content=\"Portal Tela Portugal\" \/>\n<meta property=\"article:published_time\" content=\"2026-03-14T17:16:18+00:00\" \/>\n<meta name=\"author\" content=\"Telinha\" \/>\n<meta name=\"twitter:card\" content=\"summary_large_image\" \/>\n<meta name=\"twitter:label1\" content=\"Escrito por\" \/>\n\t<meta name=\"twitter:data1\" content=\"Telinha\" \/>\n\t<meta name=\"twitter:label2\" content=\"Tempo estimado de leitura\" \/>\n\t<meta name=\"twitter:data2\" content=\"2 minutos\" \/>\n<script type=\"application\/ld+json\" class=\"yoast-schema-graph\">{\"@context\":\"https:\/\/schema.org\",\"@graph\":[{\"@type\":\"Article\",\"@id\":\"https:\/\/portaltela.pt\/noticias\/2026\/03\/14\/plataforma-pede-inspecao-de-navio-suspeito-de-material-militar-para-israel\/#article\",\"isPartOf\":{\"@id\":\"https:\/\/portaltela.pt\/noticias\/2026\/03\/14\/plataforma-pede-inspecao-de-navio-suspeito-de-material-militar-para-israel\/\"},\"author\":{\"name\":\"Telinha\",\"@id\":\"https:\/\/portaltela.pt\/#\/schema\/person\/c4278d4a6028830caff9ee44b42d32ed\"},\"headline\":\"Plataforma pede inspe\u00e7\u00e3o de navio suspeito de material militar para Israel\",\"datePublished\":\"2026-03-14T17:16:18+00:00\",\"mainEntityOfPage\":{\"@id\":\"https:\/\/portaltela.pt\/noticias\/2026\/03\/14\/plataforma-pede-inspecao-de-navio-suspeito-de-material-militar-para-israel\/\"},\"wordCount\":368,\"image\":{\"@id\":\"https:\/\/portaltela.pt\/noticias\/2026\/03\/14\/plataforma-pede-inspecao-de-navio-suspeito-de-material-militar-para-israel\/#primaryimage\"},\"thumbnailUrl\":\"https:\/\/portaltela.pt\/s.01k8rhncp4jt1\/2026\/03\/img_1280x721uu2017-10-12-17-46-00-676196.jpg\",\"keywords\":[\"com\u00e9rcio internacional\",\"direitos humanos\",\"pol\u00edtica internacional\",\"Portos\",\"tr\u00e1fico de armas\",\"tratados internacionais\"],\"articleSection\":[\"Not\u00edcias\",\"Seguran\u00e7a\"],\"inLanguage\":\"pt-PT\"},{\"@type\":\"WebPage\",\"@id\":\"https:\/\/portaltela.pt\/noticias\/2026\/03\/14\/plataforma-pede-inspecao-de-navio-suspeito-de-material-militar-para-israel\/\",\"url\":\"https:\/\/portaltela.pt\/noticias\/2026\/03\/14\/plataforma-pede-inspecao-de-navio-suspeito-de-material-militar-para-israel\/\",\"name\":\"Plataforma pede inspe\u00e7\u00e3o de navio suspeito de material militar para Israel - Portal Tela Portugal\",\"isPartOf\":{\"@id\":\"https:\/\/portaltela.pt\/#website\"},\"primaryImageOfPage\":{\"@id\":\"https:\/\/portaltela.pt\/noticias\/2026\/03\/14\/plataforma-pede-inspecao-de-navio-suspeito-de-material-militar-para-israel\/#primaryimage\"},\"image\":{\"@id\":\"https:\/\/portaltela.pt\/noticias\/2026\/03\/14\/plataforma-pede-inspecao-de-navio-suspeito-de-material-militar-para-israel\/#primaryimage\"},\"thumbnailUrl\":\"https:\/\/portaltela.pt\/s.01k8rhncp4jt1\/2026\/03\/img_1280x721uu2017-10-12-17-46-00-676196.jpg\",\"datePublished\":\"2026-03-14T17:16:18+00:00\",\"author\":{\"@id\":\"https:\/\/portaltela.pt\/#\/schema\/person\/c4278d4a6028830caff9ee44b42d32ed\"},\"breadcrumb\":{\"@id\":\"https:\/\/portaltela.pt\/noticias\/2026\/03\/14\/plataforma-pede-inspecao-de-navio-suspeito-de-material-militar-para-israel\/#breadcrumb\"},\"inLanguage\":\"pt-PT\",\"potentialAction\":[{\"@type\":\"ReadAction\",\"target\":[\"https:\/\/portaltela.pt\/noticias\/2026\/03\/14\/plataforma-pede-inspecao-de-navio-suspeito-de-material-militar-para-israel\/\"]}]},{\"@type\":\"ImageObject\",\"inLanguage\":\"pt-PT\",\"@id\":\"https:\/\/portaltela.pt\/noticias\/2026\/03\/14\/plataforma-pede-inspecao-de-navio-suspeito-de-material-militar-para-israel\/#primaryimage\",\"url\":\"https:\/\/portaltela.pt\/s.01k8rhncp4jt1\/2026\/03\/img_1280x721uu2017-10-12-17-46-00-676196.jpg\",\"contentUrl\":\"https:\/\/portaltela.pt\/s.01k8rhncp4jt1\/2026\/03\/img_1280x721uu2017-10-12-17-46-00-676196.jpg\",\"width\":796,\"height\":448,\"caption\":\"Bandeira de Israel\"},{\"@type\":\"BreadcrumbList\",\"@id\":\"https:\/\/portaltela.pt\/noticias\/2026\/03\/14\/plataforma-pede-inspecao-de-navio-suspeito-de-material-militar-para-israel\/#breadcrumb\",\"itemListElement\":[{\"@type\":\"ListItem\",\"position\":1,\"name\":\"In\u00edcio\",\"item\":\"https:\/\/portaltela.pt\/\"},{\"@type\":\"ListItem\",\"position\":2,\"name\":\"Plataforma pede inspe\u00e7\u00e3o de navio suspeito de material militar para Israel\"}]},{\"@type\":\"WebSite\",\"@id\":\"https:\/\/portaltela.pt\/#website\",\"url\":\"https:\/\/portaltela.pt\/\",\"name\":\"Portal Tela Portugal\",\"description\":\"\",\"potentialAction\":[{\"@type\":\"SearchAction\",\"target\":{\"@type\":\"EntryPoint\",\"urlTemplate\":\"https:\/\/portaltela.pt\/?s={search_term_string}\"},\"query-input\":{\"@type\":\"PropertyValueSpecification\",\"valueRequired\":true,\"valueName\":\"search_term_string\"}}],\"inLanguage\":\"pt-PT\"},{\"@type\":\"Person\",\"@id\":\"https:\/\/portaltela.pt\/#\/schema\/person\/c4278d4a6028830caff9ee44b42d32ed\",\"name\":\"Telinha\",\"image\":{\"@type\":\"ImageObject\",\"inLanguage\":\"pt-PT\",\"@id\":\"https:\/\/portaltela.pt\/s.01k8rhncp4jt1\/2025\/11\/talking-bot-125x125.png\",\"url\":\"https:\/\/portaltela.pt\/s.01k8rhncp4jt1\/2025\/11\/talking-bot-125x125.png\",\"contentUrl\":\"https:\/\/portaltela.pt\/s.01k8rhncp4jt1\/2025\/11\/talking-bot-125x125.png\",\"caption\":\"Telinha\"},\"sameAs\":[\"https:\/\/portaltela.pt\/\"],\"url\":\"https:\/\/portaltela.pt\/por\/367410592786\/\"}]}<\/script>\n<!-- \/ Yoast SEO plugin. -->","yoast_head_json":{"title":"Plataforma pede inspe\u00e7\u00e3o de navio suspeito de material militar para Israel - Portal Tela Portugal","robots":{"index":"index","follow":"follow","max-snippet":"max-snippet:-1","max-image-preview":"max-image-preview:large","max-video-preview":"max-video-preview:-1"},"og_locale":"pt_PT","og_type":"article","og_title":"Plataforma pede inspe\u00e7\u00e3o de navio suspeito de material militar para Israel - Portal Tela Portugal","og_description":"A plataforma TAMLA pediu ao Governo a inspe\u00e7\u00e3o dos contentores do navio MSC Danit, suspeito de transportar material militar para Israel, com escala prevista no Porto de Sines. Exige ainda que o Governo impe\u00e7a a entrada no porto de qualquer navio que fa\u00e7a parte da cadeia militar de Israel e garanta que Sines n\u00e3o seja utilizado como entreposto militar. O navio MSC Danit dever\u00e1 chegar a Sines no s\u00e1bado, 14 de mar\u00e7o de 2026, por volta das 23:00, segundo as informa\u00e7\u00f5es divulgadas. A TAMLA associa a passagem a um trajeto log\u00edstico da ind\u00fastria indiana ligada \u00e0 Elbit Systems e \u00e0 IMI Systems, fornecedoras de muni\u00e7\u00f5es ao ex\u00e9rcito israelita; o outro navio suspeito, MSC Siena, j\u00e1 passou por Sines com destino a Val\u00eancia. O deputado do Bloco de Esquerda Fabian Figueiredo questionou o Governo sobre a escala, dilig\u00eancias ao manifesto de carga e medidas para evitar que portos portugueses sejam usados como entreposto de armas.","og_url":"https:\/\/portaltela.pt\/noticias\/2026\/03\/14\/plataforma-pede-inspecao-de-navio-suspeito-de-material-militar-para-israel\/","og_site_name":"Portal Tela Portugal","article_published_time":"2026-03-14T17:16:18+00:00","author":"Telinha","twitter_card":"summary_large_image","twitter_misc":{"Escrito por":"Telinha","Tempo estimado de leitura":"2 minutos"},"schema":{"@context":"https:\/\/schema.org","@graph":[{"@type":"Article","@id":"https:\/\/portaltela.pt\/noticias\/2026\/03\/14\/plataforma-pede-inspecao-de-navio-suspeito-de-material-militar-para-israel\/#article","isPartOf":{"@id":"https:\/\/portaltela.pt\/noticias\/2026\/03\/14\/plataforma-pede-inspecao-de-navio-suspeito-de-material-militar-para-israel\/"},"author":{"name":"Telinha","@id":"https:\/\/portaltela.pt\/#\/schema\/person\/c4278d4a6028830caff9ee44b42d32ed"},"headline":"Plataforma pede inspe\u00e7\u00e3o de navio suspeito de material militar para Israel","datePublished":"2026-03-14T17:16:18+00:00","mainEntityOfPage":{"@id":"https:\/\/portaltela.pt\/noticias\/2026\/03\/14\/plataforma-pede-inspecao-de-navio-suspeito-de-material-militar-para-israel\/"},"wordCount":368,"image":{"@id":"https:\/\/portaltela.pt\/noticias\/2026\/03\/14\/plataforma-pede-inspecao-de-navio-suspeito-de-material-militar-para-israel\/#primaryimage"},"thumbnailUrl":"https:\/\/portaltela.pt\/s.01k8rhncp4jt1\/2026\/03\/img_1280x721uu2017-10-12-17-46-00-676196.jpg","keywords":["com\u00e9rcio internacional","direitos humanos","pol\u00edtica internacional","Portos","tr\u00e1fico de armas","tratados internacionais"],"articleSection":["Not\u00edcias","Seguran\u00e7a"],"inLanguage":"pt-PT"},{"@type":"WebPage","@id":"https:\/\/portaltela.pt\/noticias\/2026\/03\/14\/plataforma-pede-inspecao-de-navio-suspeito-de-material-militar-para-israel\/","url":"https:\/\/portaltela.pt\/noticias\/2026\/03\/14\/plataforma-pede-inspecao-de-navio-suspeito-de-material-militar-para-israel\/","name":"Plataforma pede inspe\u00e7\u00e3o de navio suspeito de material militar para Israel - Portal Tela Portugal","isPartOf":{"@id":"https:\/\/portaltela.pt\/#website"},"primaryImageOfPage":{"@id":"https:\/\/portaltela.pt\/noticias\/2026\/03\/14\/plataforma-pede-inspecao-de-navio-suspeito-de-material-militar-para-israel\/#primaryimage"},"image":{"@id":"https:\/\/portaltela.pt\/noticias\/2026\/03\/14\/plataforma-pede-inspecao-de-navio-suspeito-de-material-militar-para-israel\/#primaryimage"},"thumbnailUrl":"https:\/\/portaltela.pt\/s.01k8rhncp4jt1\/2026\/03\/img_1280x721uu2017-10-12-17-46-00-676196.jpg","datePublished":"2026-03-14T17:16:18+00:00","author":{"@id":"https:\/\/portaltela.pt\/#\/schema\/person\/c4278d4a6028830caff9ee44b42d32ed"},"breadcrumb":{"@id":"https:\/\/portaltela.pt\/noticias\/2026\/03\/14\/plataforma-pede-inspecao-de-navio-suspeito-de-material-militar-para-israel\/#breadcrumb"},"inLanguage":"pt-PT","potentialAction":[{"@type":"ReadAction","target":["https:\/\/portaltela.pt\/noticias\/2026\/03\/14\/plataforma-pede-inspecao-de-navio-suspeito-de-material-militar-para-israel\/"]}]},{"@type":"ImageObject","inLanguage":"pt-PT","@id":"https:\/\/portaltela.pt\/noticias\/2026\/03\/14\/plataforma-pede-inspecao-de-navio-suspeito-de-material-militar-para-israel\/#primaryimage","url":"https:\/\/portaltela.pt\/s.01k8rhncp4jt1\/2026\/03\/img_1280x721uu2017-10-12-17-46-00-676196.jpg","contentUrl":"https:\/\/portaltela.pt\/s.01k8rhncp4jt1\/2026\/03\/img_1280x721uu2017-10-12-17-46-00-676196.jpg","width":796,"height":448,"caption":"Bandeira de Israel"},{"@type":"BreadcrumbList","@id":"https:\/\/portaltela.pt\/noticias\/2026\/03\/14\/plataforma-pede-inspecao-de-navio-suspeito-de-material-militar-para-israel\/#breadcrumb","itemListElement":[{"@type":"ListItem","position":1,"name":"In\u00edcio","item":"https:\/\/portaltela.pt\/"},{"@type":"ListItem","position":2,"name":"Plataforma pede inspe\u00e7\u00e3o de navio suspeito de material militar para Israel"}]},{"@type":"WebSite","@id":"https:\/\/portaltela.pt\/#website","url":"https:\/\/portaltela.pt\/","name":"Portal Tela Portugal","description":"","potentialAction":[{"@type":"SearchAction","target":{"@type":"EntryPoint","urlTemplate":"https:\/\/portaltela.pt\/?s={search_term_string}"},"query-input":{"@type":"PropertyValueSpecification","valueRequired":true,"valueName":"search_term_string"}}],"inLanguage":"pt-PT"},{"@type":"Person","@id":"https:\/\/portaltela.pt\/#\/schema\/person\/c4278d4a6028830caff9ee44b42d32ed","name":"Telinha","image":{"@type":"ImageObject","inLanguage":"pt-PT","@id":"https:\/\/portaltela.pt\/s.01k8rhncp4jt1\/2025\/11\/talking-bot-125x125.png","url":"https:\/\/portaltela.pt\/s.01k8rhncp4jt1\/2025\/11\/talking-bot-125x125.png","contentUrl":"https:\/\/portaltela.pt\/s.01k8rhncp4jt1\/2025\/11\/talking-bot-125x125.png","caption":"Telinha"},"sameAs":["https:\/\/portaltela.pt\/"],"url":"https:\/\/portaltela.pt\/por\/367410592786\/"}]}},"_links":{"self":[{"href":"https:\/\/portaltela.pt\/api\/wp\/v2\/posts\/410179","targetHints":{"allow":["GET"]}}],"collection":[{"href":"https:\/\/portaltela.pt\/api\/wp\/v2\/posts"}],"about":[{"href":"https:\/\/portaltela.pt\/api\/wp\/v2\/types\/post"}],"author":[{"embeddable":true,"href":"https:\/\/portaltela.pt\/api\/wp\/v2\/users\/2"}],"replies":[{"embeddable":true,"href":"https:\/\/portaltela.pt\/api\/wp\/v2\/comments?post=410179"}],"version-history":[{"count":0,"href":"https:\/\/portaltela.pt\/api\/wp\/v2\/posts\/410179\/revisions"}],"wp:featuredmedia":[{"embeddable":true,"href":"https:\/\/portaltela.pt\/api\/wp\/v2\/media\/410186"}],"wp:attachment":[{"href":"https:\/\/portaltela.pt\/api\/wp\/v2\/media?parent=410179"}],"wp:term":[{"taxonomy":"category","embeddable":true,"href":"https:\/\/portaltela.pt\/api\/wp\/v2\/categories?post=410179"},{"taxonomy":"post_tag","embeddable":true,"href":"https:\/\/portaltela.pt\/api\/wp\/v2\/tags?post=410179"}],"curies":[{"name":"wp","href":"https:\/\/api.w.org\/{rel}","templated":true}]}}